{"id":1618,"date":"2024-06-29T16:56:40","date_gmt":"2024-06-29T14:56:40","guid":{"rendered":"https:\/\/agora.xtec.cat\/iesdauro\/?p=1618"},"modified":"2024-11-30T11:08:19","modified_gmt":"2024-11-30T10:08:19","slug":"erasmus-2024-2025","status":"publish","type":"post","link":"https:\/\/agora.xtec.cat\/iesdauro\/portada\/erasmus-2024-2025\/","title":{"rendered":"Erasmus+ 2024-2025."},"content":{"rendered":"<p><span style=\"font-weight: 400;\">Aquest curs 23-24 l\u2019Institut d\u2019Auro ha aconseguit l\u2019acreditaci\u00f3 Erasmus. Aix\u00f2 voldr\u00e0 dir que tindrem un finan\u00e7ament fins al 2027 que permetr\u00e0 la mobilitat d\u2019alumnes i professors per formaci\u00f3 i projectes internacionals de qualitat educativa.<\/span><\/p>\n<h2><span style=\"font-weight: 400;\">Objectius de l\u2019acreditaci\u00f3\u00a0<\/span><\/h2>\n<ul>\n<li style=\"font-weight: 400;\" aria-level=\"1\"><span style=\"font-weight: 400;\">LET&#8217;S START INCLUSION. Desenvolupar les Soft Skills per millorar la inclusi\u00f3 i la diversitat a l&#8217;aula i promoure que \u201cTots som un\u201d.<\/span><\/li>\n<li style=\"font-weight: 400;\" aria-level=\"1\"><span style=\"font-weight: 400;\">DIGITALIZE ME. Potenciar el bon \u00fas de la compet\u00e8ncia digital entre l&#8217;alumnat i el professorat per millorar les TIC\/TAC\/TEP.<\/span><\/li>\n<li style=\"font-weight: 400;\" aria-level=\"1\"><span style=\"font-weight: 400;\">RECYCLE, REDUCE and REUSE. Reduir la petjada ecol\u00f2gica al centre i al seu entorn.<\/span><\/li>\n<li style=\"font-weight: 400;\" aria-level=\"1\"><span style=\"font-weight: 400;\">YOU\u2019VE GOT THE POWER. Comprometre tota la comunitat educativa en la participaci\u00f3 democr\u00e0tica i la internacionalitzaci\u00f3 del centre.<\/span><\/li>\n<\/ul>\n<p><a href=\"https:\/\/agora.xtec.cat\/iesdauro\/erasmus-1\/\" target=\"_blank\" rel=\"noopener\">Per m\u00e9s informaci\u00f3 clica el seg\u00fcent enlla\u00e7:<\/a><\/p>\n<p><a href=\"https:\/\/agora.xtec.cat\/iesdauro\/erasmus-1\/\"><img decoding=\"async\" class=\"aligncenter\" src=\"https:\/\/agora.xtec.cat\/iesdauro\/wp-content\/uploads\/usu2955\/2024\/06\/LogoErasmus.png\" \/><\/a><\/p>\n<p>&nbsp;<\/p>\n","protected":false},"excerpt":{"rendered":"<p>Aquest curs 23-24 l\u2019Institut d\u2019Auro ha aconseguit l\u2019acreditaci\u00f3 Erasmus. Aix\u00f2 voldr\u00e0 dir que tindrem un finan\u00e7ament fins al 2027 que permetr\u00e0 la mobilitat d\u2019alumnes i professors per formaci\u00f3 i projectes internacionals de qualitat educativa.<\/p>\n","protected":false},"author":1,"featured_media":1600,"comment_status":"open","ping_status":"closed","sticky":false,"template":"","format":"standard","meta":{"_bbp_topic_count":0,"_bbp_reply_count":0,"_bbp_total_topic_count":0,"_bbp_total_reply_count":0,"_bbp_voice_count":0,"_bbp_anonymous_reply_count":0,"_bbp_topic_count_hidden":0,"_bbp_reply_count_hidden":0,"_bbp_forum_subforum_count":0,"site-sidebar-layout":"default","site-content-layout":"","ast-site-content-layout":"","site-content-style":"default","site-sidebar-style":"default","ast-global-header-display":"","ast-banner-title-visibility":"","ast-main-header-display":"","ast-hfb-above-header-display":"","ast-hfb-below-header-display":"","ast-hfb-mobile-header-display":"","site-post-title":"","ast-breadcrumbs-content":"","ast-featured-img":"","footer-sml-layout":"","theme-transparent-header-meta":"","adv-header-id-meta":"","stick-header-meta":"","header-above-stick-meta":"","header-main-stick-meta":"","header-below-stick-meta":"","astra-migrate-meta-layouts":"default","ast-page-background-enabled":"default","ast-page-background-meta":{"desktop":{"background-color":"var(--ast-global-color-4)","background-image":"","background-repeat":"repeat","background-position":"center center","background-size":"auto","background-attachment":"scroll","background-type":"","background-media":"","overlay-type":"","overlay-color":"","overlay-opacity":"","overlay-gradient":""},"tablet":{"background-color":"","background-image":"","background-repeat":"repeat","background-position":"center center","background-size":"auto","background-attachment":"scroll","background-type":"","background-media":"","overlay-type":"","overlay-color":"","overlay-opacity":"","overlay-gradient":""},"mobile":{"background-color":"","background-image":"","background-repeat":"repeat","background-position":"center center","background-size":"auto","background-attachment":"scroll","background-type":"","background-media":"","overlay-type":"","overlay-color":"","overlay-opacity":"","overlay-gradient":""}},"ast-content-background-meta":{"desktop":{"background-color":"var(--ast-global-color-5)","background-image":"","background-repeat":"repeat","background-position":"center center","background-size":"auto","background-attachment":"scroll","background-type":"","background-media":"","overlay-type":"","overlay-color":"","overlay-opacity":"","overlay-gradient":""},"tablet":{"background-color":"var(--ast-global-color-5)","background-image":"","background-repeat":"repeat","background-position":"center center","background-size":"auto","background-attachment":"scroll","background-type":"","background-media":"","overlay-type":"","overlay-color":"","overlay-opacity":"","overlay-gradient":""},"mobile":{"background-color":"var(--ast-global-color-5)","background-image":"","background-repeat":"repeat","background-position":"center center","background-size":"auto","background-attachment":"scroll","background-type":"","background-media":"","overlay-type":"","overlay-color":"","overlay-opacity":"","overlay-gradient":""}},"footnotes":""},"categories":[29,140],"tags":[155],"class_list":["post-1618","post","type-post","status-publish","format-standard","has-post-thumbnail","hentry","category-portada","category-projectes-de-centre","tag-erasmus"],"post_mailing_queue_ids":[],"_links":{"self":[{"href":"https:\/\/agora.xtec.cat\/iesdauro\/wp-json\/wp\/v2\/posts\/1618","targetHints":{"allow":["GET"]}}],"collection":[{"href":"https:\/\/agora.xtec.cat\/iesdauro\/wp-json\/wp\/v2\/posts"}],"about":[{"href":"https:\/\/agora.xtec.cat\/iesdauro\/wp-json\/wp\/v2\/types\/post"}],"author":[{"embeddable":true,"href":"https:\/\/agora.xtec.cat\/iesdauro\/wp-json\/wp\/v2\/users\/1"}],"replies":[{"embeddable":true,"href":"https:\/\/agora.xtec.cat\/iesdauro\/wp-json\/wp\/v2\/comments?post=1618"}],"version-history":[{"count":3,"href":"https:\/\/agora.xtec.cat\/iesdauro\/wp-json\/wp\/v2\/posts\/1618\/revisions"}],"predecessor-version":[{"id":1656,"href":"https:\/\/agora.xtec.cat\/iesdauro\/wp-json\/wp\/v2\/posts\/1618\/revisions\/1656"}],"wp:featuredmedia":[{"embeddable":true,"href":"https:\/\/agora.xtec.cat\/iesdauro\/wp-json\/wp\/v2\/media\/1600"}],"wp:attachment":[{"href":"https:\/\/agora.xtec.cat\/iesdauro\/wp-json\/wp\/v2\/media?parent=1618"}],"wp:term":[{"taxonomy":"category","embeddable":true,"href":"https:\/\/agora.xtec.cat\/iesdauro\/wp-json\/wp\/v2\/categories?post=1618"},{"taxonomy":"post_tag","embeddable":true,"href":"https:\/\/agora.xtec.cat\/iesdauro\/wp-json\/wp\/v2\/tags?post=1618"}],"curies":[{"name":"wp","href":"https:\/\/api.w.org\/{rel}","templated":true}]}}