{"id":1342,"date":"2024-05-30T09:38:48","date_gmt":"2024-05-30T07:38:48","guid":{"rendered":"https:\/\/agora.xtec.cat\/iesdauro\/?p=1342"},"modified":"2024-05-30T09:39:19","modified_gmt":"2024-05-30T07:39:19","slug":"xxiv-concurs-de-traduccio","status":"publish","type":"post","link":"https:\/\/agora.xtec.cat\/iesdauro\/portada\/xxiv-concurs-de-traduccio\/","title":{"rendered":"XXIV Concurs de Traducci\u00f3"},"content":{"rendered":"<p dir=\"auto\" style=\"text-align: justify;\"><span style=\"color: #000000;\">La\u00a0Facultat de Traducci\u00f3 i Ci\u00e8ncies del Llenguatge\u00a0de la Universitat Pompeu Fabra organitza anualment concursos i premis per recon\u00e8ixer els millors treballs de l\u2019ESO i del Batxillerat relacionats amb aquests \u00e0mbits de coneixement. Enguany, hi han participat un total de 2.550 alumnes de 136 centres educatius.\u00a0<\/span>L&#8217; alumna Martina Gonz\u00e1lez, de 3r d&#8217;ESO, ha quedat entre els deu finalistes del XXIV Concurs de Traducci\u00f3 en la categoria Franc\u00e8s-Catal\u00e0.\u00a0Enhorabona, Martina!<\/p>\n<p dir=\"auto\"><a href=\"https:\/\/agora.xtec.cat\/iesdauro\/wp-content\/uploads\/usu2955\/2024\/05\/XXIV-CONCURS-2024-amb-Logos.jpg\"><img loading=\"lazy\" decoding=\"async\" class=\" wp-image-1343 aligncenter\" src=\"https:\/\/agora.xtec.cat\/iesdauro\/wp-content\/uploads\/usu2955\/2024\/05\/XXIV-CONCURS-2024-amb-Logos.jpg\" alt=\"\" width=\"842\" height=\"498\" srcset=\"https:\/\/agora.xtec.cat\/iesdauro\/wp-content\/uploads\/usu2955\/2024\/05\/XXIV-CONCURS-2024-amb-Logos.jpg 1024w, https:\/\/agora.xtec.cat\/iesdauro\/wp-content\/uploads\/usu2955\/2024\/05\/XXIV-CONCURS-2024-amb-Logos-300x178.jpg 300w, https:\/\/agora.xtec.cat\/iesdauro\/wp-content\/uploads\/usu2955\/2024\/05\/XXIV-CONCURS-2024-amb-Logos-768x455.jpg 768w\" sizes=\"auto, (max-width: 842px) 100vw, 842px\" \/><\/a><\/p>\n","protected":false},"excerpt":{"rendered":"<p>La\u00a0Facultat de Traducci\u00f3 i Ci\u00e8ncies del Llenguatge\u00a0de la Universitat Pompeu Fabra organitza anualment concursos i premis per recon\u00e8ixer els millors treballs de l\u2019ESO i del Batxillerat relacionats amb aquests \u00e0mbits de coneixement. Enguany, hi han participat un total de 2.550 alumnes de 136 centres educatius.\u00a0L&#8217; alumna Martina Gonz\u00e1lez, de 3r d&#8217;ESO, ha quedat entre els deu finalistes del XXIV Concurs de Traducci\u00f3 en la categoria Franc\u00e8s-Catal\u00e0.\u00a0Enhorabona, Martina!<\/p>\n","protected":false},"author":1,"featured_media":1343,"comment_status":"open","ping_status":"closed","sticky":false,"template":"","format":"standard","meta":{"_bbp_topic_count":0,"_bbp_reply_count":0,"_bbp_total_topic_count":0,"_bbp_total_reply_count":0,"_bbp_voice_count":0,"_bbp_anonymous_reply_count":0,"_bbp_topic_count_hidden":0,"_bbp_reply_count_hidden":0,"_bbp_forum_subforum_count":0,"site-sidebar-layout":"default","site-content-layout":"","ast-site-content-layout":"","site-content-style":"default","site-sidebar-style":"default","ast-global-header-display":"","ast-banner-title-visibility":"","ast-main-header-display":"","ast-hfb-above-header-display":"","ast-hfb-below-header-display":"","ast-hfb-mobile-header-display":"","site-post-title":"","ast-breadcrumbs-content":"","ast-featured-img":"","footer-sml-layout":"","theme-transparent-header-meta":"","adv-header-id-meta":"","stick-header-meta":"","header-above-stick-meta":"","header-main-stick-meta":"","header-below-stick-meta":"","astra-migrate-meta-layouts":"default","ast-page-background-enabled":"default","ast-page-background-meta":{"desktop":{"background-color":"var(--ast-global-color-4)","background-image":"","background-repeat":"repeat","background-position":"center center","background-size":"auto","background-attachment":"scroll","background-type":"","background-media":"","overlay-type":"","overlay-color":"","overlay-opacity":"","overlay-gradient":""},"tablet":{"background-color":"","background-image":"","background-repeat":"repeat","background-position":"center center","background-size":"auto","background-attachment":"scroll","background-type":"","background-media":"","overlay-type":"","overlay-color":"","overlay-opacity":"","overlay-gradient":""},"mobile":{"background-color":"","background-image":"","background-repeat":"repeat","background-position":"center center","background-size":"auto","background-attachment":"scroll","background-type":"","background-media":"","overlay-type":"","overlay-color":"","overlay-opacity":"","overlay-gradient":""}},"ast-content-background-meta":{"desktop":{"background-color":"var(--ast-global-color-5)","background-image":"","background-repeat":"repeat","background-position":"center center","background-size":"auto","background-attachment":"scroll","background-type":"","background-media":"","overlay-type":"","overlay-color":"","overlay-opacity":"","overlay-gradient":""},"tablet":{"background-color":"var(--ast-global-color-5)","background-image":"","background-repeat":"repeat","background-position":"center center","background-size":"auto","background-attachment":"scroll","background-type":"","background-media":"","overlay-type":"","overlay-color":"","overlay-opacity":"","overlay-gradient":""},"mobile":{"background-color":"var(--ast-global-color-5)","background-image":"","background-repeat":"repeat","background-position":"center center","background-size":"auto","background-attachment":"scroll","background-type":"","background-media":"","overlay-type":"","overlay-color":"","overlay-opacity":"","overlay-gradient":""}},"footnotes":""},"categories":[136,145,29],"tags":[],"class_list":["post-1342","post","type-post","status-publish","format-standard","has-post-thumbnail","hentry","category-3eso","category-llengues-estrangeres","category-portada"],"post_mailing_queue_ids":[],"_links":{"self":[{"href":"https:\/\/agora.xtec.cat\/iesdauro\/wp-json\/wp\/v2\/posts\/1342","targetHints":{"allow":["GET"]}}],"collection":[{"href":"https:\/\/agora.xtec.cat\/iesdauro\/wp-json\/wp\/v2\/posts"}],"about":[{"href":"https:\/\/agora.xtec.cat\/iesdauro\/wp-json\/wp\/v2\/types\/post"}],"author":[{"embeddable":true,"href":"https:\/\/agora.xtec.cat\/iesdauro\/wp-json\/wp\/v2\/users\/1"}],"replies":[{"embeddable":true,"href":"https:\/\/agora.xtec.cat\/iesdauro\/wp-json\/wp\/v2\/comments?post=1342"}],"version-history":[{"count":1,"href":"https:\/\/agora.xtec.cat\/iesdauro\/wp-json\/wp\/v2\/posts\/1342\/revisions"}],"predecessor-version":[{"id":1344,"href":"https:\/\/agora.xtec.cat\/iesdauro\/wp-json\/wp\/v2\/posts\/1342\/revisions\/1344"}],"wp:featuredmedia":[{"embeddable":true,"href":"https:\/\/agora.xtec.cat\/iesdauro\/wp-json\/wp\/v2\/media\/1343"}],"wp:attachment":[{"href":"https:\/\/agora.xtec.cat\/iesdauro\/wp-json\/wp\/v2\/media?parent=1342"}],"wp:term":[{"taxonomy":"category","embeddable":true,"href":"https:\/\/agora.xtec.cat\/iesdauro\/wp-json\/wp\/v2\/categories?post=1342"},{"taxonomy":"post_tag","embeddable":true,"href":"https:\/\/agora.xtec.cat\/iesdauro\/wp-json\/wp\/v2\/tags?post=1342"}],"curies":[{"name":"wp","href":"https:\/\/api.w.org\/{rel}","templated":true}]}}