{"id":229,"count":4,"description":"<strong>INTRODUCCI\u00d3<\/strong>\r\n\r\nEl professorat de\u00a0<strong>Llengua Catalana i Literatura<\/strong>\u00a0ensenya la mat\u00e8ria obligat\u00f2ria d\u2019aquesta assignatura al llarg dels quatre cursos de l\u2019<strong>ESO<\/strong>\u00a0i del Batxillerat. Tamb\u00e9 fa classe de refor\u00e7 a aquell alumnat de l\u2019ESO que ho necessita per tal que pugui seguir el nivell competencial i de coneixements que es demana a cada nivell, aix\u00ed com tamb\u00e9 classes d\u2019ampliaci\u00f3 per aquell alumnat especialment motivat en el seu aprenentatge.\r\n\r\nDurant els dos cursos de\u00a0<strong>Batxillerat<\/strong>, tamb\u00e9 s\u2019imparteixen mat\u00e8ries m\u00e9s espec\u00edfiques, com ara\u00a0<strong>Literatura Universal<\/strong>, un viatge a trav\u00e9s de la millor literatura de tots els temps,\u00a0<strong>Literatura Catalana<\/strong>, un recorregut per sis obres cabdals de la nostra literatura, i\u00a0<strong>Cultura Audiovisual<\/strong>, tant a primer com a segon de Batxillerat. En aquesta assignatura es fa una presentaci\u00f3 \u00e0mplia de tots els continguts audiovisuals actuals, passant per la fotografia, el cinema, la r\u00e0dio i la televisi\r\n\r\n<strong>PROFESSORAT<\/strong>\r\n\r\n\u2013CRISTINA ACEDO\r\n\r\n\u2013NICOLAU JORDAN\r\n\r\n\u2013MARTA MART\u00cdNEZ\r\n\r\n\u2013JOSEP MESSEGUER\r\n\r\n\u2013ROSER RIBES\r\n\r\n\u2013ALBA SABAT\u00c9\r\n\r\n<strong>LLIBRES DE TEXT<\/strong>\r\n\r\nEn els tres primers cursos de l\u2019ESO el llibre de text que seguim \u00e9s\u00a0<strong>Llengua Catalana i Literatura<\/strong>\u00a0de l\u2019editorial Cru\u00eflla. A quart d\u2019ESO utilitzem el llibre\u00a0<strong>Llengua Catalana i Literatura<\/strong>\u00a0de l\u2019editorial Teide. En tots els casos, els llibres estan socialitzats.\r\n\r\n&nbsp;\r\n\r\n<a href=\"https:\/\/agora.xtec.cat\/iesdali\/wp-content\/uploads\/usu384\/2020\/02\/1.jpg\"><img class=\"wp-image-2377 alignleft\" src=\"https:\/\/agora.xtec.cat\/iesdali\/wp-content\/uploads\/usu384\/2020\/02\/1.jpg\" sizes=\"(max-width: 209px) 100vw, 209px\" srcset=\"https:\/\/agora.xtec.cat\/iesdali\/wp-content\/uploads\/usu384\/2020\/02\/1.jpg 364w, https:\/\/agora.xtec.cat\/iesdali\/wp-content\/uploads\/usu384\/2020\/02\/1-150x150.jpg 150w, https:\/\/agora.xtec.cat\/iesdali\/wp-content\/uploads\/usu384\/2020\/02\/1-300x300.jpg 300w\" alt=\"\" width=\"209\" height=\"209\" \/><\/a><a href=\"https:\/\/agora.xtec.cat\/iesdali\/wp-content\/uploads\/usu384\/2020\/02\/2.jpg\"><img class=\"wp-image-2378 alignleft\" src=\"https:\/\/agora.xtec.cat\/iesdali\/wp-content\/uploads\/usu384\/2020\/02\/2.jpg\" sizes=\"(max-width: 168px) 100vw, 168px\" srcset=\"https:\/\/agora.xtec.cat\/iesdali\/wp-content\/uploads\/usu384\/2020\/02\/2.jpg 304w, https:\/\/agora.xtec.cat\/iesdali\/wp-content\/uploads\/usu384\/2020\/02\/2-242x300.jpg 242w\" alt=\"\" width=\"168\" height=\"208\" \/><\/a><a href=\"https:\/\/agora.xtec.cat\/iesdali\/wp-content\/uploads\/usu384\/2020\/02\/3.jpg\"><img class=\"alignnone wp-image-2379\" src=\"https:\/\/agora.xtec.cat\/iesdali\/wp-content\/uploads\/usu384\/2020\/02\/3.jpg\" sizes=\"(max-width: 169px) 100vw, 169px\" srcset=\"https:\/\/agora.xtec.cat\/iesdali\/wp-content\/uploads\/usu384\/2020\/02\/3.jpg 295w, https:\/\/agora.xtec.cat\/iesdali\/wp-content\/uploads\/usu384\/2020\/02\/3-239x300.jpg 239w\" alt=\"\" width=\"169\" height=\"212\" \/><\/a>\r\n\r\nA Batxillerat seguim els llibres\u00a0<strong><em>Enlla\u00e7\u00a0<\/em><\/strong>i\u00a0<strong><em>Desenlla\u00e7<\/em><\/strong>\u00a0tamb\u00e9 de l\u2019editorial Teide.\r\n\r\nA les mat\u00e8ries de modalitat del Batxillerat no seguim cap llibre de text.\r\n\r\n&nbsp;\r\n\r\n<strong>LECTURES LITER\u00c0RIES ESO<\/strong>\r\n\r\nAl llarg dels quatre cursos de l\u2019ESO, l\u2019alumnat llegeix tres lectures liter\u00e0ries a cada nivell, ja sigui de teatre o de narrativa. Aquestes lectures serveixen per augmentar el nivell ling\u00fc\u00edstic de les noies i nois que tenim a classe, aix\u00ed com tamb\u00e9 per fer-los con\u00e8ixer autors i autores rellevants de la literatura catalana i universal. Des de fa uns anys, aquestes lectures tamb\u00e9 han estat socialitzades per part de l\u2019AMPA. El llistat de les lectures es pot consultar f\u00e0cilment a la p\u00e0gina web del centre. A continuaci\u00f3 en podem veure una mostra:\r\n\r\n<a href=\"https:\/\/agora.xtec.cat\/iesdali\/wp-content\/uploads\/usu384\/2020\/02\/4.jpg\"><img class=\"alignnone wp-image-2380\" src=\"https:\/\/agora.xtec.cat\/iesdali\/wp-content\/uploads\/usu384\/2020\/02\/4.jpg\" sizes=\"(max-width: 166px) 100vw, 166px\" srcset=\"https:\/\/agora.xtec.cat\/iesdali\/wp-content\/uploads\/usu384\/2020\/02\/4.jpg 247w, https:\/\/agora.xtec.cat\/iesdali\/wp-content\/uploads\/usu384\/2020\/02\/4-202x300.jpg 202w\" alt=\"\" width=\"166\" height=\"247\" \/><\/a><a href=\"https:\/\/agora.xtec.cat\/iesdali\/wp-content\/uploads\/usu384\/2020\/02\/5.jpg\"><img class=\"alignnone wp-image-2381\" src=\"https:\/\/agora.xtec.cat\/iesdali\/wp-content\/uploads\/usu384\/2020\/02\/5.jpg\" sizes=\"(max-width: 163px) 100vw, 163px\" srcset=\"https:\/\/agora.xtec.cat\/iesdali\/wp-content\/uploads\/usu384\/2020\/02\/5.jpg 329w, https:\/\/agora.xtec.cat\/iesdali\/wp-content\/uploads\/usu384\/2020\/02\/5-198x300.jpg 198w\" alt=\"\" width=\"163\" height=\"247\" \/><\/a><a href=\"https:\/\/agora.xtec.cat\/iesdali\/wp-content\/uploads\/usu384\/2020\/02\/6.jpg\"><img class=\"alignnone wp-image-2382\" src=\"https:\/\/agora.xtec.cat\/iesdali\/wp-content\/uploads\/usu384\/2020\/02\/6.jpg\" sizes=\"(max-width: 177px) 100vw, 177px\" srcset=\"https:\/\/agora.xtec.cat\/iesdali\/wp-content\/uploads\/usu384\/2020\/02\/6.jpg 350w, https:\/\/agora.xtec.cat\/iesdali\/wp-content\/uploads\/usu384\/2020\/02\/6-214x300.jpg 214w\" alt=\"\" width=\"177\" height=\"248\" \/><\/a><a href=\"https:\/\/agora.xtec.cat\/iesdali\/wp-content\/uploads\/usu384\/2020\/02\/7.jpg\"><img class=\"alignnone wp-image-2383\" src=\"https:\/\/agora.xtec.cat\/iesdali\/wp-content\/uploads\/usu384\/2020\/02\/7.jpg\" sizes=\"(max-width: 163px) 100vw, 163px\" srcset=\"https:\/\/agora.xtec.cat\/iesdali\/wp-content\/uploads\/usu384\/2020\/02\/7.jpg 329w, https:\/\/agora.xtec.cat\/iesdali\/wp-content\/uploads\/usu384\/2020\/02\/7-198x300.jpg 198w\" alt=\"\" width=\"163\" height=\"247\" \/><\/a>\r\n\r\n&nbsp;\r\n\r\n<strong>LECTURES LITER\u00c0RIES BATXILLERAT<\/strong>\r\n\r\nLes lectures que ha de llegir l\u2019alumnat durant els dos cursos de Batxillerat estan marcades per les directrius que marca el Departament d\u2019Ensenyament i acostumen a anar canviant cada curs. A la p\u00e0gina web es poden anar consultant. Aquestes obres liter\u00e0ries on s\u2019alterna poesia, narrativa i teatre s\u00f3n mat\u00e8ria d\u2019examen en la prova de Llengua Catalana i Literatura de Selectivitat.\r\n\r\n&nbsp;\r\n\r\n<a href=\"https:\/\/agora.xtec.cat\/iesdali\/wp-content\/uploads\/usu384\/2020\/02\/8.jpg\"><img class=\"alignnone wp-image-2384\" src=\"https:\/\/agora.xtec.cat\/iesdali\/wp-content\/uploads\/usu384\/2020\/02\/8.jpg\" sizes=\"(max-width: 233px) 100vw, 233px\" srcset=\"https:\/\/agora.xtec.cat\/iesdali\/wp-content\/uploads\/usu384\/2020\/02\/8.jpg 318w, https:\/\/agora.xtec.cat\/iesdali\/wp-content\/uploads\/usu384\/2020\/02\/8-191x300.jpg 191w\" alt=\"\" width=\"233\" height=\"365\" \/><\/a><a href=\"https:\/\/agora.xtec.cat\/iesdali\/wp-content\/uploads\/usu384\/2020\/02\/9.jpg\"><img class=\"alignnone wp-image-2385\" src=\"https:\/\/agora.xtec.cat\/iesdali\/wp-content\/uploads\/usu384\/2020\/02\/9.jpg\" alt=\"\" width=\"240\" height=\"360\" \/><\/a><a href=\"https:\/\/agora.xtec.cat\/iesdali\/wp-content\/uploads\/usu384\/2020\/02\/10.jpg\"><img class=\"alignnone wp-image-2386\" src=\"https:\/\/agora.xtec.cat\/iesdali\/wp-content\/uploads\/usu384\/2020\/02\/10.jpg\" sizes=\"(max-width: 237px) 100vw, 237px\" srcset=\"https:\/\/agora.xtec.cat\/iesdali\/wp-content\/uploads\/usu384\/2020\/02\/10.jpg 329w, https:\/\/agora.xtec.cat\/iesdali\/wp-content\/uploads\/usu384\/2020\/02\/10-198x300.jpg 198w\" alt=\"\" width=\"237\" height=\"359\" \/><\/a>\r\n\r\n&nbsp;\r\n\r\n<strong>ENFOCAMENT ENSENYAMENT ESO<\/strong>\r\n\r\nDes del Departament de Llengua Catalana apostem des de sempre per alternar els continguts m\u00e9s acad\u00e8mics amb els m\u00e9s moderns per tal de propiciar que el mateix alumnat sigui conscient del seu propi aprenentatge.\r\n\r\nD\u2019aquesta manera, a cada nivell, organitzem projectes i activitats per incentivar-los i per augmentar la seva capacitat d\u2019autoaprenentatge i de realitzaci\u00f3 personal, sempre valorant tant l\u2019\u00fas i l\u2019aprenentatge de la llengua en tots els seus registres i tant a nivell oral com a nivell escrit.\r\n\r\n<strong>Primer d\u2019ESO<\/strong>\r\n\r\nEn aquest primer nivell s\u00f3n diverses les activitats que tirem endavant. Els projectes en grup\u00a0<strong>Teatre matem\u00e0tic<\/strong>\u00a0i\u00a0<strong>C\u00f2mic matem\u00e0tic<\/strong>\u00a0en s\u00f3n una mostra. El teatre s\u2019organitza a partir de petits contes amb continguts matem\u00e0tics que es teatralitzen al final, i els c\u00f2mics es creen a partir del treball col\u00b7laboratiu entre els membres d\u2019un determinat grup.\r\n\r\nUn altre dels projectes que tirem endavant, aquest conjuntament amb el Departament de Matem\u00e0tiques, \u00e9s el\u00a0<strong>Projecte Enigmats<\/strong>, sobre criptografia, xifratges, frases fetes i sentit figurat.\r\n\r\n&nbsp;\r\n\r\n<a href=\"https:\/\/agora.xtec.cat\/iesdali\/wp-content\/uploads\/usu384\/2022\/02\/Picture1-5.png\"><img class=\"alignnone size-medium wp-image-3971\" src=\"https:\/\/agora.xtec.cat\/iesdali\/wp-content\/uploads\/usu384\/2022\/02\/Picture1-5-300x224.png\" sizes=\"(max-width: 300px) 100vw, 300px\" srcset=\"https:\/\/agora.xtec.cat\/iesdali\/wp-content\/uploads\/usu384\/2022\/02\/Picture1-5-300x224.png 300w, https:\/\/agora.xtec.cat\/iesdali\/wp-content\/uploads\/usu384\/2022\/02\/Picture1-5-200x150.png 200w, https:\/\/agora.xtec.cat\/iesdali\/wp-content\/uploads\/usu384\/2022\/02\/Picture1-5.png 325w\" alt=\"\" width=\"300\" height=\"224\" \/>\u00a0<\/a><a href=\"https:\/\/agora.xtec.cat\/iesdali\/wp-content\/uploads\/usu384\/2022\/02\/Picture1-6.png\"><img class=\"alignnone size-medium wp-image-3973\" src=\"https:\/\/agora.xtec.cat\/iesdali\/wp-content\/uploads\/usu384\/2022\/02\/Picture1-6-223x300.png\" sizes=\"(max-width: 223px) 100vw, 223px\" srcset=\"https:\/\/agora.xtec.cat\/iesdali\/wp-content\/uploads\/usu384\/2022\/02\/Picture1-6-223x300.png 223w, https:\/\/agora.xtec.cat\/iesdali\/wp-content\/uploads\/usu384\/2022\/02\/Picture1-6.png 224w\" alt=\"\" width=\"223\" height=\"300\" \/><\/a>\r\n\r\nTamb\u00e9 al llarg del curs s\u2019organitzen diverses activitats com ara\u00a0<strong><em>Preparem el vers de Nadal,\u00a0<\/em><\/strong>el\u00a0<strong><em>Booktrailer de lectura,<\/em><\/strong>\u00a0<strong><em>La batalla de rondalles<\/em><\/strong>\u00a0i\u00a0<strong><em>La descripci\u00f3 personal enregistrada\u00a0<\/em><\/strong>(aquest amb la realitzaci\u00f3 d\u2019un v\u00eddeo presentaci\u00f3 a principi de curs) en qu\u00e8 es treballen aspectes ling\u00fc\u00edstics, la creaci\u00f3 liter\u00e0ria, la lectura en veu alta i tot lligat amb les noves tecnologies.\r\n\r\n<a href=\"https:\/\/agora.xtec.cat\/iesdali\/wp-content\/uploads\/usu384\/2022\/02\/Picture1-7.png\"><img class=\"size-medium wp-image-3974 aligncenter\" src=\"https:\/\/agora.xtec.cat\/iesdali\/wp-content\/uploads\/usu384\/2022\/02\/Picture1-7-300x225.png\" sizes=\"(max-width: 300px) 100vw, 300px\" srcset=\"https:\/\/agora.xtec.cat\/iesdali\/wp-content\/uploads\/usu384\/2022\/02\/Picture1-7-300x225.png 300w, https:\/\/agora.xtec.cat\/iesdali\/wp-content\/uploads\/usu384\/2022\/02\/Picture1-7-200x150.png 200w, https:\/\/agora.xtec.cat\/iesdali\/wp-content\/uploads\/usu384\/2022\/02\/Picture1-7.png 352w\" alt=\"\" width=\"300\" height=\"225\" \/><\/a>\r\n\r\n<strong>Segon d\u2019ESO<\/strong>\r\n\r\nEn aquest nivell organitzen els projectes\u00a0<strong>Casa teva \u00e9s casa nostra<\/strong>\u00a0i\u00a0<strong>La vida en un monestir<\/strong>. En el primer projecte es treballa el fenomen migratori des d\u2019un vessant no nom\u00e9s hist\u00f2ric, sin\u00f3 tamb\u00e9 cultural, social i econ\u00f2mica, de manera que l\u2019alumnat es sensibilitzi i prengui consci\u00e8ncia d\u2019aquesta realitat social de completa actualitat sobretot a partir del redactat d\u2019un manifest final consensuat per tots els membres del grup. En el segon projecte, s\u2019incideix en la vida medieval dels monestirs des de tots els punts de vista. La cal\u00b7ligrafia \u00e9s un dels aspectes que es treballen m\u00e9s.\r\n\r\nAl llarg del segon trimestre es treballa una activitat que portem a terme des de fa molt anys:\u00a0<strong>Biografiem una persona que estimem<\/strong>. En aquesta activitat, tot l\u2019alumnat de segon biografia una persona que s\u2019estimen especialment, normalment el seu avi o \u00e0via. D\u2019entre tots els textos, se n\u2019escullen aquells que brillen per la seva elaboraci\u00f3 i per la seva emotivitat i durant la diada de Sant Jordi s\u2019organitza un acte llu\u00eft en qu\u00e8 els nois i noies escollits llegeixen davant la persona que m\u00e9s s\u2019estimen el seu trebal. \u00c9s un acte amb c\u00e0rrega hist\u00f2rica, ja que la lectura dels textos permet con\u00e8ixer una realitat sovint oblidada en el temps i, d\u2019altra banda, \u00e9s un acte carregat d\u2019emotivitat.\r\n\r\n&nbsp;\r\n\r\n<a href=\"https:\/\/agora.xtec.cat\/iesdali\/wp-content\/uploads\/usu384\/2020\/02\/b.jpg\"><img class=\"wp-image-2388 aligncenter\" src=\"https:\/\/agora.xtec.cat\/iesdali\/wp-content\/uploads\/usu384\/2020\/02\/b.jpg\" sizes=\"(max-width: 544px) 100vw, 544px\" srcset=\"https:\/\/agora.xtec.cat\/iesdali\/wp-content\/uploads\/usu384\/2020\/02\/b.jpg 942w, https:\/\/agora.xtec.cat\/iesdali\/wp-content\/uploads\/usu384\/2020\/02\/b-300x169.jpg 300w, https:\/\/agora.xtec.cat\/iesdali\/wp-content\/uploads\/usu384\/2020\/02\/b-768x432.jpg 768w\" alt=\"\" width=\"544\" height=\"306\" \/><\/a>\r\n\r\n<strong>Tercer d\u2019ESO<\/strong>\r\n\r\nEn aquest nivell hi ha dues activitats que destaquen. Per una banda tenim\u00a0<strong>Fem el nostre reportatge<\/strong>, que consiteix en qu\u00e8 l\u2019alumnat de la classe es divideix en grups i elabora un reportatge sobre alguna realitat del Prat de Llobregat, per\u00f2 amb tanta dedicaci\u00f3 que pugui ser pensat per emetre realment per un mitj\u00e0 de comunicaci\u00f3. Al llarg dels darrers cursos s\u2019han enregistrat reportatges sobre el Delta, el C\u00e8ntric, el mercat del Prat, la platja del Prat\u2026\r\n\r\n<a href=\"https:\/\/agora.xtec.cat\/iesdali\/wp-content\/uploads\/usu384\/2022\/02\/Picture1-8.png\"><img class=\"size-medium wp-image-3975 aligncenter\" src=\"https:\/\/agora.xtec.cat\/iesdali\/wp-content\/uploads\/usu384\/2022\/02\/Picture1-8-300x225.png\" sizes=\"(max-width: 300px) 100vw, 300px\" srcset=\"https:\/\/agora.xtec.cat\/iesdali\/wp-content\/uploads\/usu384\/2022\/02\/Picture1-8-300x225.png 300w, https:\/\/agora.xtec.cat\/iesdali\/wp-content\/uploads\/usu384\/2022\/02\/Picture1-8-200x150.png 200w, https:\/\/agora.xtec.cat\/iesdali\/wp-content\/uploads\/usu384\/2022\/02\/Picture1-8.png 570w\" alt=\"\" width=\"300\" height=\"225\" \/><\/a>\r\n\r\nL\u2019altra activitat de tercer d\u2019ESO \u00e9s el\u00a0<strong>debat\/judici<\/strong>\u00a0que organitzem al final del segon trimestre. Seguint unes pautes molt marcades, l\u2019alumnat discuteix argumentativament sobre un tema pr\u00e8vimant escollit per ells mateixos. El dia que es fa el judici, dos alumnes del mateix grup fan de periodistes i el fotografien i l\u2019enregistren.\r\n\r\nEnguany, aprofitant que \u00e9s el centenari de la llevadora i escriptora pratenca Ramona Via es realitzaran tot un seguit d\u2019activitats al seu entorn. Ja durant el curs passat, al llarg de la Diada de Sant Jordi, es va fer una ruta liter\u00e0ria. L\u2019alumnat anava resseguint els llocs pratencs m\u00e9s relacionables amb l\u2019autora mentre es llegien fragments de la seva obra.\r\n\r\n<a href=\"https:\/\/agora.xtec.cat\/iesdali\/wp-content\/uploads\/usu384\/2022\/02\/Picture1-9.png\"><img class=\"size-medium wp-image-3976 aligncenter\" src=\"https:\/\/agora.xtec.cat\/iesdali\/wp-content\/uploads\/usu384\/2022\/02\/Picture1-9-300x169.png\" sizes=\"(max-width: 300px) 100vw, 300px\" srcset=\"https:\/\/agora.xtec.cat\/iesdali\/wp-content\/uploads\/usu384\/2022\/02\/Picture1-9-300x169.png 300w, https:\/\/agora.xtec.cat\/iesdali\/wp-content\/uploads\/usu384\/2022\/02\/Picture1-9.png 566w\" alt=\"\" width=\"300\" height=\"169\" \/><\/a>\r\n\r\n<strong>Quart d\u2019ESO<\/strong>\r\n\r\nA quart d\u2019ESO ens hem proposat treballar la poesia, un g\u00e8nere sovint m\u00e9s dif\u00edcil de treballar amb l\u2019alumnat, amb les can\u00e7ons catalanes que m\u00e9s \u00e8xit tenen actualment, com ara\u00a0<strong>In the night,<\/strong>\u00a0del grup Oques Grasses i\u00a0<strong>Caminem lluny<\/strong>, del grup Dr. Prats.\r\n\r\nTamb\u00e9 treballem especialment la teatralitzaci\u00f3 a partir de la lectura obligat\u00f2ria de l\u2019autor dram\u00e0tic catal\u00e0 del segle XIX \u00c0ngel Guimer\u00e0.\r\n\r\n<strong>FEM LITERATURA A LITERATURA UNIVERSAL<\/strong>\r\n\r\nDintre de l\u2019assignatura de\u00a0<strong>Literatura Universal<\/strong>, una de les quatre hores lectives de qu\u00e8 disposem, la dediquem a la pr\u00f2pia creaci\u00f3 liter\u00e0ria. Amb aquest\u00a0<strong>taller literari<\/strong>\u00a0pretenem per una banda gaudir de les pr\u00f2pies composicions, sovint lligades amb les obres de les grans autores i autors cl\u00e0ssics, per\u00f2 sobretot gaudir amb la lectura en veu alta de les obres dels companys i companyes.\r\n\r\n<a href=\"https:\/\/agora.xtec.cat\/iesdali\/wp-content\/uploads\/usu384\/2020\/02\/c.jpg\"><img class=\"wp-image-2389 alignleft\" src=\"https:\/\/agora.xtec.cat\/iesdali\/wp-content\/uploads\/usu384\/2020\/02\/c.jpg\" sizes=\"(max-width: 344px) 100vw, 344px\" srcset=\"https:\/\/agora.xtec.cat\/iesdali\/wp-content\/uploads\/usu384\/2020\/02\/c.jpg 904w, https:\/\/agora.xtec.cat\/iesdali\/wp-content\/uploads\/usu384\/2020\/02\/c-300x169.jpg 300w, https:\/\/agora.xtec.cat\/iesdali\/wp-content\/uploads\/usu384\/2020\/02\/c-768x432.jpg 768w\" alt=\"\" width=\"344\" height=\"193\" \/><\/a>\r\n\r\n<a href=\"https:\/\/agora.xtec.cat\/iesdali\/wp-content\/uploads\/usu384\/2022\/02\/Picture1-10.png\"><img class=\"alignnone  wp-image-3977\" src=\"https:\/\/agora.xtec.cat\/iesdali\/wp-content\/uploads\/usu384\/2022\/02\/Picture1-10-300x184.png\" sizes=\"(max-width: 325px) 100vw, 325px\" srcset=\"https:\/\/agora.xtec.cat\/iesdali\/wp-content\/uploads\/usu384\/2022\/02\/Picture1-10-300x184.png 300w, https:\/\/agora.xtec.cat\/iesdali\/wp-content\/uploads\/usu384\/2022\/02\/Picture1-10.png 610w\" alt=\"\" width=\"325\" height=\"199\" \/><\/a>\r\n\r\nAmb algunes d\u2019aquestes obres, s\u2019han guanyat diversos premis de relats, poesies i microrelats al concurs que cada any convoca l\u2019entitat pratenca\u00a0<strong>Tintablava<\/strong>, aix\u00ed com tamb\u00e9 als premis que convoca regularment\u00a0<strong>\u00d2mnium<\/strong>\u00a0tamb\u00e9 per promocionar la literatura entre els m\u00e9s joves.\r\n\r\n<a href=\"https:\/\/agora.xtec.cat\/iesdali\/wp-content\/uploads\/usu384\/2020\/02\/d.jpg\"><img class=\"wp-image-2390 aligncenter\" src=\"https:\/\/agora.xtec.cat\/iesdali\/wp-content\/uploads\/usu384\/2020\/02\/d.jpg\" sizes=\"(max-width: 474px) 100vw, 474px\" srcset=\"https:\/\/agora.xtec.cat\/iesdali\/wp-content\/uploads\/usu384\/2020\/02\/d.jpg 825w, https:\/\/agora.xtec.cat\/iesdali\/wp-content\/uploads\/usu384\/2020\/02\/d-300x169.jpg 300w, https:\/\/agora.xtec.cat\/iesdali\/wp-content\/uploads\/usu384\/2020\/02\/d-768x432.jpg 768w\" alt=\"\" width=\"474\" height=\"267\" \/><\/a>\r\n\r\n&nbsp;\r\n\r\nSemppre que la cartellera ho propicia tamb\u00e9 anem a veure alguna obra de teatre. La foto presenta un grup d\u2019alumnes que durant la primavera del 2019 van anar a veure l\u2019obra\u00a0<strong><em>Otel\u00b7lo\u00a0<\/em><\/strong>del William Shakespeare a l\u2019<strong>Artes\u00e0\u00a0<\/strong>del Prat i un altre anant a veure l\u2019obra\u00a0<strong><em>Fem. La llista de Lurdes\u00a0<\/em><\/strong>al teatre Kadish on es denuncia la manca de dones artistes citades en els llibres de text sobre art.\r\n\r\n<a href=\"https:\/\/agora.xtec.cat\/iesdali\/wp-content\/uploads\/usu384\/2022\/02\/Picture2-5.png\"><img class=\"alignnone  wp-image-3978\" src=\"https:\/\/agora.xtec.cat\/iesdali\/wp-content\/uploads\/usu384\/2022\/02\/Picture2-5-300x169.png\" sizes=\"(max-width: 346px) 100vw, 346px\" srcset=\"https:\/\/agora.xtec.cat\/iesdali\/wp-content\/uploads\/usu384\/2022\/02\/Picture2-5-300x169.png 300w, https:\/\/agora.xtec.cat\/iesdali\/wp-content\/uploads\/usu384\/2022\/02\/Picture2-5.png 499w\" alt=\"\" width=\"346\" height=\"195\" \/><\/a>\u00a0\u00a0\u00a0<a href=\"https:\/\/agora.xtec.cat\/iesdali\/wp-content\/uploads\/usu384\/2022\/02\/Picture1-11.png\"><img class=\"alignnone  wp-image-3979\" src=\"https:\/\/agora.xtec.cat\/iesdali\/wp-content\/uploads\/usu384\/2022\/02\/Picture1-11-300x169.png\" sizes=\"(max-width: 344px) 100vw, 344px\" srcset=\"https:\/\/agora.xtec.cat\/iesdali\/wp-content\/uploads\/usu384\/2022\/02\/Picture1-11-300x169.png 300w, https:\/\/agora.xtec.cat\/iesdali\/wp-content\/uploads\/usu384\/2022\/02\/Picture1-11.png 366w\" alt=\"\" width=\"344\" height=\"194\" \/><\/a>\r\n\r\nEnguany, tamb\u00e9 amb el grup de Literatura Universal estem participant en el projecte Connexions. A partir del tema del medi ambient hem creat una can\u00e7\u00f3 i hem pintat un mural a les parets del pati de l\u2019institut. A continuaci\u00f3, podem veure dues fotografies del projecte.\r\n\r\n<a href=\"https:\/\/agora.xtec.cat\/iesdali\/wp-content\/uploads\/usu384\/2022\/02\/Picture2-6.png\"><img class=\"alignnone  wp-image-3980\" src=\"https:\/\/agora.xtec.cat\/iesdali\/wp-content\/uploads\/usu384\/2022\/02\/Picture2-6-300x169.png\" sizes=\"(max-width: 350px) 100vw, 350px\" srcset=\"https:\/\/agora.xtec.cat\/iesdali\/wp-content\/uploads\/usu384\/2022\/02\/Picture2-6-300x169.png 300w, https:\/\/agora.xtec.cat\/iesdali\/wp-content\/uploads\/usu384\/2022\/02\/Picture2-6.png 589w\" alt=\"\" width=\"350\" height=\"197\" \/><\/a>\u00a0\u00a0\u00a0<a href=\"https:\/\/agora.xtec.cat\/iesdali\/wp-content\/uploads\/usu384\/2022\/02\/Picture1-12.png\"><img class=\"alignnone  wp-image-3981\" src=\"https:\/\/agora.xtec.cat\/iesdali\/wp-content\/uploads\/usu384\/2022\/02\/Picture1-12-300x168.png\" sizes=\"(max-width: 352px) 100vw, 352px\" srcset=\"https:\/\/agora.xtec.cat\/iesdali\/wp-content\/uploads\/usu384\/2022\/02\/Picture1-12-300x168.png 300w, https:\/\/agora.xtec.cat\/iesdali\/wp-content\/uploads\/usu384\/2022\/02\/Picture1-12.png 627w\" alt=\"\" width=\"352\" height=\"197\" \/><\/a>\r\n\r\n<strong>FEM AUDIOVISUALS A CULTURA AUDIOVISUAL<\/strong>\r\n\r\nDintre de l\u2019assignatura de Cultura Audiovisual, tant a primer de Batxillerat com a segon, es van alternanat els coneixements te\u00f2rics com la pr\u00e0ctica real, de manera que es practiquen les t\u00e8cnica del retrat, de les natures mortes, del pla seq\u00fc\u00e8ncia, luminogrames, el cartellisme, el c\u00f2mic, entre moltes d\u2019altres acrivitats que ajuden a fomentar la creativitat del nostre alumnat.\r\n\r\n<a href=\"https:\/\/agora.xtec.cat\/iesdali\/wp-content\/uploads\/usu384\/2022\/02\/Picture2-7.png\"><img class=\"alignnone size-medium wp-image-3982\" src=\"https:\/\/agora.xtec.cat\/iesdali\/wp-content\/uploads\/usu384\/2022\/02\/Picture2-7-200x300.png\" sizes=\"(max-width: 200px) 100vw, 200px\" srcset=\"https:\/\/agora.xtec.cat\/iesdali\/wp-content\/uploads\/usu384\/2022\/02\/Picture2-7-200x300.png 200w, https:\/\/agora.xtec.cat\/iesdali\/wp-content\/uploads\/usu384\/2022\/02\/Picture2-7.png 322w\" alt=\"\" width=\"200\" height=\"300\" \/><\/a>\u00a0\u00a0\u00a0<a href=\"https:\/\/agora.xtec.cat\/iesdali\/wp-content\/uploads\/usu384\/2022\/02\/Picture1-13.png\"><img class=\"alignnone size-medium wp-image-3983\" src=\"https:\/\/agora.xtec.cat\/iesdali\/wp-content\/uploads\/usu384\/2022\/02\/Picture1-13-208x300.png\" sizes=\"(max-width: 208px) 100vw, 208px\" srcset=\"https:\/\/agora.xtec.cat\/iesdali\/wp-content\/uploads\/usu384\/2022\/02\/Picture1-13-208x300.png 208w, https:\/\/agora.xtec.cat\/iesdali\/wp-content\/uploads\/usu384\/2022\/02\/Picture1-13.png 337w\" alt=\"\" width=\"208\" height=\"300\" \/><\/a>\r\n\r\nTamb\u00e9 des de fa uns anys participem en el projecte Connexions que aglutina diversos instituts del Prat sobre un tema determinat, els refugiats, el fil\u00f2sof Baumann, la Mediterr\u00e0nia. Al llarg del curs es treballa sobre aquest tema que cap al final del segon trimestre es presenta a tota la comunitat educativa en el C\u00e8ntric-Espai cultural.\r\n\r\n<a href=\"https:\/\/agora.xtec.cat\/iesdali\/wp-content\/uploads\/usu384\/2022\/02\/Picture1-14.png\"><img class=\"alignnone size-medium wp-image-3987\" src=\"https:\/\/agora.xtec.cat\/iesdali\/wp-content\/uploads\/usu384\/2022\/02\/Picture1-14-300x225.png\" sizes=\"(max-width: 300px) 100vw, 300px\" srcset=\"https:\/\/agora.xtec.cat\/iesdali\/wp-content\/uploads\/usu384\/2022\/02\/Picture1-14-300x225.png 300w, https:\/\/agora.xtec.cat\/iesdali\/wp-content\/uploads\/usu384\/2022\/02\/Picture1-14-200x150.png 200w, https:\/\/agora.xtec.cat\/iesdali\/wp-content\/uploads\/usu384\/2022\/02\/Picture1-14.png 366w\" alt=\"\" width=\"300\" height=\"225\" \/><\/a>\u00a0<a href=\"https:\/\/agora.xtec.cat\/iesdali\/wp-content\/uploads\/usu384\/2022\/02\/Picture2-8.png\"><img class=\"alignnone  wp-image-3986\" src=\"https:\/\/agora.xtec.cat\/iesdali\/wp-content\/uploads\/usu384\/2022\/02\/Picture2-8-300x169.png\" sizes=\"(max-width: 399px) 100vw, 399px\" srcset=\"https:\/\/agora.xtec.cat\/iesdali\/wp-content\/uploads\/usu384\/2022\/02\/Picture2-8-300x169.png 300w, https:\/\/agora.xtec.cat\/iesdali\/wp-content\/uploads\/usu384\/2022\/02\/Picture2-8.png 477w\" alt=\"\" width=\"399\" height=\"225\" \/><\/a>\r\n\r\n<a href=\"https:\/\/agora.xtec.cat\/iesdali\/wp-content\/uploads\/usu384\/2022\/02\/Picture4-4.png\">. \u00a0<\/a><img class=\"wp-image-3985 alignleft\" src=\"https:\/\/agora.xtec.cat\/iesdali\/wp-content\/uploads\/usu384\/2022\/02\/Picture3-4-300x169.png\" sizes=\"(max-width: 424px) 100vw, 424px\" srcset=\"https:\/\/agora.xtec.cat\/iesdali\/wp-content\/uploads\/usu384\/2022\/02\/Picture3-4-300x169.png 300w, https:\/\/agora.xtec.cat\/iesdali\/wp-content\/uploads\/usu384\/2022\/02\/Picture3-4.png 647w\" alt=\"\" width=\"424\" height=\"239\" \/><a href=\"https:\/\/agora.xtec.cat\/iesdali\/wp-content\/uploads\/usu384\/2022\/02\/Picture4-4.png\"><img class=\"wp-image-3984 alignleft\" src=\"https:\/\/agora.xtec.cat\/iesdali\/wp-content\/uploads\/usu384\/2022\/02\/Picture4-4-215x300.png\" sizes=\"(max-width: 253px) 100vw, 253px\" srcset=\"https:\/\/agora.xtec.cat\/iesdali\/wp-content\/uploads\/usu384\/2022\/02\/Picture4-4-215x300.png 215w, https:\/\/agora.xtec.cat\/iesdali\/wp-content\/uploads\/usu384\/2022\/02\/Picture4-4.png 479w\" alt=\"\" width=\"253\" height=\"353\" \/><\/a>\r\n<div class=\"addtoany_share_save_container addtoany_content addtoany_content_bottom\">\r\n<div class=\"a2a_kit a2a_kit_size_25 addtoany_list\" data-a2a-url=\"https:\/\/agora.xtec.cat\/iesdali\/linstitut\/departaments-seminaris\/departament-de-llengua-catalana-i-literatura\/\" data-a2a-title=\"Llengua catalana i literatura\"><\/div>\r\n<\/div>","link":"https:\/\/agora.xtec.cat\/iesdali\/categoria\/llengua-catalana-i-literatura\/","name":"Llengua catalana i literatura","slug":"llengua-catalana-i-literatura","taxonomy":"category","parent":0,"meta":[],"_links":{"self":[{"href":"https:\/\/agora.xtec.cat\/iesdali\/wp-json\/wp\/v2\/categories\/229","targetHints":{"allow":["GET"]}}],"collection":[{"href":"https:\/\/agora.xtec.cat\/iesdali\/wp-json\/wp\/v2\/categories"}],"about":[{"href":"https:\/\/agora.xtec.cat\/iesdali\/wp-json\/wp\/v2\/taxonomies\/category"}],"wp:post_type":[{"href":"https:\/\/agora.xtec.cat\/iesdali\/wp-json\/wp\/v2\/posts?categories=229"}],"curies":[{"name":"wp","href":"https:\/\/api.w.org\/{rel}","templated":true}]}}