{"id":8577,"date":"2025-12-05T11:02:43","date_gmt":"2025-12-05T10:02:43","guid":{"rendered":"https:\/\/agora.xtec.cat\/iesconselldecent\/?p=8577"},"modified":"2025-12-05T11:02:43","modified_gmt":"2025-12-05T10:02:43","slug":"sortida-de-4t-deso-a-barcelona-activa","status":"publish","type":"post","link":"https:\/\/agora.xtec.cat\/iesconselldecent\/general\/sortida-de-4t-deso-a-barcelona-activa\/","title":{"rendered":"Sortida de 4t d\u2019ESO a Barcelona Activa"},"content":{"rendered":"<p data-start=\"226\" data-end=\"455\">Aquest dilluns 1 de desembre, l\u2019alumnat de <strong data-start=\"269\" data-end=\"281\">4t d\u2019ESO<\/strong> ha participat en una sortida a <strong data-start=\"313\" data-end=\"333\">Barcelona Activa<\/strong> amb l\u2019objectiu de con\u00e8ixer millor les seves opcions de futur i aprofundir en la seva orientaci\u00f3 acad\u00e8mica i professional.<\/p>\n<p data-start=\"457\" data-end=\"740\">Al llarg del mat\u00ed, els i les estudiants han pres part en diverses <strong data-start=\"523\" data-end=\"558\">activitats din\u00e0miques i tallers<\/strong> pensats per ajudar-los a descobrir els seus interessos, con\u00e8ixer noves professions i entendre els itineraris formatius que els poden portar a desenvolupar-se en all\u00f2 que els motiva.<\/p>\n<p data-start=\"742\" data-end=\"1035\">Els tallers han combinat reflexi\u00f3 personal, informaci\u00f3 pr\u00e0ctica i eines perqu\u00e8 els joves puguin comen\u00e7ar a prendre decisions informades sobre el seu itinerari un cop acabada l\u2019ESO. Tamb\u00e9 han pogut con\u00e8ixer de primera m\u00e0 els recursos que Barcelona Activa posa al servei de l\u2019orientaci\u00f3 juvenil.<\/p>\n<p data-start=\"1037\" data-end=\"1239\">La sortida ha estat valorada molt positivament per l\u2019alumnat i el professorat, que coincideixen a destacar la import\u00e0ncia d\u2019oferir experi\u00e8ncies que connectin l\u2019escola amb el m\u00f3n acad\u00e8mic i laboral real.<\/p>\n<p data-start=\"1241\" data-end=\"1428\">Des del centre, agra\u00efm la col\u00b7laboraci\u00f3 de <strong data-start=\"1284\" data-end=\"1304\">Barcelona Activa<\/strong> i seguirem treballant per oferir oportunitats que ajudin l\u2019alumnat a orientar-se i construir un futur ple de possibilitats.<\/p>\n","protected":false},"excerpt":{"rendered":"<p>Aquest dilluns 1 de desembre, l\u2019alumnat de 4t d\u2019ESO ha participat en una sortida a Barcelona Activa amb l\u2019objectiu de con\u00e8ixer millor les seves opcions de futur i aprofundir en la seva orientaci\u00f3 acad\u00e8mica i professional. Al llarg del mat\u00ed, els i les estudiants han pres part en diverses activitats din\u00e0miques i tallers pensats per [&hellip;]<\/p>\n","protected":false},"author":1,"featured_media":8578,"comment_status":"open","ping_status":"open","sticky":false,"template":"","format":"standard","meta":{"_bbp_topic_count":0,"_bbp_reply_count":0,"_bbp_total_topic_count":0,"_bbp_total_reply_count":0,"_bbp_voice_count":0,"_bbp_anonymous_reply_count":0,"_bbp_topic_count_hidden":0,"_bbp_reply_count_hidden":0,"_bbp_forum_subforum_count":0,"site-sidebar-layout":"default","site-content-layout":"","ast-site-content-layout":"default","site-content-style":"default","site-sidebar-style":"default","ast-global-header-display":"","ast-banner-title-visibility":"","ast-main-header-display":"","ast-hfb-above-header-display":"","ast-hfb-below-header-display":"","ast-hfb-mobile-header-display":"","site-post-title":"","ast-breadcrumbs-content":"","ast-featured-img":"","footer-sml-layout":"","theme-transparent-header-meta":"default","adv-header-id-meta":"","stick-header-meta":"","header-above-stick-meta":"","header-main-stick-meta":"","header-below-stick-meta":"","astra-migrate-meta-layouts":"set","ast-page-background-enabled":"default","ast-page-background-meta":{"desktop":{"background-color":"var(--ast-global-color-4)","background-image":"","background-repeat":"repeat","background-position":"center center","background-size":"auto","background-attachment":"scroll","background-type":"","background-media":"","overlay-type":"","overlay-color":"","overlay-opacity":"","overlay-gradient":""},"tablet":{"background-color":"","background-image":"","background-repeat":"repeat","background-position":"center center","background-size":"auto","background-attachment":"scroll","background-type":"","background-media":"","overlay-type":"","overlay-color":"","overlay-opacity":"","overlay-gradient":""},"mobile":{"background-color":"","background-image":"","background-repeat":"repeat","background-position":"center center","background-size":"auto","background-attachment":"scroll","background-type":"","background-media":"","overlay-type":"","overlay-color":"","overlay-opacity":"","overlay-gradient":""}},"ast-content-background-meta":{"desktop":{"background-color":"var(--ast-global-color-5)","background-image":"","background-repeat":"repeat","background-position":"center center","background-size":"auto","background-attachment":"scroll","background-type":"","background-media":"","overlay-type":"","overlay-color":"","overlay-opacity":"","overlay-gradient":""},"tablet":{"background-color":"var(--ast-global-color-5)","background-image":"","background-repeat":"repeat","background-position":"center center","background-size":"auto","background-attachment":"scroll","background-type":"","background-media":"","overlay-type":"","overlay-color":"","overlay-opacity":"","overlay-gradient":""},"mobile":{"background-color":"var(--ast-global-color-5)","background-image":"","background-repeat":"repeat","background-position":"center center","background-size":"auto","background-attachment":"scroll","background-type":"","background-media":"","overlay-type":"","overlay-color":"","overlay-opacity":"","overlay-gradient":""}},"footnotes":""},"categories":[7,1,29],"tags":[],"class_list":["post-8577","post","type-post","status-publish","format-standard","has-post-thumbnail","hentry","category-eso-4","category-general","category-portada"],"post_mailing_queue_ids":[],"_links":{"self":[{"href":"https:\/\/agora.xtec.cat\/iesconselldecent\/wp-json\/wp\/v2\/posts\/8577","targetHints":{"allow":["GET"]}}],"collection":[{"href":"https:\/\/agora.xtec.cat\/iesconselldecent\/wp-json\/wp\/v2\/posts"}],"about":[{"href":"https:\/\/agora.xtec.cat\/iesconselldecent\/wp-json\/wp\/v2\/types\/post"}],"author":[{"embeddable":true,"href":"https:\/\/agora.xtec.cat\/iesconselldecent\/wp-json\/wp\/v2\/users\/1"}],"replies":[{"embeddable":true,"href":"https:\/\/agora.xtec.cat\/iesconselldecent\/wp-json\/wp\/v2\/comments?post=8577"}],"version-history":[{"count":1,"href":"https:\/\/agora.xtec.cat\/iesconselldecent\/wp-json\/wp\/v2\/posts\/8577\/revisions"}],"predecessor-version":[{"id":8579,"href":"https:\/\/agora.xtec.cat\/iesconselldecent\/wp-json\/wp\/v2\/posts\/8577\/revisions\/8579"}],"wp:featuredmedia":[{"embeddable":true,"href":"https:\/\/agora.xtec.cat\/iesconselldecent\/wp-json\/wp\/v2\/media\/8578"}],"wp:attachment":[{"href":"https:\/\/agora.xtec.cat\/iesconselldecent\/wp-json\/wp\/v2\/media?parent=8577"}],"wp:term":[{"taxonomy":"category","embeddable":true,"href":"https:\/\/agora.xtec.cat\/iesconselldecent\/wp-json\/wp\/v2\/categories?post=8577"},{"taxonomy":"post_tag","embeddable":true,"href":"https:\/\/agora.xtec.cat\/iesconselldecent\/wp-json\/wp\/v2\/tags?post=8577"}],"curies":[{"name":"wp","href":"https:\/\/api.w.org\/{rel}","templated":true}]}}