{"id":8498,"date":"2025-11-28T13:06:47","date_gmt":"2025-11-28T12:06:47","guid":{"rendered":"https:\/\/agora.xtec.cat\/iesconselldecent\/?p=8498"},"modified":"2025-11-28T13:06:47","modified_gmt":"2025-11-28T12:06:47","slug":"mural-collaboratiu-25-n","status":"publish","type":"post","link":"https:\/\/agora.xtec.cat\/iesconselldecent\/general\/mural-collaboratiu-25-n\/","title":{"rendered":"Mural col\u00b7laboratiu 25 N"},"content":{"rendered":"<p>En el marc de les activitats organitzades amb motiu del 25N, al centre hem impulsat la creaci\u00f3 d\u2019un mural col\u00b7laboratiu en qu\u00e8 tot l\u2019alumnat, des d\u2019ESO fins a Batxillerat, ha pogut expressar-se i reflexionar sobre la viol\u00e8ncia i la igualtat.<\/p>\n<p>El mural es divideix en dues parts:<br \/>\n<img decoding=\"async\" class=\"an1\" draggable=\"false\" src=\"https:\/\/fonts.gstatic.com\/s\/e\/notoemoji\/16.0\/2728\/72.png\" alt=\"\u2728\" data-emoji=\"\u2728\" aria-label=\"\u2728\" \/>\u00a0Una recull paraules i idees que l\u2019alumnat identifica com a situacions o actituds que cal rebutjar.<br \/>\n<img decoding=\"async\" class=\"an1\" draggable=\"false\" src=\"https:\/\/fonts.gstatic.com\/s\/e\/notoemoji\/16.0\/2728\/72.png\" alt=\"\u2728\" data-emoji=\"\u2728\" aria-label=\"\u2728\" \/>\u00a0Elements, sentiments i actituds que ens ajuden a superar la viol\u00e8ncia, a enfortir-nos i a construir relacions m\u00e9s sanes i respectuoses.<\/p>\n<p>Ha estat una proposta que ens ha perm\u00e8s crear un espai compartit de reflexi\u00f3 i conscienciaci\u00f3 dins de la comunitat educativa.<\/p>\n<p><img decoding=\"async\" class=\"an1\" draggable=\"false\" src=\"https:\/\/fonts.gstatic.com\/s\/e\/notoemoji\/16.0\/1f49c\/72.png\" alt=\"\ud83d\udc9c\" data-emoji=\"\ud83d\udc9c\" aria-label=\"\ud83d\udc9c\" \/>\u00a0Volem agrair la implicaci\u00f3 de l\u2019alumnat, del professorat i del personal PAS, que han fet possible aquesta activitats en un projecte que ens fa cr\u00e9ixer com a centre.<\/p>\n<p>#25N #Viol\u00e8nciaZero #Igualtat #Respecte #Coeducaci\u00f3\u00a0 #StopViol\u00e8ncies #NiUnaMenys #ComunitatEducativa<\/p>\n","protected":false},"excerpt":{"rendered":"<p>En el marc de les activitats organitzades amb motiu del 25N, al centre hem impulsat la creaci\u00f3 d\u2019un mural col\u00b7laboratiu en qu\u00e8 tot l\u2019alumnat, des d\u2019ESO fins a Batxillerat, ha pogut expressar-se i reflexionar sobre la viol\u00e8ncia i la igualtat. El mural es divideix en dues parts: \u00a0Una recull paraules i idees que l\u2019alumnat identifica [&hellip;]<\/p>\n","protected":false},"author":1,"featured_media":8499,"comment_status":"open","ping_status":"open","sticky":false,"template":"","format":"standard","meta":{"_bbp_topic_count":0,"_bbp_reply_count":0,"_bbp_total_topic_count":0,"_bbp_total_reply_count":0,"_bbp_voice_count":0,"_bbp_anonymous_reply_count":0,"_bbp_topic_count_hidden":0,"_bbp_reply_count_hidden":0,"_bbp_forum_subforum_count":0,"site-sidebar-layout":"default","site-content-layout":"","ast-site-content-layout":"","site-content-style":"default","site-sidebar-style":"default","ast-global-header-display":"","ast-banner-title-visibility":"","ast-main-header-display":"","ast-hfb-above-header-display":"","ast-hfb-below-header-display":"","ast-hfb-mobile-header-display":"","site-post-title":"","ast-breadcrumbs-content":"","ast-featured-img":"","footer-sml-layout":"","theme-transparent-header-meta":"","adv-header-id-meta":"","stick-header-meta":"","header-above-stick-meta":"","header-main-stick-meta":"","header-below-stick-meta":"","astra-migrate-meta-layouts":"default","ast-page-background-enabled":"default","ast-page-background-meta":{"desktop":{"background-color":"var(--ast-global-color-4)","background-image":"","background-repeat":"repeat","background-position":"center center","background-size":"auto","background-attachment":"scroll","background-type":"","background-media":"","overlay-type":"","overlay-color":"","overlay-opacity":"","overlay-gradient":""},"tablet":{"background-color":"","background-image":"","background-repeat":"repeat","background-position":"center center","background-size":"auto","background-attachment":"scroll","background-type":"","background-media":"","overlay-type":"","overlay-color":"","overlay-opacity":"","overlay-gradient":""},"mobile":{"background-color":"","background-image":"","background-repeat":"repeat","background-position":"center center","background-size":"auto","background-attachment":"scroll","background-type":"","background-media":"","overlay-type":"","overlay-color":"","overlay-opacity":"","overlay-gradient":""}},"ast-content-background-meta":{"desktop":{"background-color":"var(--ast-global-color-5)","background-image":"","background-repeat":"repeat","background-position":"center center","background-size":"auto","background-attachment":"scroll","background-type":"","background-media":"","overlay-type":"","overlay-color":"","overlay-opacity":"","overlay-gradient":""},"tablet":{"background-color":"var(--ast-global-color-5)","background-image":"","background-repeat":"repeat","background-position":"center center","background-size":"auto","background-attachment":"scroll","background-type":"","background-media":"","overlay-type":"","overlay-color":"","overlay-opacity":"","overlay-gradient":""},"mobile":{"background-color":"var(--ast-global-color-5)","background-image":"","background-repeat":"repeat","background-position":"center center","background-size":"auto","background-attachment":"scroll","background-type":"","background-media":"","overlay-type":"","overlay-color":"","overlay-opacity":"","overlay-gradient":""}},"footnotes":""},"categories":[1,29],"tags":[],"class_list":["post-8498","post","type-post","status-publish","format-standard","has-post-thumbnail","hentry","category-general","category-portada"],"post_mailing_queue_ids":[],"_links":{"self":[{"href":"https:\/\/agora.xtec.cat\/iesconselldecent\/wp-json\/wp\/v2\/posts\/8498","targetHints":{"allow":["GET"]}}],"collection":[{"href":"https:\/\/agora.xtec.cat\/iesconselldecent\/wp-json\/wp\/v2\/posts"}],"about":[{"href":"https:\/\/agora.xtec.cat\/iesconselldecent\/wp-json\/wp\/v2\/types\/post"}],"author":[{"embeddable":true,"href":"https:\/\/agora.xtec.cat\/iesconselldecent\/wp-json\/wp\/v2\/users\/1"}],"replies":[{"embeddable":true,"href":"https:\/\/agora.xtec.cat\/iesconselldecent\/wp-json\/wp\/v2\/comments?post=8498"}],"version-history":[{"count":1,"href":"https:\/\/agora.xtec.cat\/iesconselldecent\/wp-json\/wp\/v2\/posts\/8498\/revisions"}],"predecessor-version":[{"id":8500,"href":"https:\/\/agora.xtec.cat\/iesconselldecent\/wp-json\/wp\/v2\/posts\/8498\/revisions\/8500"}],"wp:featuredmedia":[{"embeddable":true,"href":"https:\/\/agora.xtec.cat\/iesconselldecent\/wp-json\/wp\/v2\/media\/8499"}],"wp:attachment":[{"href":"https:\/\/agora.xtec.cat\/iesconselldecent\/wp-json\/wp\/v2\/media?parent=8498"}],"wp:term":[{"taxonomy":"category","embeddable":true,"href":"https:\/\/agora.xtec.cat\/iesconselldecent\/wp-json\/wp\/v2\/categories?post=8498"},{"taxonomy":"post_tag","embeddable":true,"href":"https:\/\/agora.xtec.cat\/iesconselldecent\/wp-json\/wp\/v2\/tags?post=8498"}],"curies":[{"name":"wp","href":"https:\/\/api.w.org\/{rel}","templated":true}]}}