{"id":8203,"date":"2025-09-12T13:22:08","date_gmt":"2025-09-12T11:22:08","guid":{"rendered":"https:\/\/agora.xtec.cat\/iesconselldecent\/?p=8203"},"modified":"2025-09-12T14:21:04","modified_gmt":"2025-09-12T12:21:04","slug":"el-curs-2025-2026-ja-ha-comencat","status":"publish","type":"post","link":"https:\/\/agora.xtec.cat\/iesconselldecent\/general\/el-curs-2025-2026-ja-ha-comencat\/","title":{"rendered":"El curs 2025-2026 ja ha comen\u00e7at!"},"content":{"rendered":"<p><span style=\"font-weight: 400;\">Aquesta setmana hem donat el tret de sortida al curs 2025-2026 a l\u2019Institut Consell de Cent, amb l\u2019arribada progressiva de l\u2019alumnat als espais del centre.<\/span><\/p>\n<p><span style=\"font-weight: 400;\">El <\/span><b>dilluns 8 de setembre<\/b><span style=\"font-weight: 400;\"> van comen\u00e7ar les classes els alumnes d\u2019<\/span><b>Educaci\u00f3 Secund\u00e0ria Obligat\u00f2ria (ESO)<\/b><span style=\"font-weight: 400;\">. Al llarg dels primers dies, han pogut retrobar-se amb companys i professorat, con\u00e8ixer els horaris i tutors, i comen\u00e7ar a entrar en ritme amb les primeres activitats i continguts del curs.<\/span><\/p>\n<p><span style=\"font-weight: 400;\">Avui, <\/span><b>divendres 12 de setembre<\/b><span style=\"font-weight: 400;\">, ha estat el torn dels alumnes de <\/span><b>Batxillerat<\/b><span style=\"font-weight: 400;\">, que tamb\u00e9 s\u2019han incorporat a les aules. Despr\u00e9s de les presentacions inicials, el nou curs comen\u00e7a amb moltes ganes, nous reptes acad\u00e8mics i l&#8217;acompanyament del professorat per ajudar-los a assolir els seus objectius.<\/span><\/p>\n<p><span style=\"font-weight: 400;\">Des del centre volem donar <\/span><b>la benvinguda a tot l\u2019alumnat i a les seves fam\u00edlies<\/b><span style=\"font-weight: 400;\">, especialment a aquells que s\u2019incorporen per primera vegada a la nostra comunitat educativa. Esperem que aquest sigui un curs ple d\u2019aprenentatges, conviv\u00e8ncia i creixement personal i acad\u00e8mic per a tothom.<\/span><\/p>\n<p><span style=\"font-weight: 400;\">Bon inici de curs!<\/span><\/p>\n<p><img loading=\"lazy\" decoding=\"async\" class=\"size-medium wp-image-8209 alignleft\" src=\"https:\/\/agora.xtec.cat\/iesconselldecent\/wp-content\/uploads\/usu708\/2025\/09\/WhatsApp-Image-2025-09-12-at-11.53.17-226x300.jpeg\" alt=\"\" width=\"226\" height=\"300\" srcset=\"https:\/\/agora.xtec.cat\/iesconselldecent\/wp-content\/uploads\/usu708\/2025\/09\/WhatsApp-Image-2025-09-12-at-11.53.17-226x300.jpeg 226w, https:\/\/agora.xtec.cat\/iesconselldecent\/wp-content\/uploads\/usu708\/2025\/09\/WhatsApp-Image-2025-09-12-at-11.53.17-771x1024.jpeg 771w, https:\/\/agora.xtec.cat\/iesconselldecent\/wp-content\/uploads\/usu708\/2025\/09\/WhatsApp-Image-2025-09-12-at-11.53.17-768x1020.jpeg 768w, https:\/\/agora.xtec.cat\/iesconselldecent\/wp-content\/uploads\/usu708\/2025\/09\/WhatsApp-Image-2025-09-12-at-11.53.17-1157x1536.jpeg 1157w, https:\/\/agora.xtec.cat\/iesconselldecent\/wp-content\/uploads\/usu708\/2025\/09\/WhatsApp-Image-2025-09-12-at-11.53.17.jpeg 1536w\" sizes=\"auto, (max-width: 226px) 100vw, 226px\" \/> <img loading=\"lazy\" decoding=\"async\" class=\"size-medium wp-image-8208 alignleft\" src=\"https:\/\/agora.xtec.cat\/iesconselldecent\/wp-content\/uploads\/usu708\/2025\/09\/WhatsApp-Image-2025-09-12-at-11.53.17-1-226x300.jpeg\" alt=\"\" width=\"226\" height=\"300\" srcset=\"https:\/\/agora.xtec.cat\/iesconselldecent\/wp-content\/uploads\/usu708\/2025\/09\/WhatsApp-Image-2025-09-12-at-11.53.17-1-226x300.jpeg 226w, https:\/\/agora.xtec.cat\/iesconselldecent\/wp-content\/uploads\/usu708\/2025\/09\/WhatsApp-Image-2025-09-12-at-11.53.17-1-771x1024.jpeg 771w, https:\/\/agora.xtec.cat\/iesconselldecent\/wp-content\/uploads\/usu708\/2025\/09\/WhatsApp-Image-2025-09-12-at-11.53.17-1-768x1020.jpeg 768w, https:\/\/agora.xtec.cat\/iesconselldecent\/wp-content\/uploads\/usu708\/2025\/09\/WhatsApp-Image-2025-09-12-at-11.53.17-1-1157x1536.jpeg 1157w, https:\/\/agora.xtec.cat\/iesconselldecent\/wp-content\/uploads\/usu708\/2025\/09\/WhatsApp-Image-2025-09-12-at-11.53.17-1.jpeg 1536w\" sizes=\"auto, (max-width: 226px) 100vw, 226px\" \/> <img loading=\"lazy\" decoding=\"async\" class=\"size-medium wp-image-8207 alignleft\" src=\"https:\/\/agora.xtec.cat\/iesconselldecent\/wp-content\/uploads\/usu708\/2025\/09\/WhatsApp-Image-2025-09-12-at-11.53.18-226x300.jpeg\" alt=\"\" width=\"226\" height=\"300\" srcset=\"https:\/\/agora.xtec.cat\/iesconselldecent\/wp-content\/uploads\/usu708\/2025\/09\/WhatsApp-Image-2025-09-12-at-11.53.18-226x300.jpeg 226w, https:\/\/agora.xtec.cat\/iesconselldecent\/wp-content\/uploads\/usu708\/2025\/09\/WhatsApp-Image-2025-09-12-at-11.53.18-771x1024.jpeg 771w, https:\/\/agora.xtec.cat\/iesconselldecent\/wp-content\/uploads\/usu708\/2025\/09\/WhatsApp-Image-2025-09-12-at-11.53.18-768x1020.jpeg 768w, https:\/\/agora.xtec.cat\/iesconselldecent\/wp-content\/uploads\/usu708\/2025\/09\/WhatsApp-Image-2025-09-12-at-11.53.18-1157x1536.jpeg 1157w, https:\/\/agora.xtec.cat\/iesconselldecent\/wp-content\/uploads\/usu708\/2025\/09\/WhatsApp-Image-2025-09-12-at-11.53.18.jpeg 1536w\" sizes=\"auto, (max-width: 226px) 100vw, 226px\" \/> <img loading=\"lazy\" decoding=\"async\" class=\"aligncenter size-medium wp-image-8206\" src=\"https:\/\/agora.xtec.cat\/iesconselldecent\/wp-content\/uploads\/usu708\/2025\/09\/WhatsApp-Image-2025-09-12-at-11.53.18-2-300x226.jpeg\" alt=\"\" width=\"300\" height=\"226\" srcset=\"https:\/\/agora.xtec.cat\/iesconselldecent\/wp-content\/uploads\/usu708\/2025\/09\/WhatsApp-Image-2025-09-12-at-11.53.18-2-300x226.jpeg 300w, https:\/\/agora.xtec.cat\/iesconselldecent\/wp-content\/uploads\/usu708\/2025\/09\/WhatsApp-Image-2025-09-12-at-11.53.18-2-1024x771.jpeg 1024w, https:\/\/agora.xtec.cat\/iesconselldecent\/wp-content\/uploads\/usu708\/2025\/09\/WhatsApp-Image-2025-09-12-at-11.53.18-2-768x578.jpeg 768w, https:\/\/agora.xtec.cat\/iesconselldecent\/wp-content\/uploads\/usu708\/2025\/09\/WhatsApp-Image-2025-09-12-at-11.53.18-2-1536x1157.jpeg 1536w, https:\/\/agora.xtec.cat\/iesconselldecent\/wp-content\/uploads\/usu708\/2025\/09\/WhatsApp-Image-2025-09-12-at-11.53.18-2-200x150.jpeg 200w, https:\/\/agora.xtec.cat\/iesconselldecent\/wp-content\/uploads\/usu708\/2025\/09\/WhatsApp-Image-2025-09-12-at-11.53.18-2.jpeg 2040w\" sizes=\"auto, (max-width: 300px) 100vw, 300px\" \/><\/p>\n","protected":false},"excerpt":{"rendered":"<p>Aquesta setmana hem donat el tret de sortida al curs 2025-2026 a l\u2019Institut Consell de Cent, amb l\u2019arribada progressiva de l\u2019alumnat als espais del centre. El dilluns 8 de setembre van comen\u00e7ar les classes els alumnes d\u2019Educaci\u00f3 Secund\u00e0ria Obligat\u00f2ria (ESO). Al llarg dels primers dies, han pogut retrobar-se amb companys i professorat, con\u00e8ixer els horaris [&hellip;]<\/p>\n","protected":false},"author":1,"featured_media":8206,"comment_status":"open","ping_status":"open","sticky":false,"template":"","format":"standard","meta":{"_bbp_topic_count":0,"_bbp_reply_count":0,"_bbp_total_topic_count":0,"_bbp_total_reply_count":0,"_bbp_voice_count":0,"_bbp_anonymous_reply_count":0,"_bbp_topic_count_hidden":0,"_bbp_reply_count_hidden":0,"_bbp_forum_subforum_count":0,"site-sidebar-layout":"default","site-content-layout":"","ast-site-content-layout":"","site-content-style":"default","site-sidebar-style":"default","ast-global-header-display":"","ast-banner-title-visibility":"","ast-main-header-display":"","ast-hfb-above-header-display":"","ast-hfb-below-header-display":"","ast-hfb-mobile-header-display":"","site-post-title":"","ast-breadcrumbs-content":"","ast-featured-img":"","footer-sml-layout":"","theme-transparent-header-meta":"","adv-header-id-meta":"","stick-header-meta":"","header-above-stick-meta":"","header-main-stick-meta":"","header-below-stick-meta":"","astra-migrate-meta-layouts":"default","ast-page-background-enabled":"default","ast-page-background-meta":{"desktop":{"background-color":"var(--ast-global-color-4)","background-image":"","background-repeat":"repeat","background-position":"center center","background-size":"auto","background-attachment":"scroll","background-type":"","background-media":"","overlay-type":"","overlay-color":"","overlay-opacity":"","overlay-gradient":""},"tablet":{"background-color":"","background-image":"","background-repeat":"repeat","background-position":"center center","background-size":"auto","background-attachment":"scroll","background-type":"","background-media":"","overlay-type":"","overlay-color":"","overlay-opacity":"","overlay-gradient":""},"mobile":{"background-color":"","background-image":"","background-repeat":"repeat","background-position":"center center","background-size":"auto","background-attachment":"scroll","background-type":"","background-media":"","overlay-type":"","overlay-color":"","overlay-opacity":"","overlay-gradient":""}},"ast-content-background-meta":{"desktop":{"background-color":"var(--ast-global-color-5)","background-image":"","background-repeat":"repeat","background-position":"center center","background-size":"auto","background-attachment":"scroll","background-type":"","background-media":"","overlay-type":"","overlay-color":"","overlay-opacity":"","overlay-gradient":""},"tablet":{"background-color":"var(--ast-global-color-5)","background-image":"","background-repeat":"repeat","background-position":"center center","background-size":"auto","background-attachment":"scroll","background-type":"","background-media":"","overlay-type":"","overlay-color":"","overlay-opacity":"","overlay-gradient":""},"mobile":{"background-color":"var(--ast-global-color-5)","background-image":"","background-repeat":"repeat","background-position":"center center","background-size":"auto","background-attachment":"scroll","background-type":"","background-media":"","overlay-type":"","overlay-color":"","overlay-opacity":"","overlay-gradient":""}},"footnotes":""},"categories":[1,29],"tags":[],"class_list":["post-8203","post","type-post","status-publish","format-standard","has-post-thumbnail","hentry","category-general","category-portada"],"post_mailing_queue_ids":[],"_links":{"self":[{"href":"https:\/\/agora.xtec.cat\/iesconselldecent\/wp-json\/wp\/v2\/posts\/8203","targetHints":{"allow":["GET"]}}],"collection":[{"href":"https:\/\/agora.xtec.cat\/iesconselldecent\/wp-json\/wp\/v2\/posts"}],"about":[{"href":"https:\/\/agora.xtec.cat\/iesconselldecent\/wp-json\/wp\/v2\/types\/post"}],"author":[{"embeddable":true,"href":"https:\/\/agora.xtec.cat\/iesconselldecent\/wp-json\/wp\/v2\/users\/1"}],"replies":[{"embeddable":true,"href":"https:\/\/agora.xtec.cat\/iesconselldecent\/wp-json\/wp\/v2\/comments?post=8203"}],"version-history":[{"count":3,"href":"https:\/\/agora.xtec.cat\/iesconselldecent\/wp-json\/wp\/v2\/posts\/8203\/revisions"}],"predecessor-version":[{"id":8211,"href":"https:\/\/agora.xtec.cat\/iesconselldecent\/wp-json\/wp\/v2\/posts\/8203\/revisions\/8211"}],"wp:featuredmedia":[{"embeddable":true,"href":"https:\/\/agora.xtec.cat\/iesconselldecent\/wp-json\/wp\/v2\/media\/8206"}],"wp:attachment":[{"href":"https:\/\/agora.xtec.cat\/iesconselldecent\/wp-json\/wp\/v2\/media?parent=8203"}],"wp:term":[{"taxonomy":"category","embeddable":true,"href":"https:\/\/agora.xtec.cat\/iesconselldecent\/wp-json\/wp\/v2\/categories?post=8203"},{"taxonomy":"post_tag","embeddable":true,"href":"https:\/\/agora.xtec.cat\/iesconselldecent\/wp-json\/wp\/v2\/tags?post=8203"}],"curies":[{"name":"wp","href":"https:\/\/api.w.org\/{rel}","templated":true}]}}