{"id":8136,"date":"2025-05-05T09:44:23","date_gmt":"2025-05-05T07:44:23","guid":{"rendered":"https:\/\/agora.xtec.cat\/iesconselldecent\/?p=8136"},"modified":"2025-05-05T09:44:23","modified_gmt":"2025-05-05T07:44:23","slug":"visita-a-lexposicio-ermitas-del-alma","status":"publish","type":"post","link":"https:\/\/agora.xtec.cat\/iesconselldecent\/general\/visita-a-lexposicio-ermitas-del-alma\/","title":{"rendered":"Visita a l&#8217;exposici\u00f3 &#8220;Ermitas del alma&#8221;"},"content":{"rendered":"<p>Despu\u00e9s de la visita a l&#8217;exposici\u00f3 Ermitas\u00a0del Alma de la\u00a0<a href=\"https:\/\/araucariagaleria.art\/ermitas-del-alma-jaime-rivera\/\" target=\"_blank\" rel=\"noopener\" data-saferedirecturl=\"https:\/\/www.google.com\/url?q=https:\/\/araucariagaleria.art\/ermitas-del-alma-jaime-rivera\/&amp;source=gmail&amp;ust=1746516882236000&amp;usg=AOvVaw3LlxX-tstb69kU4v9XDHug\">Galeria d\u00b4art Contemporani Ar\u00e0ucaria<\/a>, hem realizat una situaci\u00f3 d&#8217;aprenentatge\u00a0revisitant el rom\u00e0nic\u00a0i projectant un espai personal e \u00edntimo. Desde la idea fins la construcci\u00f3n a escala amb fang. La pe\u00e7as han estat exposades al Centre Cultural Albareda, amb motiu de la expo Essencia\u00a0en transformaci\u00f3\u00a0 on\u00a0l<a href=\"https:\/\/ajuntament.barcelona.cat\/ccivics\/albareda\/p\/63859\" target=\"_blank\" rel=\"noopener\" data-saferedirecturl=\"https:\/\/www.google.com\/url?q=https:\/\/ajuntament.barcelona.cat\/ccivics\/albareda\/p\/63859&amp;source=gmail&amp;ust=1746516882236000&amp;usg=AOvVaw12yGpdQnKfu2bwZ6-PVm7M\">&#8216;alumnat de Batxillerat art\u00edstic de l\u2019Institut Consell de Cent ens obre les portes del seu univers creatiu, mostrant el viatge d\u2019aprenentatge, descobriment i expressi\u00f3 que recorren en el seu dia a dia.<\/a><\/p>\n<p><img loading=\"lazy\" decoding=\"async\" class=\"size-medium wp-image-8137 alignleft\" src=\"https:\/\/agora.xtec.cat\/iesconselldecent\/wp-content\/uploads\/usu708\/2025\/05\/33-225x300.jpg\" alt=\"\" width=\"225\" height=\"300\" srcset=\"https:\/\/agora.xtec.cat\/iesconselldecent\/wp-content\/uploads\/usu708\/2025\/05\/33-225x300.jpg 225w, https:\/\/agora.xtec.cat\/iesconselldecent\/wp-content\/uploads\/usu708\/2025\/05\/33-768x1024.jpg 768w, https:\/\/agora.xtec.cat\/iesconselldecent\/wp-content\/uploads\/usu708\/2025\/05\/33.jpg 1024w\" sizes=\"auto, (max-width: 225px) 100vw, 225px\" \/> <img loading=\"lazy\" decoding=\"async\" class=\"aligncenter size-medium wp-image-8138\" src=\"https:\/\/agora.xtec.cat\/iesconselldecent\/wp-content\/uploads\/usu708\/2025\/05\/11-225x300.jpg\" alt=\"\" width=\"225\" height=\"300\" srcset=\"https:\/\/agora.xtec.cat\/iesconselldecent\/wp-content\/uploads\/usu708\/2025\/05\/11-225x300.jpg 225w, https:\/\/agora.xtec.cat\/iesconselldecent\/wp-content\/uploads\/usu708\/2025\/05\/11-768x1024.jpg 768w, https:\/\/agora.xtec.cat\/iesconselldecent\/wp-content\/uploads\/usu708\/2025\/05\/11.jpg 1024w\" sizes=\"auto, (max-width: 225px) 100vw, 225px\" \/><\/p>\n","protected":false},"excerpt":{"rendered":"<p>Despu\u00e9s de la visita a l&#8217;exposici\u00f3 Ermitas\u00a0del Alma de la\u00a0Galeria d\u00b4art Contemporani Ar\u00e0ucaria, hem realizat una situaci\u00f3 d&#8217;aprenentatge\u00a0revisitant el rom\u00e0nic\u00a0i projectant un espai personal e \u00edntimo. Desde la idea fins la construcci\u00f3n a escala amb fang. La pe\u00e7as han estat exposades al Centre Cultural Albareda, amb motiu de la expo Essencia\u00a0en transformaci\u00f3\u00a0 on\u00a0l&#8216;alumnat de Batxillerat [&hellip;]<\/p>\n","protected":false},"author":1,"featured_media":8139,"comment_status":"open","ping_status":"closed","sticky":false,"template":"","format":"standard","meta":{"_bbp_topic_count":0,"_bbp_reply_count":0,"_bbp_total_topic_count":0,"_bbp_total_reply_count":0,"_bbp_voice_count":0,"_bbp_anonymous_reply_count":0,"_bbp_topic_count_hidden":0,"_bbp_reply_count_hidden":0,"_bbp_forum_subforum_count":0,"site-sidebar-layout":"default","site-content-layout":"","ast-site-content-layout":"","site-content-style":"default","site-sidebar-style":"default","ast-global-header-display":"","ast-banner-title-visibility":"","ast-main-header-display":"","ast-hfb-above-header-display":"","ast-hfb-below-header-display":"","ast-hfb-mobile-header-display":"","site-post-title":"","ast-breadcrumbs-content":"","ast-featured-img":"","footer-sml-layout":"","theme-transparent-header-meta":"","adv-header-id-meta":"","stick-header-meta":"","header-above-stick-meta":"","header-main-stick-meta":"","header-below-stick-meta":"","astra-migrate-meta-layouts":"default","ast-page-background-enabled":"default","ast-page-background-meta":{"desktop":{"background-color":"var(--ast-global-color-4)","background-image":"","background-repeat":"repeat","background-position":"center center","background-size":"auto","background-attachment":"scroll","background-type":"","background-media":"","overlay-type":"","overlay-color":"","overlay-opacity":"","overlay-gradient":""},"tablet":{"background-color":"","background-image":"","background-repeat":"repeat","background-position":"center center","background-size":"auto","background-attachment":"scroll","background-type":"","background-media":"","overlay-type":"","overlay-color":"","overlay-opacity":"","overlay-gradient":""},"mobile":{"background-color":"","background-image":"","background-repeat":"repeat","background-position":"center center","background-size":"auto","background-attachment":"scroll","background-type":"","background-media":"","overlay-type":"","overlay-color":"","overlay-opacity":"","overlay-gradient":""}},"ast-content-background-meta":{"desktop":{"background-color":"var(--ast-global-color-5)","background-image":"","background-repeat":"repeat","background-position":"center center","background-size":"auto","background-attachment":"scroll","background-type":"","background-media":"","overlay-type":"","overlay-color":"","overlay-opacity":"","overlay-gradient":""},"tablet":{"background-color":"var(--ast-global-color-5)","background-image":"","background-repeat":"repeat","background-position":"center center","background-size":"auto","background-attachment":"scroll","background-type":"","background-media":"","overlay-type":"","overlay-color":"","overlay-opacity":"","overlay-gradient":""},"mobile":{"background-color":"var(--ast-global-color-5)","background-image":"","background-repeat":"repeat","background-position":"center center","background-size":"auto","background-attachment":"scroll","background-type":"","background-media":"","overlay-type":"","overlay-color":"","overlay-opacity":"","overlay-gradient":""}},"footnotes":""},"categories":[81,1,29],"tags":[],"class_list":["post-8136","post","type-post","status-publish","format-standard","has-post-thumbnail","hentry","category-batxillerat-artistic","category-general","category-portada"],"post_mailing_queue_ids":[],"_links":{"self":[{"href":"https:\/\/agora.xtec.cat\/iesconselldecent\/wp-json\/wp\/v2\/posts\/8136","targetHints":{"allow":["GET"]}}],"collection":[{"href":"https:\/\/agora.xtec.cat\/iesconselldecent\/wp-json\/wp\/v2\/posts"}],"about":[{"href":"https:\/\/agora.xtec.cat\/iesconselldecent\/wp-json\/wp\/v2\/types\/post"}],"author":[{"embeddable":true,"href":"https:\/\/agora.xtec.cat\/iesconselldecent\/wp-json\/wp\/v2\/users\/1"}],"replies":[{"embeddable":true,"href":"https:\/\/agora.xtec.cat\/iesconselldecent\/wp-json\/wp\/v2\/comments?post=8136"}],"version-history":[{"count":1,"href":"https:\/\/agora.xtec.cat\/iesconselldecent\/wp-json\/wp\/v2\/posts\/8136\/revisions"}],"predecessor-version":[{"id":8140,"href":"https:\/\/agora.xtec.cat\/iesconselldecent\/wp-json\/wp\/v2\/posts\/8136\/revisions\/8140"}],"wp:featuredmedia":[{"embeddable":true,"href":"https:\/\/agora.xtec.cat\/iesconselldecent\/wp-json\/wp\/v2\/media\/8139"}],"wp:attachment":[{"href":"https:\/\/agora.xtec.cat\/iesconselldecent\/wp-json\/wp\/v2\/media?parent=8136"}],"wp:term":[{"taxonomy":"category","embeddable":true,"href":"https:\/\/agora.xtec.cat\/iesconselldecent\/wp-json\/wp\/v2\/categories?post=8136"},{"taxonomy":"post_tag","embeddable":true,"href":"https:\/\/agora.xtec.cat\/iesconselldecent\/wp-json\/wp\/v2\/tags?post=8136"}],"curies":[{"name":"wp","href":"https:\/\/api.w.org\/{rel}","templated":true}]}}