{"id":8023,"date":"2025-02-28T11:32:41","date_gmt":"2025-02-28T10:32:41","guid":{"rendered":"https:\/\/agora.xtec.cat\/iesconselldecent\/?p=8023"},"modified":"2025-02-28T11:32:41","modified_gmt":"2025-02-28T10:32:41","slug":"a-lecoparc-amb-4rt-deso","status":"publish","type":"post","link":"https:\/\/agora.xtec.cat\/iesconselldecent\/general\/a-lecoparc-amb-4rt-deso\/","title":{"rendered":"A l&#8217;Ecoparc amb 4rt d&#8217;ESO"},"content":{"rendered":"<p>El dia 25 de febrer, l&#8217;alumnat de 4t d&#8217;ESO va tenir l&#8217;oportunitat de visitar l&#8217;Ecoparc de Barcelona, situat a la Zona Franca. Aquesta sortida es va realitzar en el marc de la iniciativa &#8220;Feel the ZF Power&#8221;, promoguda pel Consorci de la Zona Franca de Barcelona, que t\u00e9 com a objectiu acostar els estudiants a l&#8217;\u00e0rea productiva de la ciutat.<\/p>\n<p>Vam ser rebuts per l&#8217;equip de professionals que ens van guiar en una visita detallada per les diferents \u00e0rees de la planta. L&#8217;Ecoparc de Barcelona \u00e9s una instal\u00b7laci\u00f3 ambiental dedicada al tractament integral dels residus municipals de l&#8217;\u00c0rea Metropolitana de Barcelona. La seva funci\u00f3 principal \u00e9s valoritzar la fracci\u00f3 org\u00e0nica i la resta de residus mitjan\u00e7ant processos com la selecci\u00f3 i separaci\u00f3 de materials reciclables, el compostatge i la metanitzaci\u00f3.<\/p>\n<p>Durant la visita, vam poder observar com es gestionen els residus provinents dels contenidors de rebuig i org\u00e0nic. Ens van mostrar els processos de separaci\u00f3 de materials com pl\u00e0stic i alumini, que posteriorment s\u00f3n venuts per al seu reciclatge. A m\u00e9s, vam aprendre que el biog\u00e0s generat a partir de la mat\u00e8ria org\u00e0nica es reutilitza com a font d&#8217;energia per a la mateixa planta, contribuint aix\u00ed a la sostenibilitat i efici\u00e8ncia energ\u00e8tica de les instal\u00b7lacions.<\/p>\n<p>Despr\u00e9s de la visita guiada, vam participar en un taller educatiu sobre economia circular i reciclatge. Aquest taller ens va permetre comprendre la import\u00e0ncia de reduir, reutilitzar i reciclar els materials que utilitzem di\u00e0riament, aix\u00ed com el paper fonamental que juguen instal\u00b7lacions com l&#8217;Ecoparc en la gesti\u00f3 sostenible dels residus.<\/p>\n<p><img loading=\"lazy\" decoding=\"async\" class=\"size-medium wp-image-8021 alignleft\" src=\"https:\/\/agora.xtec.cat\/iesconselldecent\/wp-content\/uploads\/usu708\/2025\/02\/3-300x226.jpg\" alt=\"\" width=\"300\" height=\"226\" srcset=\"https:\/\/agora.xtec.cat\/iesconselldecent\/wp-content\/uploads\/usu708\/2025\/02\/3-300x226.jpg 300w, https:\/\/agora.xtec.cat\/iesconselldecent\/wp-content\/uploads\/usu708\/2025\/02\/3-768x578.jpg 768w, https:\/\/agora.xtec.cat\/iesconselldecent\/wp-content\/uploads\/usu708\/2025\/02\/3-200x150.jpg 200w, https:\/\/agora.xtec.cat\/iesconselldecent\/wp-content\/uploads\/usu708\/2025\/02\/3.jpg 1024w\" sizes=\"auto, (max-width: 300px) 100vw, 300px\" \/> <img loading=\"lazy\" decoding=\"async\" class=\"size-medium wp-image-8020 alignnone\" src=\"https:\/\/agora.xtec.cat\/iesconselldecent\/wp-content\/uploads\/usu708\/2025\/02\/2-300x226.jpg\" alt=\"\" width=\"300\" height=\"226\" srcset=\"https:\/\/agora.xtec.cat\/iesconselldecent\/wp-content\/uploads\/usu708\/2025\/02\/2-300x226.jpg 300w, https:\/\/agora.xtec.cat\/iesconselldecent\/wp-content\/uploads\/usu708\/2025\/02\/2-768x578.jpg 768w, https:\/\/agora.xtec.cat\/iesconselldecent\/wp-content\/uploads\/usu708\/2025\/02\/2-200x150.jpg 200w, https:\/\/agora.xtec.cat\/iesconselldecent\/wp-content\/uploads\/usu708\/2025\/02\/2.jpg 1024w\" sizes=\"auto, (max-width: 300px) 100vw, 300px\" \/> <img loading=\"lazy\" decoding=\"async\" class=\"size-medium wp-image-8019 alignleft\" src=\"https:\/\/agora.xtec.cat\/iesconselldecent\/wp-content\/uploads\/usu708\/2025\/02\/1-226x300.jpg\" alt=\"\" width=\"226\" height=\"300\" srcset=\"https:\/\/agora.xtec.cat\/iesconselldecent\/wp-content\/uploads\/usu708\/2025\/02\/1-226x300.jpg 226w, https:\/\/agora.xtec.cat\/iesconselldecent\/wp-content\/uploads\/usu708\/2025\/02\/1-771x1024.jpg 771w, https:\/\/agora.xtec.cat\/iesconselldecent\/wp-content\/uploads\/usu708\/2025\/02\/1-768x1020.jpg 768w, https:\/\/agora.xtec.cat\/iesconselldecent\/wp-content\/uploads\/usu708\/2025\/02\/1.jpg 1024w\" sizes=\"auto, (max-width: 226px) 100vw, 226px\" \/><\/p>\n","protected":false},"excerpt":{"rendered":"<p>El dia 25 de febrer, l&#8217;alumnat de 4t d&#8217;ESO va tenir l&#8217;oportunitat de visitar l&#8217;Ecoparc de Barcelona, situat a la Zona Franca. Aquesta sortida es va realitzar en el marc de la iniciativa &#8220;Feel the ZF Power&#8221;, promoguda pel Consorci de la Zona Franca de Barcelona, que t\u00e9 com a objectiu acostar els estudiants a [&hellip;]<\/p>\n","protected":false},"author":1,"featured_media":8022,"comment_status":"open","ping_status":"closed","sticky":false,"template":"","format":"standard","meta":{"_bbp_topic_count":0,"_bbp_reply_count":0,"_bbp_total_topic_count":0,"_bbp_total_reply_count":0,"_bbp_voice_count":0,"_bbp_anonymous_reply_count":0,"_bbp_topic_count_hidden":0,"_bbp_reply_count_hidden":0,"_bbp_forum_subforum_count":0,"site-sidebar-layout":"default","site-content-layout":"","ast-site-content-layout":"","site-content-style":"default","site-sidebar-style":"default","ast-global-header-display":"","ast-banner-title-visibility":"","ast-main-header-display":"","ast-hfb-above-header-display":"","ast-hfb-below-header-display":"","ast-hfb-mobile-header-display":"","site-post-title":"","ast-breadcrumbs-content":"","ast-featured-img":"","footer-sml-layout":"","theme-transparent-header-meta":"","adv-header-id-meta":"","stick-header-meta":"","header-above-stick-meta":"","header-main-stick-meta":"","header-below-stick-meta":"","astra-migrate-meta-layouts":"default","ast-page-background-enabled":"default","ast-page-background-meta":{"desktop":{"background-color":"var(--ast-global-color-4)","background-image":"","background-repeat":"repeat","background-position":"center center","background-size":"auto","background-attachment":"scroll","background-type":"","background-media":"","overlay-type":"","overlay-color":"","overlay-opacity":"","overlay-gradient":""},"tablet":{"background-color":"","background-image":"","background-repeat":"repeat","background-position":"center center","background-size":"auto","background-attachment":"scroll","background-type":"","background-media":"","overlay-type":"","overlay-color":"","overlay-opacity":"","overlay-gradient":""},"mobile":{"background-color":"","background-image":"","background-repeat":"repeat","background-position":"center center","background-size":"auto","background-attachment":"scroll","background-type":"","background-media":"","overlay-type":"","overlay-color":"","overlay-opacity":"","overlay-gradient":""}},"ast-content-background-meta":{"desktop":{"background-color":"var(--ast-global-color-5)","background-image":"","background-repeat":"repeat","background-position":"center center","background-size":"auto","background-attachment":"scroll","background-type":"","background-media":"","overlay-type":"","overlay-color":"","overlay-opacity":"","overlay-gradient":""},"tablet":{"background-color":"var(--ast-global-color-5)","background-image":"","background-repeat":"repeat","background-position":"center center","background-size":"auto","background-attachment":"scroll","background-type":"","background-media":"","overlay-type":"","overlay-color":"","overlay-opacity":"","overlay-gradient":""},"mobile":{"background-color":"var(--ast-global-color-5)","background-image":"","background-repeat":"repeat","background-position":"center center","background-size":"auto","background-attachment":"scroll","background-type":"","background-media":"","overlay-type":"","overlay-color":"","overlay-opacity":"","overlay-gradient":""}},"footnotes":""},"categories":[7,1,29],"tags":[],"class_list":["post-8023","post","type-post","status-publish","format-standard","has-post-thumbnail","hentry","category-eso-4","category-general","category-portada"],"post_mailing_queue_ids":[],"_links":{"self":[{"href":"https:\/\/agora.xtec.cat\/iesconselldecent\/wp-json\/wp\/v2\/posts\/8023","targetHints":{"allow":["GET"]}}],"collection":[{"href":"https:\/\/agora.xtec.cat\/iesconselldecent\/wp-json\/wp\/v2\/posts"}],"about":[{"href":"https:\/\/agora.xtec.cat\/iesconselldecent\/wp-json\/wp\/v2\/types\/post"}],"author":[{"embeddable":true,"href":"https:\/\/agora.xtec.cat\/iesconselldecent\/wp-json\/wp\/v2\/users\/1"}],"replies":[{"embeddable":true,"href":"https:\/\/agora.xtec.cat\/iesconselldecent\/wp-json\/wp\/v2\/comments?post=8023"}],"version-history":[{"count":1,"href":"https:\/\/agora.xtec.cat\/iesconselldecent\/wp-json\/wp\/v2\/posts\/8023\/revisions"}],"predecessor-version":[{"id":8024,"href":"https:\/\/agora.xtec.cat\/iesconselldecent\/wp-json\/wp\/v2\/posts\/8023\/revisions\/8024"}],"wp:featuredmedia":[{"embeddable":true,"href":"https:\/\/agora.xtec.cat\/iesconselldecent\/wp-json\/wp\/v2\/media\/8022"}],"wp:attachment":[{"href":"https:\/\/agora.xtec.cat\/iesconselldecent\/wp-json\/wp\/v2\/media?parent=8023"}],"wp:term":[{"taxonomy":"category","embeddable":true,"href":"https:\/\/agora.xtec.cat\/iesconselldecent\/wp-json\/wp\/v2\/categories?post=8023"},{"taxonomy":"post_tag","embeddable":true,"href":"https:\/\/agora.xtec.cat\/iesconselldecent\/wp-json\/wp\/v2\/tags?post=8023"}],"curies":[{"name":"wp","href":"https:\/\/api.w.org\/{rel}","templated":true}]}}