{"id":7445,"date":"2024-01-09T09:22:16","date_gmt":"2024-01-09T08:22:16","guid":{"rendered":"https:\/\/agora.xtec.cat\/iesconselldecent\/?p=7445"},"modified":"2024-01-09T09:22:16","modified_gmt":"2024-01-09T08:22:16","slug":"concert-en-la-sala-parallel-62-amb-lescola-poble-sec","status":"publish","type":"post","link":"https:\/\/agora.xtec.cat\/iesconselldecent\/general\/concert-en-la-sala-parallel-62-amb-lescola-poble-sec\/","title":{"rendered":"Concert en la sala Paral\u00b7lel 62 amb l&#8217;escola Poble-sec"},"content":{"rendered":"<div>Com a tancament del 1r trimestre dos conjunts de 2n d&#8217;ESO del projecte &#8220;rockin&#8221; van participar\u00a0en la festa de Nadal que els alumnes de l&#8217;escola Poblesec van fer per totes les seves fam\u00edlies.<\/div>\n<div>Agra\u00efm a la direcci\u00f3 de l&#8217;escola l&#8217;oportunitat que ens van donar per actuar en aquesta m\u00edtica sala i compartir un mat\u00ed tan especial amb els seus alumnes i fam\u00edlies.<\/div>\n<div><img loading=\"lazy\" decoding=\"async\" class=\"aligncenter size-medium wp-image-7447\" src=\"https:\/\/agora.xtec.cat\/iesconselldecent\/wp-content\/uploads\/usu708\/2024\/01\/Concert-Parallel-62-2-300x225.jpg\" alt=\"\" width=\"300\" height=\"225\" srcset=\"https:\/\/agora.xtec.cat\/iesconselldecent\/wp-content\/uploads\/usu708\/2024\/01\/Concert-Parallel-62-2-300x225.jpg 300w, https:\/\/agora.xtec.cat\/iesconselldecent\/wp-content\/uploads\/usu708\/2024\/01\/Concert-Parallel-62-2-1024x768.jpg 1024w, https:\/\/agora.xtec.cat\/iesconselldecent\/wp-content\/uploads\/usu708\/2024\/01\/Concert-Parallel-62-2-768x576.jpg 768w, https:\/\/agora.xtec.cat\/iesconselldecent\/wp-content\/uploads\/usu708\/2024\/01\/Concert-Parallel-62-2-1536x1152.jpg 1536w, https:\/\/agora.xtec.cat\/iesconselldecent\/wp-content\/uploads\/usu708\/2024\/01\/Concert-Parallel-62-2-2048x1536.jpg 2048w, https:\/\/agora.xtec.cat\/iesconselldecent\/wp-content\/uploads\/usu708\/2024\/01\/Concert-Parallel-62-2-200x150.jpg 200w\" sizes=\"auto, (max-width: 300px) 100vw, 300px\" \/><\/div>\n","protected":false},"excerpt":{"rendered":"<p>Com a tancament del 1r trimestre dos conjunts de 2n d&#8217;ESO del projecte &#8220;rockin&#8221; van participar\u00a0en la festa de Nadal que els alumnes de l&#8217;escola Poblesec van fer per totes les seves fam\u00edlies. Agra\u00efm a la direcci\u00f3 de l&#8217;escola l&#8217;oportunitat que ens van donar per actuar en aquesta m\u00edtica sala i compartir un mat\u00ed tan [&hellip;]<\/p>\n","protected":false},"author":1,"featured_media":7446,"comment_status":"open","ping_status":"closed","sticky":false,"template":"","format":"standard","meta":{"_bbp_topic_count":0,"_bbp_reply_count":0,"_bbp_total_topic_count":0,"_bbp_total_reply_count":0,"_bbp_voice_count":0,"_bbp_anonymous_reply_count":0,"_bbp_topic_count_hidden":0,"_bbp_reply_count_hidden":0,"_bbp_forum_subforum_count":0,"site-sidebar-layout":"default","site-content-layout":"","ast-site-content-layout":"","site-content-style":"default","site-sidebar-style":"default","ast-global-header-display":"","ast-banner-title-visibility":"","ast-main-header-display":"","ast-hfb-above-header-display":"","ast-hfb-below-header-display":"","ast-hfb-mobile-header-display":"","site-post-title":"","ast-breadcrumbs-content":"","ast-featured-img":"","footer-sml-layout":"","theme-transparent-header-meta":"","adv-header-id-meta":"","stick-header-meta":"","header-above-stick-meta":"","header-main-stick-meta":"","header-below-stick-meta":"","astra-migrate-meta-layouts":"default","ast-page-background-enabled":"default","ast-page-background-meta":{"desktop":{"background-color":"var(--ast-global-color-4)","background-image":"","background-repeat":"repeat","background-position":"center center","background-size":"auto","background-attachment":"scroll","background-type":"","background-media":"","overlay-type":"","overlay-color":"","overlay-opacity":"","overlay-gradient":""},"tablet":{"background-color":"","background-image":"","background-repeat":"repeat","background-position":"center center","background-size":"auto","background-attachment":"scroll","background-type":"","background-media":"","overlay-type":"","overlay-color":"","overlay-opacity":"","overlay-gradient":""},"mobile":{"background-color":"","background-image":"","background-repeat":"repeat","background-position":"center center","background-size":"auto","background-attachment":"scroll","background-type":"","background-media":"","overlay-type":"","overlay-color":"","overlay-opacity":"","overlay-gradient":""}},"ast-content-background-meta":{"desktop":{"background-color":"var(--ast-global-color-5)","background-image":"","background-repeat":"repeat","background-position":"center center","background-size":"auto","background-attachment":"scroll","background-type":"","background-media":"","overlay-type":"","overlay-color":"","overlay-opacity":"","overlay-gradient":""},"tablet":{"background-color":"var(--ast-global-color-5)","background-image":"","background-repeat":"repeat","background-position":"center center","background-size":"auto","background-attachment":"scroll","background-type":"","background-media":"","overlay-type":"","overlay-color":"","overlay-opacity":"","overlay-gradient":""},"mobile":{"background-color":"var(--ast-global-color-5)","background-image":"","background-repeat":"repeat","background-position":"center center","background-size":"auto","background-attachment":"scroll","background-type":"","background-media":"","overlay-type":"","overlay-color":"","overlay-opacity":"","overlay-gradient":""}},"footnotes":""},"categories":[4,5,1,29],"tags":[],"class_list":["post-7445","post","type-post","status-publish","format-standard","has-post-thumbnail","hentry","category-eso-1","category-eso-2","category-general","category-portada"],"post_mailing_queue_ids":[],"_links":{"self":[{"href":"https:\/\/agora.xtec.cat\/iesconselldecent\/wp-json\/wp\/v2\/posts\/7445","targetHints":{"allow":["GET"]}}],"collection":[{"href":"https:\/\/agora.xtec.cat\/iesconselldecent\/wp-json\/wp\/v2\/posts"}],"about":[{"href":"https:\/\/agora.xtec.cat\/iesconselldecent\/wp-json\/wp\/v2\/types\/post"}],"author":[{"embeddable":true,"href":"https:\/\/agora.xtec.cat\/iesconselldecent\/wp-json\/wp\/v2\/users\/1"}],"replies":[{"embeddable":true,"href":"https:\/\/agora.xtec.cat\/iesconselldecent\/wp-json\/wp\/v2\/comments?post=7445"}],"version-history":[{"count":1,"href":"https:\/\/agora.xtec.cat\/iesconselldecent\/wp-json\/wp\/v2\/posts\/7445\/revisions"}],"predecessor-version":[{"id":7448,"href":"https:\/\/agora.xtec.cat\/iesconselldecent\/wp-json\/wp\/v2\/posts\/7445\/revisions\/7448"}],"wp:featuredmedia":[{"embeddable":true,"href":"https:\/\/agora.xtec.cat\/iesconselldecent\/wp-json\/wp\/v2\/media\/7446"}],"wp:attachment":[{"href":"https:\/\/agora.xtec.cat\/iesconselldecent\/wp-json\/wp\/v2\/media?parent=7445"}],"wp:term":[{"taxonomy":"category","embeddable":true,"href":"https:\/\/agora.xtec.cat\/iesconselldecent\/wp-json\/wp\/v2\/categories?post=7445"},{"taxonomy":"post_tag","embeddable":true,"href":"https:\/\/agora.xtec.cat\/iesconselldecent\/wp-json\/wp\/v2\/tags?post=7445"}],"curies":[{"name":"wp","href":"https:\/\/api.w.org\/{rel}","templated":true}]}}