{"id":7054,"date":"2023-03-05T10:34:39","date_gmt":"2023-03-05T09:34:39","guid":{"rendered":"https:\/\/agora.xtec.cat\/iesconselldecent\/?p=7054"},"modified":"2023-03-05T10:34:39","modified_gmt":"2023-03-05T09:34:39","slug":"concert-orquestra-infantil-i-juvenil-del-poble-sec-centre-cultural-albareda","status":"publish","type":"post","link":"https:\/\/agora.xtec.cat\/iesconselldecent\/general\/concert-orquestra-infantil-i-juvenil-del-poble-sec-centre-cultural-albareda\/","title":{"rendered":"CONCERT ORQUESTRA INFANTIL I JUVENIL DEL POBLE-SEC CENTRE CULTURAL ALBAREDA"},"content":{"rendered":"<p>Ens fa molta il\u00b7lusi\u00f3 convidar-vos al pr\u00f2xim concert de l\u2019Orquestra Infantil i Juvenil del Poble-Sec \u201cDo d\u2019acords\u201d que tindr\u00e0 lloc e<strong>l dimarts 21 de mar\u00e7 a les 19<\/strong> hores al CC Albareda. El concert comptar\u00e0 amb la participaci\u00f3 dels m\u00fasics convidats Louis-Denis Acosta (Flauta), Dani Molina (Saxo), Eduard Bedoya (Clarinet), Josep Blanes (Tromb\u00f3) i Santiago Acevedo (Baix) i els directors Pablo Persico, Jo\u00e3o Braz i Sebasti\u00e1n Cabra. Comptarem tamb\u00e9 amb una especial direcci\u00f3 d\u2019orquestra per part de l\u2019alumne Adam Rouifi. S\u2019interpretaran creacions dels alumnes, composicions originals per al concert i arranjaments populars de m\u00fasica del \u201cFar West\u201d.<\/p>\n<p>En aquest concert participa for\u00e7a alumnat del nostre institut. Us hi esperem!<\/p>\n<p style=\"font-weight: 400;\">Podeu sol\u00b7licitar entrades gratu\u00eftes en el seg\u00fcent enlla\u00e7 o escrivint a\u00a0<a href=\"mailto:INFO@INTEGRASONS.COM\">INFO@INTEGRASONS.COM<\/a><\/p>\n<p style=\"font-weight: 400;\"><a href=\"https:\/\/forms.gle\/w1rzkD7nM2EUWiZP9\" data-saferedirecturl=\"https:\/\/www.google.com\/url?q=https:\/\/forms.gle\/w1rzkD7nM2EUWiZP9&amp;source=gmail&amp;ust=1678094936894000&amp;usg=AOvVaw25NPwAB_ofxgzEm-_Vp17R\">SOL\u00b7LICITAR ENTRADES GRATU\u00cfTES<\/a><\/p>\n","protected":false},"excerpt":{"rendered":"<p>Ens fa molta il\u00b7lusi\u00f3 convidar-vos al pr\u00f2xim concert de l\u2019Orquestra Infantil i Juvenil del Poble-Sec \u201cDo d\u2019acords\u201d que tindr\u00e0 lloc el dimarts 21 de mar\u00e7 a les 19 hores al CC Albareda. El concert comptar\u00e0 amb la participaci\u00f3 dels m\u00fasics convidats Louis-Denis Acosta (Flauta), Dani Molina (Saxo), Eduard Bedoya (Clarinet), Josep Blanes (Tromb\u00f3) i Santiago [&hellip;]<\/p>\n","protected":false},"author":1,"featured_media":7055,"comment_status":"open","ping_status":"closed","sticky":false,"template":"","format":"standard","meta":{"_bbp_topic_count":0,"_bbp_reply_count":0,"_bbp_total_topic_count":0,"_bbp_total_reply_count":0,"_bbp_voice_count":0,"_bbp_anonymous_reply_count":0,"_bbp_topic_count_hidden":0,"_bbp_reply_count_hidden":0,"_bbp_forum_subforum_count":0,"site-sidebar-layout":"default","site-content-layout":"","ast-site-content-layout":"","site-content-style":"default","site-sidebar-style":"default","ast-global-header-display":"","ast-banner-title-visibility":"","ast-main-header-display":"","ast-hfb-above-header-display":"","ast-hfb-below-header-display":"","ast-hfb-mobile-header-display":"","site-post-title":"","ast-breadcrumbs-content":"","ast-featured-img":"","footer-sml-layout":"","theme-transparent-header-meta":"","adv-header-id-meta":"","stick-header-meta":"","header-above-stick-meta":"","header-main-stick-meta":"","header-below-stick-meta":"","astra-migrate-meta-layouts":"default","ast-page-background-enabled":"default","ast-page-background-meta":{"desktop":{"background-color":"var(--ast-global-color-4)","background-image":"","background-repeat":"repeat","background-position":"center center","background-size":"auto","background-attachment":"scroll","background-type":"","background-media":"","overlay-type":"","overlay-color":"","overlay-opacity":"","overlay-gradient":""},"tablet":{"background-color":"","background-image":"","background-repeat":"repeat","background-position":"center center","background-size":"auto","background-attachment":"scroll","background-type":"","background-media":"","overlay-type":"","overlay-color":"","overlay-opacity":"","overlay-gradient":""},"mobile":{"background-color":"","background-image":"","background-repeat":"repeat","background-position":"center center","background-size":"auto","background-attachment":"scroll","background-type":"","background-media":"","overlay-type":"","overlay-color":"","overlay-opacity":"","overlay-gradient":""}},"ast-content-background-meta":{"desktop":{"background-color":"var(--ast-global-color-5)","background-image":"","background-repeat":"repeat","background-position":"center center","background-size":"auto","background-attachment":"scroll","background-type":"","background-media":"","overlay-type":"","overlay-color":"","overlay-opacity":"","overlay-gradient":""},"tablet":{"background-color":"var(--ast-global-color-5)","background-image":"","background-repeat":"repeat","background-position":"center center","background-size":"auto","background-attachment":"scroll","background-type":"","background-media":"","overlay-type":"","overlay-color":"","overlay-opacity":"","overlay-gradient":""},"mobile":{"background-color":"var(--ast-global-color-5)","background-image":"","background-repeat":"repeat","background-position":"center center","background-size":"auto","background-attachment":"scroll","background-type":"","background-media":"","overlay-type":"","overlay-color":"","overlay-opacity":"","overlay-gradient":""}},"footnotes":""},"categories":[1,29],"tags":[],"class_list":["post-7054","post","type-post","status-publish","format-standard","has-post-thumbnail","hentry","category-general","category-portada"],"post_mailing_queue_ids":[],"_links":{"self":[{"href":"https:\/\/agora.xtec.cat\/iesconselldecent\/wp-json\/wp\/v2\/posts\/7054","targetHints":{"allow":["GET"]}}],"collection":[{"href":"https:\/\/agora.xtec.cat\/iesconselldecent\/wp-json\/wp\/v2\/posts"}],"about":[{"href":"https:\/\/agora.xtec.cat\/iesconselldecent\/wp-json\/wp\/v2\/types\/post"}],"author":[{"embeddable":true,"href":"https:\/\/agora.xtec.cat\/iesconselldecent\/wp-json\/wp\/v2\/users\/1"}],"replies":[{"embeddable":true,"href":"https:\/\/agora.xtec.cat\/iesconselldecent\/wp-json\/wp\/v2\/comments?post=7054"}],"version-history":[{"count":1,"href":"https:\/\/agora.xtec.cat\/iesconselldecent\/wp-json\/wp\/v2\/posts\/7054\/revisions"}],"predecessor-version":[{"id":7056,"href":"https:\/\/agora.xtec.cat\/iesconselldecent\/wp-json\/wp\/v2\/posts\/7054\/revisions\/7056"}],"wp:featuredmedia":[{"embeddable":true,"href":"https:\/\/agora.xtec.cat\/iesconselldecent\/wp-json\/wp\/v2\/media\/7055"}],"wp:attachment":[{"href":"https:\/\/agora.xtec.cat\/iesconselldecent\/wp-json\/wp\/v2\/media?parent=7054"}],"wp:term":[{"taxonomy":"category","embeddable":true,"href":"https:\/\/agora.xtec.cat\/iesconselldecent\/wp-json\/wp\/v2\/categories?post=7054"},{"taxonomy":"post_tag","embeddable":true,"href":"https:\/\/agora.xtec.cat\/iesconselldecent\/wp-json\/wp\/v2\/tags?post=7054"}],"curies":[{"name":"wp","href":"https:\/\/api.w.org\/{rel}","templated":true}]}}