{"id":6546,"date":"2022-02-27T15:52:05","date_gmt":"2022-02-27T14:52:05","guid":{"rendered":"https:\/\/agora.xtec.cat\/iesconselldecent\/?p=6546"},"modified":"2022-02-27T16:01:31","modified_gmt":"2022-02-27T15:01:31","slug":"ultimes-mobilitats-del-nostre-projecte-erasmus","status":"publish","type":"post","link":"https:\/\/agora.xtec.cat\/iesconselldecent\/general\/ultimes-mobilitats-del-nostre-projecte-erasmus\/","title":{"rendered":"\u00daltimes mobilitats del nostre projecte Erasmus: Eslov\u00e8nia i Noruega"},"content":{"rendered":"<p>Com en molts altres \u00e0mbits acad\u00e8mics, aquests \u00faltims mesos hem hagut d&#8217;adaptar les activitats del nostre projecte Erasmus als canvis obligats per la pand\u00e8mia. La mobilitat a Eslov\u00e8nia finalment va haver de ser online, per\u00f2 va ser molt profitosa. Durant la primera setmana de febrer, un total de 16 alumnes del nostre centre va anar passant per les aules habilitades per les activitats online proposades pels nostres socis eslovens. Junt amb uns 80 alumnes dels diferents pa\u00efsos del nostre projecte (Eslov\u00e8nia, Noruega, Portugal i Romania) vam analitzar i intercanviar impressions sobre el llibre <em>No est\u00e0 escrit a les estrelles<\/em> (John Green), vam construir un atrapasomnis, vam guiar els companys pels carrers de Ljubljana, vam aprendre sobre les antigues col\u00f2nies mineres a la zona de Litija, vam parlar d&#8217;emocions i vam escriure les hist\u00f2ries m\u00e9s fant\u00e0stiques de manera col\u00b7laborativa. Per acabar, l&#8217;\u00faltim dia vam tenir l&#8217;honor de ser acomiadats pel traductor a l&#8217;eslov\u00e8 del llibre que treball\u00e0vem, l&#8217;actor i escriptor Bostjan Gorenc, i el president d&#8217;Eslov\u00e8nia, Borut Pahor. Va ser tot un honor!<\/p>\n<p><a href=\"https:\/\/agora.xtec.cat\/iesconselldecent\/wp-content\/uploads\/usu708\/2022\/02\/IMG20220131121027.jpg\"><img loading=\"lazy\" decoding=\"async\" class=\"alignnone size-large wp-image-6547\" src=\"https:\/\/agora.xtec.cat\/iesconselldecent\/wp-content\/uploads\/usu708\/2022\/02\/IMG20220131121027-1024x576.jpg\" alt=\"\" width=\"1024\" height=\"576\" srcset=\"https:\/\/agora.xtec.cat\/iesconselldecent\/wp-content\/uploads\/usu708\/2022\/02\/IMG20220131121027-1024x576.jpg 1024w, https:\/\/agora.xtec.cat\/iesconselldecent\/wp-content\/uploads\/usu708\/2022\/02\/IMG20220131121027-300x169.jpg 300w, https:\/\/agora.xtec.cat\/iesconselldecent\/wp-content\/uploads\/usu708\/2022\/02\/IMG20220131121027-768x432.jpg 768w, https:\/\/agora.xtec.cat\/iesconselldecent\/wp-content\/uploads\/usu708\/2022\/02\/IMG20220131121027-1536x864.jpg 1536w, https:\/\/agora.xtec.cat\/iesconselldecent\/wp-content\/uploads\/usu708\/2022\/02\/IMG20220131121027-2048x1152.jpg 2048w\" sizes=\"auto, (max-width: 1024px) 100vw, 1024px\" \/><\/a><\/p>\n<p><a href=\"https:\/\/agora.xtec.cat\/iesconselldecent\/wp-content\/uploads\/usu708\/2022\/02\/IMG20220202120859.jpg\"><img loading=\"lazy\" decoding=\"async\" class=\"alignnone size-large wp-image-6548\" src=\"https:\/\/agora.xtec.cat\/iesconselldecent\/wp-content\/uploads\/usu708\/2022\/02\/IMG20220202120859-576x1024.jpg\" alt=\"\" width=\"576\" height=\"1024\" srcset=\"https:\/\/agora.xtec.cat\/iesconselldecent\/wp-content\/uploads\/usu708\/2022\/02\/IMG20220202120859-576x1024.jpg 576w, https:\/\/agora.xtec.cat\/iesconselldecent\/wp-content\/uploads\/usu708\/2022\/02\/IMG20220202120859-169x300.jpg 169w, https:\/\/agora.xtec.cat\/iesconselldecent\/wp-content\/uploads\/usu708\/2022\/02\/IMG20220202120859-768x1365.jpg 768w, https:\/\/agora.xtec.cat\/iesconselldecent\/wp-content\/uploads\/usu708\/2022\/02\/IMG20220202120859-864x1536.jpg 864w, https:\/\/agora.xtec.cat\/iesconselldecent\/wp-content\/uploads\/usu708\/2022\/02\/IMG20220202120859-1152x2048.jpg 1152w, https:\/\/agora.xtec.cat\/iesconselldecent\/wp-content\/uploads\/usu708\/2022\/02\/IMG20220202120859.jpg 1296w\" sizes=\"auto, (max-width: 576px) 100vw, 576px\" \/><\/a><a href=\"https:\/\/agora.xtec.cat\/iesconselldecent\/wp-content\/uploads\/usu708\/2022\/02\/IMG20220204131027.jpg\"><img loading=\"lazy\" decoding=\"async\" class=\"alignnone size-large wp-image-6549\" src=\"https:\/\/agora.xtec.cat\/iesconselldecent\/wp-content\/uploads\/usu708\/2022\/02\/IMG20220204131027-576x1024.jpg\" alt=\"\" width=\"576\" height=\"1024\" srcset=\"https:\/\/agora.xtec.cat\/iesconselldecent\/wp-content\/uploads\/usu708\/2022\/02\/IMG20220204131027-576x1024.jpg 576w, https:\/\/agora.xtec.cat\/iesconselldecent\/wp-content\/uploads\/usu708\/2022\/02\/IMG20220204131027-169x300.jpg 169w, https:\/\/agora.xtec.cat\/iesconselldecent\/wp-content\/uploads\/usu708\/2022\/02\/IMG20220204131027-768x1365.jpg 768w, https:\/\/agora.xtec.cat\/iesconselldecent\/wp-content\/uploads\/usu708\/2022\/02\/IMG20220204131027-864x1536.jpg 864w, https:\/\/agora.xtec.cat\/iesconselldecent\/wp-content\/uploads\/usu708\/2022\/02\/IMG20220204131027-1152x2048.jpg 1152w, https:\/\/agora.xtec.cat\/iesconselldecent\/wp-content\/uploads\/usu708\/2022\/02\/IMG20220204131027.jpg 1296w\" sizes=\"auto, (max-width: 576px) 100vw, 576px\" \/><\/a><\/p>\n<p>&nbsp;<\/p>\n<p><a href=\"https:\/\/agora.xtec.cat\/iesconselldecent\/wp-content\/uploads\/usu708\/2022\/02\/IMG20220203105119.jpg\"><img loading=\"lazy\" decoding=\"async\" class=\"alignnone size-large wp-image-6550\" src=\"https:\/\/agora.xtec.cat\/iesconselldecent\/wp-content\/uploads\/usu708\/2022\/02\/IMG20220203105119-1024x576.jpg\" alt=\"\" width=\"1024\" height=\"576\" srcset=\"https:\/\/agora.xtec.cat\/iesconselldecent\/wp-content\/uploads\/usu708\/2022\/02\/IMG20220203105119-1024x576.jpg 1024w, https:\/\/agora.xtec.cat\/iesconselldecent\/wp-content\/uploads\/usu708\/2022\/02\/IMG20220203105119-300x169.jpg 300w, https:\/\/agora.xtec.cat\/iesconselldecent\/wp-content\/uploads\/usu708\/2022\/02\/IMG20220203105119-768x432.jpg 768w, https:\/\/agora.xtec.cat\/iesconselldecent\/wp-content\/uploads\/usu708\/2022\/02\/IMG20220203105119-1536x864.jpg 1536w, https:\/\/agora.xtec.cat\/iesconselldecent\/wp-content\/uploads\/usu708\/2022\/02\/IMG20220203105119-2048x1152.jpg 2048w\" sizes=\"auto, (max-width: 1024px) 100vw, 1024px\" \/><\/a><\/p>\n<p><a href=\"https:\/\/agora.xtec.cat\/iesconselldecent\/wp-content\/uploads\/usu708\/2022\/02\/IMG20220203143811.jpg\"><img loading=\"lazy\" decoding=\"async\" class=\"alignnone size-large wp-image-6551\" src=\"https:\/\/agora.xtec.cat\/iesconselldecent\/wp-content\/uploads\/usu708\/2022\/02\/IMG20220203143811-1024x584.jpg\" alt=\"\" width=\"1024\" height=\"584\" srcset=\"https:\/\/agora.xtec.cat\/iesconselldecent\/wp-content\/uploads\/usu708\/2022\/02\/IMG20220203143811-1024x584.jpg 1024w, https:\/\/agora.xtec.cat\/iesconselldecent\/wp-content\/uploads\/usu708\/2022\/02\/IMG20220203143811-300x171.jpg 300w, https:\/\/agora.xtec.cat\/iesconselldecent\/wp-content\/uploads\/usu708\/2022\/02\/IMG20220203143811-768x438.jpg 768w, https:\/\/agora.xtec.cat\/iesconselldecent\/wp-content\/uploads\/usu708\/2022\/02\/IMG20220203143811-1536x875.jpg 1536w, https:\/\/agora.xtec.cat\/iesconselldecent\/wp-content\/uploads\/usu708\/2022\/02\/IMG20220203143811-2048x1167.jpg 2048w\" sizes=\"auto, (max-width: 1024px) 100vw, 1024px\" \/><\/a><\/p>\n<p>Per acabar, aquestes setmanes ens estem preparant per la propera i \u00faltima mobilitat, que finalment es podr\u00e0 fer de manera f\u00edsica: Noruega! Amb els alumnes de la Hilstad skole (a Bronnoy, al nord del pa\u00eds) treballarem el llibre <em>Girl Online<\/em> (Zoe Sugg) i el tema de l&#8217;assetjament a internet i els reptes de les noves tecnologies. Marxarem el dia 13 de Mar\u00e7 i tornarem el 19. Anem preparant roba d&#8217;abric!<\/p>\n<p>&nbsp;<\/p>\n<p><a href=\"https:\/\/agora.xtec.cat\/iesconselldecent\/wp-content\/uploads\/usu708\/2022\/02\/indice.jpg\"><img loading=\"lazy\" decoding=\"async\" class=\"alignnone size-full wp-image-6552\" src=\"https:\/\/agora.xtec.cat\/iesconselldecent\/wp-content\/uploads\/usu708\/2022\/02\/indice.jpg\" alt=\"\" width=\"471\" height=\"241\" srcset=\"https:\/\/agora.xtec.cat\/iesconselldecent\/wp-content\/uploads\/usu708\/2022\/02\/indice.jpg 471w, https:\/\/agora.xtec.cat\/iesconselldecent\/wp-content\/uploads\/usu708\/2022\/02\/indice-300x154.jpg 300w\" sizes=\"auto, (max-width: 471px) 100vw, 471px\" \/><\/a><\/p>\n<p>&nbsp;<\/p>\n","protected":false},"excerpt":{"rendered":"<p>Com en molts altres \u00e0mbits acad\u00e8mics, aquests \u00faltims mesos hem hagut d&#8217;adaptar les activitats del nostre projecte Erasmus als canvis obligats per la pand\u00e8mia. La mobilitat a Eslov\u00e8nia finalment va haver de ser online, per\u00f2 va ser molt profitosa. Durant la primera setmana de febrer, un total de 16 alumnes del nostre centre va anar [&hellip;]<\/p>\n","protected":false},"author":1,"featured_media":6550,"comment_status":"open","ping_status":"closed","sticky":false,"template":"","format":"standard","meta":{"_bbp_topic_count":0,"_bbp_reply_count":0,"_bbp_total_topic_count":0,"_bbp_total_reply_count":0,"_bbp_voice_count":0,"_bbp_anonymous_reply_count":0,"_bbp_topic_count_hidden":0,"_bbp_reply_count_hidden":0,"_bbp_forum_subforum_count":0,"site-sidebar-layout":"default","site-content-layout":"","ast-site-content-layout":"","site-content-style":"default","site-sidebar-style":"default","ast-global-header-display":"","ast-banner-title-visibility":"","ast-main-header-display":"","ast-hfb-above-header-display":"","ast-hfb-below-header-display":"","ast-hfb-mobile-header-display":"","site-post-title":"","ast-breadcrumbs-content":"","ast-featured-img":"","footer-sml-layout":"","theme-transparent-header-meta":"","adv-header-id-meta":"","stick-header-meta":"","header-above-stick-meta":"","header-main-stick-meta":"","header-below-stick-meta":"","astra-migrate-meta-layouts":"default","ast-page-background-enabled":"default","ast-page-background-meta":{"desktop":{"background-color":"var(--ast-global-color-4)","background-image":"","background-repeat":"repeat","background-position":"center center","background-size":"auto","background-attachment":"scroll","background-type":"","background-media":"","overlay-type":"","overlay-color":"","overlay-opacity":"","overlay-gradient":""},"tablet":{"background-color":"","background-image":"","background-repeat":"repeat","background-position":"center center","background-size":"auto","background-attachment":"scroll","background-type":"","background-media":"","overlay-type":"","overlay-color":"","overlay-opacity":"","overlay-gradient":""},"mobile":{"background-color":"","background-image":"","background-repeat":"repeat","background-position":"center center","background-size":"auto","background-attachment":"scroll","background-type":"","background-media":"","overlay-type":"","overlay-color":"","overlay-opacity":"","overlay-gradient":""}},"ast-content-background-meta":{"desktop":{"background-color":"var(--ast-global-color-5)","background-image":"","background-repeat":"repeat","background-position":"center center","background-size":"auto","background-attachment":"scroll","background-type":"","background-media":"","overlay-type":"","overlay-color":"","overlay-opacity":"","overlay-gradient":""},"tablet":{"background-color":"var(--ast-global-color-5)","background-image":"","background-repeat":"repeat","background-position":"center center","background-size":"auto","background-attachment":"scroll","background-type":"","background-media":"","overlay-type":"","overlay-color":"","overlay-opacity":"","overlay-gradient":""},"mobile":{"background-color":"var(--ast-global-color-5)","background-image":"","background-repeat":"repeat","background-position":"center center","background-size":"auto","background-attachment":"scroll","background-type":"","background-media":"","overlay-type":"","overlay-color":"","overlay-opacity":"","overlay-gradient":""}},"footnotes":""},"categories":[8,3,1,236,29],"tags":[259,307,309,261,319,320,311,262],"class_list":["post-6546","post","type-post","status-publish","format-standard","has-post-thumbnail","hentry","category-batxillerat","category-eso","category-general","category-hello-world","category-portada","tag-erasmus","tag-erasmusconselldecent","tag-eslovenia","tag-literatura","tag-mobilitat","tag-no-esta-escrit-a-les-estrelles","tag-noruega","tag-reading-for-life"],"post_mailing_queue_ids":[],"_links":{"self":[{"href":"https:\/\/agora.xtec.cat\/iesconselldecent\/wp-json\/wp\/v2\/posts\/6546","targetHints":{"allow":["GET"]}}],"collection":[{"href":"https:\/\/agora.xtec.cat\/iesconselldecent\/wp-json\/wp\/v2\/posts"}],"about":[{"href":"https:\/\/agora.xtec.cat\/iesconselldecent\/wp-json\/wp\/v2\/types\/post"}],"author":[{"embeddable":true,"href":"https:\/\/agora.xtec.cat\/iesconselldecent\/wp-json\/wp\/v2\/users\/1"}],"replies":[{"embeddable":true,"href":"https:\/\/agora.xtec.cat\/iesconselldecent\/wp-json\/wp\/v2\/comments?post=6546"}],"version-history":[{"count":2,"href":"https:\/\/agora.xtec.cat\/iesconselldecent\/wp-json\/wp\/v2\/posts\/6546\/revisions"}],"predecessor-version":[{"id":6554,"href":"https:\/\/agora.xtec.cat\/iesconselldecent\/wp-json\/wp\/v2\/posts\/6546\/revisions\/6554"}],"wp:featuredmedia":[{"embeddable":true,"href":"https:\/\/agora.xtec.cat\/iesconselldecent\/wp-json\/wp\/v2\/media\/6550"}],"wp:attachment":[{"href":"https:\/\/agora.xtec.cat\/iesconselldecent\/wp-json\/wp\/v2\/media?parent=6546"}],"wp:term":[{"taxonomy":"category","embeddable":true,"href":"https:\/\/agora.xtec.cat\/iesconselldecent\/wp-json\/wp\/v2\/categories?post=6546"},{"taxonomy":"post_tag","embeddable":true,"href":"https:\/\/agora.xtec.cat\/iesconselldecent\/wp-json\/wp\/v2\/tags?post=6546"}],"curies":[{"name":"wp","href":"https:\/\/api.w.org\/{rel}","templated":true}]}}