{"id":6251,"date":"2021-10-27T11:19:49","date_gmt":"2021-10-27T09:19:49","guid":{"rendered":"https:\/\/agora.xtec.cat\/iesconselldecent\/?p=6251"},"modified":"2021-10-27T11:19:49","modified_gmt":"2021-10-27T09:19:49","slug":"primer-dia-del-projecte-erasmus-al-nostre-institut","status":"publish","type":"post","link":"https:\/\/agora.xtec.cat\/iesconselldecent\/general\/primer-dia-del-projecte-erasmus-al-nostre-institut\/","title":{"rendered":"Primer dia del projecte Erasmus al nostre Institut"},"content":{"rendered":"<p style=\"text-align: left;\">El passat Dilluns, 25 d&#8217;Octubre va ser el primer dia dels nostres &#8220;guests&#8221; al nostre Institut. Els participants d&#8217;Eslov\u00e8nia, Noruega, Portugal i Romania van arribar el Diumenge 24.<\/p>\n<p>El primer dia, a primera hora, van estar amb els seus respectius &#8220;hosts&#8221; en la seva classe, per aix\u00ed poder con\u00e8ixer als nostres companys i amics.<\/p>\n<p>Durant el dia es va fer una presentaci\u00f3 del projecte, es va fer un tour del Institut, tamb\u00e9 vam ensenyar-los a presentar-se en Catal\u00e0. Els nostres visitants ens van parlar de la hist\u00f2ria m\u00e9s recent del seu pa\u00eds i per la tarda, vam fer una activitat que consistia, en grups, fer un tour pel Raval i el G\u00f2tic i aix\u00ed coneixer m\u00e9s la hist\u00f2ria de Barcelona i de un dels barris m\u00e9s antics.<\/p>\n<p><a href=\"https:\/\/agora.xtec.cat\/iesconselldecent\/wp-content\/uploads\/usu708\/2021\/10\/IMG_6976.jpg\"><img loading=\"lazy\" decoding=\"async\" class=\"alignnone size-full wp-image-6226\" src=\"https:\/\/agora.xtec.cat\/iesconselldecent\/wp-content\/uploads\/usu708\/2021\/10\/IMG_6976.jpg\" alt=\"\" width=\"1024\" height=\"728\" srcset=\"https:\/\/agora.xtec.cat\/iesconselldecent\/wp-content\/uploads\/usu708\/2021\/10\/IMG_6976.jpg 1024w, https:\/\/agora.xtec.cat\/iesconselldecent\/wp-content\/uploads\/usu708\/2021\/10\/IMG_6976-300x213.jpg 300w, https:\/\/agora.xtec.cat\/iesconselldecent\/wp-content\/uploads\/usu708\/2021\/10\/IMG_6976-768x546.jpg 768w\" sizes=\"auto, (max-width: 1024px) 100vw, 1024px\" \/><\/a><a href=\"https:\/\/agora.xtec.cat\/iesconselldecent\/wp-content\/uploads\/usu708\/2021\/10\/IMG_6980.jpg\"><img loading=\"lazy\" decoding=\"async\" class=\"alignnone size-full wp-image-6227\" src=\"https:\/\/agora.xtec.cat\/iesconselldecent\/wp-content\/uploads\/usu708\/2021\/10\/IMG_6980.jpg\" alt=\"\" width=\"1024\" height=\"728\" srcset=\"https:\/\/agora.xtec.cat\/iesconselldecent\/wp-content\/uploads\/usu708\/2021\/10\/IMG_6980.jpg 1024w, https:\/\/agora.xtec.cat\/iesconselldecent\/wp-content\/uploads\/usu708\/2021\/10\/IMG_6980-300x213.jpg 300w, https:\/\/agora.xtec.cat\/iesconselldecent\/wp-content\/uploads\/usu708\/2021\/10\/IMG_6980-768x546.jpg 768w\" sizes=\"auto, (max-width: 1024px) 100vw, 1024px\" \/><\/a><a href=\"https:\/\/agora.xtec.cat\/iesconselldecent\/wp-content\/uploads\/usu708\/2021\/10\/IMG_7004.jpg\"><img loading=\"lazy\" decoding=\"async\" class=\"alignnone size-full wp-image-6228\" src=\"https:\/\/agora.xtec.cat\/iesconselldecent\/wp-content\/uploads\/usu708\/2021\/10\/IMG_7004.jpg\" alt=\"\" width=\"1024\" height=\"728\" srcset=\"https:\/\/agora.xtec.cat\/iesconselldecent\/wp-content\/uploads\/usu708\/2021\/10\/IMG_7004.jpg 1024w, https:\/\/agora.xtec.cat\/iesconselldecent\/wp-content\/uploads\/usu708\/2021\/10\/IMG_7004-300x213.jpg 300w, https:\/\/agora.xtec.cat\/iesconselldecent\/wp-content\/uploads\/usu708\/2021\/10\/IMG_7004-768x546.jpg 768w\" sizes=\"auto, (max-width: 1024px) 100vw, 1024px\" \/><\/a><a href=\"https:\/\/agora.xtec.cat\/iesconselldecent\/wp-content\/uploads\/usu708\/2021\/10\/IMG_7016.jpg\"><img loading=\"lazy\" decoding=\"async\" class=\"alignnone size-full wp-image-6229\" src=\"https:\/\/agora.xtec.cat\/iesconselldecent\/wp-content\/uploads\/usu708\/2021\/10\/IMG_7016.jpg\" alt=\"\" width=\"1024\" height=\"728\" srcset=\"https:\/\/agora.xtec.cat\/iesconselldecent\/wp-content\/uploads\/usu708\/2021\/10\/IMG_7016.jpg 1024w, https:\/\/agora.xtec.cat\/iesconselldecent\/wp-content\/uploads\/usu708\/2021\/10\/IMG_7016-300x213.jpg 300w, https:\/\/agora.xtec.cat\/iesconselldecent\/wp-content\/uploads\/usu708\/2021\/10\/IMG_7016-768x546.jpg 768w\" sizes=\"auto, (max-width: 1024px) 100vw, 1024px\" \/><\/a><\/p>\n<pre><sub>@nuriasg<\/sub><\/pre>\n","protected":false},"excerpt":{"rendered":"<p>El passat Dilluns, 25 d&#8217;Octubre va ser el primer dia dels nostres &#8220;guests&#8221; al nostre Institut. Els participants d&#8217;Eslov\u00e8nia, Noruega, Portugal i Romania van arribar el Diumenge 24. El primer dia, a primera hora, van estar amb els seus respectius &#8220;hosts&#8221; en la seva classe, per aix\u00ed poder con\u00e8ixer als nostres companys i amics. Durant [&hellip;]<\/p>\n","protected":false},"author":1,"featured_media":6225,"comment_status":"open","ping_status":"closed","sticky":false,"template":"","format":"standard","meta":{"_bbp_topic_count":0,"_bbp_reply_count":0,"_bbp_total_topic_count":0,"_bbp_total_reply_count":0,"_bbp_voice_count":0,"_bbp_anonymous_reply_count":0,"_bbp_topic_count_hidden":0,"_bbp_reply_count_hidden":0,"_bbp_forum_subforum_count":0,"site-sidebar-layout":"default","site-content-layout":"","ast-site-content-layout":"","site-content-style":"default","site-sidebar-style":"default","ast-global-header-display":"","ast-banner-title-visibility":"","ast-main-header-display":"","ast-hfb-above-header-display":"","ast-hfb-below-header-display":"","ast-hfb-mobile-header-display":"","site-post-title":"","ast-breadcrumbs-content":"","ast-featured-img":"","footer-sml-layout":"","theme-transparent-header-meta":"","adv-header-id-meta":"","stick-header-meta":"","header-above-stick-meta":"","header-main-stick-meta":"","header-below-stick-meta":"","astra-migrate-meta-layouts":"default","ast-page-background-enabled":"default","ast-page-background-meta":{"desktop":{"background-color":"var(--ast-global-color-4)","background-image":"","background-repeat":"repeat","background-position":"center center","background-size":"auto","background-attachment":"scroll","background-type":"","background-media":"","overlay-type":"","overlay-color":"","overlay-opacity":"","overlay-gradient":""},"tablet":{"background-color":"","background-image":"","background-repeat":"repeat","background-position":"center center","background-size":"auto","background-attachment":"scroll","background-type":"","background-media":"","overlay-type":"","overlay-color":"","overlay-opacity":"","overlay-gradient":""},"mobile":{"background-color":"","background-image":"","background-repeat":"repeat","background-position":"center center","background-size":"auto","background-attachment":"scroll","background-type":"","background-media":"","overlay-type":"","overlay-color":"","overlay-opacity":"","overlay-gradient":""}},"ast-content-background-meta":{"desktop":{"background-color":"var(--ast-global-color-5)","background-image":"","background-repeat":"repeat","background-position":"center center","background-size":"auto","background-attachment":"scroll","background-type":"","background-media":"","overlay-type":"","overlay-color":"","overlay-opacity":"","overlay-gradient":""},"tablet":{"background-color":"var(--ast-global-color-5)","background-image":"","background-repeat":"repeat","background-position":"center center","background-size":"auto","background-attachment":"scroll","background-type":"","background-media":"","overlay-type":"","overlay-color":"","overlay-opacity":"","overlay-gradient":""},"mobile":{"background-color":"var(--ast-global-color-5)","background-image":"","background-repeat":"repeat","background-position":"center center","background-size":"auto","background-attachment":"scroll","background-type":"","background-media":"","overlay-type":"","overlay-color":"","overlay-opacity":"","overlay-gradient":""}},"footnotes":""},"categories":[8,237,3,1,29],"tags":[259,307,309,311,310,308],"class_list":["post-6251","post","type-post","status-publish","format-standard","has-post-thumbnail","hentry","category-batxillerat","category-blog","category-eso","category-general","category-portada","tag-erasmus","tag-erasmusconselldecent","tag-eslovenia","tag-noruega","tag-portugal","tag-rumania"],"post_mailing_queue_ids":[],"_links":{"self":[{"href":"https:\/\/agora.xtec.cat\/iesconselldecent\/wp-json\/wp\/v2\/posts\/6251","targetHints":{"allow":["GET"]}}],"collection":[{"href":"https:\/\/agora.xtec.cat\/iesconselldecent\/wp-json\/wp\/v2\/posts"}],"about":[{"href":"https:\/\/agora.xtec.cat\/iesconselldecent\/wp-json\/wp\/v2\/types\/post"}],"author":[{"embeddable":true,"href":"https:\/\/agora.xtec.cat\/iesconselldecent\/wp-json\/wp\/v2\/users\/1"}],"replies":[{"embeddable":true,"href":"https:\/\/agora.xtec.cat\/iesconselldecent\/wp-json\/wp\/v2\/comments?post=6251"}],"version-history":[{"count":3,"href":"https:\/\/agora.xtec.cat\/iesconselldecent\/wp-json\/wp\/v2\/posts\/6251\/revisions"}],"predecessor-version":[{"id":6261,"href":"https:\/\/agora.xtec.cat\/iesconselldecent\/wp-json\/wp\/v2\/posts\/6251\/revisions\/6261"}],"wp:featuredmedia":[{"embeddable":true,"href":"https:\/\/agora.xtec.cat\/iesconselldecent\/wp-json\/wp\/v2\/media\/6225"}],"wp:attachment":[{"href":"https:\/\/agora.xtec.cat\/iesconselldecent\/wp-json\/wp\/v2\/media?parent=6251"}],"wp:term":[{"taxonomy":"category","embeddable":true,"href":"https:\/\/agora.xtec.cat\/iesconselldecent\/wp-json\/wp\/v2\/categories?post=6251"},{"taxonomy":"post_tag","embeddable":true,"href":"https:\/\/agora.xtec.cat\/iesconselldecent\/wp-json\/wp\/v2\/tags?post=6251"}],"curies":[{"name":"wp","href":"https:\/\/api.w.org\/{rel}","templated":true}]}}