{"id":5876,"date":"2020-11-12T12:00:00","date_gmt":"2020-11-12T11:00:00","guid":{"rendered":"http:\/\/agora.xtec.cat\/iesconselldecent\/?p=5876"},"modified":"2020-11-12T12:00:00","modified_gmt":"2020-11-12T11:00:00","slug":"fem-una-cambra-fosca-per-entendre-com-funciona-la-fotografia","status":"publish","type":"post","link":"https:\/\/agora.xtec.cat\/iesconselldecent\/general\/fem-una-cambra-fosca-per-entendre-com-funciona-la-fotografia\/","title":{"rendered":"Fem una cambra fosca per entendre com funciona la fotografia!"},"content":{"rendered":"<p>&#8220;Som els alumnes de 1r de batxillerat art\u00edstic de l&#8217;Institut Consell de Cent i hem comen\u00e7at a fer Cultura Audiovisual amb la profe Ver\u00f2nica Varas.<\/p>\n<p>Haviem parlat a classe dels principis de la fotografia. Haviem vist el projecte &#8220;Camera Obscura&#8221; d&#8217;Abelardo Morell i, per entendre i viure com funciona la fotografia vam fer una Cambra Fosca a classe.<\/p>\n<p>Per fer aquesta pr\u00e0ctica vam haver de anar a una habitaci\u00f3 amb finestres, vam escollir la nostra principal perqu\u00e8 tenia dues possibles vistes. La pr\u00e0ctica consistia en tapar amb cartrons totes les finestres i deixar dos mini forats en cada costat de l\u2019aula. Els tap\u00e0vem segons la finestra que triavem. Al mig de la clase dos alumnes agafaven i aguantaven un gran paper blanc perqu\u00e8 la imatge de l&#8217;exterior es reflect\u00eds en ell. Al principi es veia borr\u00f3s, i vam estar provant movent-lo diferents dist\u00e0ncies i tapant el forat amb un cartr\u00f3 que haviem fet amb forats de diferents mides i amb l\u2019ajut d\u2019una lupa. Amb la lupa es veia molt enfocat! Tamb\u00e9 vam utilitzar un visor fet amb paper vegetal i la combinaci\u00f3 va ser molt guai. Una sorpresa, es veien fins i tot els cotxes i les bicis movent-se pel carrer.<\/p>\n<p>Quin invent!&#8221;<\/p>\n<p><a href=\"https:\/\/drive.google.com\/drive\/folders\/1nlbKR64uSdwgh8jgusLG7V-A13HtB_zS?usp=sharing\">TENIU M\u00c9S IMATGES AQU\u00cd<\/a> !!!<\/p>\n<p>Pau Gabriel, alumne de 1r de batxillerat art\u00edstic.<\/p>\n","protected":false},"excerpt":{"rendered":"<p>&#8220;Som els alumnes de 1r de batxillerat art\u00edstic de l&#8217;Institut Consell de Cent i hem comen\u00e7at a fer Cultura Audiovisual amb la profe Ver\u00f2nica Varas. Haviem parlat a classe dels principis de la fotografia. Haviem vist el projecte &#8220;Camera Obscura&#8221; d&#8217;Abelardo Morell i, per entendre i viure com funciona la fotografia vam fer una Cambra [&hellip;]<\/p>\n","protected":false},"author":1,"featured_media":5877,"comment_status":"open","ping_status":"closed","sticky":false,"template":"","format":"standard","meta":{"_bbp_topic_count":0,"_bbp_reply_count":0,"_bbp_total_topic_count":0,"_bbp_total_reply_count":0,"_bbp_voice_count":0,"_bbp_anonymous_reply_count":0,"_bbp_topic_count_hidden":0,"_bbp_reply_count_hidden":0,"_bbp_forum_subforum_count":0,"site-sidebar-layout":"default","site-content-layout":"","ast-site-content-layout":"","site-content-style":"default","site-sidebar-style":"default","ast-global-header-display":"","ast-banner-title-visibility":"","ast-main-header-display":"","ast-hfb-above-header-display":"","ast-hfb-below-header-display":"","ast-hfb-mobile-header-display":"","site-post-title":"","ast-breadcrumbs-content":"","ast-featured-img":"","footer-sml-layout":"","theme-transparent-header-meta":"","adv-header-id-meta":"","stick-header-meta":"","header-above-stick-meta":"","header-main-stick-meta":"","header-below-stick-meta":"","astra-migrate-meta-layouts":"default","ast-page-background-enabled":"default","ast-page-background-meta":{"desktop":{"background-color":"var(--ast-global-color-4)","background-image":"","background-repeat":"repeat","background-position":"center center","background-size":"auto","background-attachment":"scroll","background-type":"","background-media":"","overlay-type":"","overlay-color":"","overlay-opacity":"","overlay-gradient":""},"tablet":{"background-color":"","background-image":"","background-repeat":"repeat","background-position":"center center","background-size":"auto","background-attachment":"scroll","background-type":"","background-media":"","overlay-type":"","overlay-color":"","overlay-opacity":"","overlay-gradient":""},"mobile":{"background-color":"","background-image":"","background-repeat":"repeat","background-position":"center center","background-size":"auto","background-attachment":"scroll","background-type":"","background-media":"","overlay-type":"","overlay-color":"","overlay-opacity":"","overlay-gradient":""}},"ast-content-background-meta":{"desktop":{"background-color":"var(--ast-global-color-5)","background-image":"","background-repeat":"repeat","background-position":"center center","background-size":"auto","background-attachment":"scroll","background-type":"","background-media":"","overlay-type":"","overlay-color":"","overlay-opacity":"","overlay-gradient":""},"tablet":{"background-color":"var(--ast-global-color-5)","background-image":"","background-repeat":"repeat","background-position":"center center","background-size":"auto","background-attachment":"scroll","background-type":"","background-media":"","overlay-type":"","overlay-color":"","overlay-opacity":"","overlay-gradient":""},"mobile":{"background-color":"var(--ast-global-color-5)","background-image":"","background-repeat":"repeat","background-position":"center center","background-size":"auto","background-attachment":"scroll","background-type":"","background-media":"","overlay-type":"","overlay-color":"","overlay-opacity":"","overlay-gradient":""}},"footnotes":""},"categories":[81,1,29],"tags":[],"class_list":["post-5876","post","type-post","status-publish","format-standard","has-post-thumbnail","hentry","category-batxillerat-artistic","category-general","category-portada"],"post_mailing_queue_ids":[],"_links":{"self":[{"href":"https:\/\/agora.xtec.cat\/iesconselldecent\/wp-json\/wp\/v2\/posts\/5876","targetHints":{"allow":["GET"]}}],"collection":[{"href":"https:\/\/agora.xtec.cat\/iesconselldecent\/wp-json\/wp\/v2\/posts"}],"about":[{"href":"https:\/\/agora.xtec.cat\/iesconselldecent\/wp-json\/wp\/v2\/types\/post"}],"author":[{"embeddable":true,"href":"https:\/\/agora.xtec.cat\/iesconselldecent\/wp-json\/wp\/v2\/users\/1"}],"replies":[{"embeddable":true,"href":"https:\/\/agora.xtec.cat\/iesconselldecent\/wp-json\/wp\/v2\/comments?post=5876"}],"version-history":[{"count":1,"href":"https:\/\/agora.xtec.cat\/iesconselldecent\/wp-json\/wp\/v2\/posts\/5876\/revisions"}],"predecessor-version":[{"id":5878,"href":"https:\/\/agora.xtec.cat\/iesconselldecent\/wp-json\/wp\/v2\/posts\/5876\/revisions\/5878"}],"wp:featuredmedia":[{"embeddable":true,"href":"https:\/\/agora.xtec.cat\/iesconselldecent\/wp-json\/wp\/v2\/media\/5877"}],"wp:attachment":[{"href":"https:\/\/agora.xtec.cat\/iesconselldecent\/wp-json\/wp\/v2\/media?parent=5876"}],"wp:term":[{"taxonomy":"category","embeddable":true,"href":"https:\/\/agora.xtec.cat\/iesconselldecent\/wp-json\/wp\/v2\/categories?post=5876"},{"taxonomy":"post_tag","embeddable":true,"href":"https:\/\/agora.xtec.cat\/iesconselldecent\/wp-json\/wp\/v2\/tags?post=5876"}],"curies":[{"name":"wp","href":"https:\/\/api.w.org\/{rel}","templated":true}]}}