{"id":5839,"date":"2020-10-06T12:57:58","date_gmt":"2020-10-06T10:57:58","guid":{"rendered":"http:\/\/agora.xtec.cat\/iesconselldecent\/?p=5839"},"modified":"2020-10-06T12:59:07","modified_gmt":"2020-10-06T10:59:07","slug":"ii-concurs-el-problema-del-mes","status":"publish","type":"post","link":"https:\/\/agora.xtec.cat\/iesconselldecent\/general\/ii-concurs-el-problema-del-mes\/","title":{"rendered":"II Concurs \u201cEl Problema del Mes\u201d"},"content":{"rendered":"<p>&nbsp;<\/p>\n<table width=\"621\">\n<tbody>\n<tr>\n<td width=\"288\"><img loading=\"lazy\" decoding=\"async\" class=\"alignleft size-full wp-image-5840\" src=\"https:\/\/agora.xtec.cat\/iesconselldecent\/wp-content\/uploads\/usu708\/2020\/10\/MES.png\" alt=\"\" width=\"339\" height=\"254\" srcset=\"https:\/\/agora.xtec.cat\/iesconselldecent\/wp-content\/uploads\/usu708\/2020\/10\/MES.png 339w, https:\/\/agora.xtec.cat\/iesconselldecent\/wp-content\/uploads\/usu708\/2020\/10\/MES-300x225.png 300w, https:\/\/agora.xtec.cat\/iesconselldecent\/wp-content\/uploads\/usu708\/2020\/10\/MES-200x150.png 200w\" sizes=\"auto, (max-width: 339px) 100vw, 339px\" \/><\/td>\n<td width=\"333\">&nbsp;<\/p>\n<p>El II Concurs de Resoluci\u00f3 de Problemes \u201cEl Problema del Mes\u201d, organitzat per la Departament de Matem\u00e0tiques de l\u2019Institut, t\u00e9 la finalitat de potenciar la resoluci\u00f3 de problemes com a forma de millorar l&#8217;aprenentatge de les matem\u00e0tiques des del punt de vista de la creativitat i la diversitat.<\/p>\n<p>&nbsp;<\/p>\n<p>&nbsp;<\/td>\n<\/tr>\n<\/tbody>\n<\/table>\n<p>Cada mes et proposarem un problema i el lliurament de la soluci\u00f3 \u00e9s al llarg de la primera setmana del mes seg\u00fcent.<\/p>\n<p>&nbsp;<\/p>\n<p>Escriu la soluci\u00f3 desenvolupada i fica-la a la caixa que estar\u00e0 a Consergeria o envia-la al correu electr\u00f2nic <em>problema.del.mes.2021@mail.com<\/em>, tot indicant el teu nom complert, curs i grup.<\/p>\n<p>&nbsp;<\/p>\n<p>Mensualment es publicar\u00e0 la llista dels alumnes que hagin presentat la resposta correcta i es penjar\u00e0 alguna de les solucions. Es premiar\u00e0 l\u2019alumne que hagi presentat la soluci\u00f3 m\u00e9s original, amb m\u00e9s enginy, eleg\u00e0ncia o claredat d&#8217;exposici\u00f3.<\/p>\n","protected":false},"excerpt":{"rendered":"<p>&nbsp; &nbsp; El II Concurs de Resoluci\u00f3 de Problemes \u201cEl Problema del Mes\u201d, organitzat per la Departament de Matem\u00e0tiques de l\u2019Institut, t\u00e9 la finalitat de potenciar la resoluci\u00f3 de problemes com a forma de millorar l&#8217;aprenentatge de les matem\u00e0tiques des del punt de vista de la creativitat i la diversitat. &nbsp; &nbsp; Cada mes et [&hellip;]<\/p>\n","protected":false},"author":1,"featured_media":5840,"comment_status":"open","ping_status":"closed","sticky":false,"template":"","format":"standard","meta":{"_bbp_topic_count":0,"_bbp_reply_count":0,"_bbp_total_topic_count":0,"_bbp_total_reply_count":0,"_bbp_voice_count":0,"_bbp_anonymous_reply_count":0,"_bbp_topic_count_hidden":0,"_bbp_reply_count_hidden":0,"_bbp_forum_subforum_count":0,"site-sidebar-layout":"default","site-content-layout":"","ast-site-content-layout":"","site-content-style":"default","site-sidebar-style":"default","ast-global-header-display":"","ast-banner-title-visibility":"","ast-main-header-display":"","ast-hfb-above-header-display":"","ast-hfb-below-header-display":"","ast-hfb-mobile-header-display":"","site-post-title":"","ast-breadcrumbs-content":"","ast-featured-img":"","footer-sml-layout":"","theme-transparent-header-meta":"","adv-header-id-meta":"","stick-header-meta":"","header-above-stick-meta":"","header-main-stick-meta":"","header-below-stick-meta":"","astra-migrate-meta-layouts":"default","ast-page-background-enabled":"default","ast-page-background-meta":{"desktop":{"background-color":"var(--ast-global-color-4)","background-image":"","background-repeat":"repeat","background-position":"center center","background-size":"auto","background-attachment":"scroll","background-type":"","background-media":"","overlay-type":"","overlay-color":"","overlay-opacity":"","overlay-gradient":""},"tablet":{"background-color":"","background-image":"","background-repeat":"repeat","background-position":"center center","background-size":"auto","background-attachment":"scroll","background-type":"","background-media":"","overlay-type":"","overlay-color":"","overlay-opacity":"","overlay-gradient":""},"mobile":{"background-color":"","background-image":"","background-repeat":"repeat","background-position":"center center","background-size":"auto","background-attachment":"scroll","background-type":"","background-media":"","overlay-type":"","overlay-color":"","overlay-opacity":"","overlay-gradient":""}},"ast-content-background-meta":{"desktop":{"background-color":"var(--ast-global-color-5)","background-image":"","background-repeat":"repeat","background-position":"center center","background-size":"auto","background-attachment":"scroll","background-type":"","background-media":"","overlay-type":"","overlay-color":"","overlay-opacity":"","overlay-gradient":""},"tablet":{"background-color":"var(--ast-global-color-5)","background-image":"","background-repeat":"repeat","background-position":"center center","background-size":"auto","background-attachment":"scroll","background-type":"","background-media":"","overlay-type":"","overlay-color":"","overlay-opacity":"","overlay-gradient":""},"mobile":{"background-color":"var(--ast-global-color-5)","background-image":"","background-repeat":"repeat","background-position":"center center","background-size":"auto","background-attachment":"scroll","background-type":"","background-media":"","overlay-type":"","overlay-color":"","overlay-opacity":"","overlay-gradient":""}},"footnotes":""},"categories":[1,29],"tags":[],"class_list":["post-5839","post","type-post","status-publish","format-standard","has-post-thumbnail","hentry","category-general","category-portada"],"post_mailing_queue_ids":[],"_links":{"self":[{"href":"https:\/\/agora.xtec.cat\/iesconselldecent\/wp-json\/wp\/v2\/posts\/5839","targetHints":{"allow":["GET"]}}],"collection":[{"href":"https:\/\/agora.xtec.cat\/iesconselldecent\/wp-json\/wp\/v2\/posts"}],"about":[{"href":"https:\/\/agora.xtec.cat\/iesconselldecent\/wp-json\/wp\/v2\/types\/post"}],"author":[{"embeddable":true,"href":"https:\/\/agora.xtec.cat\/iesconselldecent\/wp-json\/wp\/v2\/users\/1"}],"replies":[{"embeddable":true,"href":"https:\/\/agora.xtec.cat\/iesconselldecent\/wp-json\/wp\/v2\/comments?post=5839"}],"version-history":[{"count":1,"href":"https:\/\/agora.xtec.cat\/iesconselldecent\/wp-json\/wp\/v2\/posts\/5839\/revisions"}],"predecessor-version":[{"id":5841,"href":"https:\/\/agora.xtec.cat\/iesconselldecent\/wp-json\/wp\/v2\/posts\/5839\/revisions\/5841"}],"wp:featuredmedia":[{"embeddable":true,"href":"https:\/\/agora.xtec.cat\/iesconselldecent\/wp-json\/wp\/v2\/media\/5840"}],"wp:attachment":[{"href":"https:\/\/agora.xtec.cat\/iesconselldecent\/wp-json\/wp\/v2\/media?parent=5839"}],"wp:term":[{"taxonomy":"category","embeddable":true,"href":"https:\/\/agora.xtec.cat\/iesconselldecent\/wp-json\/wp\/v2\/categories?post=5839"},{"taxonomy":"post_tag","embeddable":true,"href":"https:\/\/agora.xtec.cat\/iesconselldecent\/wp-json\/wp\/v2\/tags?post=5839"}],"curies":[{"name":"wp","href":"https:\/\/api.w.org\/{rel}","templated":true}]}}