{"id":5635,"date":"2020-04-23T10:07:37","date_gmt":"2020-04-23T08:07:37","guid":{"rendered":"http:\/\/agora.xtec.cat\/iesconselldecent\/?p=5635"},"modified":"2020-04-30T10:54:21","modified_gmt":"2020-04-30T08:54:21","slug":"felic-sant-jordi-2020","status":"publish","type":"post","link":"https:\/\/agora.xtec.cat\/iesconselldecent\/general\/felic-sant-jordi-2020\/","title":{"rendered":"SANT JORDI des de casa"},"content":{"rendered":"<h5 style=\"text-align: left;\">Ho ten\u00edem tot preparat per\u00f2&#8230;&#8230;aquest any no podrem celebrar <span style=\"color: #ff0000;\"><strong>Sant Jordi<\/strong><\/span> com sempre per\u00f2 ho farem d&#8217;una manera especial perqu\u00e8 Sant Jordi no es confina. No tindrem passejada per les Rambles ni lliurament de premis ni actuacions a la Casa del Mar, per\u00f2 si podrem gaudir dels vostres relats, que amb molta creativitat i imaginaci\u00f3 ens heu fet arribar.<br \/>\nMoltes gr\u00e0cies a tots i a totes per participar.<br \/>\n<span style=\"color: #99cc00;\"><strong>\u00a0\u00a0\u00a0\u00a0\u00a0\u00a0\u00a0\u00a0\u00a0\u00a0\u00a0\u00a0\u00a0\u00a0\u00a0\u00a0\u00a0\u00a0\u00a0\u00a0\u00a0\u00a0\u00a0\u00a0\u00a0\u00a0\u00a0\u00a0\u00a0\u00a0\u00a0\u00a0\u00a0\u00a0\u00a0\u00a0\u00a0\u00a0\u00a0\u00a0\u00a0\u00a0\u00a0\u00a0\u00a0\u00a0\u00a0\u00a0\u00a0\u00a0\u00a0\u00a0\u00a0\u00a0\u00a0\u00a0\u00a0\u00a0\u00a0\u00a0\u00a0\u00a0\u00a0\u00a0\u00a0\u00a0\u00a0\u00a0\u00a0\u00a0\u00a0\u00a0\u00a0\u00a0\u00a0\u00a0\u00a0\u00a0\u00a0\u00a0\u00a0\u00a0 BONA DIADA DE SANT JORDI!!!<\/strong><\/span><br \/>\n<a href=\"https:\/\/larevistadelinsti.tumblr.com\/\">Us convidem a llegir els textos guanyadors en la revista digital del centre.<\/a><\/h5>\n<h5><a href=\"https:\/\/drive.google.com\/drive\/folders\/1E0Pxi8b1x7qHKgQ5u23aDGi1zAN_w8VH?usp=sharing\">Tamb\u00e9 us convidem a veure les feines de Sant Jordi de 1r d&#8217;ESO<\/a><\/h5>\n<h2><span style=\"color: #ff0000;\"><strong>GUANYADORS SANT JORDI 2020<\/strong><\/span><\/h2>\n<h3><span style=\"color: #99cc00;\"><strong>DEPARTAMENT DE CATAL\u00c0<\/strong><\/span><\/h3>\n<p><strong>PROSA\u00a0<\/strong><\/p>\n<p><strong>1r d\u2019ESO<\/strong><\/p>\n<p>ZAYD EL KASMI 1r B per el jardi somiat<\/p>\n<p>SHAHINA UDDIN 1r C per el bosc<\/p>\n<p><strong>2n ESO<\/strong><\/p>\n<p>S\u00cdLVIA ALAS\u00a0 2n A per Nat\u00e0lia i l&#8217;estrany jard\u00ed<\/p>\n<p>QIAN QIAN per la rosa solit\u00e0ria<\/p>\n<p><strong>3r ESO<\/strong><\/p>\n<p>AMABELA IRISH TAMA\u00d1O\u00a0 3r A per Situaci\u00f3 increible<\/p>\n<p>SALMA ALKAMBOUI\u00a0 3r C per La promesa<\/p>\n<p><strong>4t ESO<\/strong><\/p>\n<p>SCARLET LABOUR ENCARNACI\u00d3N\u00a0 4t C per La pluja i la meva companya<\/p>\n<p>AROA MESA\u00a0 4t D per El cavaller cec<\/p>\n<p><strong>1r Batxillerat<\/strong><\/p>\n<p>LAIA RUI MARTINEZ 1r Batxillerat A per No tan vulnerable poncella\u00a0inquieta<\/p>\n<p><strong>2n Batxillerat<\/strong><\/p>\n<p>C\u00e9sar Pequero 2n Batxillerat A per Avui \u00e9s un dia com qualsevol<\/p>\n<h3><span style=\"color: #99cc00;\"><strong>GUANYADORS CASTELL\u00c0<\/strong><\/span><\/h3>\n<p><strong>1er CICLO DE LA ESO<\/strong><\/p>\n<p><strong>PROSA<\/strong>:<\/p>\n<p>Eman Rashid&#8230; 2\u00ba\u00a0 B<\/p>\n<p>Qian Qian&#8230;&#8230;&#8230; 2\u00ba C<\/p>\n<p><strong>2\u00ba CICLO ESO<\/strong><\/p>\n<p><strong>PROSA<\/strong><\/p>\n<p>Hamna Hashmi\u00a0\u00a0 3rC<\/p>\n<p>Paola Gonz\u00e1lez dd 4\u00ba B<\/p>\n<p><strong>POES\u00cdA<\/strong><\/p>\n<p>Momna Hamid Banaris Sadiq\u00a0 &#8230;4\u00ba B<\/p>\n<p>Jessica Pach\u00f3n &#8230;&#8230;4\u00ba C<\/p>\n<p><strong>BACHILLERATO.<\/strong><\/p>\n<p><strong>POES\u00cdA<\/strong><\/p>\n<p>Carlos P\u00e9rez\u00a0 1\u00ba Bachillerato B<\/p>\n<p><strong>PROSA<\/strong><\/p>\n<p>Lara Riera 1\u00ba Bachillerato A<\/p>\n<p>Justin Sabrina Freire 2\u00ba Bachillerato B<\/p>\n<p>Marina Garc\u00eda 2\u00ba Bachillerato A<\/p>\n","protected":false},"excerpt":{"rendered":"<p>Ho ten\u00edem tot preparat per\u00f2&#8230;&#8230;aquest any no podrem celebrar Sant Jordi com sempre per\u00f2 ho farem d&#8217;una manera especial perqu\u00e8 Sant Jordi no es confina. No tindrem passejada per les Rambles ni lliurament de premis ni actuacions a la Casa del Mar, per\u00f2 si podrem gaudir dels vostres relats, que amb molta creativitat i imaginaci\u00f3 [&hellip;]<\/p>\n","protected":false},"author":1,"featured_media":5639,"comment_status":"open","ping_status":"closed","sticky":false,"template":"","format":"standard","meta":{"_bbp_topic_count":0,"_bbp_reply_count":0,"_bbp_total_topic_count":0,"_bbp_total_reply_count":0,"_bbp_voice_count":0,"_bbp_anonymous_reply_count":0,"_bbp_topic_count_hidden":0,"_bbp_reply_count_hidden":0,"_bbp_forum_subforum_count":0,"site-sidebar-layout":"default","site-content-layout":"","ast-site-content-layout":"","site-content-style":"default","site-sidebar-style":"default","ast-global-header-display":"","ast-banner-title-visibility":"","ast-main-header-display":"","ast-hfb-above-header-display":"","ast-hfb-below-header-display":"","ast-hfb-mobile-header-display":"","site-post-title":"","ast-breadcrumbs-content":"","ast-featured-img":"","footer-sml-layout":"","theme-transparent-header-meta":"","adv-header-id-meta":"","stick-header-meta":"","header-above-stick-meta":"","header-main-stick-meta":"","header-below-stick-meta":"","astra-migrate-meta-layouts":"default","ast-page-background-enabled":"default","ast-page-background-meta":{"desktop":{"background-color":"var(--ast-global-color-4)","background-image":"","background-repeat":"repeat","background-position":"center center","background-size":"auto","background-attachment":"scroll","background-type":"","background-media":"","overlay-type":"","overlay-color":"","overlay-opacity":"","overlay-gradient":""},"tablet":{"background-color":"","background-image":"","background-repeat":"repeat","background-position":"center center","background-size":"auto","background-attachment":"scroll","background-type":"","background-media":"","overlay-type":"","overlay-color":"","overlay-opacity":"","overlay-gradient":""},"mobile":{"background-color":"","background-image":"","background-repeat":"repeat","background-position":"center center","background-size":"auto","background-attachment":"scroll","background-type":"","background-media":"","overlay-type":"","overlay-color":"","overlay-opacity":"","overlay-gradient":""}},"ast-content-background-meta":{"desktop":{"background-color":"var(--ast-global-color-5)","background-image":"","background-repeat":"repeat","background-position":"center center","background-size":"auto","background-attachment":"scroll","background-type":"","background-media":"","overlay-type":"","overlay-color":"","overlay-opacity":"","overlay-gradient":""},"tablet":{"background-color":"var(--ast-global-color-5)","background-image":"","background-repeat":"repeat","background-position":"center center","background-size":"auto","background-attachment":"scroll","background-type":"","background-media":"","overlay-type":"","overlay-color":"","overlay-opacity":"","overlay-gradient":""},"mobile":{"background-color":"var(--ast-global-color-5)","background-image":"","background-repeat":"repeat","background-position":"center center","background-size":"auto","background-attachment":"scroll","background-type":"","background-media":"","overlay-type":"","overlay-color":"","overlay-opacity":"","overlay-gradient":""}},"footnotes":""},"categories":[1,29],"tags":[],"class_list":["post-5635","post","type-post","status-publish","format-standard","has-post-thumbnail","hentry","category-general","category-portada"],"post_mailing_queue_ids":[],"_links":{"self":[{"href":"https:\/\/agora.xtec.cat\/iesconselldecent\/wp-json\/wp\/v2\/posts\/5635","targetHints":{"allow":["GET"]}}],"collection":[{"href":"https:\/\/agora.xtec.cat\/iesconselldecent\/wp-json\/wp\/v2\/posts"}],"about":[{"href":"https:\/\/agora.xtec.cat\/iesconselldecent\/wp-json\/wp\/v2\/types\/post"}],"author":[{"embeddable":true,"href":"https:\/\/agora.xtec.cat\/iesconselldecent\/wp-json\/wp\/v2\/users\/1"}],"replies":[{"embeddable":true,"href":"https:\/\/agora.xtec.cat\/iesconselldecent\/wp-json\/wp\/v2\/comments?post=5635"}],"version-history":[{"count":3,"href":"https:\/\/agora.xtec.cat\/iesconselldecent\/wp-json\/wp\/v2\/posts\/5635\/revisions"}],"predecessor-version":[{"id":5646,"href":"https:\/\/agora.xtec.cat\/iesconselldecent\/wp-json\/wp\/v2\/posts\/5635\/revisions\/5646"}],"wp:featuredmedia":[{"embeddable":true,"href":"https:\/\/agora.xtec.cat\/iesconselldecent\/wp-json\/wp\/v2\/media\/5639"}],"wp:attachment":[{"href":"https:\/\/agora.xtec.cat\/iesconselldecent\/wp-json\/wp\/v2\/media?parent=5635"}],"wp:term":[{"taxonomy":"category","embeddable":true,"href":"https:\/\/agora.xtec.cat\/iesconselldecent\/wp-json\/wp\/v2\/categories?post=5635"},{"taxonomy":"post_tag","embeddable":true,"href":"https:\/\/agora.xtec.cat\/iesconselldecent\/wp-json\/wp\/v2\/tags?post=5635"}],"curies":[{"name":"wp","href":"https:\/\/api.w.org\/{rel}","templated":true}]}}