{"id":5464,"date":"2020-02-19T10:50:42","date_gmt":"2020-02-19T09:50:42","guid":{"rendered":"http:\/\/agora.xtec.cat\/iesconselldecent\/?p=5464"},"modified":"2020-02-19T10:50:42","modified_gmt":"2020-02-19T09:50:42","slug":"berenar-amb-families-dalumnat-amb-sordesa","status":"publish","type":"post","link":"https:\/\/agora.xtec.cat\/iesconselldecent\/general\/berenar-amb-families-dalumnat-amb-sordesa\/","title":{"rendered":"Berenar amb\u00a0 fam\u00edlies d&#8217;alumnat amb sordesa\u00a0"},"content":{"rendered":"<div class=\"gmail_quote\">\n<div dir=\"auto\">El dimarts 18 de febrer per la tarda, va tenir lloc \u00a0al nostre centre educatiu un berenar &#8211; tert\u00falia amb fam\u00edlies d\u2019alumnat amb sordesa amb les coordinadores pedag\u00f2gica (Gemma Carre\u00f1o) i d\u2019alumnat sord (Marta Vinardell); per compartir neguits, fortaleses, sugger\u00e8ncies i propostes en relaci\u00f3 als seus fills sords i alumnes del centre. Un dels pilars de l\u2019educaci\u00f3 inclusiva \u00e9s el treball amb fam\u00edlies, fer m\u00e9s cohesi\u00f3 per cobrir les necessitats socials i personals dels nois i noies amb sordesa. Van sortir temes com la sexualitat, l\u2019orientaci\u00f3, la socialitzaci\u00f3, el suport educatiu, la salut mental i emocional, l\u2019autonomia,&#8230; Ens tornarem a veure!<\/div>\n<div dir=\"auto\"><\/div>\n<div dir=\"auto\"><img loading=\"lazy\" decoding=\"async\" class=\"alignleft size-full wp-image-5465\" src=\"https:\/\/agora.xtec.cat\/iesconselldecent\/wp-content\/uploads\/usu708\/2020\/02\/unnamed.jpg\" alt=\"\" width=\"4032\" height=\"3024\" srcset=\"https:\/\/agora.xtec.cat\/iesconselldecent\/wp-content\/uploads\/usu708\/2020\/02\/unnamed.jpg 4032w, https:\/\/agora.xtec.cat\/iesconselldecent\/wp-content\/uploads\/usu708\/2020\/02\/unnamed-300x225.jpg 300w, https:\/\/agora.xtec.cat\/iesconselldecent\/wp-content\/uploads\/usu708\/2020\/02\/unnamed-768x576.jpg 768w, https:\/\/agora.xtec.cat\/iesconselldecent\/wp-content\/uploads\/usu708\/2020\/02\/unnamed-1024x768.jpg 1024w, https:\/\/agora.xtec.cat\/iesconselldecent\/wp-content\/uploads\/usu708\/2020\/02\/unnamed-200x150.jpg 200w\" sizes=\"auto, (max-width: 4032px) 100vw, 4032px\" \/><\/div>\n<\/div>\n","protected":false},"excerpt":{"rendered":"<p>El dimarts 18 de febrer per la tarda, va tenir lloc \u00a0al nostre centre educatiu un berenar &#8211; tert\u00falia amb fam\u00edlies d\u2019alumnat amb sordesa amb les coordinadores pedag\u00f2gica (Gemma Carre\u00f1o) i d\u2019alumnat sord (Marta Vinardell); per compartir neguits, fortaleses, sugger\u00e8ncies i propostes en relaci\u00f3 als seus fills sords i alumnes del centre. Un dels pilars [&hellip;]<\/p>\n","protected":false},"author":1,"featured_media":5466,"comment_status":"open","ping_status":"closed","sticky":false,"template":"","format":"standard","meta":{"_bbp_topic_count":0,"_bbp_reply_count":0,"_bbp_total_topic_count":0,"_bbp_total_reply_count":0,"_bbp_voice_count":0,"_bbp_anonymous_reply_count":0,"_bbp_topic_count_hidden":0,"_bbp_reply_count_hidden":0,"_bbp_forum_subforum_count":0,"site-sidebar-layout":"default","site-content-layout":"","ast-site-content-layout":"","site-content-style":"default","site-sidebar-style":"default","ast-global-header-display":"","ast-banner-title-visibility":"","ast-main-header-display":"","ast-hfb-above-header-display":"","ast-hfb-below-header-display":"","ast-hfb-mobile-header-display":"","site-post-title":"","ast-breadcrumbs-content":"","ast-featured-img":"","footer-sml-layout":"","theme-transparent-header-meta":"","adv-header-id-meta":"","stick-header-meta":"","header-above-stick-meta":"","header-main-stick-meta":"","header-below-stick-meta":"","astra-migrate-meta-layouts":"default","ast-page-background-enabled":"default","ast-page-background-meta":{"desktop":{"background-color":"var(--ast-global-color-4)","background-image":"","background-repeat":"repeat","background-position":"center center","background-size":"auto","background-attachment":"scroll","background-type":"","background-media":"","overlay-type":"","overlay-color":"","overlay-opacity":"","overlay-gradient":""},"tablet":{"background-color":"","background-image":"","background-repeat":"repeat","background-position":"center center","background-size":"auto","background-attachment":"scroll","background-type":"","background-media":"","overlay-type":"","overlay-color":"","overlay-opacity":"","overlay-gradient":""},"mobile":{"background-color":"","background-image":"","background-repeat":"repeat","background-position":"center center","background-size":"auto","background-attachment":"scroll","background-type":"","background-media":"","overlay-type":"","overlay-color":"","overlay-opacity":"","overlay-gradient":""}},"ast-content-background-meta":{"desktop":{"background-color":"var(--ast-global-color-5)","background-image":"","background-repeat":"repeat","background-position":"center center","background-size":"auto","background-attachment":"scroll","background-type":"","background-media":"","overlay-type":"","overlay-color":"","overlay-opacity":"","overlay-gradient":""},"tablet":{"background-color":"var(--ast-global-color-5)","background-image":"","background-repeat":"repeat","background-position":"center center","background-size":"auto","background-attachment":"scroll","background-type":"","background-media":"","overlay-type":"","overlay-color":"","overlay-opacity":"","overlay-gradient":""},"mobile":{"background-color":"var(--ast-global-color-5)","background-image":"","background-repeat":"repeat","background-position":"center center","background-size":"auto","background-attachment":"scroll","background-type":"","background-media":"","overlay-type":"","overlay-color":"","overlay-opacity":"","overlay-gradient":""}},"footnotes":""},"categories":[1,29],"tags":[],"class_list":["post-5464","post","type-post","status-publish","format-standard","has-post-thumbnail","hentry","category-general","category-portada"],"post_mailing_queue_ids":[],"_links":{"self":[{"href":"https:\/\/agora.xtec.cat\/iesconselldecent\/wp-json\/wp\/v2\/posts\/5464","targetHints":{"allow":["GET"]}}],"collection":[{"href":"https:\/\/agora.xtec.cat\/iesconselldecent\/wp-json\/wp\/v2\/posts"}],"about":[{"href":"https:\/\/agora.xtec.cat\/iesconselldecent\/wp-json\/wp\/v2\/types\/post"}],"author":[{"embeddable":true,"href":"https:\/\/agora.xtec.cat\/iesconselldecent\/wp-json\/wp\/v2\/users\/1"}],"replies":[{"embeddable":true,"href":"https:\/\/agora.xtec.cat\/iesconselldecent\/wp-json\/wp\/v2\/comments?post=5464"}],"version-history":[{"count":1,"href":"https:\/\/agora.xtec.cat\/iesconselldecent\/wp-json\/wp\/v2\/posts\/5464\/revisions"}],"predecessor-version":[{"id":5467,"href":"https:\/\/agora.xtec.cat\/iesconselldecent\/wp-json\/wp\/v2\/posts\/5464\/revisions\/5467"}],"wp:featuredmedia":[{"embeddable":true,"href":"https:\/\/agora.xtec.cat\/iesconselldecent\/wp-json\/wp\/v2\/media\/5466"}],"wp:attachment":[{"href":"https:\/\/agora.xtec.cat\/iesconselldecent\/wp-json\/wp\/v2\/media?parent=5464"}],"wp:term":[{"taxonomy":"category","embeddable":true,"href":"https:\/\/agora.xtec.cat\/iesconselldecent\/wp-json\/wp\/v2\/categories?post=5464"},{"taxonomy":"post_tag","embeddable":true,"href":"https:\/\/agora.xtec.cat\/iesconselldecent\/wp-json\/wp\/v2\/tags?post=5464"}],"curies":[{"name":"wp","href":"https:\/\/api.w.org\/{rel}","templated":true}]}}