{"id":5295,"date":"2019-12-10T20:34:40","date_gmt":"2019-12-10T19:34:40","guid":{"rendered":"http:\/\/agora.xtec.cat\/iesconselldecent\/?p=5295"},"modified":"2019-12-10T20:34:40","modified_gmt":"2019-12-10T19:34:40","slug":"final-de-trimestre-de-loptativa-de-fotografia","status":"publish","type":"post","link":"https:\/\/agora.xtec.cat\/iesconselldecent\/general\/final-de-trimestre-de-loptativa-de-fotografia\/","title":{"rendered":"Final de trimestre de l&#8217;optativa de fotografia"},"content":{"rendered":"<p>Per \u00a0Phrencis Jhale Mier<\/p>\n<p>Al llarg d\u2019aquest primer trimestre, part de l\u2019alumnat de 3r d\u2019ESO de l\u2019Institut Consell de Cent, hem fet un projecte de fotografia a l\u2019optativa de Visual i Pl\u00e1stica, amb la Ver\u00f2nica Varas i la fot\u00f2grafa, Eug\u00e8nia Ortiz.<\/p>\n<p>El fil conductor era la nostra visi\u00f3 sobre el barri, sobre el nostre entorn, per\u00f2 tenint present i imaginant com seria la nostra vida si estigu\u00e9ssim en una situaci\u00f3 social i pol\u00edtica semblant a la del llibre de <i>\u201cEl nen amb el pijama de ratlles\u201d.<\/i><\/p>\n<p>Al principi vam anar al MNAC per fer una activitat per visitar i reflexionar sobre l\u2019exposici\u00f3 del fot\u00f2graf Oriol Maspons (teniu les fotos al hashtag <i>#projectemasponscc<\/i>).<\/p>\n<p>A classe an\u00e0vem explicant algunes q\u00fcestions te\u00f2riques mentre esper\u00e0vem les c\u00e0meres que alguns professors ens van deixar perqu\u00e8 pogu\u00e9ssim treballar. Cada dues setmanes, l&#8217;Eug\u00e8nia venia a l&#8217;institut per acompanyar-nos en les sessions: ens van ensenyar diferents tipus de fotografies, projectes fotogr\u00e0fics i ens va ensenyar coses b\u00e0siques que hem de saber per millorar com a fot\u00f2grafs. Cadasc\u00fa de nosaltres va triar un tema (hi havia retrats, met\u00e0fores visuals, paisatge urb\u00e0, etc.). Tot i que jo no estava a totes les sessions perqu\u00e8 faig una altra optativa, tant a mi com a una companya ens van deixar participar en el projecte i venir a les sis sessions de tres hores a les que venia l&#8217;Eug\u00e8nia. En aquestes sessions v\u00e8iem les fotos que hav\u00edem fet tots i f\u00e8iem algunes cr\u00edtiques constructives per millorar, despr\u00e9s an\u00e0vem a fora per fer fotos seguint diferents propostes (un dia, podien ser llums i ombres, un altre l&#8217;arquitectura, un sobre el mar i la ciutat, etc.), tot i que sense perdre de vista que la finalitat de totes les fotos \u00e9s fer com una mena de hist\u00f2ria amb les fotografies que hem fet durant aquests mesos, una selecci\u00f3 final que acaba en dos formats: un petit \u00e0lbum o llibre fotogr\u00e0fic individual, i un fanzine, com un diari, amb el treball de tot el grup i que presentarem en un acte al MNAC el dia 9 de gener. Ja us ensenyarem els resultats!<\/p>\n<p>\u00c9s una optativa que m&#8217;ha agradat molt perqu\u00e8 la fotografia \u00e9s una de les coses que m&#8217;agrada fer, encara que no ho faig tan sovint, per\u00f2 amb aquest projecte he sortit una mica m\u00e9s i d&#8217;alguna manera he conegut m\u00e9s la ciutat en la que visc, les coses quotidianes que fan les persones del voltant, a les que no prestem atenci\u00f3. Et fixes m\u00e9s en el que t&#8217;envolta per fer una foto; com diu una famosa frase feta: una imatge val m\u00e9s que mil paraules! Doncs \u00e9s aix\u00f2, amb aquestes imatges pots fer una hist\u00f2ria, pots imaginar-te qualsevol cosa, i est\u00e0 b\u00e9. Per aix\u00f2 la finalitat del projecte agafa sentit: poden ser molt diferents les fotos, per\u00f2 sempre podem construir una hist\u00f2ria amb elles.<\/p>\n<p>M\u00e9s fotografies a :<\/p>\n<p><a href=\"https:\/\/drive.google.com\/drive\/u\/4\/folders\/1Crq4S6VVwFo7JpnFwuJ2U9ng5eEpkZ4w\">https:\/\/drive.google.com\/drive\/u\/4\/folders\/1Crq4S6VVwFo7JpnFwuJ2U9ng5eEpkZ4w<\/a><\/p>\n<p>&nbsp;<\/p>\n<p><img loading=\"lazy\" decoding=\"async\" class=\"alignleft size-full wp-image-5298\" src=\"https:\/\/agora.xtec.cat\/iesconselldecent\/wp-content\/uploads\/usu708\/2019\/12\/IMG_3404.jpg\" alt=\"\" width=\"4032\" height=\"3024\" srcset=\"https:\/\/agora.xtec.cat\/iesconselldecent\/wp-content\/uploads\/usu708\/2019\/12\/IMG_3404.jpg 4032w, https:\/\/agora.xtec.cat\/iesconselldecent\/wp-content\/uploads\/usu708\/2019\/12\/IMG_3404-300x225.jpg 300w, https:\/\/agora.xtec.cat\/iesconselldecent\/wp-content\/uploads\/usu708\/2019\/12\/IMG_3404-768x576.jpg 768w, https:\/\/agora.xtec.cat\/iesconselldecent\/wp-content\/uploads\/usu708\/2019\/12\/IMG_3404-1024x768.jpg 1024w, https:\/\/agora.xtec.cat\/iesconselldecent\/wp-content\/uploads\/usu708\/2019\/12\/IMG_3404-200x150.jpg 200w\" sizes=\"auto, (max-width: 4032px) 100vw, 4032px\" \/> <img loading=\"lazy\" decoding=\"async\" class=\"alignleft size-full wp-image-5299\" src=\"https:\/\/agora.xtec.cat\/iesconselldecent\/wp-content\/uploads\/usu708\/2019\/12\/IMG_3409-e1576005954693.jpg\" alt=\"\" width=\"3024\" height=\"4032\" srcset=\"https:\/\/agora.xtec.cat\/iesconselldecent\/wp-content\/uploads\/usu708\/2019\/12\/IMG_3409-e1576005954693.jpg 3024w, https:\/\/agora.xtec.cat\/iesconselldecent\/wp-content\/uploads\/usu708\/2019\/12\/IMG_3409-e1576005954693-225x300.jpg 225w, https:\/\/agora.xtec.cat\/iesconselldecent\/wp-content\/uploads\/usu708\/2019\/12\/IMG_3409-e1576005954693-768x1024.jpg 768w\" sizes=\"auto, (max-width: 3024px) 100vw, 3024px\" \/> <img loading=\"lazy\" decoding=\"async\" class=\"alignleft size-full wp-image-5300\" src=\"https:\/\/agora.xtec.cat\/iesconselldecent\/wp-content\/uploads\/usu708\/2019\/12\/75e4b4c3-8a99-4396-8c59-e74ae6cecc19.jpg\" alt=\"\" width=\"1200\" height=\"1600\" srcset=\"https:\/\/agora.xtec.cat\/iesconselldecent\/wp-content\/uploads\/usu708\/2019\/12\/75e4b4c3-8a99-4396-8c59-e74ae6cecc19.jpg 1200w, https:\/\/agora.xtec.cat\/iesconselldecent\/wp-content\/uploads\/usu708\/2019\/12\/75e4b4c3-8a99-4396-8c59-e74ae6cecc19-225x300.jpg 225w, https:\/\/agora.xtec.cat\/iesconselldecent\/wp-content\/uploads\/usu708\/2019\/12\/75e4b4c3-8a99-4396-8c59-e74ae6cecc19-768x1024.jpg 768w\" sizes=\"auto, (max-width: 1200px) 100vw, 1200px\" \/><\/p>\n<p>&nbsp;<\/p>\n","protected":false},"excerpt":{"rendered":"<p>Per \u00a0Phrencis Jhale Mier Al llarg d\u2019aquest primer trimestre, part de l\u2019alumnat de 3r d\u2019ESO de l\u2019Institut Consell de Cent, hem fet un projecte de fotografia a l\u2019optativa de Visual i Pl\u00e1stica, amb la Ver\u00f2nica Varas i la fot\u00f2grafa, Eug\u00e8nia Ortiz. El fil conductor era la nostra visi\u00f3 sobre el barri, sobre el nostre entorn, [&hellip;]<\/p>\n","protected":false},"author":1,"featured_media":5296,"comment_status":"open","ping_status":"closed","sticky":false,"template":"","format":"standard","meta":{"_bbp_topic_count":0,"_bbp_reply_count":0,"_bbp_total_topic_count":0,"_bbp_total_reply_count":0,"_bbp_voice_count":0,"_bbp_anonymous_reply_count":0,"_bbp_topic_count_hidden":0,"_bbp_reply_count_hidden":0,"_bbp_forum_subforum_count":0,"site-sidebar-layout":"default","site-content-layout":"","ast-site-content-layout":"","site-content-style":"default","site-sidebar-style":"default","ast-global-header-display":"","ast-banner-title-visibility":"","ast-main-header-display":"","ast-hfb-above-header-display":"","ast-hfb-below-header-display":"","ast-hfb-mobile-header-display":"","site-post-title":"","ast-breadcrumbs-content":"","ast-featured-img":"","footer-sml-layout":"","theme-transparent-header-meta":"","adv-header-id-meta":"","stick-header-meta":"","header-above-stick-meta":"","header-main-stick-meta":"","header-below-stick-meta":"","astra-migrate-meta-layouts":"default","ast-page-background-enabled":"default","ast-page-background-meta":{"desktop":{"background-color":"var(--ast-global-color-4)","background-image":"","background-repeat":"repeat","background-position":"center center","background-size":"auto","background-attachment":"scroll","background-type":"","background-media":"","overlay-type":"","overlay-color":"","overlay-opacity":"","overlay-gradient":""},"tablet":{"background-color":"","background-image":"","background-repeat":"repeat","background-position":"center center","background-size":"auto","background-attachment":"scroll","background-type":"","background-media":"","overlay-type":"","overlay-color":"","overlay-opacity":"","overlay-gradient":""},"mobile":{"background-color":"","background-image":"","background-repeat":"repeat","background-position":"center center","background-size":"auto","background-attachment":"scroll","background-type":"","background-media":"","overlay-type":"","overlay-color":"","overlay-opacity":"","overlay-gradient":""}},"ast-content-background-meta":{"desktop":{"background-color":"var(--ast-global-color-5)","background-image":"","background-repeat":"repeat","background-position":"center center","background-size":"auto","background-attachment":"scroll","background-type":"","background-media":"","overlay-type":"","overlay-color":"","overlay-opacity":"","overlay-gradient":""},"tablet":{"background-color":"var(--ast-global-color-5)","background-image":"","background-repeat":"repeat","background-position":"center center","background-size":"auto","background-attachment":"scroll","background-type":"","background-media":"","overlay-type":"","overlay-color":"","overlay-opacity":"","overlay-gradient":""},"mobile":{"background-color":"var(--ast-global-color-5)","background-image":"","background-repeat":"repeat","background-position":"center center","background-size":"auto","background-attachment":"scroll","background-type":"","background-media":"","overlay-type":"","overlay-color":"","overlay-opacity":"","overlay-gradient":""}},"footnotes":""},"categories":[6,1,29],"tags":[],"class_list":["post-5295","post","type-post","status-publish","format-standard","has-post-thumbnail","hentry","category-eso-3","category-general","category-portada"],"post_mailing_queue_ids":[],"_links":{"self":[{"href":"https:\/\/agora.xtec.cat\/iesconselldecent\/wp-json\/wp\/v2\/posts\/5295","targetHints":{"allow":["GET"]}}],"collection":[{"href":"https:\/\/agora.xtec.cat\/iesconselldecent\/wp-json\/wp\/v2\/posts"}],"about":[{"href":"https:\/\/agora.xtec.cat\/iesconselldecent\/wp-json\/wp\/v2\/types\/post"}],"author":[{"embeddable":true,"href":"https:\/\/agora.xtec.cat\/iesconselldecent\/wp-json\/wp\/v2\/users\/1"}],"replies":[{"embeddable":true,"href":"https:\/\/agora.xtec.cat\/iesconselldecent\/wp-json\/wp\/v2\/comments?post=5295"}],"version-history":[{"count":1,"href":"https:\/\/agora.xtec.cat\/iesconselldecent\/wp-json\/wp\/v2\/posts\/5295\/revisions"}],"predecessor-version":[{"id":5301,"href":"https:\/\/agora.xtec.cat\/iesconselldecent\/wp-json\/wp\/v2\/posts\/5295\/revisions\/5301"}],"wp:featuredmedia":[{"embeddable":true,"href":"https:\/\/agora.xtec.cat\/iesconselldecent\/wp-json\/wp\/v2\/media\/5296"}],"wp:attachment":[{"href":"https:\/\/agora.xtec.cat\/iesconselldecent\/wp-json\/wp\/v2\/media?parent=5295"}],"wp:term":[{"taxonomy":"category","embeddable":true,"href":"https:\/\/agora.xtec.cat\/iesconselldecent\/wp-json\/wp\/v2\/categories?post=5295"},{"taxonomy":"post_tag","embeddable":true,"href":"https:\/\/agora.xtec.cat\/iesconselldecent\/wp-json\/wp\/v2\/tags?post=5295"}],"curies":[{"name":"wp","href":"https:\/\/api.w.org\/{rel}","templated":true}]}}