{"id":4758,"date":"2019-04-05T11:23:35","date_gmt":"2019-04-05T09:23:35","guid":{"rendered":"http:\/\/agora.xtec.cat\/iesconselldecent\/?p=4758"},"modified":"2019-04-16T19:17:28","modified_gmt":"2019-04-16T17:17:28","slug":"exposicio-treballs-visual-i-plastica","status":"publish","type":"post","link":"https:\/\/agora.xtec.cat\/iesconselldecent\/general\/exposicio-treballs-visual-i-plastica\/","title":{"rendered":"Exposici\u00f3 treballs visual i pl\u00e0stica"},"content":{"rendered":"<p>Del 4 al 26 d&#8217;abril en el Centre Cultural Albareda podeu visitar una exposici\u00f3 que recull alguns dels treballs que al llarg d&#8217;aquest curs han realitzat els alumnes de l&#8217;ESO i del Batxillerat Art\u00edstic, l&#8217;expo recull treballs de gravat, volum, treballs sobre l&#8217;obra d&#8217;Oteiza, reinterpretaci\u00f3 de grans obres, diferents dissenys de vestits de paper. curtmetratges, etc.<br \/>\nEl dia 24 d&#8217;abril a les 18 hores coincidint amb la mostra es far\u00e0 la presentaci\u00f3 de les portes obertes del Batxillerat Art\u00edstic.<br \/>\nRecordeu fins el 26 d&#8217;abril en la sala d&#8217;exposicions del centre cultural Albareda.<br \/>\nUs hi esperem\u00a1\u00a1<\/p>\n<p><img loading=\"lazy\" decoding=\"async\" class=\"alignleft size-full wp-image-4759\" src=\"https:\/\/agora.xtec.cat\/iesconselldecent\/wp-content\/uploads\/usu708\/2019\/04\/IMG_20190404_182832.jpg\" alt=\"\" width=\"1000\" height=\"1333\" srcset=\"https:\/\/agora.xtec.cat\/iesconselldecent\/wp-content\/uploads\/usu708\/2019\/04\/IMG_20190404_182832.jpg 1000w, https:\/\/agora.xtec.cat\/iesconselldecent\/wp-content\/uploads\/usu708\/2019\/04\/IMG_20190404_182832-225x300.jpg 225w, https:\/\/agora.xtec.cat\/iesconselldecent\/wp-content\/uploads\/usu708\/2019\/04\/IMG_20190404_182832-768x1024.jpg 768w\" sizes=\"auto, (max-width: 1000px) 100vw, 1000px\" \/> <img loading=\"lazy\" decoding=\"async\" class=\"alignleft size-full wp-image-4760\" src=\"https:\/\/agora.xtec.cat\/iesconselldecent\/wp-content\/uploads\/usu708\/2019\/04\/IMG_20190404_180011.jpg\" alt=\"\" width=\"1000\" height=\"1333\" srcset=\"https:\/\/agora.xtec.cat\/iesconselldecent\/wp-content\/uploads\/usu708\/2019\/04\/IMG_20190404_180011.jpg 1000w, https:\/\/agora.xtec.cat\/iesconselldecent\/wp-content\/uploads\/usu708\/2019\/04\/IMG_20190404_180011-225x300.jpg 225w, https:\/\/agora.xtec.cat\/iesconselldecent\/wp-content\/uploads\/usu708\/2019\/04\/IMG_20190404_180011-768x1024.jpg 768w\" sizes=\"auto, (max-width: 1000px) 100vw, 1000px\" \/> <img loading=\"lazy\" decoding=\"async\" class=\"alignleft size-full wp-image-4761\" src=\"https:\/\/agora.xtec.cat\/iesconselldecent\/wp-content\/uploads\/usu708\/2019\/04\/IMG_20190404_180031.jpg\" alt=\"\" width=\"1000\" height=\"1333\" srcset=\"https:\/\/agora.xtec.cat\/iesconselldecent\/wp-content\/uploads\/usu708\/2019\/04\/IMG_20190404_180031.jpg 1000w, https:\/\/agora.xtec.cat\/iesconselldecent\/wp-content\/uploads\/usu708\/2019\/04\/IMG_20190404_180031-225x300.jpg 225w, https:\/\/agora.xtec.cat\/iesconselldecent\/wp-content\/uploads\/usu708\/2019\/04\/IMG_20190404_180031-768x1024.jpg 768w\" sizes=\"auto, (max-width: 1000px) 100vw, 1000px\" \/> <img loading=\"lazy\" decoding=\"async\" class=\"alignleft size-full wp-image-4762\" src=\"https:\/\/agora.xtec.cat\/iesconselldecent\/wp-content\/uploads\/usu708\/2019\/04\/IMG_20190404_182657.jpg\" alt=\"\" width=\"1000\" height=\"1333\" srcset=\"https:\/\/agora.xtec.cat\/iesconselldecent\/wp-content\/uploads\/usu708\/2019\/04\/IMG_20190404_182657.jpg 1000w, https:\/\/agora.xtec.cat\/iesconselldecent\/wp-content\/uploads\/usu708\/2019\/04\/IMG_20190404_182657-225x300.jpg 225w, https:\/\/agora.xtec.cat\/iesconselldecent\/wp-content\/uploads\/usu708\/2019\/04\/IMG_20190404_182657-768x1024.jpg 768w\" sizes=\"auto, (max-width: 1000px) 100vw, 1000px\" \/><\/p>\n","protected":false},"excerpt":{"rendered":"<p>Del 4 al 26 d&#8217;abril en el Centre Cultural Albareda podeu visitar una exposici\u00f3 que recull alguns dels treballs que al llarg d&#8217;aquest curs han realitzat els alumnes de l&#8217;ESO i del Batxillerat Art\u00edstic, l&#8217;expo recull treballs de gravat, volum, treballs sobre l&#8217;obra d&#8217;Oteiza, reinterpretaci\u00f3 de grans obres, diferents dissenys de vestits de paper. curtmetratges, [&hellip;]<\/p>\n","protected":false},"author":1,"featured_media":4784,"comment_status":"open","ping_status":"closed","sticky":false,"template":"","format":"standard","meta":{"_bbp_topic_count":0,"_bbp_reply_count":0,"_bbp_total_topic_count":0,"_bbp_total_reply_count":0,"_bbp_voice_count":0,"_bbp_anonymous_reply_count":0,"_bbp_topic_count_hidden":0,"_bbp_reply_count_hidden":0,"_bbp_forum_subforum_count":0,"site-sidebar-layout":"default","site-content-layout":"","ast-site-content-layout":"","site-content-style":"default","site-sidebar-style":"default","ast-global-header-display":"","ast-banner-title-visibility":"","ast-main-header-display":"","ast-hfb-above-header-display":"","ast-hfb-below-header-display":"","ast-hfb-mobile-header-display":"","site-post-title":"","ast-breadcrumbs-content":"","ast-featured-img":"","footer-sml-layout":"","theme-transparent-header-meta":"","adv-header-id-meta":"","stick-header-meta":"","header-above-stick-meta":"","header-main-stick-meta":"","header-below-stick-meta":"","astra-migrate-meta-layouts":"default","ast-page-background-enabled":"default","ast-page-background-meta":{"desktop":{"background-color":"var(--ast-global-color-4)","background-image":"","background-repeat":"repeat","background-position":"center center","background-size":"auto","background-attachment":"scroll","background-type":"","background-media":"","overlay-type":"","overlay-color":"","overlay-opacity":"","overlay-gradient":""},"tablet":{"background-color":"","background-image":"","background-repeat":"repeat","background-position":"center center","background-size":"auto","background-attachment":"scroll","background-type":"","background-media":"","overlay-type":"","overlay-color":"","overlay-opacity":"","overlay-gradient":""},"mobile":{"background-color":"","background-image":"","background-repeat":"repeat","background-position":"center center","background-size":"auto","background-attachment":"scroll","background-type":"","background-media":"","overlay-type":"","overlay-color":"","overlay-opacity":"","overlay-gradient":""}},"ast-content-background-meta":{"desktop":{"background-color":"var(--ast-global-color-5)","background-image":"","background-repeat":"repeat","background-position":"center center","background-size":"auto","background-attachment":"scroll","background-type":"","background-media":"","overlay-type":"","overlay-color":"","overlay-opacity":"","overlay-gradient":""},"tablet":{"background-color":"var(--ast-global-color-5)","background-image":"","background-repeat":"repeat","background-position":"center center","background-size":"auto","background-attachment":"scroll","background-type":"","background-media":"","overlay-type":"","overlay-color":"","overlay-opacity":"","overlay-gradient":""},"mobile":{"background-color":"var(--ast-global-color-5)","background-image":"","background-repeat":"repeat","background-position":"center center","background-size":"auto","background-attachment":"scroll","background-type":"","background-media":"","overlay-type":"","overlay-color":"","overlay-opacity":"","overlay-gradient":""}},"footnotes":""},"categories":[81,1,29],"tags":[],"class_list":["post-4758","post","type-post","status-publish","format-standard","has-post-thumbnail","hentry","category-batxillerat-artistic","category-general","category-portada"],"post_mailing_queue_ids":[],"_links":{"self":[{"href":"https:\/\/agora.xtec.cat\/iesconselldecent\/wp-json\/wp\/v2\/posts\/4758","targetHints":{"allow":["GET"]}}],"collection":[{"href":"https:\/\/agora.xtec.cat\/iesconselldecent\/wp-json\/wp\/v2\/posts"}],"about":[{"href":"https:\/\/agora.xtec.cat\/iesconselldecent\/wp-json\/wp\/v2\/types\/post"}],"author":[{"embeddable":true,"href":"https:\/\/agora.xtec.cat\/iesconselldecent\/wp-json\/wp\/v2\/users\/1"}],"replies":[{"embeddable":true,"href":"https:\/\/agora.xtec.cat\/iesconselldecent\/wp-json\/wp\/v2\/comments?post=4758"}],"version-history":[{"count":1,"href":"https:\/\/agora.xtec.cat\/iesconselldecent\/wp-json\/wp\/v2\/posts\/4758\/revisions"}],"predecessor-version":[{"id":4764,"href":"https:\/\/agora.xtec.cat\/iesconselldecent\/wp-json\/wp\/v2\/posts\/4758\/revisions\/4764"}],"wp:featuredmedia":[{"embeddable":true,"href":"https:\/\/agora.xtec.cat\/iesconselldecent\/wp-json\/wp\/v2\/media\/4784"}],"wp:attachment":[{"href":"https:\/\/agora.xtec.cat\/iesconselldecent\/wp-json\/wp\/v2\/media?parent=4758"}],"wp:term":[{"taxonomy":"category","embeddable":true,"href":"https:\/\/agora.xtec.cat\/iesconselldecent\/wp-json\/wp\/v2\/categories?post=4758"},{"taxonomy":"post_tag","embeddable":true,"href":"https:\/\/agora.xtec.cat\/iesconselldecent\/wp-json\/wp\/v2\/tags?post=4758"}],"curies":[{"name":"wp","href":"https:\/\/api.w.org\/{rel}","templated":true}]}}