{"id":4528,"date":"2019-01-07T17:20:44","date_gmt":"2019-01-07T16:20:44","guid":{"rendered":"http:\/\/agora.xtec.cat\/iesconselldecent\/?p=4528"},"modified":"2019-01-07T17:21:45","modified_gmt":"2019-01-07T16:21:45","slug":"anem-a-santa-llucia-amb-laula-dacollida","status":"publish","type":"post","link":"https:\/\/agora.xtec.cat\/iesconselldecent\/eso\/eso-2\/anem-a-santa-llucia-amb-laula-dacollida\/","title":{"rendered":"ANEM A SANTA LL\u00daCIA AMB L&#8217;AULA D&#8217;ACOLLIDA"},"content":{"rendered":"<p>El passat dia 13 de desembre, el grup de l\u2019Aula d\u2019Acollida\u00a0 vam anar a la fira de santa Ll\u00facia.<\/p>\n<p>Vam sortir de l\u2019institut, vam caminar per la Rambla de Barcelona on varem veure botigues de flors, arbres, est\u00e0tues humanes, etc. V\u00e0rem creuar cap al carrer Ferran i vam arribar a la Pla\u00e7a Reial on vam veure la porxada. M\u00e9s endavant vam arribar a la Pla\u00e7a Sant Jaume on vam veure l\u2019ajuntament i el Palau de la Generalitat. All\u00e0 v\u00e0rem veure un pessebre molt creatiu. Despr\u00e9s vam caminar fins a la fira de santa Ll\u00facia.<\/p>\n<p>Quan vam arribar a la fira vam fer tres grups i cada grup es va separar per la fira.<\/p>\n<p>A la fira hi havia diverses seccions, com la secci\u00f3 de figures de pessebre, caganers, arbres de nadal amb decoracions de nadal i accessoris fets a m\u00e0.<\/p>\n<p>Despr\u00e9s vam veure un ti\u00f3,on els nois i noies el piquen i els donen caramels. Nosaltres tamb\u00e9 vam fer cagar el ti\u00f3 i la Marta ens va fer un video.<\/p>\n<p>Vam esmorzar a la Pla\u00e7a de la Catedral.<\/p>\n<p>M\u00e9s tard vam entrar al museu Frederic Mar\u00e8s on hi havia el pessebre i el vam mirar. Tamb\u00e9 vam fer fotos. Al museu hi ha una font molt antiga. Despr\u00e9s vam sortir del museu i vam fer cua per poder entrar a la Catedral, on hi havia un altre pessebre amb unes oques vives. Tamb\u00e9 hi havia algunes verges.<\/p>\n<p>Vam sortir de la catedral i\u00a0 v\u00e0rem tornar a l\u2019institut.<\/p>\n<p>&nbsp;<\/p>\n<p>Fet per: Valentina Vera i Hamna Hashmi<\/p>\n<p>Curs: 2n de ESO A i B Aula d\u2019acollida<\/p>\n<p><img loading=\"lazy\" decoding=\"async\" class=\"alignleft size-full wp-image-4529\" src=\"https:\/\/agora.xtec.cat\/iesconselldecent\/wp-content\/uploads\/usu708\/2019\/01\/IMG_20181213_115619975_BURST000_COVER_TOP.jpg\" alt=\"\" width=\"600\" height=\"800\" srcset=\"https:\/\/agora.xtec.cat\/iesconselldecent\/wp-content\/uploads\/usu708\/2019\/01\/IMG_20181213_115619975_BURST000_COVER_TOP.jpg 600w, https:\/\/agora.xtec.cat\/iesconselldecent\/wp-content\/uploads\/usu708\/2019\/01\/IMG_20181213_115619975_BURST000_COVER_TOP-225x300.jpg 225w\" sizes=\"auto, (max-width: 600px) 100vw, 600px\" \/>\u00a0 <img loading=\"lazy\" decoding=\"async\" class=\"alignleft size-full wp-image-4531\" src=\"https:\/\/agora.xtec.cat\/iesconselldecent\/wp-content\/uploads\/usu708\/2019\/01\/IMG_20181213_120845180.jpg\" alt=\"\" width=\"1000\" height=\"750\" srcset=\"https:\/\/agora.xtec.cat\/iesconselldecent\/wp-content\/uploads\/usu708\/2019\/01\/IMG_20181213_120845180.jpg 1000w, https:\/\/agora.xtec.cat\/iesconselldecent\/wp-content\/uploads\/usu708\/2019\/01\/IMG_20181213_120845180-300x225.jpg 300w, https:\/\/agora.xtec.cat\/iesconselldecent\/wp-content\/uploads\/usu708\/2019\/01\/IMG_20181213_120845180-768x576.jpg 768w, https:\/\/agora.xtec.cat\/iesconselldecent\/wp-content\/uploads\/usu708\/2019\/01\/IMG_20181213_120845180-200x150.jpg 200w\" sizes=\"auto, (max-width: 1000px) 100vw, 1000px\" \/> <img loading=\"lazy\" decoding=\"async\" class=\"alignleft size-full wp-image-4532\" src=\"https:\/\/agora.xtec.cat\/iesconselldecent\/wp-content\/uploads\/usu708\/2019\/01\/IMG_20181213_120829907_HDR.jpg\" alt=\"\" width=\"800\" height=\"1067\" srcset=\"https:\/\/agora.xtec.cat\/iesconselldecent\/wp-content\/uploads\/usu708\/2019\/01\/IMG_20181213_120829907_HDR.jpg 800w, https:\/\/agora.xtec.cat\/iesconselldecent\/wp-content\/uploads\/usu708\/2019\/01\/IMG_20181213_120829907_HDR-225x300.jpg 225w, https:\/\/agora.xtec.cat\/iesconselldecent\/wp-content\/uploads\/usu708\/2019\/01\/IMG_20181213_120829907_HDR-768x1024.jpg 768w\" sizes=\"auto, (max-width: 800px) 100vw, 800px\" \/><\/p>\n","protected":false},"excerpt":{"rendered":"<p>El passat dia 13 de desembre, el grup de l\u2019Aula d\u2019Acollida\u00a0 vam anar a la fira de santa Ll\u00facia. Vam sortir de l\u2019institut, vam caminar per la Rambla de Barcelona on varem veure botigues de flors, arbres, est\u00e0tues humanes, etc. V\u00e0rem creuar cap al carrer Ferran i vam arribar a la Pla\u00e7a Reial on vam [&hellip;]<\/p>\n","protected":false},"author":1,"featured_media":4530,"comment_status":"open","ping_status":"closed","sticky":false,"template":"","format":"standard","meta":{"_bbp_topic_count":0,"_bbp_reply_count":0,"_bbp_total_topic_count":0,"_bbp_total_reply_count":0,"_bbp_voice_count":0,"_bbp_anonymous_reply_count":0,"_bbp_topic_count_hidden":0,"_bbp_reply_count_hidden":0,"_bbp_forum_subforum_count":0,"site-sidebar-layout":"default","site-content-layout":"","ast-site-content-layout":"","site-content-style":"default","site-sidebar-style":"default","ast-global-header-display":"","ast-banner-title-visibility":"","ast-main-header-display":"","ast-hfb-above-header-display":"","ast-hfb-below-header-display":"","ast-hfb-mobile-header-display":"","site-post-title":"","ast-breadcrumbs-content":"","ast-featured-img":"","footer-sml-layout":"","theme-transparent-header-meta":"","adv-header-id-meta":"","stick-header-meta":"","header-above-stick-meta":"","header-main-stick-meta":"","header-below-stick-meta":"","astra-migrate-meta-layouts":"default","ast-page-background-enabled":"default","ast-page-background-meta":{"desktop":{"background-color":"var(--ast-global-color-4)","background-image":"","background-repeat":"repeat","background-position":"center center","background-size":"auto","background-attachment":"scroll","background-type":"","background-media":"","overlay-type":"","overlay-color":"","overlay-opacity":"","overlay-gradient":""},"tablet":{"background-color":"","background-image":"","background-repeat":"repeat","background-position":"center center","background-size":"auto","background-attachment":"scroll","background-type":"","background-media":"","overlay-type":"","overlay-color":"","overlay-opacity":"","overlay-gradient":""},"mobile":{"background-color":"","background-image":"","background-repeat":"repeat","background-position":"center center","background-size":"auto","background-attachment":"scroll","background-type":"","background-media":"","overlay-type":"","overlay-color":"","overlay-opacity":"","overlay-gradient":""}},"ast-content-background-meta":{"desktop":{"background-color":"var(--ast-global-color-5)","background-image":"","background-repeat":"repeat","background-position":"center center","background-size":"auto","background-attachment":"scroll","background-type":"","background-media":"","overlay-type":"","overlay-color":"","overlay-opacity":"","overlay-gradient":""},"tablet":{"background-color":"var(--ast-global-color-5)","background-image":"","background-repeat":"repeat","background-position":"center center","background-size":"auto","background-attachment":"scroll","background-type":"","background-media":"","overlay-type":"","overlay-color":"","overlay-opacity":"","overlay-gradient":""},"mobile":{"background-color":"var(--ast-global-color-5)","background-image":"","background-repeat":"repeat","background-position":"center center","background-size":"auto","background-attachment":"scroll","background-type":"","background-media":"","overlay-type":"","overlay-color":"","overlay-opacity":"","overlay-gradient":""}},"footnotes":""},"categories":[5,29],"tags":[],"class_list":["post-4528","post","type-post","status-publish","format-standard","has-post-thumbnail","hentry","category-eso-2","category-portada"],"post_mailing_queue_ids":[],"_links":{"self":[{"href":"https:\/\/agora.xtec.cat\/iesconselldecent\/wp-json\/wp\/v2\/posts\/4528","targetHints":{"allow":["GET"]}}],"collection":[{"href":"https:\/\/agora.xtec.cat\/iesconselldecent\/wp-json\/wp\/v2\/posts"}],"about":[{"href":"https:\/\/agora.xtec.cat\/iesconselldecent\/wp-json\/wp\/v2\/types\/post"}],"author":[{"embeddable":true,"href":"https:\/\/agora.xtec.cat\/iesconselldecent\/wp-json\/wp\/v2\/users\/1"}],"replies":[{"embeddable":true,"href":"https:\/\/agora.xtec.cat\/iesconselldecent\/wp-json\/wp\/v2\/comments?post=4528"}],"version-history":[{"count":2,"href":"https:\/\/agora.xtec.cat\/iesconselldecent\/wp-json\/wp\/v2\/posts\/4528\/revisions"}],"predecessor-version":[{"id":4534,"href":"https:\/\/agora.xtec.cat\/iesconselldecent\/wp-json\/wp\/v2\/posts\/4528\/revisions\/4534"}],"wp:featuredmedia":[{"embeddable":true,"href":"https:\/\/agora.xtec.cat\/iesconselldecent\/wp-json\/wp\/v2\/media\/4530"}],"wp:attachment":[{"href":"https:\/\/agora.xtec.cat\/iesconselldecent\/wp-json\/wp\/v2\/media?parent=4528"}],"wp:term":[{"taxonomy":"category","embeddable":true,"href":"https:\/\/agora.xtec.cat\/iesconselldecent\/wp-json\/wp\/v2\/categories?post=4528"},{"taxonomy":"post_tag","embeddable":true,"href":"https:\/\/agora.xtec.cat\/iesconselldecent\/wp-json\/wp\/v2\/tags?post=4528"}],"curies":[{"name":"wp","href":"https:\/\/api.w.org\/{rel}","templated":true}]}}