{"id":4372,"date":"2018-11-15T19:18:38","date_gmt":"2018-11-15T18:18:38","guid":{"rendered":"http:\/\/agora.xtec.cat\/iesconselldecent\/?p=4372"},"modified":"2018-11-23T12:37:14","modified_gmt":"2018-11-23T11:37:14","slug":"taller-daudiovisuals-2n-batxillerat-artistic","status":"publish","type":"post","link":"https:\/\/agora.xtec.cat\/iesconselldecent\/general\/taller-daudiovisuals-2n-batxillerat-artistic\/","title":{"rendered":"TALLER D&#8217;AUDIOVISUALS 2n BATXILLERAT ART\u00cdSTIC"},"content":{"rendered":"<p><img loading=\"lazy\" decoding=\"async\" class=\"alignleft size-full wp-image-4374\" src=\"https:\/\/agora.xtec.cat\/iesconselldecent\/wp-content\/uploads\/usu708\/2018\/11\/Taller-Audiovisuals-1.jpg\" alt=\"\" width=\"1075\" height=\"605\" srcset=\"https:\/\/agora.xtec.cat\/iesconselldecent\/wp-content\/uploads\/usu708\/2018\/11\/Taller-Audiovisuals-1.jpg 1075w, https:\/\/agora.xtec.cat\/iesconselldecent\/wp-content\/uploads\/usu708\/2018\/11\/Taller-Audiovisuals-1-300x169.jpg 300w, https:\/\/agora.xtec.cat\/iesconselldecent\/wp-content\/uploads\/usu708\/2018\/11\/Taller-Audiovisuals-1-768x432.jpg 768w, https:\/\/agora.xtec.cat\/iesconselldecent\/wp-content\/uploads\/usu708\/2018\/11\/Taller-Audiovisuals-1-1024x576.jpg 1024w\" sizes=\"auto, (max-width: 1075px) 100vw, 1075px\" \/><\/p>\n<p>Dins la mat\u00e8ria de Cultura Audiovisual II, varem fer una primera sortida al Centre Cultural Albaredael 08\/10\/2018 on van mantenir una xerrada-debat sobre el que es publica a les xarxes socials, centrat en Instagram.<br \/>\nEn una segona part van fer una petita pr\u00e0ctica en la que van fer el video d&#8217;una entrevista utilitzant una c\u00e0mera r\u00e8flex. Un alumne controlava la c\u00e0mera, un altre va fer d&#8217;entrevistador, un altre de sonidista i un altre subjectaba el micr\u00f2fon de perxa.<\/p>\n<p>El 29\/10\/2018 van sortir pel barri fent v\u00eddeos d&#8217;un minut en els quals s&#8217;havia de sentir la veu d&#8217;alg\u00fa un m\u00ednim de 30&#8242;. Aquests v\u00eddeos havien de mostrar accions que habitualment no penjarien a les xarxes.<\/p>\n<p>Seguirem penjant informaci\u00f3 al respecte.<\/p>\n","protected":false},"excerpt":{"rendered":"<p>Dins la mat\u00e8ria de Cultura Audiovisual II, varem fer una primera sortida al Centre Cultural Albaredael 08\/10\/2018 on van mantenir una xerrada-debat sobre el que es publica a les xarxes socials, centrat en Instagram. En una segona part van fer una petita pr\u00e0ctica en la que van fer el video d&#8217;una entrevista utilitzant una c\u00e0mera [&hellip;]<\/p>\n","protected":false},"author":1,"featured_media":4373,"comment_status":"open","ping_status":"closed","sticky":false,"template":"","format":"standard","meta":{"_bbp_topic_count":0,"_bbp_reply_count":0,"_bbp_total_topic_count":0,"_bbp_total_reply_count":0,"_bbp_voice_count":0,"_bbp_anonymous_reply_count":0,"_bbp_topic_count_hidden":0,"_bbp_reply_count_hidden":0,"_bbp_forum_subforum_count":0,"site-sidebar-layout":"default","site-content-layout":"","ast-site-content-layout":"","site-content-style":"default","site-sidebar-style":"default","ast-global-header-display":"","ast-banner-title-visibility":"","ast-main-header-display":"","ast-hfb-above-header-display":"","ast-hfb-below-header-display":"","ast-hfb-mobile-header-display":"","site-post-title":"","ast-breadcrumbs-content":"","ast-featured-img":"","footer-sml-layout":"","theme-transparent-header-meta":"","adv-header-id-meta":"","stick-header-meta":"","header-above-stick-meta":"","header-main-stick-meta":"","header-below-stick-meta":"","astra-migrate-meta-layouts":"default","ast-page-background-enabled":"default","ast-page-background-meta":{"desktop":{"background-color":"var(--ast-global-color-4)","background-image":"","background-repeat":"repeat","background-position":"center center","background-size":"auto","background-attachment":"scroll","background-type":"","background-media":"","overlay-type":"","overlay-color":"","overlay-opacity":"","overlay-gradient":""},"tablet":{"background-color":"","background-image":"","background-repeat":"repeat","background-position":"center center","background-size":"auto","background-attachment":"scroll","background-type":"","background-media":"","overlay-type":"","overlay-color":"","overlay-opacity":"","overlay-gradient":""},"mobile":{"background-color":"","background-image":"","background-repeat":"repeat","background-position":"center center","background-size":"auto","background-attachment":"scroll","background-type":"","background-media":"","overlay-type":"","overlay-color":"","overlay-opacity":"","overlay-gradient":""}},"ast-content-background-meta":{"desktop":{"background-color":"var(--ast-global-color-5)","background-image":"","background-repeat":"repeat","background-position":"center center","background-size":"auto","background-attachment":"scroll","background-type":"","background-media":"","overlay-type":"","overlay-color":"","overlay-opacity":"","overlay-gradient":""},"tablet":{"background-color":"var(--ast-global-color-5)","background-image":"","background-repeat":"repeat","background-position":"center center","background-size":"auto","background-attachment":"scroll","background-type":"","background-media":"","overlay-type":"","overlay-color":"","overlay-opacity":"","overlay-gradient":""},"mobile":{"background-color":"var(--ast-global-color-5)","background-image":"","background-repeat":"repeat","background-position":"center center","background-size":"auto","background-attachment":"scroll","background-type":"","background-media":"","overlay-type":"","overlay-color":"","overlay-opacity":"","overlay-gradient":""}},"footnotes":""},"categories":[8,81,1,29],"tags":[],"class_list":["post-4372","post","type-post","status-publish","format-standard","has-post-thumbnail","hentry","category-batxillerat","category-batxillerat-artistic","category-general","category-portada"],"post_mailing_queue_ids":[],"_links":{"self":[{"href":"https:\/\/agora.xtec.cat\/iesconselldecent\/wp-json\/wp\/v2\/posts\/4372","targetHints":{"allow":["GET"]}}],"collection":[{"href":"https:\/\/agora.xtec.cat\/iesconselldecent\/wp-json\/wp\/v2\/posts"}],"about":[{"href":"https:\/\/agora.xtec.cat\/iesconselldecent\/wp-json\/wp\/v2\/types\/post"}],"author":[{"embeddable":true,"href":"https:\/\/agora.xtec.cat\/iesconselldecent\/wp-json\/wp\/v2\/users\/1"}],"replies":[{"embeddable":true,"href":"https:\/\/agora.xtec.cat\/iesconselldecent\/wp-json\/wp\/v2\/comments?post=4372"}],"version-history":[{"count":3,"href":"https:\/\/agora.xtec.cat\/iesconselldecent\/wp-json\/wp\/v2\/posts\/4372\/revisions"}],"predecessor-version":[{"id":4397,"href":"https:\/\/agora.xtec.cat\/iesconselldecent\/wp-json\/wp\/v2\/posts\/4372\/revisions\/4397"}],"wp:featuredmedia":[{"embeddable":true,"href":"https:\/\/agora.xtec.cat\/iesconselldecent\/wp-json\/wp\/v2\/media\/4373"}],"wp:attachment":[{"href":"https:\/\/agora.xtec.cat\/iesconselldecent\/wp-json\/wp\/v2\/media?parent=4372"}],"wp:term":[{"taxonomy":"category","embeddable":true,"href":"https:\/\/agora.xtec.cat\/iesconselldecent\/wp-json\/wp\/v2\/categories?post=4372"},{"taxonomy":"post_tag","embeddable":true,"href":"https:\/\/agora.xtec.cat\/iesconselldecent\/wp-json\/wp\/v2\/tags?post=4372"}],"curies":[{"name":"wp","href":"https:\/\/api.w.org\/{rel}","templated":true}]}}