{"id":4356,"date":"2018-11-15T18:13:46","date_gmt":"2018-11-15T17:13:46","guid":{"rendered":"http:\/\/agora.xtec.cat\/iesconselldecent\/?p=4356"},"modified":"2018-11-15T18:14:27","modified_gmt":"2018-11-15T17:14:27","slug":"sortida-al-museu-del-disseny","status":"publish","type":"post","link":"https:\/\/agora.xtec.cat\/iesconselldecent\/general\/sortida-al-museu-del-disseny\/","title":{"rendered":"SORTIDA AL MUSEU DEL DISSENY"},"content":{"rendered":"<div><img loading=\"lazy\" decoding=\"async\" class=\"alignleft size-full wp-image-4357\" src=\"https:\/\/agora.xtec.cat\/iesconselldecent\/wp-content\/uploads\/usu708\/2018\/11\/Museu-del-Disseny-vestit.jpg\" alt=\"\" width=\"929\" height=\"1238\" srcset=\"https:\/\/agora.xtec.cat\/iesconselldecent\/wp-content\/uploads\/usu708\/2018\/11\/Museu-del-Disseny-vestit.jpg 929w, https:\/\/agora.xtec.cat\/iesconselldecent\/wp-content\/uploads\/usu708\/2018\/11\/Museu-del-Disseny-vestit-225x300.jpg 225w, https:\/\/agora.xtec.cat\/iesconselldecent\/wp-content\/uploads\/usu708\/2018\/11\/Museu-del-Disseny-vestit-768x1024.jpg 768w\" sizes=\"auto, (max-width: 929px) 100vw, 929px\" \/> <img loading=\"lazy\" decoding=\"async\" class=\"alignleft size-full wp-image-4358\" src=\"https:\/\/agora.xtec.cat\/iesconselldecent\/wp-content\/uploads\/usu708\/2018\/11\/Museu-del-Disseny-cadira-11.jpg\" alt=\"\" width=\"929\" height=\"1238\" srcset=\"https:\/\/agora.xtec.cat\/iesconselldecent\/wp-content\/uploads\/usu708\/2018\/11\/Museu-del-Disseny-cadira-11.jpg 929w, https:\/\/agora.xtec.cat\/iesconselldecent\/wp-content\/uploads\/usu708\/2018\/11\/Museu-del-Disseny-cadira-11-225x300.jpg 225w, https:\/\/agora.xtec.cat\/iesconselldecent\/wp-content\/uploads\/usu708\/2018\/11\/Museu-del-Disseny-cadira-11-768x1024.jpg 768w\" sizes=\"auto, (max-width: 929px) 100vw, 929px\" \/><\/div>\n<div><\/div>\n<div><\/div>\n<div><\/div>\n<div><\/div>\n<div><\/div>\n<div>L&#8217;alumnat del Batxillerat Art\u00edstic el 31\/10\/2018 per la Castanyada van visitar la colecci\u00f3 permanent del Museu. Aquesta est\u00e0 dividida en 4 plantes:<\/div>\n<div>\n<ul>\n<li><a href=\"http:\/\/ajuntament.barcelona.cat\/museudeldisseny\/ca\/exposicio\/del-mon-al-museu-disseny-de-producte-patrimoni-cultural\" target=\"_blank\" rel=\"noopener\" data-saferedirecturl=\"https:\/\/www.google.com\/url?q=http:\/\/ajuntament.barcelona.cat\/museudeldisseny\/ca\/exposicio\/del-mon-al-museu-disseny-de-producte-patrimoni-cultural&amp;source=gmail&amp;ust=1542387668002000&amp;usg=AFQjCNE-cbDZdB96GXBoBi1EGphUkiE7wQ\"><strong>Del m\u00f3n al museu. Disseny de producte, patrimoni cultural<\/strong><\/a>. Cadascuna de les peces exposades s\u00f3n una mostra representativa del disseny del seu temps, de les diverses aportacions materials i t\u00e8cniques proposades pels seus autors, aix\u00ed com del seu ress\u00f2 sociocultural.<\/li>\n<li><a href=\"http:\/\/ajuntament.barcelona.cat\/museudeldisseny\/ca\/exposicio\/extraordinaries-colleccions-darts-decoratives-i-arts-dautor-segles-iii-xx\" target=\"_blank\" rel=\"noopener\" data-saferedirecturl=\"https:\/\/www.google.com\/url?q=http:\/\/ajuntament.barcelona.cat\/museudeldisseny\/ca\/exposicio\/extraordinaries-colleccions-darts-decoratives-i-arts-dautor-segles-iii-xx&amp;source=gmail&amp;ust=1542387668002000&amp;usg=AFQjCNG7MFgt6TrsP1gYdOuk3n8l3ENhGw\"><strong>Extraordin\u00e0ries! Col<\/strong><strong>\u00b7<\/strong><strong>leccions d\u2019arts decoratives i d\u2019arts d\u2019autor (segles III-XX)<\/strong><\/a>. Recorregut cronol\u00f2gic, del segle III al segle XX, entre les col\u00b7leccions conservades al museu, de cer\u00e0mica, teixits, mobiliari, vidres, miniatures, rellotges, paper pintats i altres objectes.<\/li>\n<li><strong><a href=\"http:\/\/ajuntament.barcelona.cat\/museudeldisseny\/ca\/exposicio\/el-cos-vestit-siluetes-i-moda-1550-2015\" target=\"_blank\" rel=\"noopener\" data-saferedirecturl=\"https:\/\/www.google.com\/url?q=http:\/\/ajuntament.barcelona.cat\/museudeldisseny\/ca\/exposicio\/el-cos-vestit-siluetes-i-moda-1550-2015&amp;source=gmail&amp;ust=1542387668002000&amp;usg=AFQjCNEancUWWwJ_mi3Cnl_tc9qzMZLAIg\">El cos vestit. Siluetes i moda (1550-2015)<\/a><\/strong>. Aquesta exposici\u00f3 explica com el vestit modifica l\u2019aparen\u00e7a del cos mitjan\u00e7ant unes accions que tendeixen a comprimir-lo i alliberar-lo alternativament, des del segle XVI fins avui dia.<\/li>\n<li><a href=\"http:\/\/ajuntament.barcelona.cat\/museudeldisseny\/ca\/exposicio\/dissenyes-o-treballes-la-nova-comunicacio-visual-1980-2003\" target=\"_blank\" rel=\"noopener\" data-saferedirecturl=\"https:\/\/www.google.com\/url?q=http:\/\/ajuntament.barcelona.cat\/museudeldisseny\/ca\/exposicio\/dissenyes-o-treballes-la-nova-comunicacio-visual-1980-2003&amp;source=gmail&amp;ust=1542387668002000&amp;usg=AFQjCNEto-EVidbyKrEwvjhlpUXSoYEtdw\"><strong>Dissenyes o treballes? La nova comunicaci\u00f3 visual. 1980-2003.<\/strong><\/a> Exposici\u00f3 dedicada a les d\u00e8cades de 1980 i 1990 que van ser un moment estel\u00b7lar per al disseny gr\u00e0fic.<\/li>\n<\/ul>\n<\/div>\n","protected":false},"excerpt":{"rendered":"<p>L&#8217;alumnat del Batxillerat Art\u00edstic el 31\/10\/2018 per la Castanyada van visitar la colecci\u00f3 permanent del Museu. <\/p>\n","protected":false},"author":1,"featured_media":4357,"comment_status":"open","ping_status":"closed","sticky":false,"template":"","format":"standard","meta":{"_bbp_topic_count":0,"_bbp_reply_count":0,"_bbp_total_topic_count":0,"_bbp_total_reply_count":0,"_bbp_voice_count":0,"_bbp_anonymous_reply_count":0,"_bbp_topic_count_hidden":0,"_bbp_reply_count_hidden":0,"_bbp_forum_subforum_count":0,"site-sidebar-layout":"default","site-content-layout":"","ast-site-content-layout":"","site-content-style":"default","site-sidebar-style":"default","ast-global-header-display":"","ast-banner-title-visibility":"","ast-main-header-display":"","ast-hfb-above-header-display":"","ast-hfb-below-header-display":"","ast-hfb-mobile-header-display":"","site-post-title":"","ast-breadcrumbs-content":"","ast-featured-img":"","footer-sml-layout":"","theme-transparent-header-meta":"","adv-header-id-meta":"","stick-header-meta":"","header-above-stick-meta":"","header-main-stick-meta":"","header-below-stick-meta":"","astra-migrate-meta-layouts":"default","ast-page-background-enabled":"default","ast-page-background-meta":{"desktop":{"background-color":"var(--ast-global-color-4)","background-image":"","background-repeat":"repeat","background-position":"center center","background-size":"auto","background-attachment":"scroll","background-type":"","background-media":"","overlay-type":"","overlay-color":"","overlay-opacity":"","overlay-gradient":""},"tablet":{"background-color":"","background-image":"","background-repeat":"repeat","background-position":"center center","background-size":"auto","background-attachment":"scroll","background-type":"","background-media":"","overlay-type":"","overlay-color":"","overlay-opacity":"","overlay-gradient":""},"mobile":{"background-color":"","background-image":"","background-repeat":"repeat","background-position":"center center","background-size":"auto","background-attachment":"scroll","background-type":"","background-media":"","overlay-type":"","overlay-color":"","overlay-opacity":"","overlay-gradient":""}},"ast-content-background-meta":{"desktop":{"background-color":"var(--ast-global-color-5)","background-image":"","background-repeat":"repeat","background-position":"center center","background-size":"auto","background-attachment":"scroll","background-type":"","background-media":"","overlay-type":"","overlay-color":"","overlay-opacity":"","overlay-gradient":""},"tablet":{"background-color":"var(--ast-global-color-5)","background-image":"","background-repeat":"repeat","background-position":"center center","background-size":"auto","background-attachment":"scroll","background-type":"","background-media":"","overlay-type":"","overlay-color":"","overlay-opacity":"","overlay-gradient":""},"mobile":{"background-color":"var(--ast-global-color-5)","background-image":"","background-repeat":"repeat","background-position":"center center","background-size":"auto","background-attachment":"scroll","background-type":"","background-media":"","overlay-type":"","overlay-color":"","overlay-opacity":"","overlay-gradient":""}},"footnotes":""},"categories":[8,81,1,29],"tags":[],"class_list":["post-4356","post","type-post","status-publish","format-standard","has-post-thumbnail","hentry","category-batxillerat","category-batxillerat-artistic","category-general","category-portada"],"post_mailing_queue_ids":[],"_links":{"self":[{"href":"https:\/\/agora.xtec.cat\/iesconselldecent\/wp-json\/wp\/v2\/posts\/4356","targetHints":{"allow":["GET"]}}],"collection":[{"href":"https:\/\/agora.xtec.cat\/iesconselldecent\/wp-json\/wp\/v2\/posts"}],"about":[{"href":"https:\/\/agora.xtec.cat\/iesconselldecent\/wp-json\/wp\/v2\/types\/post"}],"author":[{"embeddable":true,"href":"https:\/\/agora.xtec.cat\/iesconselldecent\/wp-json\/wp\/v2\/users\/1"}],"replies":[{"embeddable":true,"href":"https:\/\/agora.xtec.cat\/iesconselldecent\/wp-json\/wp\/v2\/comments?post=4356"}],"version-history":[{"count":2,"href":"https:\/\/agora.xtec.cat\/iesconselldecent\/wp-json\/wp\/v2\/posts\/4356\/revisions"}],"predecessor-version":[{"id":4360,"href":"https:\/\/agora.xtec.cat\/iesconselldecent\/wp-json\/wp\/v2\/posts\/4356\/revisions\/4360"}],"wp:featuredmedia":[{"embeddable":true,"href":"https:\/\/agora.xtec.cat\/iesconselldecent\/wp-json\/wp\/v2\/media\/4357"}],"wp:attachment":[{"href":"https:\/\/agora.xtec.cat\/iesconselldecent\/wp-json\/wp\/v2\/media?parent=4356"}],"wp:term":[{"taxonomy":"category","embeddable":true,"href":"https:\/\/agora.xtec.cat\/iesconselldecent\/wp-json\/wp\/v2\/categories?post=4356"},{"taxonomy":"post_tag","embeddable":true,"href":"https:\/\/agora.xtec.cat\/iesconselldecent\/wp-json\/wp\/v2\/tags?post=4356"}],"curies":[{"name":"wp","href":"https:\/\/api.w.org\/{rel}","templated":true}]}}